{"id":3919,"date":"2008-10-04T12:29:54","date_gmt":"2008-10-04T17:29:54","guid":{"rendered":"http:\/\/www.visit-ulcinj.com\/blog\/?p=3919"},"modified":"2008-10-17T13:33:04","modified_gmt":"2008-10-17T18:33:04","slug":"zjarri-qe-pushtoj-kodrat-e-bashbylykut-te-valdanosi-ne-ulqin-me-28092008","status":"publish","type":"post","link":"https:\/\/www.visit-ulcinj.com\/blog\/2008\/10\/04\/zjarri-qe-pushtoj-kodrat-e-bashbylykut-te-valdanosi-ne-ulqin-me-28092008\/","title":{"rendered":"Zjarri q\u00eb pushtoj kodrat e Bashbylykut te Valdanosi n\u00eb Ulqin me 28.09.2008"},"content":{"rendered":"<p><a href=\"http:\/\/www.visit-ulcinj.com\/blog\/wp-content\/uploads\/2008\/09\/valdanos_ulcinj_ulqin.jpg\"><img loading=\"lazy\" class=\"size-medium wp-image-3667 alignleft\" title=\"valdanos_ulcinj_ulqin\" src=\"http:\/\/www.visit-ulcinj.com\/blog\/wp-content\/uploads\/2008\/09\/valdanos_ulcinj_ulqin-300x200.jpg\" alt=\"Uvala Valdanos\" width=\"300\" height=\"200\" srcset=\"https:\/\/www.visit-ulcinj.com\/blog\/wp-content\/uploads\/2008\/09\/valdanos_ulcinj_ulqin-300x200.jpg 300w, https:\/\/www.visit-ulcinj.com\/blog\/wp-content\/uploads\/2008\/09\/valdanos_ulcinj_ulqin.jpg 980w\" sizes=\"(max-width: 300px) 100vw, 300px\" \/><\/a><\/p>\n<p><strong>Zjarri pushton kodrat e Bashbylykut te Valdanosi n\u00eb Ulqin, e p\u00ebrkthyer nga gazeta ditore Vijesti me 28.09.2008<\/strong><br \/>\nNj\u00eb zjarr i madh q\u00eb ka shp\u00ebrthyer n\u00eb kodrat e Bashbylyk te Valdanosi n\u00eb ora 17.30 ku ka hapur panik tek banoret e zon\u00ebs s\u00eb Ulqinit. Policia dhe zjarrfik\u00ebset kan\u00eb shkuar n\u00eb vengjarje dhe po punojn\u00eb p\u00ebr t\u00eb shuar flak\u00ebt q\u00eb k\u00ebrc\u00ebnojn\u00eb shtepijat aty pran\u00eb . Drejtori i sh\u00ebrbimit t\u00eb zjarrfik\u00ebseve, Flamur Seloviq dhe kryetari i komun\u00ebs s\u00eb Ulqinit G\u00ebzim Hajdinaga ka mb\u00ebrritur n\u00eb vendngjarje dhe ka konstatuar se ka v\u00ebshtir\u00ebsi n\u00eb shuarjen e zjarrit afer 150.000 meter katrore dhe ma se 500 ranz ullinj\u00eb jan n\u00eb rrezik t\u00eb digjen p\u00ebr shkak t\u00eb terrenit te thyer malor t\u00eb Valdanosit.Zjari mas disa or\u00ebve asht vu n\u00eb kontroll totale nga zjarfiksat.<a href=\"http:\/\/www.visit-ulcinj.com\/blog\/wp-content\/uploads\/2008\/03\/dzaudet-cakuli-2.jpg\"><img loading=\"lazy\" class=\"alignright size-thumbnail wp-image-866\" title=\"D\u017eaudet Cakuli_ulcinj\" src=\"http:\/\/www.visit-ulcinj.com\/blog\/wp-content\/uploads\/2008\/03\/dzaudet-cakuli-2.thumbnail.jpg\" alt=\"\" width=\"200\" height=\"195\" \/><\/a><br \/>\nSimbas kryetarit t\u00eb ullishtar\u00ebve t\u00eb Ulqinit\u00a0 Xhaudet Cakuli dyshohet se zjarri \u00ebsht\u00eb v\u00ebn\u00eb q\u00ebllimisht.<br \/>\nZjarri i sot\u00ebm n\u00eb kodrat e Bashbylykut te Valdanosi n\u00eb Ulqin\u00a0 pason shum\u00eb zjarre t\u00eb tjera q\u00eb kan\u00eb r\u00ebn\u00eb te zona e Bun\u00ebs gjthashtu ku zjarri asht vur\u00eb n\u00eb kontroll\u00eb.. Shum\u00eb zjarre ne Ulqin dhe disa t\u00eb tjer\u00eb n\u00eb kodra e male n\u00eb zona t\u00eb ndryshme t\u00eb Ulqinit kane shkaktuar d\u00ebme ne masivet pyjore dhe kullota. N\u00eb zjarret e fuqishme t\u00eb Ulqinit\u00a0 sot mori pjes\u00eb dhe nj\u00eb avion i ministris t\u00eb Malit t\u00eb Zi i specializuar p\u00ebr shuarjen e flak\u00ebve, i cili ndihmoi n\u00eb fikjen e disa vatrave t\u00eb zjarrit n\u00eb zona t\u00eb thella malore ku zjarrfik\u00ebset ulqinak nuk mund t\u00eb nd\u00ebrhynin dot.<br \/>\nN\u00eb t\u00eb tilla incidente, policia e ulqinit asht\u00eb duke b\u00ebr\u00eb hetime, dhe po punohet p\u00ebr kapjen e autorit.<\/p>\n<p><strong>Lajme nga Ulqini<\/strong><\/p>\n<p><object classid=\"clsid:d27cdb6e-ae6d-11cf-96b8-444553540000\" width=\"425\" height=\"349\" codebase=\"http:\/\/download.macromedia.com\/pub\/shockwave\/cabs\/flash\/swflash.cab#version=6,0,40,0\"><param name=\"allowFullScreen\" value=\"true\" \/><param name=\"src\" value=\"http:\/\/www.youtube.com\/v\/yBp3zXZMNU8&amp;hl=fr&amp;fs=1&amp;rel=0&amp;border=1\" \/><\/object><\/p>\n","protected":false},"excerpt":{"rendered":"<p>Zjarri pushton kodrat e Bashbylykut te Valdanosi n\u00eb Ulqin, e p\u00ebrkthyer nga gazeta ditore Vijesti me 28.09.2008 Nj\u00eb zjarr i madh q\u00eb ka shp\u00ebrthyer n\u00eb kodrat e Bashbylyk te Valdanosi n\u00eb ora 17.30 ku ka hapur panik tek banoret e zon\u00ebs s\u00eb Ulqinit. Policia dhe zjarrfik\u00ebset kan\u00eb shkuar n\u00eb vengjarje dhe po punojn\u00eb p\u00ebr t\u00eb [&hellip;]<\/p>\n","protected":false},"author":1,"featured_media":0,"comment_status":"open","ping_status":"closed","sticky":false,"template":"","format":"standard","meta":{"spay_email":"","jetpack_publicize_message":"","jetpack_is_tweetstorm":false,"jetpack_publicize_feature_enabled":true},"categories":[1],"tags":[2611,95,200,136,1797],"jetpack_publicize_connections":[],"yoast_head":"<!-- This site is optimized with the Yoast SEO plugin v19.1 - https:\/\/yoast.com\/wordpress\/plugins\/seo\/ -->\n<title>Zjarri q\u00eb pushtoj kodrat e Bashbylykut te Valdanosi n\u00eb Ulqin me 28.09.2008 - Lajme nga Ulqini<\/title>\n<meta name=\"description\" content=\"Zjarri pushton kodrat e Bashbylykut te Valdanosi n\u00eb Ulqin, e p\u00ebrkthyer nga gazeta ditore Vijesti me 28.09.2008 Nj\u00eb zjarr i madh q\u00eb ka shp\u00ebrthyer n\u00eb kodrat\" \/>\n<meta name=\"robots\" content=\"index, follow, max-snippet:-1, max-image-preview:large, max-video-preview:-1\" \/>\n<link rel=\"canonical\" href=\"https:\/\/www.visit-ulcinj.com\/blog\/2008\/10\/04\/zjarri-qe-pushtoj-kodrat-e-bashbylykut-te-valdanosi-ne-ulqin-me-28092008\/\" \/>\n<meta property=\"og:locale\" content=\"en_US\" \/>\n<meta property=\"og:type\" content=\"article\" \/>\n<meta property=\"og:title\" content=\"Zjarri q\u00eb pushtoj kodrat e Bashbylykut te Valdanosi n\u00eb Ulqin me 28.09.2008 - Lajme nga Ulqini\" \/>\n<meta property=\"og:description\" content=\"Zjarri pushton kodrat e Bashbylykut te Valdanosi n\u00eb Ulqin, e p\u00ebrkthyer nga gazeta ditore Vijesti me 28.09.2008 Nj\u00eb zjarr i madh q\u00eb ka shp\u00ebrthyer n\u00eb kodrat\" \/>\n<meta property=\"og:url\" content=\"https:\/\/www.visit-ulcinj.com\/blog\/2008\/10\/04\/zjarri-qe-pushtoj-kodrat-e-bashbylykut-te-valdanosi-ne-ulqin-me-28092008\/\" \/>\n<meta property=\"og:site_name\" content=\"Lajme nga Ulqini\" \/>\n<meta property=\"article:published_time\" content=\"2008-10-04T17:29:54+00:00\" \/>\n<meta property=\"article:modified_time\" content=\"2008-10-17T18:33:04+00:00\" \/>\n<meta property=\"og:image\" content=\"http:\/\/www.visit-ulcinj.com\/blog\/wp-content\/uploads\/2008\/09\/valdanos_ulcinj_ulqin-300x200.jpg\" \/>\n<meta name=\"twitter:label1\" content=\"Written by\" \/>\n\t<meta name=\"twitter:data1\" content=\"ulqini\" \/>\n\t<meta name=\"twitter:label2\" content=\"Est. reading time\" \/>\n\t<meta name=\"twitter:data2\" content=\"1 minute\" \/>\n<script type=\"application\/ld+json\" class=\"yoast-schema-graph\">{\"@context\":\"https:\/\/schema.org\",\"@graph\":[{\"@type\":\"WebSite\",\"@id\":\"https:\/\/www.visit-ulcinj.com\/blog\/#website\",\"url\":\"https:\/\/www.visit-ulcinj.com\/blog\/\",\"name\":\"Lajme nga Ulqini\",\"description\":\"Lajme,Vijesti,Ulqini,Ulqin,Crna Gora,Mali i Zi\",\"potentialAction\":[{\"@type\":\"SearchAction\",\"target\":{\"@type\":\"EntryPoint\",\"urlTemplate\":\"https:\/\/www.visit-ulcinj.com\/blog\/?s={search_term_string}\"},\"query-input\":\"required name=search_term_string\"}],\"inLanguage\":\"en-US\"},{\"@type\":\"ImageObject\",\"inLanguage\":\"en-US\",\"@id\":\"https:\/\/www.visit-ulcinj.com\/blog\/2008\/10\/04\/zjarri-qe-pushtoj-kodrat-e-bashbylykut-te-valdanosi-ne-ulqin-me-28092008\/#primaryimage\",\"url\":\"http:\/\/www.visit-ulcinj.com\/blog\/wp-content\/uploads\/2008\/09\/valdanos_ulcinj_ulqin-300x200.jpg\",\"contentUrl\":\"http:\/\/www.visit-ulcinj.com\/blog\/wp-content\/uploads\/2008\/09\/valdanos_ulcinj_ulqin-300x200.jpg\"},{\"@type\":\"WebPage\",\"@id\":\"https:\/\/www.visit-ulcinj.com\/blog\/2008\/10\/04\/zjarri-qe-pushtoj-kodrat-e-bashbylykut-te-valdanosi-ne-ulqin-me-28092008\/#webpage\",\"url\":\"https:\/\/www.visit-ulcinj.com\/blog\/2008\/10\/04\/zjarri-qe-pushtoj-kodrat-e-bashbylykut-te-valdanosi-ne-ulqin-me-28092008\/\",\"name\":\"Zjarri q\u00eb pushtoj kodrat e Bashbylykut te Valdanosi n\u00eb Ulqin me 28.09.2008 - Lajme nga Ulqini\",\"isPartOf\":{\"@id\":\"https:\/\/www.visit-ulcinj.com\/blog\/#website\"},\"primaryImageOfPage\":{\"@id\":\"https:\/\/www.visit-ulcinj.com\/blog\/2008\/10\/04\/zjarri-qe-pushtoj-kodrat-e-bashbylykut-te-valdanosi-ne-ulqin-me-28092008\/#primaryimage\"},\"datePublished\":\"2008-10-04T17:29:54+00:00\",\"dateModified\":\"2008-10-17T18:33:04+00:00\",\"author\":{\"@id\":\"https:\/\/www.visit-ulcinj.com\/blog\/#\/schema\/person\/dcab619c614d3038751c63bc2aadc06d\"},\"description\":\"Zjarri pushton kodrat e Bashbylykut te Valdanosi n\u00eb Ulqin, e p\u00ebrkthyer nga gazeta ditore Vijesti me 28.09.2008 Nj\u00eb zjarr i madh q\u00eb ka shp\u00ebrthyer n\u00eb kodrat\",\"breadcrumb\":{\"@id\":\"https:\/\/www.visit-ulcinj.com\/blog\/2008\/10\/04\/zjarri-qe-pushtoj-kodrat-e-bashbylykut-te-valdanosi-ne-ulqin-me-28092008\/#breadcrumb\"},\"inLanguage\":\"en-US\",\"potentialAction\":[{\"@type\":\"ReadAction\",\"target\":[\"https:\/\/www.visit-ulcinj.com\/blog\/2008\/10\/04\/zjarri-qe-pushtoj-kodrat-e-bashbylykut-te-valdanosi-ne-ulqin-me-28092008\/\"]}]},{\"@type\":\"BreadcrumbList\",\"@id\":\"https:\/\/www.visit-ulcinj.com\/blog\/2008\/10\/04\/zjarri-qe-pushtoj-kodrat-e-bashbylykut-te-valdanosi-ne-ulqin-me-28092008\/#breadcrumb\",\"itemListElement\":[{\"@type\":\"ListItem\",\"position\":1,\"name\":\"Zjarri q\u00eb pushtoj kodrat e Bashbylykut te Valdanosi n\u00eb Ulqin me 28.09.2008\"}]},{\"@type\":\"Person\",\"@id\":\"https:\/\/www.visit-ulcinj.com\/blog\/#\/schema\/person\/dcab619c614d3038751c63bc2aadc06d\",\"name\":\"ulqini\",\"sameAs\":[\"http:\/\/www.visit-ulcinj.com\"],\"url\":\"https:\/\/www.visit-ulcinj.com\/blog\/author\/admin\/\"}]}<\/script>\n<!-- \/ Yoast SEO plugin. -->","yoast_head_json":{"title":"Zjarri q\u00eb pushtoj kodrat e Bashbylykut te Valdanosi n\u00eb Ulqin me 28.09.2008 - Lajme nga Ulqini","description":"Zjarri pushton kodrat e Bashbylykut te Valdanosi n\u00eb Ulqin, e p\u00ebrkthyer nga gazeta ditore Vijesti me 28.09.2008 Nj\u00eb zjarr i madh q\u00eb ka shp\u00ebrthyer n\u00eb kodrat","robots":{"index":"index","follow":"follow","max-snippet":"max-snippet:-1","max-image-preview":"max-image-preview:large","max-video-preview":"max-video-preview:-1"},"canonical":"https:\/\/www.visit-ulcinj.com\/blog\/2008\/10\/04\/zjarri-qe-pushtoj-kodrat-e-bashbylykut-te-valdanosi-ne-ulqin-me-28092008\/","og_locale":"en_US","og_type":"article","og_title":"Zjarri q\u00eb pushtoj kodrat e Bashbylykut te Valdanosi n\u00eb Ulqin me 28.09.2008 - Lajme nga Ulqini","og_description":"Zjarri pushton kodrat e Bashbylykut te Valdanosi n\u00eb Ulqin, e p\u00ebrkthyer nga gazeta ditore Vijesti me 28.09.2008 Nj\u00eb zjarr i madh q\u00eb ka shp\u00ebrthyer n\u00eb kodrat","og_url":"https:\/\/www.visit-ulcinj.com\/blog\/2008\/10\/04\/zjarri-qe-pushtoj-kodrat-e-bashbylykut-te-valdanosi-ne-ulqin-me-28092008\/","og_site_name":"Lajme nga Ulqini","article_published_time":"2008-10-04T17:29:54+00:00","article_modified_time":"2008-10-17T18:33:04+00:00","og_image":[{"url":"http:\/\/www.visit-ulcinj.com\/blog\/wp-content\/uploads\/2008\/09\/valdanos_ulcinj_ulqin-300x200.jpg"}],"twitter_misc":{"Written by":"ulqini","Est. reading time":"1 minute"},"schema":{"@context":"https:\/\/schema.org","@graph":[{"@type":"WebSite","@id":"https:\/\/www.visit-ulcinj.com\/blog\/#website","url":"https:\/\/www.visit-ulcinj.com\/blog\/","name":"Lajme nga Ulqini","description":"Lajme,Vijesti,Ulqini,Ulqin,Crna Gora,Mali i Zi","potentialAction":[{"@type":"SearchAction","target":{"@type":"EntryPoint","urlTemplate":"https:\/\/www.visit-ulcinj.com\/blog\/?s={search_term_string}"},"query-input":"required name=search_term_string"}],"inLanguage":"en-US"},{"@type":"ImageObject","inLanguage":"en-US","@id":"https:\/\/www.visit-ulcinj.com\/blog\/2008\/10\/04\/zjarri-qe-pushtoj-kodrat-e-bashbylykut-te-valdanosi-ne-ulqin-me-28092008\/#primaryimage","url":"http:\/\/www.visit-ulcinj.com\/blog\/wp-content\/uploads\/2008\/09\/valdanos_ulcinj_ulqin-300x200.jpg","contentUrl":"http:\/\/www.visit-ulcinj.com\/blog\/wp-content\/uploads\/2008\/09\/valdanos_ulcinj_ulqin-300x200.jpg"},{"@type":"WebPage","@id":"https:\/\/www.visit-ulcinj.com\/blog\/2008\/10\/04\/zjarri-qe-pushtoj-kodrat-e-bashbylykut-te-valdanosi-ne-ulqin-me-28092008\/#webpage","url":"https:\/\/www.visit-ulcinj.com\/blog\/2008\/10\/04\/zjarri-qe-pushtoj-kodrat-e-bashbylykut-te-valdanosi-ne-ulqin-me-28092008\/","name":"Zjarri q\u00eb pushtoj kodrat e Bashbylykut te Valdanosi n\u00eb Ulqin me 28.09.2008 - Lajme nga Ulqini","isPartOf":{"@id":"https:\/\/www.visit-ulcinj.com\/blog\/#website"},"primaryImageOfPage":{"@id":"https:\/\/www.visit-ulcinj.com\/blog\/2008\/10\/04\/zjarri-qe-pushtoj-kodrat-e-bashbylykut-te-valdanosi-ne-ulqin-me-28092008\/#primaryimage"},"datePublished":"2008-10-04T17:29:54+00:00","dateModified":"2008-10-17T18:33:04+00:00","author":{"@id":"https:\/\/www.visit-ulcinj.com\/blog\/#\/schema\/person\/dcab619c614d3038751c63bc2aadc06d"},"description":"Zjarri pushton kodrat e Bashbylykut te Valdanosi n\u00eb Ulqin, e p\u00ebrkthyer nga gazeta ditore Vijesti me 28.09.2008 Nj\u00eb zjarr i madh q\u00eb ka shp\u00ebrthyer n\u00eb kodrat","breadcrumb":{"@id":"https:\/\/www.visit-ulcinj.com\/blog\/2008\/10\/04\/zjarri-qe-pushtoj-kodrat-e-bashbylykut-te-valdanosi-ne-ulqin-me-28092008\/#breadcrumb"},"inLanguage":"en-US","potentialAction":[{"@type":"ReadAction","target":["https:\/\/www.visit-ulcinj.com\/blog\/2008\/10\/04\/zjarri-qe-pushtoj-kodrat-e-bashbylykut-te-valdanosi-ne-ulqin-me-28092008\/"]}]},{"@type":"BreadcrumbList","@id":"https:\/\/www.visit-ulcinj.com\/blog\/2008\/10\/04\/zjarri-qe-pushtoj-kodrat-e-bashbylykut-te-valdanosi-ne-ulqin-me-28092008\/#breadcrumb","itemListElement":[{"@type":"ListItem","position":1,"name":"Zjarri q\u00eb pushtoj kodrat e Bashbylykut te Valdanosi n\u00eb Ulqin me 28.09.2008"}]},{"@type":"Person","@id":"https:\/\/www.visit-ulcinj.com\/blog\/#\/schema\/person\/dcab619c614d3038751c63bc2aadc06d","name":"ulqini","sameAs":["http:\/\/www.visit-ulcinj.com"],"url":"https:\/\/www.visit-ulcinj.com\/blog\/author\/admin\/"}]}},"jetpack_featured_media_url":"","jetpack_sharing_enabled":true,"jetpack_shortlink":"https:\/\/wp.me\/pe6lTn-11d","_links":{"self":[{"href":"https:\/\/www.visit-ulcinj.com\/blog\/wp-json\/wp\/v2\/posts\/3919"}],"collection":[{"href":"https:\/\/www.visit-ulcinj.com\/blog\/wp-json\/wp\/v2\/posts"}],"about":[{"href":"https:\/\/www.visit-ulcinj.com\/blog\/wp-json\/wp\/v2\/types\/post"}],"author":[{"embeddable":true,"href":"https:\/\/www.visit-ulcinj.com\/blog\/wp-json\/wp\/v2\/users\/1"}],"replies":[{"embeddable":true,"href":"https:\/\/www.visit-ulcinj.com\/blog\/wp-json\/wp\/v2\/comments?post=3919"}],"version-history":[{"count":0,"href":"https:\/\/www.visit-ulcinj.com\/blog\/wp-json\/wp\/v2\/posts\/3919\/revisions"}],"wp:attachment":[{"href":"https:\/\/www.visit-ulcinj.com\/blog\/wp-json\/wp\/v2\/media?parent=3919"}],"wp:term":[{"taxonomy":"category","embeddable":true,"href":"https:\/\/www.visit-ulcinj.com\/blog\/wp-json\/wp\/v2\/categories?post=3919"},{"taxonomy":"post_tag","embeddable":true,"href":"https:\/\/www.visit-ulcinj.com\/blog\/wp-json\/wp\/v2\/tags?post=3919"}],"curies":[{"name":"wp","href":"https:\/\/api.w.org\/{rel}","templated":true}]}}