{"id":39255,"date":"2010-11-06T00:59:29","date_gmt":"2010-11-05T23:59:29","guid":{"rendered":"http:\/\/www.visit-ulcinj.com\/blog\/?p=39255"},"modified":"2010-11-06T00:34:58","modified_gmt":"2010-11-05T23:34:58","slug":"bertina-mehmeti-erioni-eshte-pak-egoist","status":"publish","type":"post","link":"https:\/\/www.visit-ulcinj.com\/blog\/2010\/11\/06\/bertina-mehmeti-erioni-eshte-pak-egoist\/","title":{"rendered":"Bertina Mehmeti: Erioni \u00ebsht\u00eb pak egoist"},"content":{"rendered":"<p><strong>Vazhdon t\u00eb kuroj\u00eb historin\u00eb e saj me Erionin, djalin p\u00ebr t\u00eb cilin ndjeu q\u00eb n\u00eb momentet e para t\u00eb showt. Me shum\u00eb zell, p\u00ebrkushtim, respekt e padiskutim pasion, edhe pse sipas saj ndjenja \u00ebsht\u00eb e fundit n\u00eb renditje kur b\u00ebhet fjal\u00eb p\u00ebr nj\u00eb raport t\u00eb suksessh\u00ebm.<\/strong><\/p>\n<p><strong><a href=\"http:\/\/www.visit-ulcinj.com\/blog\/wp-content\/uploads\/2010\/11\/Bertina-Mehmeti-1.jpg\"><img loading=\"lazy\" class=\"alignleft size-full wp-image-39256\" title=\"Bertina Mehmeti-1\" src=\"http:\/\/www.visit-ulcinj.com\/blog\/wp-content\/uploads\/2010\/11\/Bertina-Mehmeti-1.jpg\" alt=\"\" width=\"508\" height=\"339\" \/><\/a><br \/>\n<\/strong><\/p>\n<p>Dhe n\u00eb fakt, \u00e7far\u00eb reflektoi me tep\u00ebr karakteri i saj k\u00ebmb\u00ebngul\u00ebs ishte pik\u00ebrisht forca p\u00ebr t\u00eb vazhduar k\u00ebt\u00eb \u2018luft\u00eb\u2019 dashurie. P\u00ebr t\u00eb ishte e till\u00eb, t\u00eb pakt\u00ebn n\u00eb fillim t\u00eb historis\u00eb s\u00eb tyre.<\/p>\n<p>Tashm\u00eb duket se \u00e7do gj\u00eb \u00ebsht\u00eb konsoliduar, e kjo padyshim \u00ebsht\u00eb merit\u00eb e Bertin\u00ebs, e insistimit t\u00eb saj aspak agresiv, por t\u00eb rafinuar, disi ironik, tipike p\u00ebr nj\u00eb vajz\u00eb inteligjente nga Delvina.<\/p>\n<p>T\u00eb p\u00ebrshkruash Bertin\u00ebn nuk mjaftojn\u00eb vet\u00ebm epitetet e pafundme q\u00eb i bashk\u00ebngjiten imazhit t\u00eb saj, t\u00ebrheqjes dhe bukuris\u00eb natyrale q\u00eb p\u00ebrcjell. P\u00ebrpos k\u00ebsaj, Bertina \u00ebsht\u00eb nj\u00eb vajz\u00eb k\u00ebmb\u00ebngul\u00ebse, e sigurt n\u00eb vetvete, e vendosur dhe e patrembur t\u00eb luftoj\u00eb p\u00ebr at\u00eb q\u00eb d\u00ebshiron me t\u00ebr\u00eb forc\u00ebn e saj.<\/p>\n<p>T\u00eb mendosh numrin e madh t\u00eb fansave q\u00eb e p\u00ebrkrah\u00ebn nga ky reality show besohet se pse ishte i till\u00eb. P\u00ebr t\u00eb gjitha k\u00ebto arsye ajo u mb\u00ebshtet nga shum\u00eb prej tyre p\u00ebr kuraj\u00ebn q\u00eb tregoi.<\/p>\n<p>E me sa duket dalja e Erionit nga Big Brother ka qet\u00ebsuar gjith\u00e7ka. Tashm\u00eb Bertin\u00ebs i kan\u00eb \u2018r\u00ebn\u00eb nervat\u2019, sepse koha po b\u00ebn t\u00eb saj\u00ebn. Historia e tyre vazhdon p\u00ebrmes njohjes, disa z\u00ebnkave t\u00eb vogla q\u00eb jan\u00eb m\u00eb se normale, kok\u00ebfort\u00ebsis\u00eb s\u00eb p\u00ebrbashk\u00ebt, si dhe egoizmit p\u00ebr nj\u00eb jet\u00ebgjat\u00ebsi n\u00eb ndjenj\u00ebn e tyre.<\/p>\n<p>I kan\u00eb marr\u00eb gj\u00ebrat ngadal\u00eb, sepse nuk duan t\u00eb nguten. Por thell\u00eb thell\u00eb, \u00ebndrra e ka\u00e7urrel\u00ebses \u00ebsht\u00eb pran\u00eb tij dhe pse heziton ta pranoj\u00eb.<\/p>\n<p>N\u00eb nj\u00eb t\u00eb ardhme t\u00eb larg\u00ebt at\u00ebher\u00eb kur \u00e7do gj\u00eb merr nj\u00eb tjet\u00ebr kuptim.<\/p>\n<p><span style=\"text-decoration: underline;\"><strong>INTERVISTA<\/strong><\/span><\/p>\n<p><strong>Bertina kur dole nga BB m\u00eb the q\u00eb kishe disa gj\u00ebra p\u00ebr t\u00eb sqaruar me Erionin. \u00c7far\u00eb sqarove?<\/strong><\/p>\n<p>N\u00eb t\u00eb v\u00ebrtet\u00eb kisha menduar q\u00eb do t\u00eb kisha shum\u00eb gj\u00ebra q\u00eb do sqaroja me t\u00eb p\u00ebr shkak t\u00eb disa sjelljeve apo m\u00eb sakt\u00eb veprimeve t\u00eb tij gjat\u00eb q\u00ebndrimit n\u00eb BB. Por dua t\u00eb them q\u00eb q\u00ebndrimi i tij q\u00eb n\u00eb momentet e para q\u00eb doli m\u00eb befasoi krejt. Ishte si t\u00eb thuash nj\u00eb Erion tjet\u00ebr, shum\u00eb m\u00eb i kujdessh\u00ebm, shum\u00eb i dashur dhe pasionant.<\/p>\n<p>Sjellja e tij, madje q\u00eb nat\u00ebn e par\u00eb q\u00eb doli nuk m\u00eb la shum\u00eb vend p\u00ebr t\u00eb sqaruar. Dit\u00ebt n\u00eb vijim treguan se nuk kishte m\u00eb vend p\u00ebr dyshime dhe p\u00ebr sqarime apo debate t\u00eb kota e t\u00eb pavlera.<\/p>\n<p>E kuptova q\u00eb ishte nj\u00eb lidhje q\u00eb ia vlente t\u00eb vazhdohej dhe k\u00ebt\u00eb vura re edhe tek Erioni.<\/p>\n<p><strong>Emrin e Olt\u00ebs e p\u00ebrmende ndonj\u00eb her\u00eb?<\/strong><\/p>\n<p>Jo. Madje as nga Erioni. Olta mbeti thjesht personazh i loj\u00ebs.<\/p>\n<p><a href=\"http:\/\/www.visit-ulcinj.com\/blog\/wp-content\/uploads\/2010\/11\/Bertina-Mehmeti-dhe-Erioni-1.jpg\"><img loading=\"lazy\" class=\"alignleft size-full wp-image-39257\" title=\"Bertina Mehmeti-dhe-Erioni-1\" src=\"http:\/\/www.visit-ulcinj.com\/blog\/wp-content\/uploads\/2010\/11\/Bertina-Mehmeti-dhe-Erioni-1.jpg\" alt=\"\" width=\"508\" height=\"339\" \/><\/a><\/p>\n<p><strong>Kur je ndier m\u00eb shum\u00eb e dashuruar. N\u00eb cilin moment se nuk e ke th\u00ebn\u00eb asnj\u00ebher\u00eb?<\/strong><\/p>\n<p>Un\u00eb nuk jam nga ata persona q\u00eb dashurojn\u00eb leht\u00eb. N\u00eb p\u00ebrgjith\u00ebsi dashuria ime duhet t\u00eb jet\u00eb me arsye pastaj me ndjenjat e saj t\u00eb natyrshme. Dashuria nis me respektin, me p\u00ebrkushtimin dhe p\u00ebrfundon me ndjenj\u00ebn<\/p>\n<p><strong>Funksionon gjithmon\u00eb kjo formul\u00eb?<\/strong><\/p>\n<p>Shum\u00eb her\u00eb s\u2019e kam provuar. Tek mua deri tani po.<\/p>\n<p><strong>Ti je akoma me Erionin tek respekti, p\u00ebrkushtimi apo ndjenja?<\/strong><\/p>\n<p>\u00cbsht\u00eb ndryshe ta njoh\u00ebsh nj\u00eb person n\u00eb nj\u00eb reality show dhe ndryshe ta njoh\u00ebsh n\u00eb jet\u00ebn reale.<\/p>\n<p>Ekziston nj\u00eb diference e madhe. Megjithat\u00eb tre muaj q\u00eb jemi jasht\u00eb nuk \u00ebsht\u00eb e mjaftueshme p\u00ebr t\u2019i v\u00ebn\u00eb nj\u00eb em\u00ebr t\u00eb plot\u00eb. Do e p\u00ebrshkruaj me dy fjal\u00eb: \u201c\u2026dhe historia vazhdon\u201d.<\/p>\n<p><strong>Ti e quan veten q\u00eb je bashk\u00eb me Erionin?<\/strong><\/p>\n<p>T\u00eb jesh i lidhur do t\u00eb thot\u00eb t\u2019i fal\u00ebsh gjith\u00e7ka, k\u00ebshtu q\u00eb vet\u00ebkuptohet. Mund t\u00eb duket pak si e komplikuar por lidhja jon\u00eb \u00ebsht\u00eb nj\u00eb lidhje normale si te t\u00eb gjitha \u00e7iftet.<\/p>\n<p>Por gjith\u00eb k\u00ebto pyetje lindin se lidhja jone u krijua brenda nj\u00eb realiteti tjet\u00ebr e jo normal. Dhe kjo e b\u00ebn m\u00eb t\u00eb \u00e7uditshme sepse \u00ebsht\u00eb n\u00eb v\u00ebmendjen e gjithkujt.<\/p>\n<p><a href=\"http:\/\/www.visit-ulcinj.com\/blog\/wp-content\/uploads\/2010\/11\/Bertina-Mehmeti-dhe-Erioni-4.jpg\"><img loading=\"lazy\" class=\"alignleft size-full wp-image-39260\" title=\"Bertina Mehmeti-dhe-Erioni-4\" src=\"http:\/\/www.visit-ulcinj.com\/blog\/wp-content\/uploads\/2010\/11\/Bertina-Mehmeti-dhe-Erioni-4.jpg\" alt=\"\" width=\"508\" height=\"339\" \/><\/a><\/p>\n<p><strong>I ke njohur prind\u00ebrit e Erionit?<\/strong><\/p>\n<p>Nuk mendoj se \u00ebsht\u00eb koha e duhur. Di shum\u00eb p\u00ebr ta dhe ata din\u00eb shum\u00eb p\u00ebr mua, por mendoj se nuk \u00ebsht\u00eb e nevojshme p\u00ebr ta b\u00ebr\u00eb. Si \u201cme\u201d si \u201cpa\u201d nuk do ndryshonte asgj\u00eb n\u00eb ndjenjat e mia.<\/p>\n<p><strong>Po me maman\u00eb \u00e7far\u00eb bisede ke b\u00ebr\u00eb p\u00ebr t\u00eb?<\/strong><\/p>\n<p>Me tep\u00ebr kam folur me v\u00ebllan\u00eb dhe asaj i kan\u00eb vajtur mesazhe n\u00ebp\u00ebrmjet tij.<\/p>\n<p>Duke respektuar natyr\u00ebn e ndrojtur t\u00eb mamas\u00eb sime ia kemi l\u00ebn\u00eb koh\u00ebs.<\/p>\n<p><strong>M\u00eb thuaj nj\u00eb defekt t\u00eb Erionit?<\/strong><\/p>\n<p>\u00cbsht\u00eb pak egoist. Dhe nervi i tij \u201c5 minut\u00ebsh\u201d edhe pse i vjen rrall\u00eb.<\/p>\n<p><img loading=\"lazy\" class=\"alignleft size-full wp-image-39258\" title=\"Bertina Mehmeti-dhe-Erioni-2\" src=\"http:\/\/www.visit-ulcinj.com\/blog\/wp-content\/uploads\/2010\/11\/Bertina-Mehmeti-dhe-Erioni-2.jpg\" alt=\"\" width=\"280\" height=\"390\" \/><\/p>\n<p><strong>E ke menduar bashk\u00ebjetes\u00ebn?<\/strong><\/p>\n<p>T\u00eb them t\u00eb drejt\u00ebn n\u00eb nj\u00ebfar\u00eb m\u00ebnyre jemi duke bashk\u00ebjetuar.<\/p>\n<p>Veprojm\u00eb bashk\u00ebrisht e sidomos p\u00ebr marrjen e vendimeve, bisedojm\u00eb e kalojm\u00eb shum\u00eb koh\u00eb bashk\u00eb. Qoft\u00eb edhe t\u00eb veshjeve. Vet\u00ebm rrobat tona nuk i kemi n\u00eb nj\u00eb sht\u00ebpi. Un\u00eb shkoj her\u00ebt n\u00eb pun\u00eb nd\u00ebrsa ai e organizon paraditen ndryshe.<\/p>\n<p><strong>Cili \u00ebsht\u00eb momenti m\u00eb i bukur q\u00eb ke kaluar me t\u00eb deri tani?<\/strong><\/p>\n<p>Ka pasur shum\u00eb. Por nj\u00eb moment i ve\u00e7ant\u00eb dhe i lezetsh\u00ebm ka qen\u00eb kur ka k\u00ebrkuar falje me nj\u00eb tuf\u00eb me lule.<\/p>\n<p>Pastaj ka shum\u00eb fundjava p\u00ebr t\u2019u mbajtur mend, n\u00eb Vlor\u00eb, n\u00eb Velipoj\u00eb, n\u00eb Maqedoni etj.<\/p>\n<p><strong>\u00cbnd\u00ebrron t\u00eb b\u00ebhesh nuse?<\/strong><\/p>\n<p>Kjo m\u00eb duket nj\u00eb gj\u00eb normale, q\u00eb duhet t\u00eb vij\u00eb si finalizimi i nj\u00eb lidhje t\u00eb bukur. T\u00eb krijosh familje \u00ebsht\u00eb nj\u00eb gj\u00eb krejt e ve\u00e7ant\u00eb. Pasi t\u00eb kisha b\u00ebr\u00eb at\u00eb t\u00eb m\u00ebsip\u00ebrmen, padyshim t\u00eb kisha personin e duhur n\u00eb krah dhe frytet e dashuris\u00eb.<\/p>\n<p><strong>T\u00eb kishe Erionin n\u00eb krah?<\/strong><\/p>\n<p>Partnerin e duhur.<\/p>\n<p><strong>\u00c7far\u00eb t\u00eb bezdis tani q\u00eb je b\u00ebr\u00eb shum\u00eb e njohur?<\/strong><\/p>\n<p>Mungesa e intimitetit, prania e paparac\u00ebve. Kur shkon p\u00ebr nj\u00eb moment p\u00ebr relaks e sheh sa e v\u00ebshtir\u00eb \u00ebsht\u00eb t\u00eb relaksohesh v\u00ebrtet.<\/p>\n<p><strong>Ka momente q\u00eb b\u00ebhesh xheloze?<\/strong><\/p>\n<p>Nuk kam patur deri tani hap\u00ebsira p\u00ebr t\u2019u b\u00ebr\u00eb xheloze. T\u00eb fitosh besim \u00ebsht\u00eb nj\u00eb gj\u00eb e madhe. Dhe mendoj q\u00eb kjo k\u00ebrkon disi koh\u00eb dhe pjekuri n\u00eb lidhje.<\/p>\n<p><a href=\"http:\/\/www.visit-ulcinj.com\/blog\/wp-content\/uploads\/2010\/11\/Bertina-Mehmeti-dhe-Erioni-3.jpg\"><img loading=\"lazy\" class=\"alignleft size-full wp-image-39259\" title=\"Bertina Mehmeti-dhe-Erioni-3\" src=\"http:\/\/www.visit-ulcinj.com\/blog\/wp-content\/uploads\/2010\/11\/Bertina-Mehmeti-dhe-Erioni-3.jpg\" alt=\"\" width=\"280\" height=\"390\" \/><\/a><\/p>\n<p><strong>Dometh\u00ebn\u00eb ti nuk ke akoma besim?<\/strong><\/p>\n<p>Un\u00eb nuk them asnj\u00ebher\u00eb p\u00ebrderisa gj\u00ebrat e mia nuk jan\u00eb n\u00eb dor\u00eb, nuk mund ta them dot. E besoj shprehjen \u201ckurr\u00eb nuk thuhet kurr\u00eb\u201d. E r\u00ebnd\u00ebsishme \u00ebsht\u00eb t\u00eb jetosh at\u00eb \u00e7far\u00eb ke dhe \u00e7far\u00eb t\u00eb serviret.<\/p>\n<p><strong>Ziheni ndonj\u00ebher\u00eb me nj\u00ebrit tjetrin ?<\/strong><\/p>\n<p>\u00cbsht\u00eb m\u00eb se normale. Sepse dhe z\u00ebnkat kan\u00eb \u00ebmb\u00eblsin\u00eb e tyre n\u00eb nj\u00eb lidhje. Kund\u00ebrshtimi \u00ebsht\u00eb shtys\u00eb e ecuris\u00eb.<\/p>\n<p><strong>Cili jan\u00eb shkaqet p\u00ebr z\u00ebnkat mes jush?<\/strong><\/p>\n<p>Zihemi sepse un\u00eb vonohem ndonj\u00ebher\u00eb dhe Erioni pret posht\u00eb me makin\u00eb. Zihemi edhe kur hapet ndonj\u00eb tem\u00eb e Big brother p\u00ebr t\u00eb cil\u00ebn nuk jemi dakord, sidomos kur m\u00eb kujtohet naiviteti i tij ndaj gjith\u00eb personave t\u00eb pasinqert\u00eb<\/p>\n<p><strong>Si e sheh veten t\u00ebnde n\u00eb nj\u00eb t\u00eb nes\u00ebrme?<\/strong><\/p>\n<p>\u00cbndrra ime ka qen\u00eb t\u00eb b\u00ebhem nj\u00eb inxhiniere e suksesshme dhe mbetet n\u00eb k\u00ebt\u00eb profesion. Q\u00ebllimi im n\u00eb vazhdim \u00ebsht\u00eb t\u00eb b\u00ebj nj\u00eb master n\u00eb inxhinieri jasht\u00eb vendit.<\/p>\n<p><strong>Po Erionin?<\/strong><\/p>\n<p>Do doja ta shihja si psikolog e jo si gazetar.<\/p>\n<p><strong>\u00c7far\u00eb b\u00ebt\u00eb k\u00ebt\u00eb ver\u00eb?<\/strong><\/p>\n<p>Padyshim det. Nuk mund t\u00eb kuptohet vera pa detin. Do t\u00eb donim t\u00eb b\u00ebnim dhe nj\u00eb udh\u00ebtim jasht\u00eb.<\/p>\n<p>Un\u00eb shkova edhe disa dit\u00eb n\u00eb Greqi tek motra ime<\/p>\n<p><strong>Do ta \u00e7osh n\u00eb Delvin\u00eb Erionin?<\/strong><\/p>\n<p>Delvina ka nj\u00eb natyr\u00eb shum\u00eb t\u00eb bukur, gjelb\u00ebrim, qet\u00ebsi q\u00eb i p\u00eblqejn\u00eb Erionit. Pse jo.<\/p>\n<p>\ufeff<\/p>\n","protected":false},"excerpt":{"rendered":"<p>Vazhdon t\u00eb kuroj\u00eb historin\u00eb e saj me Erionin, djalin p\u00ebr t\u00eb cilin ndjeu q\u00eb n\u00eb momentet e para t\u00eb showt. Me shum\u00eb zell, p\u00ebrkushtim, respekt e padiskutim pasion, edhe pse sipas saj ndjenja \u00ebsht\u00eb e fundit n\u00eb renditje kur b\u00ebhet fjal\u00eb p\u00ebr nj\u00eb raport t\u00eb suksessh\u00ebm. Dhe n\u00eb fakt, \u00e7far\u00eb reflektoi me tep\u00ebr karakteri i [&hellip;]<\/p>\n","protected":false},"author":1,"featured_media":0,"comment_status":"open","ping_status":"closed","sticky":false,"template":"","format":"standard","meta":{"spay_email":"","jetpack_publicize_message":"","jetpack_is_tweetstorm":false,"jetpack_publicize_feature_enabled":true},"categories":[1],"tags":[6769,16189,15939,16192,16190,16191],"jetpack_publicize_connections":[],"yoast_head":"<!-- This site is optimized with the Yoast SEO plugin v19.1 - https:\/\/yoast.com\/wordpress\/plugins\/seo\/ -->\n<title>Bertina Mehmeti: Erioni \u00ebsht\u00eb pak egoist - Lajme nga Ulqini<\/title>\n<meta name=\"description\" content=\"Vazhdon t\u00eb kuroj\u00eb historin\u00eb e saj me Erionin, djalin p\u00ebr t\u00eb cilin ndjeu q\u00eb n\u00eb momentet e para t\u00eb showt. Me shum\u00eb zell, p\u00ebrkushtim, respekt e padiskutim\" \/>\n<meta name=\"robots\" content=\"index, follow, max-snippet:-1, max-image-preview:large, max-video-preview:-1\" \/>\n<link rel=\"canonical\" href=\"https:\/\/www.visit-ulcinj.com\/blog\/2010\/11\/06\/bertina-mehmeti-erioni-eshte-pak-egoist\/\" \/>\n<meta property=\"og:locale\" content=\"en_US\" \/>\n<meta property=\"og:type\" content=\"article\" \/>\n<meta property=\"og:title\" content=\"Bertina Mehmeti: Erioni \u00ebsht\u00eb pak egoist - Lajme nga Ulqini\" \/>\n<meta property=\"og:description\" content=\"Vazhdon t\u00eb kuroj\u00eb historin\u00eb e saj me Erionin, djalin p\u00ebr t\u00eb cilin ndjeu q\u00eb n\u00eb momentet e para t\u00eb showt. Me shum\u00eb zell, p\u00ebrkushtim, respekt e padiskutim\" \/>\n<meta property=\"og:url\" content=\"https:\/\/www.visit-ulcinj.com\/blog\/2010\/11\/06\/bertina-mehmeti-erioni-eshte-pak-egoist\/\" \/>\n<meta property=\"og:site_name\" content=\"Lajme nga Ulqini\" \/>\n<meta property=\"article:published_time\" content=\"2010-11-05T23:59:29+00:00\" \/>\n<meta property=\"article:modified_time\" content=\"2010-11-05T23:34:58+00:00\" \/>\n<meta property=\"og:image\" content=\"http:\/\/www.visit-ulcinj.com\/blog\/wp-content\/uploads\/2010\/11\/Bertina-Mehmeti-1.jpg\" \/>\n<meta name=\"twitter:label1\" content=\"Written by\" \/>\n\t<meta name=\"twitter:data1\" content=\"ulqini\" \/>\n\t<meta name=\"twitter:label2\" content=\"Est. reading time\" \/>\n\t<meta name=\"twitter:data2\" content=\"7 minutes\" \/>\n<script type=\"application\/ld+json\" class=\"yoast-schema-graph\">{\"@context\":\"https:\/\/schema.org\",\"@graph\":[{\"@type\":\"WebSite\",\"@id\":\"https:\/\/www.visit-ulcinj.com\/blog\/#website\",\"url\":\"https:\/\/www.visit-ulcinj.com\/blog\/\",\"name\":\"Lajme nga Ulqini\",\"description\":\"Lajme,Vijesti,Ulqini,Ulqin,Crna Gora,Mali i Zi\",\"potentialAction\":[{\"@type\":\"SearchAction\",\"target\":{\"@type\":\"EntryPoint\",\"urlTemplate\":\"https:\/\/www.visit-ulcinj.com\/blog\/?s={search_term_string}\"},\"query-input\":\"required name=search_term_string\"}],\"inLanguage\":\"en-US\"},{\"@type\":\"ImageObject\",\"inLanguage\":\"en-US\",\"@id\":\"https:\/\/www.visit-ulcinj.com\/blog\/2010\/11\/06\/bertina-mehmeti-erioni-eshte-pak-egoist\/#primaryimage\",\"url\":\"http:\/\/www.visit-ulcinj.com\/blog\/wp-content\/uploads\/2010\/11\/Bertina-Mehmeti-1.jpg\",\"contentUrl\":\"http:\/\/www.visit-ulcinj.com\/blog\/wp-content\/uploads\/2010\/11\/Bertina-Mehmeti-1.jpg\"},{\"@type\":\"WebPage\",\"@id\":\"https:\/\/www.visit-ulcinj.com\/blog\/2010\/11\/06\/bertina-mehmeti-erioni-eshte-pak-egoist\/#webpage\",\"url\":\"https:\/\/www.visit-ulcinj.com\/blog\/2010\/11\/06\/bertina-mehmeti-erioni-eshte-pak-egoist\/\",\"name\":\"Bertina Mehmeti: Erioni \u00ebsht\u00eb pak egoist - Lajme nga Ulqini\",\"isPartOf\":{\"@id\":\"https:\/\/www.visit-ulcinj.com\/blog\/#website\"},\"primaryImageOfPage\":{\"@id\":\"https:\/\/www.visit-ulcinj.com\/blog\/2010\/11\/06\/bertina-mehmeti-erioni-eshte-pak-egoist\/#primaryimage\"},\"datePublished\":\"2010-11-05T23:59:29+00:00\",\"dateModified\":\"2010-11-05T23:34:58+00:00\",\"author\":{\"@id\":\"https:\/\/www.visit-ulcinj.com\/blog\/#\/schema\/person\/dcab619c614d3038751c63bc2aadc06d\"},\"description\":\"Vazhdon t\u00eb kuroj\u00eb historin\u00eb e saj me Erionin, djalin p\u00ebr t\u00eb cilin ndjeu q\u00eb n\u00eb momentet e para t\u00eb showt. Me shum\u00eb zell, p\u00ebrkushtim, respekt e padiskutim\",\"breadcrumb\":{\"@id\":\"https:\/\/www.visit-ulcinj.com\/blog\/2010\/11\/06\/bertina-mehmeti-erioni-eshte-pak-egoist\/#breadcrumb\"},\"inLanguage\":\"en-US\",\"potentialAction\":[{\"@type\":\"ReadAction\",\"target\":[\"https:\/\/www.visit-ulcinj.com\/blog\/2010\/11\/06\/bertina-mehmeti-erioni-eshte-pak-egoist\/\"]}]},{\"@type\":\"BreadcrumbList\",\"@id\":\"https:\/\/www.visit-ulcinj.com\/blog\/2010\/11\/06\/bertina-mehmeti-erioni-eshte-pak-egoist\/#breadcrumb\",\"itemListElement\":[{\"@type\":\"ListItem\",\"position\":1,\"name\":\"Bertina Mehmeti: Erioni \u00ebsht\u00eb pak egoist\"}]},{\"@type\":\"Person\",\"@id\":\"https:\/\/www.visit-ulcinj.com\/blog\/#\/schema\/person\/dcab619c614d3038751c63bc2aadc06d\",\"name\":\"ulqini\",\"sameAs\":[\"http:\/\/www.visit-ulcinj.com\"],\"url\":\"https:\/\/www.visit-ulcinj.com\/blog\/author\/admin\/\"}]}<\/script>\n<!-- \/ Yoast SEO plugin. -->","yoast_head_json":{"title":"Bertina Mehmeti: Erioni \u00ebsht\u00eb pak egoist - Lajme nga Ulqini","description":"Vazhdon t\u00eb kuroj\u00eb historin\u00eb e saj me Erionin, djalin p\u00ebr t\u00eb cilin ndjeu q\u00eb n\u00eb momentet e para t\u00eb showt. Me shum\u00eb zell, p\u00ebrkushtim, respekt e padiskutim","robots":{"index":"index","follow":"follow","max-snippet":"max-snippet:-1","max-image-preview":"max-image-preview:large","max-video-preview":"max-video-preview:-1"},"canonical":"https:\/\/www.visit-ulcinj.com\/blog\/2010\/11\/06\/bertina-mehmeti-erioni-eshte-pak-egoist\/","og_locale":"en_US","og_type":"article","og_title":"Bertina Mehmeti: Erioni \u00ebsht\u00eb pak egoist - Lajme nga Ulqini","og_description":"Vazhdon t\u00eb kuroj\u00eb historin\u00eb e saj me Erionin, djalin p\u00ebr t\u00eb cilin ndjeu q\u00eb n\u00eb momentet e para t\u00eb showt. Me shum\u00eb zell, p\u00ebrkushtim, respekt e padiskutim","og_url":"https:\/\/www.visit-ulcinj.com\/blog\/2010\/11\/06\/bertina-mehmeti-erioni-eshte-pak-egoist\/","og_site_name":"Lajme nga Ulqini","article_published_time":"2010-11-05T23:59:29+00:00","article_modified_time":"2010-11-05T23:34:58+00:00","og_image":[{"url":"http:\/\/www.visit-ulcinj.com\/blog\/wp-content\/uploads\/2010\/11\/Bertina-Mehmeti-1.jpg"}],"twitter_misc":{"Written by":"ulqini","Est. reading time":"7 minutes"},"schema":{"@context":"https:\/\/schema.org","@graph":[{"@type":"WebSite","@id":"https:\/\/www.visit-ulcinj.com\/blog\/#website","url":"https:\/\/www.visit-ulcinj.com\/blog\/","name":"Lajme nga Ulqini","description":"Lajme,Vijesti,Ulqini,Ulqin,Crna Gora,Mali i Zi","potentialAction":[{"@type":"SearchAction","target":{"@type":"EntryPoint","urlTemplate":"https:\/\/www.visit-ulcinj.com\/blog\/?s={search_term_string}"},"query-input":"required name=search_term_string"}],"inLanguage":"en-US"},{"@type":"ImageObject","inLanguage":"en-US","@id":"https:\/\/www.visit-ulcinj.com\/blog\/2010\/11\/06\/bertina-mehmeti-erioni-eshte-pak-egoist\/#primaryimage","url":"http:\/\/www.visit-ulcinj.com\/blog\/wp-content\/uploads\/2010\/11\/Bertina-Mehmeti-1.jpg","contentUrl":"http:\/\/www.visit-ulcinj.com\/blog\/wp-content\/uploads\/2010\/11\/Bertina-Mehmeti-1.jpg"},{"@type":"WebPage","@id":"https:\/\/www.visit-ulcinj.com\/blog\/2010\/11\/06\/bertina-mehmeti-erioni-eshte-pak-egoist\/#webpage","url":"https:\/\/www.visit-ulcinj.com\/blog\/2010\/11\/06\/bertina-mehmeti-erioni-eshte-pak-egoist\/","name":"Bertina Mehmeti: Erioni \u00ebsht\u00eb pak egoist - Lajme nga Ulqini","isPartOf":{"@id":"https:\/\/www.visit-ulcinj.com\/blog\/#website"},"primaryImageOfPage":{"@id":"https:\/\/www.visit-ulcinj.com\/blog\/2010\/11\/06\/bertina-mehmeti-erioni-eshte-pak-egoist\/#primaryimage"},"datePublished":"2010-11-05T23:59:29+00:00","dateModified":"2010-11-05T23:34:58+00:00","author":{"@id":"https:\/\/www.visit-ulcinj.com\/blog\/#\/schema\/person\/dcab619c614d3038751c63bc2aadc06d"},"description":"Vazhdon t\u00eb kuroj\u00eb historin\u00eb e saj me Erionin, djalin p\u00ebr t\u00eb cilin ndjeu q\u00eb n\u00eb momentet e para t\u00eb showt. Me shum\u00eb zell, p\u00ebrkushtim, respekt e padiskutim","breadcrumb":{"@id":"https:\/\/www.visit-ulcinj.com\/blog\/2010\/11\/06\/bertina-mehmeti-erioni-eshte-pak-egoist\/#breadcrumb"},"inLanguage":"en-US","potentialAction":[{"@type":"ReadAction","target":["https:\/\/www.visit-ulcinj.com\/blog\/2010\/11\/06\/bertina-mehmeti-erioni-eshte-pak-egoist\/"]}]},{"@type":"BreadcrumbList","@id":"https:\/\/www.visit-ulcinj.com\/blog\/2010\/11\/06\/bertina-mehmeti-erioni-eshte-pak-egoist\/#breadcrumb","itemListElement":[{"@type":"ListItem","position":1,"name":"Bertina Mehmeti: Erioni \u00ebsht\u00eb pak egoist"}]},{"@type":"Person","@id":"https:\/\/www.visit-ulcinj.com\/blog\/#\/schema\/person\/dcab619c614d3038751c63bc2aadc06d","name":"ulqini","sameAs":["http:\/\/www.visit-ulcinj.com"],"url":"https:\/\/www.visit-ulcinj.com\/blog\/author\/admin\/"}]}},"jetpack_featured_media_url":"","jetpack_sharing_enabled":true,"jetpack_shortlink":"https:\/\/wp.me\/pe6lTn-ad9","_links":{"self":[{"href":"https:\/\/www.visit-ulcinj.com\/blog\/wp-json\/wp\/v2\/posts\/39255"}],"collection":[{"href":"https:\/\/www.visit-ulcinj.com\/blog\/wp-json\/wp\/v2\/posts"}],"about":[{"href":"https:\/\/www.visit-ulcinj.com\/blog\/wp-json\/wp\/v2\/types\/post"}],"author":[{"embeddable":true,"href":"https:\/\/www.visit-ulcinj.com\/blog\/wp-json\/wp\/v2\/users\/1"}],"replies":[{"embeddable":true,"href":"https:\/\/www.visit-ulcinj.com\/blog\/wp-json\/wp\/v2\/comments?post=39255"}],"version-history":[{"count":0,"href":"https:\/\/www.visit-ulcinj.com\/blog\/wp-json\/wp\/v2\/posts\/39255\/revisions"}],"wp:attachment":[{"href":"https:\/\/www.visit-ulcinj.com\/blog\/wp-json\/wp\/v2\/media?parent=39255"}],"wp:term":[{"taxonomy":"category","embeddable":true,"href":"https:\/\/www.visit-ulcinj.com\/blog\/wp-json\/wp\/v2\/categories?post=39255"},{"taxonomy":"post_tag","embeddable":true,"href":"https:\/\/www.visit-ulcinj.com\/blog\/wp-json\/wp\/v2\/tags?post=39255"}],"curies":[{"name":"wp","href":"https:\/\/api.w.org\/{rel}","templated":true}]}}