{"id":39269,"date":"2010-11-06T02:12:39","date_gmt":"2010-11-06T01:12:39","guid":{"rendered":"http:\/\/www.visit-ulcinj.com\/blog\/?p=39269"},"modified":"2010-11-06T02:12:39","modified_gmt":"2010-11-06T01:12:39","slug":"se-ami-eshte-nusja-qe-ia-mbledh-burrit","status":"publish","type":"post","link":"https:\/\/www.visit-ulcinj.com\/blog\/2010\/11\/06\/se-ami-eshte-nusja-qe-ia-mbledh-burrit\/","title":{"rendered":"Se Ami \u00ebsht\u00eb nusja q\u00eb &#8216;ia mbledh&#8217; burrit"},"content":{"rendered":"<p>Vazhdon jehona e dasm\u00ebs s\u00eb showgirl-it, Amarda Toska dhe aktorit e k\u00ebng\u00ebtarit Ermal Mamaqi.<\/p>\n<p><a href=\"http:\/\/www.visit-ulcinj.com\/blog\/wp-content\/uploads\/2010\/11\/Ami-dhe-Ermali-Fiat.jpg\"><img loading=\"lazy\" class=\"alignleft size-full wp-image-39272\" title=\"Ami-dhe-Ermali-Fiat\" src=\"http:\/\/www.visit-ulcinj.com\/blog\/wp-content\/uploads\/2010\/11\/Ami-dhe-Ermali-Fiat.jpg\" alt=\"\" width=\"508\" height=\"339\" \/><\/a><\/p>\n<p>K\u00ebt\u00eb radh\u00eb t\u00eb dy vijn\u00eb n\u00eb nj\u00eb imazh tjet\u00ebr, shfaqen duke bere nje reklam te markes se njohur te makinave FIAT.<\/p>\n<p><a href=\"http:\/\/www.visit-ulcinj.com\/blog\/wp-content\/uploads\/2010\/11\/Ami-dhe-Ermali-Fiat-2.jpg\"><img loading=\"lazy\" class=\"alignleft size-full wp-image-39271\" title=\"Ami-dhe-Ermali-Fiat-2\" src=\"http:\/\/www.visit-ulcinj.com\/blog\/wp-content\/uploads\/2010\/11\/Ami-dhe-Ermali-Fiat-2.jpg\" alt=\"\" width=\"508\" height=\"339\" \/><\/a><\/p>\n<p>N\u00eb fotot artistike, bie n\u00eb sy roli i Amit si nusja me teka dhe lozonjare dhe bashk\u00ebshorti q\u00eb &#8216;nuk po ia mbledh dot gruas&#8217;, por gruaja ne kete rast ia ben &#8216;8 me 2&#8217; burrit.<\/p>\n<p><img loading=\"lazy\" class=\"alignleft size-full wp-image-39270\" title=\"Ami-dhe-Ermali-Fiat-3\" src=\"http:\/\/www.visit-ulcinj.com\/blog\/wp-content\/uploads\/2010\/11\/Ami-dhe-Ermali-Fiat-3.jpg\" alt=\"\" width=\"508\" height=\"339\" \/><\/p>\n<p>Me poshte fotot artistike nga dy personazhet televiziv Amarda Toska &amp; Ermal Mamaqi.<\/p>\n","protected":false},"excerpt":{"rendered":"<p>Vazhdon jehona e dasm\u00ebs s\u00eb showgirl-it, Amarda Toska dhe aktorit e k\u00ebng\u00ebtarit Ermal Mamaqi. K\u00ebt\u00eb radh\u00eb t\u00eb dy vijn\u00eb n\u00eb nj\u00eb imazh tjet\u00ebr, shfaqen duke bere nje reklam te markes se njohur te makinave FIAT. N\u00eb fotot artistike, bie n\u00eb sy roli i Amit si nusja me teka dhe lozonjare dhe bashk\u00ebshorti q\u00eb &#8216;nuk po [&hellip;]<\/p>\n","protected":false},"author":1,"featured_media":0,"comment_status":"open","ping_status":"closed","sticky":false,"template":"","format":"standard","meta":{"spay_email":"","jetpack_publicize_message":"","jetpack_is_tweetstorm":false,"jetpack_publicize_feature_enabled":true},"categories":[1],"tags":[14965,69,14966,16194,16193,16195],"jetpack_publicize_connections":[],"yoast_head":"<!-- This site is optimized with the Yoast SEO plugin v19.1 - https:\/\/yoast.com\/wordpress\/plugins\/seo\/ -->\n<title>Se Ami \u00ebsht\u00eb nusja q\u00eb &#039;ia mbledh&#039; burrit - Lajme nga Ulqini<\/title>\n<meta name=\"description\" content=\"Vazhdon jehona e dasm\u00ebs s\u00eb showgirl-it, Amarda Toska dhe aktorit e k\u00ebng\u00ebtarit Ermal Mamaqi. K\u00ebt\u00eb radh\u00eb t\u00eb dy vijn\u00eb n\u00eb nj\u00eb imazh tjet\u00ebr, shfaqen duke bere\" \/>\n<meta name=\"robots\" content=\"index, follow, max-snippet:-1, max-image-preview:large, max-video-preview:-1\" \/>\n<link rel=\"canonical\" href=\"https:\/\/www.visit-ulcinj.com\/blog\/2010\/11\/06\/se-ami-eshte-nusja-qe-ia-mbledh-burrit\/\" \/>\n<meta property=\"og:locale\" content=\"en_US\" \/>\n<meta property=\"og:type\" content=\"article\" \/>\n<meta property=\"og:title\" content=\"Se Ami \u00ebsht\u00eb nusja q\u00eb &#039;ia mbledh&#039; burrit - Lajme nga Ulqini\" \/>\n<meta property=\"og:description\" content=\"Vazhdon jehona e dasm\u00ebs s\u00eb showgirl-it, Amarda Toska dhe aktorit e k\u00ebng\u00ebtarit Ermal Mamaqi. K\u00ebt\u00eb radh\u00eb t\u00eb dy vijn\u00eb n\u00eb nj\u00eb imazh tjet\u00ebr, shfaqen duke bere\" \/>\n<meta property=\"og:url\" content=\"https:\/\/www.visit-ulcinj.com\/blog\/2010\/11\/06\/se-ami-eshte-nusja-qe-ia-mbledh-burrit\/\" \/>\n<meta property=\"og:site_name\" content=\"Lajme nga Ulqini\" \/>\n<meta property=\"article:published_time\" content=\"2010-11-06T01:12:39+00:00\" \/>\n<meta property=\"og:image\" content=\"http:\/\/www.visit-ulcinj.com\/blog\/wp-content\/uploads\/2010\/11\/Ami-dhe-Ermali-Fiat.jpg\" \/>\n<meta name=\"twitter:label1\" content=\"Written by\" \/>\n\t<meta name=\"twitter:data1\" content=\"ulqini\" \/>\n<script type=\"application\/ld+json\" class=\"yoast-schema-graph\">{\"@context\":\"https:\/\/schema.org\",\"@graph\":[{\"@type\":\"WebSite\",\"@id\":\"https:\/\/www.visit-ulcinj.com\/blog\/#website\",\"url\":\"https:\/\/www.visit-ulcinj.com\/blog\/\",\"name\":\"Lajme nga Ulqini\",\"description\":\"Lajme,Vijesti,Ulqini,Ulqin,Crna Gora,Mali i Zi\",\"potentialAction\":[{\"@type\":\"SearchAction\",\"target\":{\"@type\":\"EntryPoint\",\"urlTemplate\":\"https:\/\/www.visit-ulcinj.com\/blog\/?s={search_term_string}\"},\"query-input\":\"required name=search_term_string\"}],\"inLanguage\":\"en-US\"},{\"@type\":\"ImageObject\",\"inLanguage\":\"en-US\",\"@id\":\"https:\/\/www.visit-ulcinj.com\/blog\/2010\/11\/06\/se-ami-eshte-nusja-qe-ia-mbledh-burrit\/#primaryimage\",\"url\":\"http:\/\/www.visit-ulcinj.com\/blog\/wp-content\/uploads\/2010\/11\/Ami-dhe-Ermali-Fiat.jpg\",\"contentUrl\":\"http:\/\/www.visit-ulcinj.com\/blog\/wp-content\/uploads\/2010\/11\/Ami-dhe-Ermali-Fiat.jpg\"},{\"@type\":\"WebPage\",\"@id\":\"https:\/\/www.visit-ulcinj.com\/blog\/2010\/11\/06\/se-ami-eshte-nusja-qe-ia-mbledh-burrit\/#webpage\",\"url\":\"https:\/\/www.visit-ulcinj.com\/blog\/2010\/11\/06\/se-ami-eshte-nusja-qe-ia-mbledh-burrit\/\",\"name\":\"Se Ami \u00ebsht\u00eb nusja q\u00eb 'ia mbledh' burrit - Lajme nga Ulqini\",\"isPartOf\":{\"@id\":\"https:\/\/www.visit-ulcinj.com\/blog\/#website\"},\"primaryImageOfPage\":{\"@id\":\"https:\/\/www.visit-ulcinj.com\/blog\/2010\/11\/06\/se-ami-eshte-nusja-qe-ia-mbledh-burrit\/#primaryimage\"},\"datePublished\":\"2010-11-06T01:12:39+00:00\",\"dateModified\":\"2010-11-06T01:12:39+00:00\",\"author\":{\"@id\":\"https:\/\/www.visit-ulcinj.com\/blog\/#\/schema\/person\/dcab619c614d3038751c63bc2aadc06d\"},\"description\":\"Vazhdon jehona e dasm\u00ebs s\u00eb showgirl-it, Amarda Toska dhe aktorit e k\u00ebng\u00ebtarit Ermal Mamaqi. K\u00ebt\u00eb radh\u00eb t\u00eb dy vijn\u00eb n\u00eb nj\u00eb imazh tjet\u00ebr, shfaqen duke bere\",\"breadcrumb\":{\"@id\":\"https:\/\/www.visit-ulcinj.com\/blog\/2010\/11\/06\/se-ami-eshte-nusja-qe-ia-mbledh-burrit\/#breadcrumb\"},\"inLanguage\":\"en-US\",\"potentialAction\":[{\"@type\":\"ReadAction\",\"target\":[\"https:\/\/www.visit-ulcinj.com\/blog\/2010\/11\/06\/se-ami-eshte-nusja-qe-ia-mbledh-burrit\/\"]}]},{\"@type\":\"BreadcrumbList\",\"@id\":\"https:\/\/www.visit-ulcinj.com\/blog\/2010\/11\/06\/se-ami-eshte-nusja-qe-ia-mbledh-burrit\/#breadcrumb\",\"itemListElement\":[{\"@type\":\"ListItem\",\"position\":1,\"name\":\"Se Ami \u00ebsht\u00eb nusja q\u00eb &#8216;ia mbledh&#8217; burrit\"}]},{\"@type\":\"Person\",\"@id\":\"https:\/\/www.visit-ulcinj.com\/blog\/#\/schema\/person\/dcab619c614d3038751c63bc2aadc06d\",\"name\":\"ulqini\",\"sameAs\":[\"http:\/\/www.visit-ulcinj.com\"],\"url\":\"https:\/\/www.visit-ulcinj.com\/blog\/author\/admin\/\"}]}<\/script>\n<!-- \/ Yoast SEO plugin. -->","yoast_head_json":{"title":"Se Ami \u00ebsht\u00eb nusja q\u00eb 'ia mbledh' burrit - Lajme nga Ulqini","description":"Vazhdon jehona e dasm\u00ebs s\u00eb showgirl-it, Amarda Toska dhe aktorit e k\u00ebng\u00ebtarit Ermal Mamaqi. K\u00ebt\u00eb radh\u00eb t\u00eb dy vijn\u00eb n\u00eb nj\u00eb imazh tjet\u00ebr, shfaqen duke bere","robots":{"index":"index","follow":"follow","max-snippet":"max-snippet:-1","max-image-preview":"max-image-preview:large","max-video-preview":"max-video-preview:-1"},"canonical":"https:\/\/www.visit-ulcinj.com\/blog\/2010\/11\/06\/se-ami-eshte-nusja-qe-ia-mbledh-burrit\/","og_locale":"en_US","og_type":"article","og_title":"Se Ami \u00ebsht\u00eb nusja q\u00eb 'ia mbledh' burrit - Lajme nga Ulqini","og_description":"Vazhdon jehona e dasm\u00ebs s\u00eb showgirl-it, Amarda Toska dhe aktorit e k\u00ebng\u00ebtarit Ermal Mamaqi. K\u00ebt\u00eb radh\u00eb t\u00eb dy vijn\u00eb n\u00eb nj\u00eb imazh tjet\u00ebr, shfaqen duke bere","og_url":"https:\/\/www.visit-ulcinj.com\/blog\/2010\/11\/06\/se-ami-eshte-nusja-qe-ia-mbledh-burrit\/","og_site_name":"Lajme nga Ulqini","article_published_time":"2010-11-06T01:12:39+00:00","og_image":[{"url":"http:\/\/www.visit-ulcinj.com\/blog\/wp-content\/uploads\/2010\/11\/Ami-dhe-Ermali-Fiat.jpg"}],"twitter_misc":{"Written by":"ulqini"},"schema":{"@context":"https:\/\/schema.org","@graph":[{"@type":"WebSite","@id":"https:\/\/www.visit-ulcinj.com\/blog\/#website","url":"https:\/\/www.visit-ulcinj.com\/blog\/","name":"Lajme nga Ulqini","description":"Lajme,Vijesti,Ulqini,Ulqin,Crna Gora,Mali i Zi","potentialAction":[{"@type":"SearchAction","target":{"@type":"EntryPoint","urlTemplate":"https:\/\/www.visit-ulcinj.com\/blog\/?s={search_term_string}"},"query-input":"required name=search_term_string"}],"inLanguage":"en-US"},{"@type":"ImageObject","inLanguage":"en-US","@id":"https:\/\/www.visit-ulcinj.com\/blog\/2010\/11\/06\/se-ami-eshte-nusja-qe-ia-mbledh-burrit\/#primaryimage","url":"http:\/\/www.visit-ulcinj.com\/blog\/wp-content\/uploads\/2010\/11\/Ami-dhe-Ermali-Fiat.jpg","contentUrl":"http:\/\/www.visit-ulcinj.com\/blog\/wp-content\/uploads\/2010\/11\/Ami-dhe-Ermali-Fiat.jpg"},{"@type":"WebPage","@id":"https:\/\/www.visit-ulcinj.com\/blog\/2010\/11\/06\/se-ami-eshte-nusja-qe-ia-mbledh-burrit\/#webpage","url":"https:\/\/www.visit-ulcinj.com\/blog\/2010\/11\/06\/se-ami-eshte-nusja-qe-ia-mbledh-burrit\/","name":"Se Ami \u00ebsht\u00eb nusja q\u00eb 'ia mbledh' burrit - Lajme nga Ulqini","isPartOf":{"@id":"https:\/\/www.visit-ulcinj.com\/blog\/#website"},"primaryImageOfPage":{"@id":"https:\/\/www.visit-ulcinj.com\/blog\/2010\/11\/06\/se-ami-eshte-nusja-qe-ia-mbledh-burrit\/#primaryimage"},"datePublished":"2010-11-06T01:12:39+00:00","dateModified":"2010-11-06T01:12:39+00:00","author":{"@id":"https:\/\/www.visit-ulcinj.com\/blog\/#\/schema\/person\/dcab619c614d3038751c63bc2aadc06d"},"description":"Vazhdon jehona e dasm\u00ebs s\u00eb showgirl-it, Amarda Toska dhe aktorit e k\u00ebng\u00ebtarit Ermal Mamaqi. K\u00ebt\u00eb radh\u00eb t\u00eb dy vijn\u00eb n\u00eb nj\u00eb imazh tjet\u00ebr, shfaqen duke bere","breadcrumb":{"@id":"https:\/\/www.visit-ulcinj.com\/blog\/2010\/11\/06\/se-ami-eshte-nusja-qe-ia-mbledh-burrit\/#breadcrumb"},"inLanguage":"en-US","potentialAction":[{"@type":"ReadAction","target":["https:\/\/www.visit-ulcinj.com\/blog\/2010\/11\/06\/se-ami-eshte-nusja-qe-ia-mbledh-burrit\/"]}]},{"@type":"BreadcrumbList","@id":"https:\/\/www.visit-ulcinj.com\/blog\/2010\/11\/06\/se-ami-eshte-nusja-qe-ia-mbledh-burrit\/#breadcrumb","itemListElement":[{"@type":"ListItem","position":1,"name":"Se Ami \u00ebsht\u00eb nusja q\u00eb &#8216;ia mbledh&#8217; burrit"}]},{"@type":"Person","@id":"https:\/\/www.visit-ulcinj.com\/blog\/#\/schema\/person\/dcab619c614d3038751c63bc2aadc06d","name":"ulqini","sameAs":["http:\/\/www.visit-ulcinj.com"],"url":"https:\/\/www.visit-ulcinj.com\/blog\/author\/admin\/"}]}},"jetpack_featured_media_url":"","jetpack_sharing_enabled":true,"jetpack_shortlink":"https:\/\/wp.me\/pe6lTn-adn","_links":{"self":[{"href":"https:\/\/www.visit-ulcinj.com\/blog\/wp-json\/wp\/v2\/posts\/39269"}],"collection":[{"href":"https:\/\/www.visit-ulcinj.com\/blog\/wp-json\/wp\/v2\/posts"}],"about":[{"href":"https:\/\/www.visit-ulcinj.com\/blog\/wp-json\/wp\/v2\/types\/post"}],"author":[{"embeddable":true,"href":"https:\/\/www.visit-ulcinj.com\/blog\/wp-json\/wp\/v2\/users\/1"}],"replies":[{"embeddable":true,"href":"https:\/\/www.visit-ulcinj.com\/blog\/wp-json\/wp\/v2\/comments?post=39269"}],"version-history":[{"count":0,"href":"https:\/\/www.visit-ulcinj.com\/blog\/wp-json\/wp\/v2\/posts\/39269\/revisions"}],"wp:attachment":[{"href":"https:\/\/www.visit-ulcinj.com\/blog\/wp-json\/wp\/v2\/media?parent=39269"}],"wp:term":[{"taxonomy":"category","embeddable":true,"href":"https:\/\/www.visit-ulcinj.com\/blog\/wp-json\/wp\/v2\/categories?post=39269"},{"taxonomy":"post_tag","embeddable":true,"href":"https:\/\/www.visit-ulcinj.com\/blog\/wp-json\/wp\/v2\/tags?post=39269"}],"curies":[{"name":"wp","href":"https:\/\/api.w.org\/{rel}","templated":true}]}}