{"id":39296,"date":"2010-11-06T14:32:48","date_gmt":"2010-11-06T13:32:48","guid":{"rendered":"http:\/\/www.visit-ulcinj.com\/blog\/?p=39296"},"modified":"2010-11-06T14:32:48","modified_gmt":"2010-11-06T13:32:48","slug":"elvana-gjata-ndahet-nga-i-dashuri","status":"publish","type":"post","link":"https:\/\/www.visit-ulcinj.com\/blog\/2010\/11\/06\/elvana-gjata-ndahet-nga-i-dashuri\/","title":{"rendered":"Elvana Gjata ndahet nga i dashuri"},"content":{"rendered":"<p><a href=\"http:\/\/www.visit-ulcinj.com\/blog\/wp-content\/uploads\/2010\/11\/Elvana-Gjata-me-miqte.jpg\"><img loading=\"lazy\" class=\"alignleft size-full wp-image-39297\" title=\"Elvana-Gjata-me-miqte\" src=\"http:\/\/www.visit-ulcinj.com\/blog\/wp-content\/uploads\/2010\/11\/Elvana-Gjata-me-miqte.jpg\" alt=\"\" width=\"300\" height=\"537\" \/><\/a>\u201cJam e dashuruar dhe e lumtur me djalin q\u00eb kam zgjedhur\u201d. E ka deklaruar p\u00ebr her\u00eb t\u00eb par\u00eb n\u00eb gazet\u00ebn \u201cPanorama\u201d n\u00eb maj t\u00eb vitit 2009, nd\u00ebrkoh\u00eb q\u00eb askush nuk guxonte t\u2019ia zinte m\u00eb goj\u00eb jet\u00ebn e saj private n\u00ebp\u00ebr intervista ku k\u00ebng\u00ebtarja ishte e vendosur q\u00eb t\u00eb na fliste vet\u00ebm p\u00ebr klipe, albume, koncerte dhe kaq\u2026<\/p>\n<p>Nj\u00eb vajz\u00eb e \u00ebmb\u00ebl por shum\u00eb hermetike, Elvana ka ngjallur shum\u00eb kuriozitet p\u00ebr jet\u00ebn private dhe ka pasur raste kur n\u00eb media \u00ebsht\u00eb aluduar p\u00ebr djem t\u00eb ndrysh\u00ebm t\u00eb njohur ose jo, si t\u00eb dashur t\u00eb mundsh\u00ebm t\u00eb k\u00ebng\u00ebtares. Fundja kush mund ta besonte q\u00eb nj\u00eb vajz\u00eb e re, e bukur, e famshme dhe\u00a0 e talentuar si ajo t\u00eb ishte single.\u00a0 Por ky\u00e7ja e goj\u00ebs merr fund diku m\u00eb shum\u00eb se nj\u00eb vit m\u00eb par\u00eb kur k\u00ebng\u00ebtarja e pranon q\u00eb ishte e dashuruar, duke mos preferuar gjithsesi t\u00eb jap\u00eb detaje rreth t\u00eb zgjedhurit t\u00eb saj<\/p>\n<p>. Mir\u00ebpo, nuk kaloi m\u00eb shum\u00eb se dy jav\u00eb nga ky prononcim dhe paparaci yn\u00eb arriti t\u00eb kap\u00eb Elvan\u00ebn me t\u00eb dashurin n\u00eb nj\u00eb vend dhe n\u00eb nj\u00eb or\u00eb q\u00eb v\u00ebshtir\u00eb t\u00eb t\u00eb shkoj\u00eb mendja. Ishte ora 5 e m\u00ebngjesit, ku sipas informacioneve tona Elvana do t\u00eb gjendej n\u00eb aeroport pasi nisej p\u00ebr nj\u00eb koncert n\u00eb Gjermani dhe natyrsh\u00ebm ai q\u00eb e shoq\u00ebronte deri n\u00eb momentin e nisjes ishte i dashuri i saj, Rogerti. Ishte pik\u00ebrisht ai djal\u00eb p\u00ebr t\u00eb cilin gazeta \u201cPanorama\u201d kishte shkruar q\u00eb n\u00eb vitin 2007, duke zbuluar identitetin e tij, si dhe disa detaje t\u00eb tjera, fakt ky q\u00eb e nervozoi jo pak k\u00ebng\u00ebtaren, pasi kishim guxuar t\u00eb preknim privat\u00ebsin\u00eb e saj.<\/p>\n<p>\u00cbsht\u00eb nj\u00eb nga rastet e rralla kur nj\u00eb personazh kaq i njohur si Elvana Gjata me nj\u00eb lidhje gjasht\u00eb vje\u00e7are, t\u00eb mos shfaqej asnj\u00ebher\u00eb n\u00eb publik me t\u00eb dashurin e saj, n\u00eb lokalet e Bllokut apo n\u00eb pubet e nat\u00ebs ku zakonisht rrin\u00eb koleg\u00ebt e saj. U desh\u00ebn k\u00ebto foto t\u00eb nj\u00eb viti m\u00eb par\u00eb t\u00eb cilat po i publikojm\u00eb edhe sot, t\u00eb b\u00ebra n\u00eb pes\u00eb t\u00eb m\u00ebngjesit nga tarraca e aeroportit, p\u00ebr t\u2019i dokumentuar ata p\u00ebr her\u00eb t\u00eb par\u00eb bashk\u00eb. Mbase edhe p\u00ebr her\u00eb fundit\u2026<\/p>\n<p>E themi k\u00ebt\u00eb pasi sipas informacioneve t\u00eb marra nga miq t\u00eb p\u00ebrbashk\u00ebt t\u00eb \u00e7iftit, thuhet se ata kan\u00eb vet\u00ebm disa jav\u00eb q\u00eb jan\u00eb ndar\u00eb. N\u00eb fakt po t\u00eb kthehemi pas n\u00eb koh\u00eb p\u00ebr t\u00eb analizuar se si ka qen\u00eb jeta e k\u00ebtij \u00e7ifti, gjen detaje pak t\u00eb \u00e7uditshme. Ajo u lidh me Rogert Jasharin rreth gjasht\u00eb vite m\u00eb par\u00eb, koh\u00eb kur ajo nuk ishte akoma e famshme. Ai n\u00eb at\u00eb koh\u00eb ishte 20 vje\u00e7 nd\u00ebrsa ajo 17, pik\u00ebrisht n\u00eb koh\u00ebn kur merrte pjes\u00eb tek \u201cEthet\u201d, program ku k\u00ebng\u00ebtarja u shfaq p\u00ebr her\u00eb t\u00eb par\u00eb n\u00eb nj\u00eb sken\u00eb. Miqt\u00eb thon\u00eb se Rogerti, i cili ka mbaruar studimet p\u00ebr Administrim Biznesi dhe punon n\u00eb nj\u00eb studio dizajni, pron\u00eb e t\u00eb jatit, \u00ebsht\u00eb nj\u00eb djal\u00eb i ndrojtur dhe mbase nuk ka qen\u00eb i p\u00ebrgatitur p\u00ebr t\u00eb pasur n\u00eb krah nj\u00eb partnere, e cila fitoi menj\u00ebher\u00eb nj\u00eb popullaritet aq t\u00eb madh. Ai d\u00ebshironte q\u00eb jet\u00ebn n\u00eb \u00e7iftit t\u00eb mos e kishte t\u00eb aksesueshme p\u00ebr t\u00eb tjer\u00ebt, por ta shijonte i qet\u00eb.<\/p>\n<p><a href=\"http:\/\/www.visit-ulcinj.com\/blog\/wp-content\/uploads\/2010\/11\/Elvana-Gjata-dhe-Exi.jpg\"><img loading=\"lazy\" class=\"alignleft size-full wp-image-39302\" title=\"Elvana-Gjata-dhe-Exi\" src=\"http:\/\/www.visit-ulcinj.com\/blog\/wp-content\/uploads\/2010\/11\/Elvana-Gjata-dhe-Exi.jpg\" alt=\"\" width=\"508\" height=\"200\" \/><\/a><\/p>\n<p>Mesa duket po k\u00ebt\u00eb mendje ka pasur edhe k\u00ebng\u00ebtarja, e cila sapo filloi t\u00eb fitoj\u00eb popullaritet, mendoi si strategji t\u00eb vet\u00ebn fokusimin e publikut ekskluzivisht tek k\u00ebng\u00ebt e saj, si e vetmja rrug\u00eb p\u00ebr t\u2019u b\u00ebr\u00eb e famshme, nd\u00ebrkoh\u00eb q\u00eb koleget e saj b\u00ebnin namin me histori dashurie n\u00ebp\u00ebr faqe gazetash, t\u00eb cilat m\u00eb shpejt mbaronin se fillonin p\u00ebr t\u2019i l\u00ebn\u00eb vendin partnerit t\u00eb radh\u00ebs. Imazhi i Elvan\u00ebs si nj\u00eb vajz\u00eb serioze, pa\u00e7ka se merrej me muzik\u00eb, ishte ajo \u00e7ka k\u00ebng\u00ebtarja k\u00ebrkonte t\u00eb gdhendte p\u00ebr dit\u00eb n\u00eb mendjet e njer\u00ebzve.<\/p>\n<p>Temat e dashuris\u00eb n\u00eb intervista ishin tabu p\u00ebr t\u00eb dhe mesa duket edhe p\u00ebr familjen e saj, p\u00ebr t\u00eb cil\u00ebn thuhet q\u00eb \u00ebsht\u00eb mjaft konservatore por q\u00eb gjithsesi kishin dh\u00ebn\u00eb \u201cok\u201d dhe p\u00eblqimin e tyre p\u00ebr lidhjen e Elvan\u00ebs me Rogertin, duke e par\u00eb si nj\u00eb bashk\u00ebshort t\u00eb ardhsh\u00ebm shum\u00eb t\u00eb p\u00ebrshtatsh\u00ebm p\u00ebr vajz\u00ebn e tyre. Megjithat\u00eb miq konfidencial\u00eb t\u00eb tyre rr\u00ebfejn\u00eb se kjo lidhje nuk ka qen\u00eb edhe aq e qet\u00eb. Fundjavat n\u00eb koncerte jasht\u00eb Shqip\u00ebris\u00eb\u00a0 nuk priteshin aq mir\u00eb nga Rogerti dhe mesa dim\u00eb ne ai as nuk ka preferuar q\u00eb t\u00eb jet\u00eb prezent n\u00eb koncertet e saj jasht\u00eb. Megjithat\u00eb, lidhja ka funksionuar me ulje e ngritjet e saj plot gjasht\u00eb vite me radh\u00eb dhe m\u00eb n\u00eb fund ka ardhur momenti q\u00eb t\u00eb dy me qet\u00ebsi dhe racionalitet kan\u00eb kuptuar q\u00eb mbase mes tyre ka marr\u00eb fund gjith\u00e7ka, q\u00eb lidhja e ngjizur n\u00eb mosh\u00eb shum\u00eb t\u00eb re ishte e destinuar t\u00eb merrte fund, se arsyet p\u00ebr t\u2019u ndar\u00eb ishin m\u00eb t\u00eb forta se ato p\u00ebr t\u00eb q\u00ebndruar bashk\u00eb.<\/p>\n<p>Pik\u00ebrisht gjat\u00eb jav\u00ebve t\u00eb para t\u00eb ndarjes, Elvana \u00ebsht\u00eb par\u00eb ndoshta nga her\u00ebt e rralla, n\u00eb klubet e nat\u00ebs me motr\u00ebn dhe miqt\u00eb e saj, nd\u00ebrkoh\u00eb q\u00eb njer\u00ebzit e saj konfidencial\u00eb e dinin mir\u00eb q\u00eb Elvana tashm\u00eb dilte si beqare. Por ja ku erdhi momenti q\u00eb k\u00ebt\u00eb t\u00eb re nga jeta e saj private ta marrin vesh edhe fansat. K\u00ebshtu pra djema, Elvana \u00ebsht\u00eb single! Nj\u00eb lajm ky mbase po aq i mir\u00eb p\u00ebr ta sa edhe k\u00ebng\u00ebt e reja t\u00eb saj, t\u00eb cilat nuk vonojn\u00eb t\u00eb b\u00ebhen hite.<\/p>\n","protected":false},"excerpt":{"rendered":"<p>\u201cJam e dashuruar dhe e lumtur me djalin q\u00eb kam zgjedhur\u201d. E ka deklaruar p\u00ebr her\u00eb t\u00eb par\u00eb n\u00eb gazet\u00ebn \u201cPanorama\u201d n\u00eb maj t\u00eb vitit 2009, nd\u00ebrkoh\u00eb q\u00eb askush nuk guxonte t\u2019ia zinte m\u00eb goj\u00eb jet\u00ebn e saj private n\u00ebp\u00ebr intervista ku k\u00ebng\u00ebtarja ishte e vendosur q\u00eb t\u00eb na fliste vet\u00ebm p\u00ebr klipe, albume, koncerte [&hellip;]<\/p>\n","protected":false},"author":1,"featured_media":0,"comment_status":"open","ping_status":"closed","sticky":false,"template":"","format":"standard","meta":{"spay_email":"","jetpack_publicize_message":"","jetpack_is_tweetstorm":false,"jetpack_publicize_feature_enabled":true},"categories":[1],"tags":[7760,16201,16200],"jetpack_publicize_connections":[],"yoast_head":"<!-- This site is optimized with the Yoast SEO plugin v19.1 - https:\/\/yoast.com\/wordpress\/plugins\/seo\/ -->\n<title>Elvana Gjata ndahet nga i dashuri - Lajme nga Ulqini<\/title>\n<meta name=\"description\" content=\"\u201cJam e dashuruar dhe e lumtur me djalin q\u00eb kam zgjedhur\u201d. E ka deklaruar p\u00ebr her\u00eb t\u00eb par\u00eb n\u00eb gazet\u00ebn \u201cPanorama\u201d n\u00eb maj t\u00eb vitit 2009, nd\u00ebrkoh\u00eb q\u00eb askush\" \/>\n<meta name=\"robots\" content=\"index, follow, max-snippet:-1, max-image-preview:large, max-video-preview:-1\" \/>\n<link rel=\"canonical\" href=\"https:\/\/www.visit-ulcinj.com\/blog\/2010\/11\/06\/elvana-gjata-ndahet-nga-i-dashuri\/\" \/>\n<meta property=\"og:locale\" content=\"en_US\" \/>\n<meta property=\"og:type\" content=\"article\" \/>\n<meta property=\"og:title\" content=\"Elvana Gjata ndahet nga i dashuri - Lajme nga Ulqini\" \/>\n<meta property=\"og:description\" content=\"\u201cJam e dashuruar dhe e lumtur me djalin q\u00eb kam zgjedhur\u201d. E ka deklaruar p\u00ebr her\u00eb t\u00eb par\u00eb n\u00eb gazet\u00ebn \u201cPanorama\u201d n\u00eb maj t\u00eb vitit 2009, nd\u00ebrkoh\u00eb q\u00eb askush\" \/>\n<meta property=\"og:url\" content=\"https:\/\/www.visit-ulcinj.com\/blog\/2010\/11\/06\/elvana-gjata-ndahet-nga-i-dashuri\/\" \/>\n<meta property=\"og:site_name\" content=\"Lajme nga Ulqini\" \/>\n<meta property=\"article:published_time\" content=\"2010-11-06T13:32:48+00:00\" \/>\n<meta property=\"og:image\" content=\"http:\/\/www.visit-ulcinj.com\/blog\/wp-content\/uploads\/2010\/11\/Elvana-Gjata-me-miqte.jpg\" \/>\n<meta name=\"twitter:label1\" content=\"Written by\" \/>\n\t<meta name=\"twitter:data1\" content=\"ulqini\" \/>\n\t<meta name=\"twitter:label2\" content=\"Est. reading time\" \/>\n\t<meta name=\"twitter:data2\" content=\"5 minutes\" \/>\n<script type=\"application\/ld+json\" class=\"yoast-schema-graph\">{\"@context\":\"https:\/\/schema.org\",\"@graph\":[{\"@type\":\"WebSite\",\"@id\":\"https:\/\/www.visit-ulcinj.com\/blog\/#website\",\"url\":\"https:\/\/www.visit-ulcinj.com\/blog\/\",\"name\":\"Lajme nga Ulqini\",\"description\":\"Lajme,Vijesti,Ulqini,Ulqin,Crna Gora,Mali i Zi\",\"potentialAction\":[{\"@type\":\"SearchAction\",\"target\":{\"@type\":\"EntryPoint\",\"urlTemplate\":\"https:\/\/www.visit-ulcinj.com\/blog\/?s={search_term_string}\"},\"query-input\":\"required name=search_term_string\"}],\"inLanguage\":\"en-US\"},{\"@type\":\"ImageObject\",\"inLanguage\":\"en-US\",\"@id\":\"https:\/\/www.visit-ulcinj.com\/blog\/2010\/11\/06\/elvana-gjata-ndahet-nga-i-dashuri\/#primaryimage\",\"url\":\"http:\/\/www.visit-ulcinj.com\/blog\/wp-content\/uploads\/2010\/11\/Elvana-Gjata-me-miqte.jpg\",\"contentUrl\":\"http:\/\/www.visit-ulcinj.com\/blog\/wp-content\/uploads\/2010\/11\/Elvana-Gjata-me-miqte.jpg\"},{\"@type\":\"WebPage\",\"@id\":\"https:\/\/www.visit-ulcinj.com\/blog\/2010\/11\/06\/elvana-gjata-ndahet-nga-i-dashuri\/#webpage\",\"url\":\"https:\/\/www.visit-ulcinj.com\/blog\/2010\/11\/06\/elvana-gjata-ndahet-nga-i-dashuri\/\",\"name\":\"Elvana Gjata ndahet nga i dashuri - Lajme nga Ulqini\",\"isPartOf\":{\"@id\":\"https:\/\/www.visit-ulcinj.com\/blog\/#website\"},\"primaryImageOfPage\":{\"@id\":\"https:\/\/www.visit-ulcinj.com\/blog\/2010\/11\/06\/elvana-gjata-ndahet-nga-i-dashuri\/#primaryimage\"},\"datePublished\":\"2010-11-06T13:32:48+00:00\",\"dateModified\":\"2010-11-06T13:32:48+00:00\",\"author\":{\"@id\":\"https:\/\/www.visit-ulcinj.com\/blog\/#\/schema\/person\/dcab619c614d3038751c63bc2aadc06d\"},\"description\":\"\u201cJam e dashuruar dhe e lumtur me djalin q\u00eb kam zgjedhur\u201d. E ka deklaruar p\u00ebr her\u00eb t\u00eb par\u00eb n\u00eb gazet\u00ebn \u201cPanorama\u201d n\u00eb maj t\u00eb vitit 2009, nd\u00ebrkoh\u00eb q\u00eb askush\",\"breadcrumb\":{\"@id\":\"https:\/\/www.visit-ulcinj.com\/blog\/2010\/11\/06\/elvana-gjata-ndahet-nga-i-dashuri\/#breadcrumb\"},\"inLanguage\":\"en-US\",\"potentialAction\":[{\"@type\":\"ReadAction\",\"target\":[\"https:\/\/www.visit-ulcinj.com\/blog\/2010\/11\/06\/elvana-gjata-ndahet-nga-i-dashuri\/\"]}]},{\"@type\":\"BreadcrumbList\",\"@id\":\"https:\/\/www.visit-ulcinj.com\/blog\/2010\/11\/06\/elvana-gjata-ndahet-nga-i-dashuri\/#breadcrumb\",\"itemListElement\":[{\"@type\":\"ListItem\",\"position\":1,\"name\":\"Elvana Gjata ndahet nga i dashuri\"}]},{\"@type\":\"Person\",\"@id\":\"https:\/\/www.visit-ulcinj.com\/blog\/#\/schema\/person\/dcab619c614d3038751c63bc2aadc06d\",\"name\":\"ulqini\",\"sameAs\":[\"http:\/\/www.visit-ulcinj.com\"],\"url\":\"https:\/\/www.visit-ulcinj.com\/blog\/author\/admin\/\"}]}<\/script>\n<!-- \/ Yoast SEO plugin. -->","yoast_head_json":{"title":"Elvana Gjata ndahet nga i dashuri - Lajme nga Ulqini","description":"\u201cJam e dashuruar dhe e lumtur me djalin q\u00eb kam zgjedhur\u201d. E ka deklaruar p\u00ebr her\u00eb t\u00eb par\u00eb n\u00eb gazet\u00ebn \u201cPanorama\u201d n\u00eb maj t\u00eb vitit 2009, nd\u00ebrkoh\u00eb q\u00eb askush","robots":{"index":"index","follow":"follow","max-snippet":"max-snippet:-1","max-image-preview":"max-image-preview:large","max-video-preview":"max-video-preview:-1"},"canonical":"https:\/\/www.visit-ulcinj.com\/blog\/2010\/11\/06\/elvana-gjata-ndahet-nga-i-dashuri\/","og_locale":"en_US","og_type":"article","og_title":"Elvana Gjata ndahet nga i dashuri - Lajme nga Ulqini","og_description":"\u201cJam e dashuruar dhe e lumtur me djalin q\u00eb kam zgjedhur\u201d. E ka deklaruar p\u00ebr her\u00eb t\u00eb par\u00eb n\u00eb gazet\u00ebn \u201cPanorama\u201d n\u00eb maj t\u00eb vitit 2009, nd\u00ebrkoh\u00eb q\u00eb askush","og_url":"https:\/\/www.visit-ulcinj.com\/blog\/2010\/11\/06\/elvana-gjata-ndahet-nga-i-dashuri\/","og_site_name":"Lajme nga Ulqini","article_published_time":"2010-11-06T13:32:48+00:00","og_image":[{"url":"http:\/\/www.visit-ulcinj.com\/blog\/wp-content\/uploads\/2010\/11\/Elvana-Gjata-me-miqte.jpg"}],"twitter_misc":{"Written by":"ulqini","Est. reading time":"5 minutes"},"schema":{"@context":"https:\/\/schema.org","@graph":[{"@type":"WebSite","@id":"https:\/\/www.visit-ulcinj.com\/blog\/#website","url":"https:\/\/www.visit-ulcinj.com\/blog\/","name":"Lajme nga Ulqini","description":"Lajme,Vijesti,Ulqini,Ulqin,Crna Gora,Mali i Zi","potentialAction":[{"@type":"SearchAction","target":{"@type":"EntryPoint","urlTemplate":"https:\/\/www.visit-ulcinj.com\/blog\/?s={search_term_string}"},"query-input":"required name=search_term_string"}],"inLanguage":"en-US"},{"@type":"ImageObject","inLanguage":"en-US","@id":"https:\/\/www.visit-ulcinj.com\/blog\/2010\/11\/06\/elvana-gjata-ndahet-nga-i-dashuri\/#primaryimage","url":"http:\/\/www.visit-ulcinj.com\/blog\/wp-content\/uploads\/2010\/11\/Elvana-Gjata-me-miqte.jpg","contentUrl":"http:\/\/www.visit-ulcinj.com\/blog\/wp-content\/uploads\/2010\/11\/Elvana-Gjata-me-miqte.jpg"},{"@type":"WebPage","@id":"https:\/\/www.visit-ulcinj.com\/blog\/2010\/11\/06\/elvana-gjata-ndahet-nga-i-dashuri\/#webpage","url":"https:\/\/www.visit-ulcinj.com\/blog\/2010\/11\/06\/elvana-gjata-ndahet-nga-i-dashuri\/","name":"Elvana Gjata ndahet nga i dashuri - Lajme nga Ulqini","isPartOf":{"@id":"https:\/\/www.visit-ulcinj.com\/blog\/#website"},"primaryImageOfPage":{"@id":"https:\/\/www.visit-ulcinj.com\/blog\/2010\/11\/06\/elvana-gjata-ndahet-nga-i-dashuri\/#primaryimage"},"datePublished":"2010-11-06T13:32:48+00:00","dateModified":"2010-11-06T13:32:48+00:00","author":{"@id":"https:\/\/www.visit-ulcinj.com\/blog\/#\/schema\/person\/dcab619c614d3038751c63bc2aadc06d"},"description":"\u201cJam e dashuruar dhe e lumtur me djalin q\u00eb kam zgjedhur\u201d. E ka deklaruar p\u00ebr her\u00eb t\u00eb par\u00eb n\u00eb gazet\u00ebn \u201cPanorama\u201d n\u00eb maj t\u00eb vitit 2009, nd\u00ebrkoh\u00eb q\u00eb askush","breadcrumb":{"@id":"https:\/\/www.visit-ulcinj.com\/blog\/2010\/11\/06\/elvana-gjata-ndahet-nga-i-dashuri\/#breadcrumb"},"inLanguage":"en-US","potentialAction":[{"@type":"ReadAction","target":["https:\/\/www.visit-ulcinj.com\/blog\/2010\/11\/06\/elvana-gjata-ndahet-nga-i-dashuri\/"]}]},{"@type":"BreadcrumbList","@id":"https:\/\/www.visit-ulcinj.com\/blog\/2010\/11\/06\/elvana-gjata-ndahet-nga-i-dashuri\/#breadcrumb","itemListElement":[{"@type":"ListItem","position":1,"name":"Elvana Gjata ndahet nga i dashuri"}]},{"@type":"Person","@id":"https:\/\/www.visit-ulcinj.com\/blog\/#\/schema\/person\/dcab619c614d3038751c63bc2aadc06d","name":"ulqini","sameAs":["http:\/\/www.visit-ulcinj.com"],"url":"https:\/\/www.visit-ulcinj.com\/blog\/author\/admin\/"}]}},"jetpack_featured_media_url":"","jetpack_sharing_enabled":true,"jetpack_shortlink":"https:\/\/wp.me\/pe6lTn-adO","_links":{"self":[{"href":"https:\/\/www.visit-ulcinj.com\/blog\/wp-json\/wp\/v2\/posts\/39296"}],"collection":[{"href":"https:\/\/www.visit-ulcinj.com\/blog\/wp-json\/wp\/v2\/posts"}],"about":[{"href":"https:\/\/www.visit-ulcinj.com\/blog\/wp-json\/wp\/v2\/types\/post"}],"author":[{"embeddable":true,"href":"https:\/\/www.visit-ulcinj.com\/blog\/wp-json\/wp\/v2\/users\/1"}],"replies":[{"embeddable":true,"href":"https:\/\/www.visit-ulcinj.com\/blog\/wp-json\/wp\/v2\/comments?post=39296"}],"version-history":[{"count":0,"href":"https:\/\/www.visit-ulcinj.com\/blog\/wp-json\/wp\/v2\/posts\/39296\/revisions"}],"wp:attachment":[{"href":"https:\/\/www.visit-ulcinj.com\/blog\/wp-json\/wp\/v2\/media?parent=39296"}],"wp:term":[{"taxonomy":"category","embeddable":true,"href":"https:\/\/www.visit-ulcinj.com\/blog\/wp-json\/wp\/v2\/categories?post=39296"},{"taxonomy":"post_tag","embeddable":true,"href":"https:\/\/www.visit-ulcinj.com\/blog\/wp-json\/wp\/v2\/tags?post=39296"}],"curies":[{"name":"wp","href":"https:\/\/api.w.org\/{rel}","templated":true}]}}