{"id":39308,"date":"2010-11-06T18:27:41","date_gmt":"2010-11-06T17:27:41","guid":{"rendered":"http:\/\/www.visit-ulcinj.com\/blog\/?p=39308"},"modified":"2010-11-08T15:12:17","modified_gmt":"2010-11-08T14:12:17","slug":"shoqata-%e2%80%9cana-e-malit%e2%80%9d-ne-mengjes-pune-me-biznesmene-pronare-profesioniste-dhe-studente","status":"publish","type":"post","link":"https:\/\/www.visit-ulcinj.com\/blog\/2010\/11\/06\/shoqata-%e2%80%9cana-e-malit%e2%80%9d-ne-mengjes-pune-me-biznesmene-pronare-profesioniste-dhe-studente\/","title":{"rendered":"Shoqata \u201cAna e Malit\u201d n\u00eb m\u00ebngjes pune me biznesmen\u00eb, pronar\u00eb, profesionist\u00eb dhe student\u00eb"},"content":{"rendered":"<p><strong><a href=\"http:\/\/www.visit-ulcinj.com\/blog\/wp-content\/uploads\/2010\/11\/Shoqata-Ana-e-Malit-Island_New-York.1.jpg\"><img loading=\"lazy\" class=\"alignleft size-full wp-image-39310\" title=\"Shoqata Ana e Malit - Island_New York.1\" src=\"http:\/\/www.visit-ulcinj.com\/blog\/wp-content\/uploads\/2010\/11\/Shoqata-Ana-e-Malit-Island_New-York.1.jpg\" alt=\"\" width=\"490\" height=\"380\" \/><\/a>Nga K\u00ebze Kozeta Sulo<br \/>\nBotuar n\u00eb gazet\u00ebn \u201cIllyria\u201d NO.1998<\/strong><\/p>\n<p><strong>N<\/strong>\u00eb nj\u00eb dit\u00eb vjeshte me gjethe t\u00eb kuq\u00ebrremta tetori n\u00eb Staten Island shoqata shqiptaro amerikane \u201cAna e Malit\u201d, mblodhi n\u00eb nj\u00eb m\u00ebngjes pune pronar\u00eb, bizmesmen\u00eb, profesionist\u00eb dhe student\u00eb.<\/p>\n<p>Ishte pervjetori i pare q\u00eb kjo shoqat\u00eb organizonte n\u00eb restorantin \u201cVanderbilt\u201d n\u00eb Staten Island.<\/p>\n<p>Aktivitetin e ka drejtuar zonjusha simpatike Maida Llolla me origjin\u00eb nga Ana e Malit. Pasi iu ka uruar gjith\u00eb pjes\u00ebmarr\u00ebsve dhe organizator\u00ebve pun\u00eb t\u00eb mbar\u00eb p\u00ebr k\u00ebt\u00eb tubim, ajo ka ftuar n\u00eb sken\u00eb z.Nik\u00eb Palkola z\u00ebvend\u00ebs kryetar i shoqat\u00ebs \u201cAna e Malit\u201d.<\/p>\n<p>Z.Palkola nj\u00eb aktivist i devotsh\u00ebm i komunitetit dhe themelues i Forumit Demokratik t\u00eb Shqiptar\u00ebve n\u00eb Mal t\u00eb Zi, foli me dashuri p\u00ebr vendlindjen e tij dhe Kombin Shqiptar.<\/p>\n<p>Ai u zotua se do t\u00eb punoj\u00eb edhe m\u00eb shum\u00eb n\u00eb t\u00eb ardhmen p\u00ebr t\u00eb ndihmuar n\u00eb \u00e7\u00ebshtjen shqiptare.<\/p>\n<p>Fjala e tij \u00ebsht\u00eb p\u00ebrcjell\u00eb me duartrokitje nga pjes\u00ebmarr\u00ebsit pasi humori i tij i holl\u00eb i p\u00ebrdorur gjat\u00eb fjalimit i ka dh\u00ebn\u00eb dhe m\u00eb shum\u00eb bukuri tubimit n\u00eb at\u00eb m\u00ebngjes pune dhe kulture.<\/p>\n<p>Pas z.Palkola fjal\u00ebn e ka marr\u00eb avokati shqiptar z.Gencian Gjoni, i pun\u00ebsuar n\u00eb firm\u00ebn e njohur \u201cRaffael Son\u201d. Z.Gjoni foli plot kultur\u00eb dhe mir\u00ebsi, p\u00ebr \u00e7\u00ebshtjen komb\u00ebtare, p\u00ebr bashkimin e popullit shqiptar si dhe p\u00ebr k\u00ebt\u00eb tubim kaq t\u00eb r\u00ebnd\u00ebsish\u00ebm organizuar nga shoqata \u201cAna e Malit\u201d.<\/p>\n<p>Ai u angazhua se do t\u00eb punoj\u00eb m\u00eb tej dhe do t\u00eb marri pjes\u00eb gjithmon\u00eb n\u00eb k\u00ebto aktivitete kaq t\u00eb r\u00ebnd\u00ebsishme p\u00ebr Kombin shqiptar.<\/p>\n<p>Nd\u00ebrsa e d\u00ebgjoja me v\u00ebmendje k\u00ebt\u00eb djal\u00eb t\u00eb ri q\u00eb posedon t\u00eb drejt\u00ebn e avokatis\u00eb n\u00eb t\u00eb gjitha gjykatat e New Yorkut dhe t\u00eb New Jerseyt, m\u00eb shtohej dhe m\u00eb shum\u00eb respekti dhe mir\u00ebnjohja p\u00ebr t\u00eb atin e tij avokatin e mir\u00ebnjohur t\u00eb sa e sa shqiptar\u00ebve z.Sabri Gjoni, i cili i ka zyrat n\u00eb Manhattan.<\/p>\n<p>Fjala e tij u prit me duartrokitje t\u00eb fuqishme ve\u00e7an\u00ebrisht kur solli nj\u00eb detaj gjat\u00eb studimeve t\u00eb tij, se si n\u00eb k\u00ebt\u00eb profesion kaq t\u00eb v\u00ebshtir\u00eb ishte ndihmuar dhe frym\u00ebzuar, kur kishte takuar bashkatdhetarin e tij q\u00eb e fliste aq bukur gjuh\u00ebn e \u00ebmb\u00ebl shqipe.<\/p>\n<p>M\u00eb von\u00eb znj.Llolla ka prezantuar para publikut zonj\u00ebn Shpresa Sukalic Hopper e cila punon pran\u00eb Fondacionit Bloomberg n\u00eb New York. Vajza e re e ardhur nga Ulqini n\u00eb vitin 1992 n\u00eb program t\u00eb shk\u00ebmbimit t\u00eb studenteve t\u00eb huaj ka arritur sukses tep\u00ebr t\u00eb k\u00ebnaqsh\u00ebm me vullnetin e saj dhe dashurin\u00eb p\u00ebr pun\u00ebn.<\/p>\n<p>Ajo foli me krenari q\u00eb punonte pran\u00eb Kryetarit t\u00eb Bashkis\u00eb s\u00eb New Yorkut.bilionerit Bloomberg.<\/p>\n<p>Znj. Sukalic kishte ardhur n\u00eb k\u00ebt\u00eb aktivitet s\u00eb bashku me bashk\u00ebshortin e saj, nj\u00eb amerikan i pamsh\u00ebm dhe fisnik, z.Hopper.<\/p>\n<p>N\u00eb fjal\u00ebn e saj ajo ndau me bashkatdhetar\u00ebt se \u00e7far\u00eb ka m\u00ebsuar nga Bloombergu i cili ka th\u00ebn\u00eb: \u201cT\u00eb gjith\u00eb duhet ta ushtrojn\u00eb me ndershm\u00ebri detyr\u00ebn e tyre, dhe gjat\u00eb koh\u00ebs s\u00eb votimeve duhet t\u00eb ngren\u00eb fondet p\u00ebr t\u00eb mb\u00ebshtetur \u00e7\u00ebshtjet q\u00eb kan\u00eb r\u00ebnd\u00ebsi p\u00ebr komunitetin e tyre dhe Amerik\u00ebn. Gjithmon\u00eb n\u00eb raste zgjedhjesh num\u00ebrohen votat e komuniteteve dhe p\u00ebr k\u00ebt\u00eb ka r\u00ebnd\u00ebsi sensibilizimi i komuniteteve etnike q\u00eb t\u00eb marrin pjes\u00eb n\u00eb votime, dhe nga pjes\u00ebmarrja e tyre jepet dhe ndihma nga Bashkia\u201d.<\/p>\n<p>Mesazhi i saj ishte i qart\u00eb pasi ne si shqiptar\u00eb duhet t\u00eb jemi t\u00eb bashkuar dhe t\u00eb marrim pjes\u00eb n\u00eb votime, ndryshe nuk ka si num\u00ebrohet popullsia shqiptare. Duke e d\u00ebgjuar kujtoja pun\u00ebn e madhe dhe t\u00eb jasht\u00ebzakonshme q\u00eb ka b\u00ebr\u00eb z.Ilir Hysa, Ph.candidate, p\u00ebrfaq\u00ebsuesi i shtetit amerikan n\u00eb num\u00ebrimin e popullsis\u00eb q\u00eb u b\u00eb k\u00ebt\u00eb vit n\u00eb Amerik\u00eb.<\/p>\n<p>Ai frym\u00ebzoi shqiptar\u00ebt q\u00eb t\u00eb plot\u00ebsonin formular\u00ebt dhe t\u00eb tregonin komb\u00ebsin\u00eb shqiptare, pasi \u00ebsht\u00eb tep\u00ebr e r\u00ebnd\u00ebsishme p\u00ebr t\u00eb marr\u00eb fonde nga shteti amerikan, n\u00eb se ata e shikojn\u00eb q\u00eb ne jemi popullsi e madhe n\u00eb num\u00ebr dhe p\u00ebrhapim kultur\u00ebn dhe traditat e lashta shqiptare, pasi n\u00eb statistikat e m\u00ebparshme fatkeq\u00ebsisht popullsia shqiptare ishte regjistruar 100 e ca mij\u00eb shqiptar\u00eb dhe pse kemi arritur nj\u00eb million n\u00eb Amerik\u00eb.<\/p>\n<p>Imagjinoni tha znj.Sukalic Hooper n\u00eb se i vendosim detyr\u00eb vetes si komunitet q\u00eb n\u00eb zgjedhjet e ardhshme t\u00eb votojm\u00eb s\u00eb bashku dhe t\u00eb zgjedhim p\u00ebrfaq\u00ebsuesin ton\u00eb t\u00eb denj\u00eb n\u00eb zyrat e Bashkis\u00eb s\u00eb New Yorkut apo dhe m\u00eb gjer\u00eb.<\/p>\n<p>Znj. Sukalic Hooper solli me emocion vizit\u00ebn e saj n\u00eb Kosov\u00eb s\u00eb bashku me Bloombergun, pun\u00ebn e madhe dhe mb\u00ebshtetjen q\u00eb i ka b\u00ebr\u00eb ai \u00e7\u00ebshtjes s\u00eb Kosov\u00ebs si amerikan dhe si udh\u00ebheq\u00ebs.<\/p>\n<p>K\u00ebt\u00eb aktivitet e p\u00ebrsh\u00ebndeti dhe z.Nail Lolla, president i fondacionit \u201cDom Simon Filipaj\u201d, i cili po punon me p\u00ebrkushtim t\u00eb madh p\u00ebr t\u00eb ndihmuar vendlindjen dhe njer\u00ebzit e vobek\u00ebt.<\/p>\n<p>Me mjaft competenc\u00eb dhe profesionaliz\u00ebm ka folur biznesmeni dhe aktivisti i shquar i \u00e7\u00ebshtjes shqiptare z.Cafo Boga. Ai ka shfaqur n\u00eb ekran tokat shqiptare n\u00eb Mal t\u00eb Zi dhe oportunitetet q\u00eb kan\u00eb shqiptaro-amerikan\u00ebt p\u00ebr t\u00eb hapur bizenese dhe p\u00ebr t\u00eb ushtruar veprimtari t\u00eb ndryshme, pasi k\u00ebshtu e ndihmojm\u00eb dhe m\u00eb shum\u00eb vendlindjen ton\u00eb.<\/p>\n<p>Nd\u00ebrkoh\u00eb ai ka prezantuar dhe lidhjet q\u00eb ka Ulqini me shum\u00eb qytete shqiptare duke filluar me Shkodr\u00ebn, Lezh\u00ebn etj\u2026<\/p>\n<p>Ulqini \u00ebsht\u00eb nj\u00eb vend magjeps\u00ebs dhe mjaft t\u00ebrheq\u00ebs p\u00ebr turist\u00ebt, pasi ky qytet ka nj\u00eb natyr\u00eb t\u00eb mrekullueshme dhe t\u00eb begat\u00eb, do t\u00eb vazhdonte z.Boga n\u00eb prezantimin q\u00eb iu b\u00ebri t\u00eb pranishm\u00ebve dhe oportunitetin q\u00eb afronte Ana e Malit p\u00ebr investime t\u00eb ndryshme n\u00eb Atdhe.<\/p>\n<p>Fjala e z.Boga u p\u00ebrsh\u00ebndet me duartrokitje \u00e7ka tregonte p\u00ebr isnpirimin q\u00eb iu kishte dh\u00ebn\u00eb bizenesmen\u00ebve p\u00ebr t\u00eb investuar n\u00eb M\u00ebm\u00ebdhe.<\/p>\n<p>Pas prezantimit dinjitoz t\u00eb z.Boga n\u00eb sken\u00eb \u00ebsht\u00eb thirrur z.Qemal Zylo, i cili si themelues i shkoll\u00ebs Shqipe n\u00eb Staten Island ka ftuar t\u00eb gjith\u00eb pjes\u00ebmarr\u00ebsit t\u00eb sjellin f\u00ebmij\u00ebt e tyre n\u00eb shkoll\u00ebn shqipe p\u00ebr t\u00eb m\u00ebsuar gjuh\u00ebn ton\u00eb, pasi si\u00e7 dihet tha ai ka mjaft f\u00ebmij\u00eb q\u00eb po lindin k\u00ebtu dhe fatkeq\u00ebsisht po e humbasin gjuh\u00ebn e n\u00ebn\u00ebs, t\u00eb cil\u00ebn e kan\u00eb z\u00ebvend\u00ebsuar me anglisht. Sillini f\u00ebmij\u00ebt sa m\u00eb par\u00eb, tha z.Zylo, pasi ata jan\u00eb e ardhmja e Diaspor\u00ebs son\u00eb.<\/p>\n<p>Me mjaft interes ishte prezantimi p\u00ebr websitin e An\u00ebs s\u00eb Malit nga z.Zaim Halili, i cili tha se \u00ebsht\u00eb nj\u00eb website me shum\u00eb vlera pasi pasqyron gjith\u00e7ka p\u00ebr kultur\u00ebn shqiptare dhe traditat e bukura t\u00eb An\u00ebs s\u00ebMalit.<\/p>\n<p>Aktiviteti \u00ebsht\u00eb mbyllur me fjal\u00ebn p\u00ebrsh\u00ebndet\u00ebse t\u00eb z.Naser \u00c7obo, kryetar i shoqat\u00ebs \u201cAna e Malit\u201d, i cili ka fal\u00ebnderuar t\u00eb gjith\u00eb pjes\u00ebmarr\u00ebsit dhe i ka ftuar p\u00ebr nj\u00eb bashk\u00ebpunim dhe m\u00eb t\u00eb frytsh\u00ebm n\u00eb t\u00eb ardhmen.<\/p>\n<p>Gjat\u00eb takimit pati dhe pyetje dhe sugjerime t\u00eb ndryshme nga salla, si psh nga znj.Limona Gjoni e cila me nj\u00eb mir\u00ebsi dhe plot eleganc\u00eb n\u00eb t\u00eb folur sugjeroi q\u00eb mos t\u2019ua lem\u00eb tokat tona t\u2019jua shesim t\u00eb huajve, por ajo ju b\u00ebri thirrje biznesmen\u00ebve q\u00eb ta ruajm\u00eb k\u00ebt\u00eb pasuri q\u00eb na e lan\u00eb t\u00eb par\u00ebt tan\u00eb.<\/p>\n<p>Pas ceremonis\u00eb aktiviteteti ka vazhduar me biseda t\u00eb lira dhe takime midis miqsh.<\/p>\n<p>Pas kaq vitesh aty takuam mikun e mir\u00eb t\u00eb shqiptar\u00ebve, biznesmenin e suksessh\u00ebm z.Kadri Capri, i cili foli p\u00ebr r\u00ebnd\u00ebsin\u00eb e k\u00ebtij aktiviteti dhe do t\u00eb punoj\u00eb p\u00ebr m\u00eb tej p\u00ebr t\u00eb mb\u00ebshtetur \u00e7\u00ebshtjen komb\u00ebtare dhe p\u00ebr t\u00eb investuar n\u00eb vendlindje. Po ashtu aty takuam dhe z.Amir Shaba dhe z.Fatmir Kallaba djem patriot\u00eb t\u00eb cil\u00ebt po vazhdoj\u00eb t\u00eb japin kontributin e tyre me dashurin\u00eb dhe ndjenj\u00ebn e p\u00ebrgjegj\u00ebsis\u00eb p\u00ebr Kombin shqiptar.<\/p>\n<p>Aktiviteti \u00ebsht\u00eb filmuar nga z.Amir Suka drejtori i programit t\u00eb TV ALBA LIFE n\u00eb New York.<\/p>\n<p>U ndam\u00eb me miqt\u00eb e An\u00ebs s\u00eb Malit si v\u00ebllez\u00ebr shqiptar\u00eb dhe me nj\u00eb shije t\u00eb mir\u00eb p\u00ebr at\u00eb aktivitet t\u00eb dobish\u00ebm, dhe nd\u00ebrkoh\u00eb n\u00eb mendje m\u00eb mbeti fjala impresionuese e znj.Shpresa Sukalic Hooper e cila me t\u00eb drejt\u00eb e vler\u00ebsoi kryetarin e k\u00ebsaj shoqate qysh n\u00eb momentin e par\u00eb t\u00eb fjal\u00ebs s\u00eb saj:<\/p>\n<p>\u201cUn\u00eb nuk kishja zgjidhje tjet\u00ebr p\u00ebr sot, duhej t\u00eb vija medoemos, pasi v\u00ebllai im Amir, m\u00eb k\u00ebshilloi, se n\u00eb se ka aktitivitete shqiptar\u00ebsh, me siguri un\u00eb duhet t\u00eb shkoj pran\u00eb An\u00ebs s\u00eb Malit, pasi kjo shoqat\u00eb ka nj\u00eb lider t\u00eb shk\u00eblqyer si Naser Coba\u201d.<\/p>\n<p><strong>Tetor 2010Staten<br \/>\nIsland, New York<\/strong><\/p>\n<p><strong><a href=\"http:\/\/tribunashqiptare.com\/\" target=\"_parent\">Tribuna Shqiptare<br \/>\n\n\t\t<style type=\"text\/css\">\n\t\t\t#gallery-1 {\n\t\t\t\tmargin: auto;\n\t\t\t}\n\t\t\t#gallery-1 .gallery-item {\n\t\t\t\tfloat: left;\n\t\t\t\tmargin-top: 10px;\n\t\t\t\ttext-align: center;\n\t\t\t\twidth: 33%;\n\t\t\t}\n\t\t\t#gallery-1 img {\n\t\t\t\tborder: 2px solid #cfcfcf;\n\t\t\t}\n\t\t\t#gallery-1 .gallery-caption {\n\t\t\t\tmargin-left: 0;\n\t\t\t}\n\t\t\t\/* see gallery_shortcode() in wp-includes\/media.php *\/\n\t\t<\/style>\n\t\t<div id='gallery-1' class='gallery galleryid-39308 gallery-columns-3 gallery-size-thumbnail'><dl class='gallery-item'>\n\t\t\t<dt class='gallery-icon landscape'>\n\t\t\t\t<a href='https:\/\/www.visit-ulcinj.com\/blog\/wp-content\/uploads\/2010\/11\/Shoqata-Ana-e-Malit-Island_New-York.jpg'><img width=\"150\" height=\"150\" src=\"https:\/\/www.visit-ulcinj.com\/blog\/wp-content\/uploads\/2010\/11\/Shoqata-Ana-e-Malit-Island_New-York-150x150.jpg\" class=\"attachment-thumbnail size-thumbnail\" alt=\"\" loading=\"lazy\" \/><\/a>\n\t\t\t<\/dt><\/dl><dl class='gallery-item'>\n\t\t\t<dt class='gallery-icon landscape'>\n\t\t\t\t<a href='https:\/\/www.visit-ulcinj.com\/blog\/wp-content\/uploads\/2010\/11\/Shoqata-Ana-e-Malit-Island_New-York.1.jpg'><img width=\"150\" height=\"150\" src=\"https:\/\/www.visit-ulcinj.com\/blog\/wp-content\/uploads\/2010\/11\/Shoqata-Ana-e-Malit-Island_New-York.1-150x150.jpg\" class=\"attachment-thumbnail size-thumbnail\" alt=\"\" loading=\"lazy\" \/><\/a>\n\t\t\t<\/dt><\/dl><dl class='gallery-item'>\n\t\t\t<dt class='gallery-icon landscape'>\n\t\t\t\t<a href='https:\/\/www.visit-ulcinj.com\/blog\/wp-content\/uploads\/2010\/11\/Shoqata-Ana-e-Malit-Island_New-York.2.jpg'><img width=\"150\" height=\"150\" src=\"https:\/\/www.visit-ulcinj.com\/blog\/wp-content\/uploads\/2010\/11\/Shoqata-Ana-e-Malit-Island_New-York.2-150x150.jpg\" class=\"attachment-thumbnail size-thumbnail\" alt=\"\" loading=\"lazy\" \/><\/a>\n\t\t\t<\/dt><\/dl><br style=\"clear: both\" \/><dl class='gallery-item'>\n\t\t\t<dt class='gallery-icon landscape'>\n\t\t\t\t<a href='https:\/\/www.visit-ulcinj.com\/blog\/wp-content\/uploads\/2010\/11\/Shoqata-Ana-e-Malit-Island_New-York.8.jpg'><img width=\"150\" height=\"150\" src=\"https:\/\/www.visit-ulcinj.com\/blog\/wp-content\/uploads\/2010\/11\/Shoqata-Ana-e-Malit-Island_New-York.8-150x150.jpg\" class=\"attachment-thumbnail size-thumbnail\" alt=\"\" loading=\"lazy\" \/><\/a>\n\t\t\t<\/dt><\/dl><dl class='gallery-item'>\n\t\t\t<dt class='gallery-icon landscape'>\n\t\t\t\t<a href='https:\/\/www.visit-ulcinj.com\/blog\/wp-content\/uploads\/2010\/11\/Shoqata-Ana-e-Malit-Island_New-York.3.jpg'><img width=\"150\" height=\"150\" src=\"https:\/\/www.visit-ulcinj.com\/blog\/wp-content\/uploads\/2010\/11\/Shoqata-Ana-e-Malit-Island_New-York.3-150x150.jpg\" class=\"attachment-thumbnail size-thumbnail\" alt=\"\" loading=\"lazy\" \/><\/a>\n\t\t\t<\/dt><\/dl><dl class='gallery-item'>\n\t\t\t<dt class='gallery-icon landscape'>\n\t\t\t\t<a href='https:\/\/www.visit-ulcinj.com\/blog\/wp-content\/uploads\/2010\/11\/Shoqata-Ana-e-Malit-Island_New-York.4.jpg'><img width=\"150\" height=\"150\" src=\"https:\/\/www.visit-ulcinj.com\/blog\/wp-content\/uploads\/2010\/11\/Shoqata-Ana-e-Malit-Island_New-York.4-150x150.jpg\" class=\"attachment-thumbnail size-thumbnail\" alt=\"\" loading=\"lazy\" \/><\/a>\n\t\t\t<\/dt><\/dl><br style=\"clear: both\" \/><dl class='gallery-item'>\n\t\t\t<dt class='gallery-icon landscape'>\n\t\t\t\t<a href='https:\/\/www.visit-ulcinj.com\/blog\/wp-content\/uploads\/2010\/11\/Shoqata-Ana-e-Malit-Island_New-York.5.jpg'><img width=\"150\" height=\"150\" src=\"https:\/\/www.visit-ulcinj.com\/blog\/wp-content\/uploads\/2010\/11\/Shoqata-Ana-e-Malit-Island_New-York.5-150x150.jpg\" class=\"attachment-thumbnail size-thumbnail\" alt=\"\" loading=\"lazy\" \/><\/a>\n\t\t\t<\/dt><\/dl><dl class='gallery-item'>\n\t\t\t<dt class='gallery-icon landscape'>\n\t\t\t\t<a href='https:\/\/www.visit-ulcinj.com\/blog\/wp-content\/uploads\/2010\/11\/Shoqata-Ana-e-Malit-Island_New-York.6.jpg'><img width=\"150\" height=\"150\" src=\"https:\/\/www.visit-ulcinj.com\/blog\/wp-content\/uploads\/2010\/11\/Shoqata-Ana-e-Malit-Island_New-York.6-150x150.jpg\" class=\"attachment-thumbnail size-thumbnail\" alt=\"\" loading=\"lazy\" \/><\/a>\n\t\t\t<\/dt><\/dl><dl class='gallery-item'>\n\t\t\t<dt class='gallery-icon landscape'>\n\t\t\t\t<a href='https:\/\/www.visit-ulcinj.com\/blog\/wp-content\/uploads\/2010\/11\/Shoqata-Ana-e-Malit-Island_New-York.7.jpg'><img width=\"150\" height=\"150\" src=\"https:\/\/www.visit-ulcinj.com\/blog\/wp-content\/uploads\/2010\/11\/Shoqata-Ana-e-Malit-Island_New-York.7-150x150.jpg\" class=\"attachment-thumbnail size-thumbnail\" alt=\"\" loading=\"lazy\" \/><\/a>\n\t\t\t<\/dt><\/dl><br style=\"clear: both\" \/><dl class='gallery-item'>\n\t\t\t<dt class='gallery-icon landscape'>\n\t\t\t\t<a href='https:\/\/www.visit-ulcinj.com\/blog\/wp-content\/uploads\/2010\/11\/Shoqata-Ana-e-Malit-Island_New-York.9.jpg'><img width=\"150\" height=\"150\" src=\"https:\/\/www.visit-ulcinj.com\/blog\/wp-content\/uploads\/2010\/11\/Shoqata-Ana-e-Malit-Island_New-York.9-150x150.jpg\" class=\"attachment-thumbnail size-thumbnail\" alt=\"\" loading=\"lazy\" \/><\/a>\n\t\t\t<\/dt><\/dl><dl class='gallery-item'>\n\t\t\t<dt class='gallery-icon landscape'>\n\t\t\t\t<a href='https:\/\/www.visit-ulcinj.com\/blog\/wp-content\/uploads\/2010\/11\/Shoqata-Ana-e-Malit-Island_New-York.10.jpg'><img width=\"150\" height=\"150\" src=\"https:\/\/www.visit-ulcinj.com\/blog\/wp-content\/uploads\/2010\/11\/Shoqata-Ana-e-Malit-Island_New-York.10-150x150.jpg\" class=\"attachment-thumbnail size-thumbnail\" alt=\"\" loading=\"lazy\" \/><\/a>\n\t\t\t<\/dt><\/dl>\n\t\t\t<br style='clear: both' \/>\n\t\t<\/div>\n<br \/>\n<\/a><\/strong><br \/>\n<!--YouTube Error: bad URL entered--><\/p>\n","protected":false},"excerpt":{"rendered":"<p>Nga K\u00ebze Kozeta Sulo Botuar n\u00eb gazet\u00ebn \u201cIllyria\u201d NO.1998 N\u00eb nj\u00eb dit\u00eb vjeshte me gjethe t\u00eb kuq\u00ebrremta tetori n\u00eb Staten Island shoqata shqiptaro amerikane \u201cAna e Malit\u201d, mblodhi n\u00eb nj\u00eb m\u00ebngjes pune pronar\u00eb, bizmesmen\u00eb, profesionist\u00eb dhe student\u00eb. Ishte pervjetori i pare q\u00eb kjo shoqat\u00eb organizonte n\u00eb restorantin \u201cVanderbilt\u201d n\u00eb Staten Island. Aktivitetin e ka drejtuar [&hellip;]<\/p>\n","protected":false},"author":1,"featured_media":0,"comment_status":"open","ping_status":"closed","sticky":false,"template":"","format":"standard","meta":{"spay_email":"","jetpack_publicize_message":"","jetpack_is_tweetstorm":false,"jetpack_publicize_feature_enabled":true},"categories":[5,1],"tags":[14351,3505,212,14352,14349,14353,3510,3502,14354,12340,14355,16216,14356,3516,14357,3511,3504,14358,3220,16214,14359,3506,3499,14360,14361,3509,16210,16211,14362,14363,3507,14655,3717,3500,1762,4625,3228,14364,13230,3512,16212,95,14365,3227,14366,3513,14348,4642,3514,14367,3501,14368,14369,14370,10472,2083,3231,14371,3617,16202,3508,14372,3503,14373,14374,3515,16215,3498,2800,15160,14375,200,18,16213,14376],"jetpack_publicize_connections":[],"yoast_head":"<!-- This site is optimized with the Yoast SEO plugin v19.1 - https:\/\/yoast.com\/wordpress\/plugins\/seo\/ -->\n<title>Shoqata \u201cAna e Malit\u201d n\u00eb m\u00ebngjes pune me biznesmen\u00eb, pronar\u00eb, profesionist\u00eb dhe student\u00eb - Lajme nga Ulqini<\/title>\n<meta name=\"description\" content=\"Nga K\u00ebze Kozeta Sulo Botuar n\u00eb gazet\u00ebn \u201cIllyria\u201d NO.1998 N\u00eb nj\u00eb dit\u00eb vjeshte me gjethe t\u00eb kuq\u00ebrremta tetori n\u00eb Staten Island shoqata shqiptaro amerikane\" \/>\n<meta name=\"robots\" content=\"index, follow, max-snippet:-1, max-image-preview:large, max-video-preview:-1\" \/>\n<link rel=\"canonical\" href=\"https:\/\/www.visit-ulcinj.com\/blog\/2010\/11\/06\/shoqata-\u201cana-e-malit\u201d-ne-mengjes-pune-me-biznesmene-pronare-profesioniste-dhe-studente\/\" \/>\n<meta property=\"og:locale\" content=\"en_US\" \/>\n<meta property=\"og:type\" content=\"article\" \/>\n<meta property=\"og:title\" content=\"Shoqata \u201cAna e Malit\u201d n\u00eb m\u00ebngjes pune me biznesmen\u00eb, pronar\u00eb, profesionist\u00eb dhe student\u00eb - Lajme nga Ulqini\" \/>\n<meta property=\"og:description\" content=\"Nga K\u00ebze Kozeta Sulo Botuar n\u00eb gazet\u00ebn \u201cIllyria\u201d NO.1998 N\u00eb nj\u00eb dit\u00eb vjeshte me gjethe t\u00eb kuq\u00ebrremta tetori n\u00eb Staten Island shoqata shqiptaro amerikane\" \/>\n<meta property=\"og:url\" content=\"https:\/\/www.visit-ulcinj.com\/blog\/2010\/11\/06\/shoqata-\u201cana-e-malit\u201d-ne-mengjes-pune-me-biznesmene-pronare-profesioniste-dhe-studente\/\" \/>\n<meta property=\"og:site_name\" content=\"Lajme nga Ulqini\" \/>\n<meta property=\"article:published_time\" content=\"2010-11-06T17:27:41+00:00\" \/>\n<meta property=\"article:modified_time\" content=\"2010-11-08T14:12:17+00:00\" \/>\n<meta property=\"og:image\" content=\"https:\/\/www.visit-ulcinj.com\/blog\/wp-content\/uploads\/2010\/11\/Shoqata-Ana-e-Malit-Island_New-York-150x150.jpg\" \/>\n<meta name=\"twitter:label1\" content=\"Written by\" \/>\n\t<meta name=\"twitter:data1\" content=\"ulqini\" \/>\n\t<meta name=\"twitter:label2\" content=\"Est. reading time\" \/>\n\t<meta name=\"twitter:data2\" content=\"8 minutes\" \/>\n<script type=\"application\/ld+json\" class=\"yoast-schema-graph\">{\"@context\":\"https:\/\/schema.org\",\"@graph\":[{\"@type\":\"WebSite\",\"@id\":\"https:\/\/www.visit-ulcinj.com\/blog\/#website\",\"url\":\"https:\/\/www.visit-ulcinj.com\/blog\/\",\"name\":\"Lajme nga Ulqini\",\"description\":\"Lajme,Vijesti,Ulqini,Ulqin,Crna Gora,Mali i Zi\",\"potentialAction\":[{\"@type\":\"SearchAction\",\"target\":{\"@type\":\"EntryPoint\",\"urlTemplate\":\"https:\/\/www.visit-ulcinj.com\/blog\/?s={search_term_string}\"},\"query-input\":\"required name=search_term_string\"}],\"inLanguage\":\"en-US\"},{\"@type\":\"ImageObject\",\"inLanguage\":\"en-US\",\"@id\":\"https:\/\/www.visit-ulcinj.com\/blog\/2010\/11\/06\/shoqata-%e2%80%9cana-e-malit%e2%80%9d-ne-mengjes-pune-me-biznesmene-pronare-profesioniste-dhe-studente\/#primaryimage\",\"url\":\"https:\/\/www.visit-ulcinj.com\/blog\/wp-content\/uploads\/2010\/11\/Shoqata-Ana-e-Malit-Island_New-York.1.jpg\",\"contentUrl\":\"https:\/\/www.visit-ulcinj.com\/blog\/wp-content\/uploads\/2010\/11\/Shoqata-Ana-e-Malit-Island_New-York.1.jpg\",\"width\":\"640\",\"height\":\"480\"},{\"@type\":\"WebPage\",\"@id\":\"https:\/\/www.visit-ulcinj.com\/blog\/2010\/11\/06\/shoqata-%e2%80%9cana-e-malit%e2%80%9d-ne-mengjes-pune-me-biznesmene-pronare-profesioniste-dhe-studente\/#webpage\",\"url\":\"https:\/\/www.visit-ulcinj.com\/blog\/2010\/11\/06\/shoqata-%e2%80%9cana-e-malit%e2%80%9d-ne-mengjes-pune-me-biznesmene-pronare-profesioniste-dhe-studente\/\",\"name\":\"Shoqata \u201cAna e Malit\u201d n\u00eb m\u00ebngjes pune me biznesmen\u00eb, pronar\u00eb, profesionist\u00eb dhe student\u00eb - Lajme nga Ulqini\",\"isPartOf\":{\"@id\":\"https:\/\/www.visit-ulcinj.com\/blog\/#website\"},\"primaryImageOfPage\":{\"@id\":\"https:\/\/www.visit-ulcinj.com\/blog\/2010\/11\/06\/shoqata-%e2%80%9cana-e-malit%e2%80%9d-ne-mengjes-pune-me-biznesmene-pronare-profesioniste-dhe-studente\/#primaryimage\"},\"datePublished\":\"2010-11-06T17:27:41+00:00\",\"dateModified\":\"2010-11-08T14:12:17+00:00\",\"author\":{\"@id\":\"https:\/\/www.visit-ulcinj.com\/blog\/#\/schema\/person\/dcab619c614d3038751c63bc2aadc06d\"},\"description\":\"Nga K\u00ebze Kozeta Sulo Botuar n\u00eb gazet\u00ebn \u201cIllyria\u201d NO.1998 N\u00eb nj\u00eb dit\u00eb vjeshte me gjethe t\u00eb kuq\u00ebrremta tetori n\u00eb Staten Island shoqata shqiptaro amerikane\",\"breadcrumb\":{\"@id\":\"https:\/\/www.visit-ulcinj.com\/blog\/2010\/11\/06\/shoqata-%e2%80%9cana-e-malit%e2%80%9d-ne-mengjes-pune-me-biznesmene-pronare-profesioniste-dhe-studente\/#breadcrumb\"},\"inLanguage\":\"en-US\",\"potentialAction\":[{\"@type\":\"ReadAction\",\"target\":[\"https:\/\/www.visit-ulcinj.com\/blog\/2010\/11\/06\/shoqata-%e2%80%9cana-e-malit%e2%80%9d-ne-mengjes-pune-me-biznesmene-pronare-profesioniste-dhe-studente\/\"]}]},{\"@type\":\"BreadcrumbList\",\"@id\":\"https:\/\/www.visit-ulcinj.com\/blog\/2010\/11\/06\/shoqata-%e2%80%9cana-e-malit%e2%80%9d-ne-mengjes-pune-me-biznesmene-pronare-profesioniste-dhe-studente\/#breadcrumb\",\"itemListElement\":[{\"@type\":\"ListItem\",\"position\":1,\"name\":\"Shoqata \u201cAna e Malit\u201d n\u00eb m\u00ebngjes pune me biznesmen\u00eb, pronar\u00eb, profesionist\u00eb dhe student\u00eb\"}]},{\"@type\":\"Person\",\"@id\":\"https:\/\/www.visit-ulcinj.com\/blog\/#\/schema\/person\/dcab619c614d3038751c63bc2aadc06d\",\"name\":\"ulqini\",\"sameAs\":[\"http:\/\/www.visit-ulcinj.com\"],\"url\":\"https:\/\/www.visit-ulcinj.com\/blog\/author\/admin\/\"}]}<\/script>\n<!-- \/ Yoast SEO plugin. -->","yoast_head_json":{"title":"Shoqata \u201cAna e Malit\u201d n\u00eb m\u00ebngjes pune me biznesmen\u00eb, pronar\u00eb, profesionist\u00eb dhe student\u00eb - Lajme nga Ulqini","description":"Nga K\u00ebze Kozeta Sulo Botuar n\u00eb gazet\u00ebn \u201cIllyria\u201d NO.1998 N\u00eb nj\u00eb dit\u00eb vjeshte me gjethe t\u00eb kuq\u00ebrremta tetori n\u00eb Staten Island shoqata shqiptaro amerikane","robots":{"index":"index","follow":"follow","max-snippet":"max-snippet:-1","max-image-preview":"max-image-preview:large","max-video-preview":"max-video-preview:-1"},"canonical":"https:\/\/www.visit-ulcinj.com\/blog\/2010\/11\/06\/shoqata-\u201cana-e-malit\u201d-ne-mengjes-pune-me-biznesmene-pronare-profesioniste-dhe-studente\/","og_locale":"en_US","og_type":"article","og_title":"Shoqata \u201cAna e Malit\u201d n\u00eb m\u00ebngjes pune me biznesmen\u00eb, pronar\u00eb, profesionist\u00eb dhe student\u00eb - Lajme nga Ulqini","og_description":"Nga K\u00ebze Kozeta Sulo Botuar n\u00eb gazet\u00ebn \u201cIllyria\u201d NO.1998 N\u00eb nj\u00eb dit\u00eb vjeshte me gjethe t\u00eb kuq\u00ebrremta tetori n\u00eb Staten Island shoqata shqiptaro amerikane","og_url":"https:\/\/www.visit-ulcinj.com\/blog\/2010\/11\/06\/shoqata-\u201cana-e-malit\u201d-ne-mengjes-pune-me-biznesmene-pronare-profesioniste-dhe-studente\/","og_site_name":"Lajme nga Ulqini","article_published_time":"2010-11-06T17:27:41+00:00","article_modified_time":"2010-11-08T14:12:17+00:00","og_image":[{"url":"https:\/\/www.visit-ulcinj.com\/blog\/wp-content\/uploads\/2010\/11\/Shoqata-Ana-e-Malit-Island_New-York-150x150.jpg"}],"twitter_misc":{"Written by":"ulqini","Est. reading time":"8 minutes"},"schema":{"@context":"https:\/\/schema.org","@graph":[{"@type":"WebSite","@id":"https:\/\/www.visit-ulcinj.com\/blog\/#website","url":"https:\/\/www.visit-ulcinj.com\/blog\/","name":"Lajme nga Ulqini","description":"Lajme,Vijesti,Ulqini,Ulqin,Crna Gora,Mali i Zi","potentialAction":[{"@type":"SearchAction","target":{"@type":"EntryPoint","urlTemplate":"https:\/\/www.visit-ulcinj.com\/blog\/?s={search_term_string}"},"query-input":"required name=search_term_string"}],"inLanguage":"en-US"},{"@type":"ImageObject","inLanguage":"en-US","@id":"https:\/\/www.visit-ulcinj.com\/blog\/2010\/11\/06\/shoqata-%e2%80%9cana-e-malit%e2%80%9d-ne-mengjes-pune-me-biznesmene-pronare-profesioniste-dhe-studente\/#primaryimage","url":"https:\/\/www.visit-ulcinj.com\/blog\/wp-content\/uploads\/2010\/11\/Shoqata-Ana-e-Malit-Island_New-York.1.jpg","contentUrl":"https:\/\/www.visit-ulcinj.com\/blog\/wp-content\/uploads\/2010\/11\/Shoqata-Ana-e-Malit-Island_New-York.1.jpg","width":"640","height":"480"},{"@type":"WebPage","@id":"https:\/\/www.visit-ulcinj.com\/blog\/2010\/11\/06\/shoqata-%e2%80%9cana-e-malit%e2%80%9d-ne-mengjes-pune-me-biznesmene-pronare-profesioniste-dhe-studente\/#webpage","url":"https:\/\/www.visit-ulcinj.com\/blog\/2010\/11\/06\/shoqata-%e2%80%9cana-e-malit%e2%80%9d-ne-mengjes-pune-me-biznesmene-pronare-profesioniste-dhe-studente\/","name":"Shoqata \u201cAna e Malit\u201d n\u00eb m\u00ebngjes pune me biznesmen\u00eb, pronar\u00eb, profesionist\u00eb dhe student\u00eb - Lajme nga Ulqini","isPartOf":{"@id":"https:\/\/www.visit-ulcinj.com\/blog\/#website"},"primaryImageOfPage":{"@id":"https:\/\/www.visit-ulcinj.com\/blog\/2010\/11\/06\/shoqata-%e2%80%9cana-e-malit%e2%80%9d-ne-mengjes-pune-me-biznesmene-pronare-profesioniste-dhe-studente\/#primaryimage"},"datePublished":"2010-11-06T17:27:41+00:00","dateModified":"2010-11-08T14:12:17+00:00","author":{"@id":"https:\/\/www.visit-ulcinj.com\/blog\/#\/schema\/person\/dcab619c614d3038751c63bc2aadc06d"},"description":"Nga K\u00ebze Kozeta Sulo Botuar n\u00eb gazet\u00ebn \u201cIllyria\u201d NO.1998 N\u00eb nj\u00eb dit\u00eb vjeshte me gjethe t\u00eb kuq\u00ebrremta tetori n\u00eb Staten Island shoqata shqiptaro amerikane","breadcrumb":{"@id":"https:\/\/www.visit-ulcinj.com\/blog\/2010\/11\/06\/shoqata-%e2%80%9cana-e-malit%e2%80%9d-ne-mengjes-pune-me-biznesmene-pronare-profesioniste-dhe-studente\/#breadcrumb"},"inLanguage":"en-US","potentialAction":[{"@type":"ReadAction","target":["https:\/\/www.visit-ulcinj.com\/blog\/2010\/11\/06\/shoqata-%e2%80%9cana-e-malit%e2%80%9d-ne-mengjes-pune-me-biznesmene-pronare-profesioniste-dhe-studente\/"]}]},{"@type":"BreadcrumbList","@id":"https:\/\/www.visit-ulcinj.com\/blog\/2010\/11\/06\/shoqata-%e2%80%9cana-e-malit%e2%80%9d-ne-mengjes-pune-me-biznesmene-pronare-profesioniste-dhe-studente\/#breadcrumb","itemListElement":[{"@type":"ListItem","position":1,"name":"Shoqata \u201cAna e Malit\u201d n\u00eb m\u00ebngjes pune me biznesmen\u00eb, pronar\u00eb, profesionist\u00eb dhe student\u00eb"}]},{"@type":"Person","@id":"https:\/\/www.visit-ulcinj.com\/blog\/#\/schema\/person\/dcab619c614d3038751c63bc2aadc06d","name":"ulqini","sameAs":["http:\/\/www.visit-ulcinj.com"],"url":"https:\/\/www.visit-ulcinj.com\/blog\/author\/admin\/"}]}},"jetpack_featured_media_url":"","jetpack_sharing_enabled":true,"jetpack_shortlink":"https:\/\/wp.me\/pe6lTn-ae0","_links":{"self":[{"href":"https:\/\/www.visit-ulcinj.com\/blog\/wp-json\/wp\/v2\/posts\/39308"}],"collection":[{"href":"https:\/\/www.visit-ulcinj.com\/blog\/wp-json\/wp\/v2\/posts"}],"about":[{"href":"https:\/\/www.visit-ulcinj.com\/blog\/wp-json\/wp\/v2\/types\/post"}],"author":[{"embeddable":true,"href":"https:\/\/www.visit-ulcinj.com\/blog\/wp-json\/wp\/v2\/users\/1"}],"replies":[{"embeddable":true,"href":"https:\/\/www.visit-ulcinj.com\/blog\/wp-json\/wp\/v2\/comments?post=39308"}],"version-history":[{"count":0,"href":"https:\/\/www.visit-ulcinj.com\/blog\/wp-json\/wp\/v2\/posts\/39308\/revisions"}],"wp:attachment":[{"href":"https:\/\/www.visit-ulcinj.com\/blog\/wp-json\/wp\/v2\/media?parent=39308"}],"wp:term":[{"taxonomy":"category","embeddable":true,"href":"https:\/\/www.visit-ulcinj.com\/blog\/wp-json\/wp\/v2\/categories?post=39308"},{"taxonomy":"post_tag","embeddable":true,"href":"https:\/\/www.visit-ulcinj.com\/blog\/wp-json\/wp\/v2\/tags?post=39308"}],"curies":[{"name":"wp","href":"https:\/\/api.w.org\/{rel}","templated":true}]}}