{"id":39320,"date":"2010-11-06T18:37:11","date_gmt":"2010-11-06T17:37:11","guid":{"rendered":"http:\/\/www.visit-ulcinj.com\/blog\/?p=39320"},"modified":"2010-11-06T18:37:11","modified_gmt":"2010-11-06T17:37:11","slug":"adelajda-bjordi-ndarjen-nuk-e-perjashtojme-nga-lidhja-jone","status":"publish","type":"post","link":"https:\/\/www.visit-ulcinj.com\/blog\/2010\/11\/06\/adelajda-bjordi-ndarjen-nuk-e-perjashtojme-nga-lidhja-jone\/","title":{"rendered":"Adelajda dhe Bjordi: Ndarjen nuk e p\u00ebrjashtojm\u00eb nga lidhja jon\u00eb"},"content":{"rendered":"<p>Nes\u00ebr pasdite Bjordi dhe Adela do rikthehen n\u00eb ekran si k\u00ebng\u00ebtar\u00eb. Sipas informacioneve tona k\u00ebnga \u00ebsht\u00eb shum\u00eb e bukur, por me nj\u00eb tekst paksa provokativ. Le t\u2019i pyesim vet\u00eb ata se \u00e7far\u00eb ndjejn\u00eb pak or\u00eb para debutimit.<\/p>\n<p><a href=\"http:\/\/www.visit-ulcinj.com\/blog\/wp-content\/uploads\/2010\/11\/Adelajda-dhe-Bjordi-1.jpg\"><img loading=\"lazy\" class=\"alignleft size-full wp-image-39322\" title=\"Adelajda-dhe-Bjordi-1\" src=\"http:\/\/www.visit-ulcinj.com\/blog\/wp-content\/uploads\/2010\/11\/Adelajda-dhe-Bjordi-1.jpg\" alt=\"\" width=\"350\" height=\"527\" srcset=\"https:\/\/www.visit-ulcinj.com\/blog\/wp-content\/uploads\/2010\/11\/Adelajda-dhe-Bjordi-1.jpg 350w, https:\/\/www.visit-ulcinj.com\/blog\/wp-content\/uploads\/2010\/11\/Adelajda-dhe-Bjordi-1-199x300.jpg 199w\" sizes=\"(max-width: 350px) 100vw, 350px\" \/><\/a><\/p>\n<p><strong>Nes\u00ebr do k\u00ebndoni p\u00ebr her\u00eb t\u00eb par\u00eb k\u00ebng\u00ebn tuaj tek \u201cE diela shqiptare\u201d. Si ndiheni?<\/strong><\/p>\n<p>Bjordi: Nga nj\u00ebra an\u00eb mezi po pres. Nga ana tjet\u00ebr kam edhe pak frik\u00eb se \u00ebsht\u00eb hera e par\u00eb q\u00eb k\u00ebndoj n\u00eb sken\u00eb.<br \/>\nAdela: Kam shum\u00eb, shum\u00eb emocione.<\/p>\n<p><strong>Cila ishte rruga q\u00eb ndoq\u00ebt p\u00ebr t\u00eb realizuar k\u00ebt\u00eb k\u00ebng\u00eb, duke qen\u00eb se e kishit p\u00ebr her\u00eb t\u00eb par\u00eb?<\/strong><\/p>\n<p>Bjordi: Gj\u00ebja e par\u00eb q\u00eb b\u00ebm\u00eb, ishte t\u00eb kontaktonim me kompozitorin Pirro Cako, me t\u00eb cilin kishim krijuar miq\u00ebsi tashm\u00eb. Ai u tregua menj\u00ebher\u00eb i gatsh\u00ebm p\u00ebr t\u00eb punuar me ne, edhe pse nuk ishim profesionist\u00eb. Dhe p\u00ebrve\u00e7 k\u00ebsaj ishte dhe shum\u00eb dashamir\u00ebs.<br \/>\nAdela: Me Pirron kemi punuar me or\u00eb t\u00eb zgjatura, jo vet\u00ebm p\u00ebr t\u00eb krijuar nj\u00eb k\u00ebng\u00eb, por edhe p\u00ebr t&#8217;u ushtruar fort derisa arrit\u00ebm t\u00eb k\u00ebndonim lirsh\u00ebm. K\u00ebshtu q\u00eb Pirros i detyrohemi shum\u00eb jo vet\u00ebm se krijoi nj\u00eb k\u00ebng\u00eb shum\u00eb t\u00eb bukur, por b\u00ebri t\u00eb mundur q\u00eb ne t\u00eb b\u00ebheshim t\u00eb denj\u00eb p\u00ebr ta k\u00ebnduar at\u00eb.  N\u00eb fund udh\u00ebtuam drejt Shkupit p\u00ebr t\u00eb b\u00ebr\u00eb orkestrimin e k\u00ebng\u00ebs me Darko Dimitrov.<\/p>\n<p><strong> Bjordi dhe Adela k\u00ebng\u00ebtar\u00eb. \u00c7far\u00eb do t\u00eb thot\u00eb kjo p\u00ebr ju?<\/strong><\/p>\n<p>Bjordi: Kam dashur gjithmon\u00eb t\u00eb k\u00ebndoj, por kam menduar se nuk i kisha aft\u00ebsit\u00eb e duhura p\u00ebr ta b\u00ebr\u00eb. Pirro m\u00eb ndihmoi ta zbuloja k\u00ebt\u00eb aft\u00ebsi, q\u00eb n\u00eb fakt e kisha. Tani un\u00eb do p\u00ebrpiqem ta zhvilloj m\u00eb shum\u00eb. E di q\u00eb nuk m\u00eb besoni, por k\u00ebt\u00eb do ta kuptoni vet\u00ebm nes\u00ebr kur t\u00eb m\u00eb d\u00ebgjoni duke k\u00ebnduar.<br \/>\nAdela: Qysh kur isha e vog\u00ebl kisha nj\u00eb aft\u00ebsi t\u00eb \u00e7uditshme p\u00ebr t&#8217;i mbajtur mend k\u00ebng\u00ebt. Kjo aft\u00ebsi m&#8217;u zhvillua m\u00eb shum\u00eb me rritjen, sepse un\u00eb d\u00ebgjoja pafund muzik\u00eb. Nuk humbisja asnj\u00ebher\u00eb rastin p\u00ebr t\u00eb k\u00ebnduar n\u00ebp\u00ebr aktivitetet e shkoll\u00ebs dhe k\u00ebndoja gjith\u00eb dit\u00ebn n\u00ebp\u00ebr sht\u00ebpi. Shpesh i thoja motr\u00ebs sime q\u00eb kur t\u00eb rritesha do b\u00ebhesha k\u00ebng\u00ebtare. Ajo m\u00eb thoshte &#8221;Po, po, ti \u00e7a nuk do b\u00ebhesh ti, do na nxjerr\u00ebsh n\u00eb drit\u00eb!&#8221; Kur para ca dit\u00ebsh i tregova k\u00ebng\u00ebn, ajo e p\u00eblqeu shum\u00eb. Edhe un\u00eb direkt i thash\u00eb: -H\u00eb mi, po tani? U b\u00ebra apo s&#8217;u b\u00ebra\u2026?<\/p>\n<p><strong>Kush k\u00ebndon m\u00eb mir\u00eb, Bjordi apo Adela?<\/strong><\/p>\n<p>Bjordi: Adela.<br \/>\nAdela: Un\u00eb. B\u00ebj shaka!!! Deri tani t\u00eb gjith\u00eb po thon\u00eb q\u00eb Bjordi ka z\u00eb m\u00eb t\u00eb \u00ebmb\u00ebl.<\/p>\n<p><strong> Mund t\u00eb na tregoni di\u00e7ka mbi k\u00ebng\u00ebn? Kujt i dedikohet, p\u00ebr \u00e7far\u00eb flet?<\/strong><\/p>\n<p>Bjordi: \u00cbsht\u00eb nj\u00eb k\u00ebng\u00eb p\u00ebr ne t\u00eb dy, dhe\u2026<br \/>\nAdela: Dhe p\u00ebr t\u00eb gjitha \u00e7iftet e bot\u00ebs. P\u00ebr m\u00eb shum\u00eb, prisni deri nes\u00ebr.<\/p>\n<p><strong> Sipas informacioneve tona k\u00ebnga nuk flet p\u00ebr at\u00eb dashurin\u00eb p\u00ebrrallore ku ai dhe ajo jetuan t\u00eb lumtur p\u00ebrgjithmon\u00eb, pasi n\u00eb jet\u00eb mund t\u00eb ket\u00eb edhe ndarje.<br \/>\nN\u00eb fakt ju e keni menduar ndonj\u00ebher\u00eb q\u00eb edhe mund t\u00eb ndaheni (m\u00eb falni p\u00ebr cinizmin)?<\/strong><\/p>\n<p>Ne nuk e mendojm\u00eb, sepse nuk na p\u00eblqen ky mendim. Por as nuk e p\u00ebrjashtojme faktin q\u00eb mund t\u00eb ndodhi. Jeta \u00ebsht\u00eb e gjat\u00eb dhe asnj\u00ebher\u00eb nuk i dihet.<\/p>\n<p><strong> Si mendoni se do ta pres\u00eb publiku k\u00ebt\u00eb dalje t\u00eb re dhe krejt ndryshe?<\/strong><\/p>\n<p>Bjordi: K\u00ebt\u00eb nuk mund ta dim\u00eb. Shpresojm\u00eb mir\u00eb, se k\u00ebnga \u00ebsht\u00eb e bukur.<br \/>\nAdela: Shpresojm\u00eb shum\u00eb q\u00eb t\u00eb pritet mir\u00eb.<\/p>\n<p><a href=\"http:\/\/www.visit-ulcinj.com\/blog\/wp-content\/uploads\/2010\/11\/Bjordi-dhe-Adelajda-1.jpg\"><img loading=\"lazy\" class=\"alignleft size-full wp-image-39323\" title=\"Bjordi-dhe-Adelajda-1\" src=\"http:\/\/www.visit-ulcinj.com\/blog\/wp-content\/uploads\/2010\/11\/Bjordi-dhe-Adelajda-1.jpg\" alt=\"\" width=\"350\" height=\"232\" srcset=\"https:\/\/www.visit-ulcinj.com\/blog\/wp-content\/uploads\/2010\/11\/Bjordi-dhe-Adelajda-1.jpg 350w, https:\/\/www.visit-ulcinj.com\/blog\/wp-content\/uploads\/2010\/11\/Bjordi-dhe-Adelajda-1-300x198.jpg 300w\" sizes=\"(max-width: 350px) 100vw, 350px\" \/><\/a><\/p>\n<p><strong> E shihni veten n\u00eb finale?<\/strong><\/p>\n<p>Bjordi: N\u00eb \u00ebnd\u00ebrr, po\u2026 P\u00ebrtej shakave, jan\u00eb shum\u00eb k\u00ebng\u00ebtar\u00eb t\u00eb mir\u00eb q\u00eb e meritojn\u00eb finalen dhe p\u00ebr k\u00ebt\u00eb arsye i mbajm\u00eb k\u00ebmb\u00ebt n\u00eb tok\u00eb.<br \/>\nAdela: Vet\u00ebm se do ishte nj\u00eb k\u00ebnaq\u00ebsi dhe arritje shum\u00eb e madhe\u2026<\/p>\n<p><strong> Megjithat\u00eb, ju keni t\u00eb sigurt\u00eb mb\u00ebshtetjen e publikut, i cili ju ka p\u00eblqyer q\u00eb n\u00eb \u201cBig Brother\u201d nd\u00ebrkoh\u00eb q\u00eb shkrimet p\u00ebr ju jan\u00eb m\u00eb t\u00eb klikuarat n\u00eb faqen zyrtare t\u00eb gazet\u00ebs \u201cPanorama\u201d. A mendoni se ky publik do ju votoj\u00eb edhe si k\u00ebng\u00ebtar\u00eb?<\/strong><\/p>\n<p>Publiku na ka mb\u00ebshtetur dhe vler\u00ebsuar gjithmon\u00eb p\u00ebr karakteret tona. Tani erdhi momenti q\u00eb mund t\u00eb na mbeshtesin edhe p\u00ebr talentin ton\u00eb, n\u00ebse v\u00ebrtet e kemi.<\/p>\n<p><strong> Si do visheni nes\u00ebr?<\/strong><\/p>\n<p>Bjordi: Meq\u00eb \u00ebsht\u00eb pasdite, nuk do kemi veshje formale. Un\u00eb do jem veshur &#8221;Bonavita&#8221;.<br \/>\nAdela: Dhe un\u00eb, pasi b\u00ebra nj\u00eb xhiro n\u00ebp\u00ebr City Park, zgjodha t\u00eb vishem me &#8221;Miss Sixty&#8221;. Nj\u00eb veshje e thjesht\u00eb, po e bukur.<\/p>\n<p><strong> A mendoni se do ta vazhdoni rrug\u00ebn e muzik\u00ebs?<\/strong><\/p>\n<p>Bjordi: Varet gjithmon\u00eb nga reagimi i publikut.<br \/>\nAdela: N\u00ebse k\u00ebnga pritet mir\u00eb, pse jo.<\/p>\n<p><strong> P\u00ebrve\u00e7 k\u00ebtyre q\u00eb sapo tham\u00eb, kemi ndonj\u00eb t\u00eb re tjet\u00ebr nga ju t\u00eb dy?<\/strong><\/p>\n<p>Bjordi: Kemi mar\u00eb nj\u00eb qenush t\u00eb vog\u00ebl.<br \/>\nAdela: Q\u00eb e ka emrin Sushi&#8230;<\/p>\n<p><strong> Po n\u00eb nj\u00eb emision televiziv kur do ju shohim?<\/strong><\/p>\n<p>P\u00ebr momentin nuk ju themi asgj\u00eb t\u00eb sigurt\u00eb, por shpresojm\u00eb shum\u00eb shpejt.<\/p>\n","protected":false},"excerpt":{"rendered":"<p>Nes\u00ebr pasdite Bjordi dhe Adela do rikthehen n\u00eb ekran si k\u00ebng\u00ebtar\u00eb. Sipas informacioneve tona k\u00ebnga \u00ebsht\u00eb shum\u00eb e bukur, por me nj\u00eb tekst paksa provokativ. Le t\u2019i pyesim vet\u00eb ata se \u00e7far\u00eb ndjejn\u00eb pak or\u00eb para debutimit. Nes\u00ebr do k\u00ebndoni p\u00ebr her\u00eb t\u00eb par\u00eb k\u00ebng\u00ebn tuaj tek \u201cE diela shqiptare\u201d. Si ndiheni? Bjordi: Nga nj\u00ebra [&hellip;]<\/p>\n","protected":false},"author":1,"featured_media":0,"comment_status":"open","ping_status":"closed","sticky":false,"template":"","format":"standard","meta":{"spay_email":"","jetpack_publicize_message":"","jetpack_is_tweetstorm":false,"jetpack_publicize_feature_enabled":true},"categories":[1],"tags":[6529,6516,6522,16203,8966,16204],"jetpack_publicize_connections":[],"yoast_head":"<!-- This site is optimized with the Yoast SEO plugin v19.1 - https:\/\/yoast.com\/wordpress\/plugins\/seo\/ -->\n<title>Adelajda dhe Bjordi: Ndarjen nuk e p\u00ebrjashtojm\u00eb nga lidhja jon\u00eb - Lajme nga Ulqini<\/title>\n<meta name=\"description\" content=\"Nes\u00ebr pasdite Bjordi dhe Adela do rikthehen n\u00eb ekran si k\u00ebng\u00ebtar\u00eb. Sipas informacioneve tona k\u00ebnga \u00ebsht\u00eb shum\u00eb e bukur, por me nj\u00eb tekst paksa provokativ.\" \/>\n<meta name=\"robots\" content=\"index, follow, max-snippet:-1, max-image-preview:large, max-video-preview:-1\" \/>\n<link rel=\"canonical\" href=\"https:\/\/www.visit-ulcinj.com\/blog\/2010\/11\/06\/adelajda-bjordi-ndarjen-nuk-e-perjashtojme-nga-lidhja-jone\/\" \/>\n<meta property=\"og:locale\" content=\"en_US\" \/>\n<meta property=\"og:type\" content=\"article\" \/>\n<meta property=\"og:title\" content=\"Adelajda dhe Bjordi: Ndarjen nuk e p\u00ebrjashtojm\u00eb nga lidhja jon\u00eb - Lajme nga Ulqini\" \/>\n<meta property=\"og:description\" content=\"Nes\u00ebr pasdite Bjordi dhe Adela do rikthehen n\u00eb ekran si k\u00ebng\u00ebtar\u00eb. Sipas informacioneve tona k\u00ebnga \u00ebsht\u00eb shum\u00eb e bukur, por me nj\u00eb tekst paksa provokativ.\" \/>\n<meta property=\"og:url\" content=\"https:\/\/www.visit-ulcinj.com\/blog\/2010\/11\/06\/adelajda-bjordi-ndarjen-nuk-e-perjashtojme-nga-lidhja-jone\/\" \/>\n<meta property=\"og:site_name\" content=\"Lajme nga Ulqini\" \/>\n<meta property=\"article:published_time\" content=\"2010-11-06T17:37:11+00:00\" \/>\n<meta property=\"og:image\" content=\"http:\/\/www.visit-ulcinj.com\/blog\/wp-content\/uploads\/2010\/11\/Adelajda-dhe-Bjordi-1.jpg\" \/>\n<meta name=\"twitter:label1\" content=\"Written by\" \/>\n\t<meta name=\"twitter:data1\" content=\"ulqini\" \/>\n\t<meta name=\"twitter:label2\" content=\"Est. reading time\" \/>\n\t<meta name=\"twitter:data2\" content=\"5 minutes\" \/>\n<script type=\"application\/ld+json\" class=\"yoast-schema-graph\">{\"@context\":\"https:\/\/schema.org\",\"@graph\":[{\"@type\":\"WebSite\",\"@id\":\"https:\/\/www.visit-ulcinj.com\/blog\/#website\",\"url\":\"https:\/\/www.visit-ulcinj.com\/blog\/\",\"name\":\"Lajme nga Ulqini\",\"description\":\"Lajme,Vijesti,Ulqini,Ulqin,Crna Gora,Mali i Zi\",\"potentialAction\":[{\"@type\":\"SearchAction\",\"target\":{\"@type\":\"EntryPoint\",\"urlTemplate\":\"https:\/\/www.visit-ulcinj.com\/blog\/?s={search_term_string}\"},\"query-input\":\"required name=search_term_string\"}],\"inLanguage\":\"en-US\"},{\"@type\":\"ImageObject\",\"inLanguage\":\"en-US\",\"@id\":\"https:\/\/www.visit-ulcinj.com\/blog\/2010\/11\/06\/adelajda-bjordi-ndarjen-nuk-e-perjashtojme-nga-lidhja-jone\/#primaryimage\",\"url\":\"https:\/\/www.visit-ulcinj.com\/blog\/wp-content\/uploads\/2010\/11\/Adelajda-dhe-Bjordi-1.jpg\",\"contentUrl\":\"https:\/\/www.visit-ulcinj.com\/blog\/wp-content\/uploads\/2010\/11\/Adelajda-dhe-Bjordi-1.jpg\",\"width\":\"350\",\"height\":\"527\"},{\"@type\":\"WebPage\",\"@id\":\"https:\/\/www.visit-ulcinj.com\/blog\/2010\/11\/06\/adelajda-bjordi-ndarjen-nuk-e-perjashtojme-nga-lidhja-jone\/#webpage\",\"url\":\"https:\/\/www.visit-ulcinj.com\/blog\/2010\/11\/06\/adelajda-bjordi-ndarjen-nuk-e-perjashtojme-nga-lidhja-jone\/\",\"name\":\"Adelajda dhe Bjordi: Ndarjen nuk e p\u00ebrjashtojm\u00eb nga lidhja jon\u00eb - Lajme nga Ulqini\",\"isPartOf\":{\"@id\":\"https:\/\/www.visit-ulcinj.com\/blog\/#website\"},\"primaryImageOfPage\":{\"@id\":\"https:\/\/www.visit-ulcinj.com\/blog\/2010\/11\/06\/adelajda-bjordi-ndarjen-nuk-e-perjashtojme-nga-lidhja-jone\/#primaryimage\"},\"datePublished\":\"2010-11-06T17:37:11+00:00\",\"dateModified\":\"2010-11-06T17:37:11+00:00\",\"author\":{\"@id\":\"https:\/\/www.visit-ulcinj.com\/blog\/#\/schema\/person\/dcab619c614d3038751c63bc2aadc06d\"},\"description\":\"Nes\u00ebr pasdite Bjordi dhe Adela do rikthehen n\u00eb ekran si k\u00ebng\u00ebtar\u00eb. Sipas informacioneve tona k\u00ebnga \u00ebsht\u00eb shum\u00eb e bukur, por me nj\u00eb tekst paksa provokativ.\",\"breadcrumb\":{\"@id\":\"https:\/\/www.visit-ulcinj.com\/blog\/2010\/11\/06\/adelajda-bjordi-ndarjen-nuk-e-perjashtojme-nga-lidhja-jone\/#breadcrumb\"},\"inLanguage\":\"en-US\",\"potentialAction\":[{\"@type\":\"ReadAction\",\"target\":[\"https:\/\/www.visit-ulcinj.com\/blog\/2010\/11\/06\/adelajda-bjordi-ndarjen-nuk-e-perjashtojme-nga-lidhja-jone\/\"]}]},{\"@type\":\"BreadcrumbList\",\"@id\":\"https:\/\/www.visit-ulcinj.com\/blog\/2010\/11\/06\/adelajda-bjordi-ndarjen-nuk-e-perjashtojme-nga-lidhja-jone\/#breadcrumb\",\"itemListElement\":[{\"@type\":\"ListItem\",\"position\":1,\"name\":\"Adelajda dhe Bjordi: Ndarjen nuk e p\u00ebrjashtojm\u00eb nga lidhja jon\u00eb\"}]},{\"@type\":\"Person\",\"@id\":\"https:\/\/www.visit-ulcinj.com\/blog\/#\/schema\/person\/dcab619c614d3038751c63bc2aadc06d\",\"name\":\"ulqini\",\"sameAs\":[\"http:\/\/www.visit-ulcinj.com\"],\"url\":\"https:\/\/www.visit-ulcinj.com\/blog\/author\/admin\/\"}]}<\/script>\n<!-- \/ Yoast SEO plugin. -->","yoast_head_json":{"title":"Adelajda dhe Bjordi: Ndarjen nuk e p\u00ebrjashtojm\u00eb nga lidhja jon\u00eb - Lajme nga Ulqini","description":"Nes\u00ebr pasdite Bjordi dhe Adela do rikthehen n\u00eb ekran si k\u00ebng\u00ebtar\u00eb. Sipas informacioneve tona k\u00ebnga \u00ebsht\u00eb shum\u00eb e bukur, por me nj\u00eb tekst paksa provokativ.","robots":{"index":"index","follow":"follow","max-snippet":"max-snippet:-1","max-image-preview":"max-image-preview:large","max-video-preview":"max-video-preview:-1"},"canonical":"https:\/\/www.visit-ulcinj.com\/blog\/2010\/11\/06\/adelajda-bjordi-ndarjen-nuk-e-perjashtojme-nga-lidhja-jone\/","og_locale":"en_US","og_type":"article","og_title":"Adelajda dhe Bjordi: Ndarjen nuk e p\u00ebrjashtojm\u00eb nga lidhja jon\u00eb - Lajme nga Ulqini","og_description":"Nes\u00ebr pasdite Bjordi dhe Adela do rikthehen n\u00eb ekran si k\u00ebng\u00ebtar\u00eb. Sipas informacioneve tona k\u00ebnga \u00ebsht\u00eb shum\u00eb e bukur, por me nj\u00eb tekst paksa provokativ.","og_url":"https:\/\/www.visit-ulcinj.com\/blog\/2010\/11\/06\/adelajda-bjordi-ndarjen-nuk-e-perjashtojme-nga-lidhja-jone\/","og_site_name":"Lajme nga Ulqini","article_published_time":"2010-11-06T17:37:11+00:00","og_image":[{"url":"http:\/\/www.visit-ulcinj.com\/blog\/wp-content\/uploads\/2010\/11\/Adelajda-dhe-Bjordi-1.jpg"}],"twitter_misc":{"Written by":"ulqini","Est. reading time":"5 minutes"},"schema":{"@context":"https:\/\/schema.org","@graph":[{"@type":"WebSite","@id":"https:\/\/www.visit-ulcinj.com\/blog\/#website","url":"https:\/\/www.visit-ulcinj.com\/blog\/","name":"Lajme nga Ulqini","description":"Lajme,Vijesti,Ulqini,Ulqin,Crna Gora,Mali i Zi","potentialAction":[{"@type":"SearchAction","target":{"@type":"EntryPoint","urlTemplate":"https:\/\/www.visit-ulcinj.com\/blog\/?s={search_term_string}"},"query-input":"required name=search_term_string"}],"inLanguage":"en-US"},{"@type":"ImageObject","inLanguage":"en-US","@id":"https:\/\/www.visit-ulcinj.com\/blog\/2010\/11\/06\/adelajda-bjordi-ndarjen-nuk-e-perjashtojme-nga-lidhja-jone\/#primaryimage","url":"https:\/\/www.visit-ulcinj.com\/blog\/wp-content\/uploads\/2010\/11\/Adelajda-dhe-Bjordi-1.jpg","contentUrl":"https:\/\/www.visit-ulcinj.com\/blog\/wp-content\/uploads\/2010\/11\/Adelajda-dhe-Bjordi-1.jpg","width":"350","height":"527"},{"@type":"WebPage","@id":"https:\/\/www.visit-ulcinj.com\/blog\/2010\/11\/06\/adelajda-bjordi-ndarjen-nuk-e-perjashtojme-nga-lidhja-jone\/#webpage","url":"https:\/\/www.visit-ulcinj.com\/blog\/2010\/11\/06\/adelajda-bjordi-ndarjen-nuk-e-perjashtojme-nga-lidhja-jone\/","name":"Adelajda dhe Bjordi: Ndarjen nuk e p\u00ebrjashtojm\u00eb nga lidhja jon\u00eb - Lajme nga Ulqini","isPartOf":{"@id":"https:\/\/www.visit-ulcinj.com\/blog\/#website"},"primaryImageOfPage":{"@id":"https:\/\/www.visit-ulcinj.com\/blog\/2010\/11\/06\/adelajda-bjordi-ndarjen-nuk-e-perjashtojme-nga-lidhja-jone\/#primaryimage"},"datePublished":"2010-11-06T17:37:11+00:00","dateModified":"2010-11-06T17:37:11+00:00","author":{"@id":"https:\/\/www.visit-ulcinj.com\/blog\/#\/schema\/person\/dcab619c614d3038751c63bc2aadc06d"},"description":"Nes\u00ebr pasdite Bjordi dhe Adela do rikthehen n\u00eb ekran si k\u00ebng\u00ebtar\u00eb. Sipas informacioneve tona k\u00ebnga \u00ebsht\u00eb shum\u00eb e bukur, por me nj\u00eb tekst paksa provokativ.","breadcrumb":{"@id":"https:\/\/www.visit-ulcinj.com\/blog\/2010\/11\/06\/adelajda-bjordi-ndarjen-nuk-e-perjashtojme-nga-lidhja-jone\/#breadcrumb"},"inLanguage":"en-US","potentialAction":[{"@type":"ReadAction","target":["https:\/\/www.visit-ulcinj.com\/blog\/2010\/11\/06\/adelajda-bjordi-ndarjen-nuk-e-perjashtojme-nga-lidhja-jone\/"]}]},{"@type":"BreadcrumbList","@id":"https:\/\/www.visit-ulcinj.com\/blog\/2010\/11\/06\/adelajda-bjordi-ndarjen-nuk-e-perjashtojme-nga-lidhja-jone\/#breadcrumb","itemListElement":[{"@type":"ListItem","position":1,"name":"Adelajda dhe Bjordi: Ndarjen nuk e p\u00ebrjashtojm\u00eb nga lidhja jon\u00eb"}]},{"@type":"Person","@id":"https:\/\/www.visit-ulcinj.com\/blog\/#\/schema\/person\/dcab619c614d3038751c63bc2aadc06d","name":"ulqini","sameAs":["http:\/\/www.visit-ulcinj.com"],"url":"https:\/\/www.visit-ulcinj.com\/blog\/author\/admin\/"}]}},"jetpack_featured_media_url":"","jetpack_sharing_enabled":true,"jetpack_shortlink":"https:\/\/wp.me\/pe6lTn-aec","_links":{"self":[{"href":"https:\/\/www.visit-ulcinj.com\/blog\/wp-json\/wp\/v2\/posts\/39320"}],"collection":[{"href":"https:\/\/www.visit-ulcinj.com\/blog\/wp-json\/wp\/v2\/posts"}],"about":[{"href":"https:\/\/www.visit-ulcinj.com\/blog\/wp-json\/wp\/v2\/types\/post"}],"author":[{"embeddable":true,"href":"https:\/\/www.visit-ulcinj.com\/blog\/wp-json\/wp\/v2\/users\/1"}],"replies":[{"embeddable":true,"href":"https:\/\/www.visit-ulcinj.com\/blog\/wp-json\/wp\/v2\/comments?post=39320"}],"version-history":[{"count":0,"href":"https:\/\/www.visit-ulcinj.com\/blog\/wp-json\/wp\/v2\/posts\/39320\/revisions"}],"wp:attachment":[{"href":"https:\/\/www.visit-ulcinj.com\/blog\/wp-json\/wp\/v2\/media?parent=39320"}],"wp:term":[{"taxonomy":"category","embeddable":true,"href":"https:\/\/www.visit-ulcinj.com\/blog\/wp-json\/wp\/v2\/categories?post=39320"},{"taxonomy":"post_tag","embeddable":true,"href":"https:\/\/www.visit-ulcinj.com\/blog\/wp-json\/wp\/v2\/tags?post=39320"}],"curies":[{"name":"wp","href":"https:\/\/api.w.org\/{rel}","templated":true}]}}