{"id":3934,"date":"2008-10-05T12:27:35","date_gmt":"2008-10-05T17:27:35","guid":{"rendered":"http:\/\/www.visit-ulcinj.com\/blog\/?p=3934"},"modified":"2008-10-17T13:32:45","modified_gmt":"2008-10-17T18:32:45","slug":"prva-prijava-protiv-nrekica","status":"publish","type":"post","link":"https:\/\/www.visit-ulcinj.com\/blog\/2008\/10\/05\/prva-prijava-protiv-nrekica\/","title":{"rendered":"Prva prijava protiv Nreki?a"},"content":{"rendered":"<p><a href=\"http:\/\/www.urbanizam.info\/press\/2008\/april\/milovac2.jpg\"><img loading=\"lazy\" class=\"alignleft\" src=\"http:\/\/www.urbanizam.info\/press\/2008\/april\/milovac2.jpg\" alt=\"\" width=\"257\" height=\"183\" \/><\/a><strong>Slu?aj nelegalne gradnje na Adi Bojani seli se u tu\u017eila\u0161tvo<\/strong><br \/>\nPodgorica \u2013 Mre\u017ea za afirmaciju nevladinog sektora MANS naredne sedmice podnije?e nadle\u017enom dr\u017eavnom tu\u017eiocu prvu krivi?nu prijavu koja se odnosi na slu?aj devastacije i uzurpiranja dr\u017eavnog zemlji\u0161ta na Bojani u op\u0161tini Ulcinj.<br \/>\nKoordinator MANS-a Dejan Milovac saop\u0161tio je ju?e da se \u201cprvi dio krivi?ne prijave koja ?e biti podnijeta protiv direktora ulcinjske Elektrodistribucije Ljora Nreki?a odnosi na sumnju da je po?inio krivi?no djelo protivpravnog zauzimanja zemlji\u0161ta.<br \/>\nKako se radi o zemlji\u0161tu sa posebnom namjenom, odnosno zoni morskog dobra, propisana kazna za ovo krivi?no djelo se kre?e od tri mjeseca do tri godine zatvora.<br \/>\n\u201dImaju?i u vidu da Nreki? pored funkcije direktora ulcinjske distribucije, obavlja i funkciju predsjednika i ?lana Upravnog odbora ulcinjskog Vodovoda, drugi dio krivi?ne prijave ?e se odnositi na krivi?na djela nesavjesnog vr\u0161enja slu\u017ebene du\u017enosti i mogu?e zloupotrebe slu\u017ebenog polo\u017eaja na funkcijama u Elektrodistribuciji i Vodovodu\u201d, navodi Milovac.<br \/>\nS obzirom na svoju funkciju, ali i ?injenicu da je i sam nelegalni graditelj na Bojani, Nreki? je, tvrdi koordinator MANS-a, imao prilike da se upozna sa ?injenicom da je odre?eni broj objekata nezakonito priklju?en na elektromre\u017eu, a \u201cbio je du\u017ean i da sve pojedina?ne slu?ajeve prijavi policiji i nadle\u017enom tu\u017eila\u0161tvu\u201d.<br \/>\n\u201cNreki? je sa pozicije direktora Elektrodistribucije imao obavezu i da preventivno djeluje, te sprije?i kra?u struje i nezakonito priklju?ivanje na elektromre\u017eu.<br \/>\nVeliki broj vikend ku?a na Adi od preko 400 koliko ih ima po popisu \u201dMorskog dobra\u201d, ima priklju?ke na struju i vodu pa se postavlja pitanje da li je Nreki? ikada, osim u svojstvu nelegalnog graditelja, posjetio lokacije na Bojani i provjerio ko je i na koji na?in desetinama objekata doveo struju i vodu\u201d, ka\u017ee Milovac u saop\u0161tenju.<br \/>\nMANS ?e od policije i tu\u017eila\u0161tva zatra\u017eiti i da provjeri sumnju da li je Nreki?, imaju?i u vidu svoju poziciju u Elektrodistribuciji, aktivno u?estvovao u nelegalnim priklju?enjima vikend ku?ica na Bojani.<br \/>\nNakon ove krivi?ne prijave, MANS ?e, navodi se u saop\u0161tenju Dejana Milovca, raditi na prikupljanju dodatnih informacija potrebnih za utvr?ivanje odgovornosti i drugih javnih funkcionera u ulcinjskoj op\u0161tini za stanje u kakvom je sada Ada Bojana.<a href=\"http:\/\/www.visit-ulcinj.com\/blog\/wp-content\/uploads\/2008\/03\/ljoro-nrekic.jpg\"><img loading=\"lazy\" class=\"size-medium wp-image-1081 alignright\" title=\"ljoro-nrekic_DPS\" src=\"http:\/\/www.visit-ulcinj.com\/blog\/wp-content\/uploads\/2008\/03\/ljoro-nrekic.jpg\" alt=\"\" width=\"199\" height=\"250\" \/><\/a><\/p>\n<p><strong>Po\u0161tovao sam zakon<\/strong><br \/>\nDirektor ulcinjske Elektrodistribucije Ljoro Nreki? odbacio je ju?e optu\u017ebe MANS-a da je zloupotrijebio slu\u017ebeni polo\u017eaj i uzurpirao dr\u017eavnu imovinu.<br \/>\n\u201eSavjesno i odgovorno tvrdim da nijesam zloupotrijebio slu\u017ebeni polo\u017eaj, budu?i da nijesam potpisao nijednu elektroenergetsku, niti saglasnost za priklju?enje nelegalnih objekata na Adi Bojani ili na nekom drugom podru?ju na\u0161e elektrodistribucije\u201c, kazao je Nreki? u ju?era\u0161njoj izjavi za \u201eVijesti\u201c povodom najave MANS-a da ?e protiv njega podnijeti prvu krivi?nu prijavu za nelegalnu gradnju i zloupotrebu slu\u017ebenog polo\u017eaja na Adi Bojani.<br \/>\nNreki? tvrdi da je strogo po\u0161tovao zakon o energetici, distributivni kodeks i ostale procedure koje je propisala Elektroprivreda Crne Gore.<br \/>\n\u201eNiko u posljednje dvije godine na Adi Bojani nije priklju?en na elektromre\u017eu, a da za to postoji na\u0161a saglasnost. To je istina, sve ostalo su izmi\u0161ljotine. Uostalom, za sve to postoje doklazi u Elektrodistribuciji i Elektroprivredi\u201c, tvrdi Nreki?.<br \/>\nOn je dodao \u201eda nikad nije bio uzurpant, niti ?e to biti\u201c.<br \/>\n\u201eUkoliko do?e do sudskog procesa, lako ?u to dokazati. Na Adi Bojani zaista imam stari patent za izlov ribe od prije \u0161est godina i \u0161ipove koje sam postavio prije nego je po?ela akcija republi?kih inspekcija. Ako sam ja uzurpant, a svi ostali nijesu, nemam vi\u0161e \u0161ta da ka\u017eem\u201c, kazao je Nreki?.<br \/>\nOn je naglasio da ne?e dozvoliti bilo kakvo potkusurivanje preko njegovog imena.<br \/>\n<strong>H.A.-S.A.<br \/>\nIzvor \/ Vijesti<\/strong><\/p>\n<p style=\"text-align: center;\"><a href=\"http:\/\/www.visit-ulcinj.com\/?rub=taxicobi\"><img loading=\"lazy\" class=\"aligncenter size-full wp-image-2798\" title=\"taxi-cobi-ulqintaxi-cobi-ulcinjcrna-goramontenegromali-i-ziulqini\" src=\"http:\/\/www.visit-ulcinj.com\/blog\/wp-content\/uploads\/2008\/08\/taxi-cobi-ulqintaxi-cobi-ulcinjcrna-goramontenegromali-i-ziulqini.jpg\" alt=\"\" width=\"320\" height=\"150\" srcset=\"https:\/\/www.visit-ulcinj.com\/blog\/wp-content\/uploads\/2008\/08\/taxi-cobi-ulqintaxi-cobi-ulcinjcrna-goramontenegromali-i-ziulqini.jpg 320w, https:\/\/www.visit-ulcinj.com\/blog\/wp-content\/uploads\/2008\/08\/taxi-cobi-ulqintaxi-cobi-ulcinjcrna-goramontenegromali-i-ziulqini-300x140.jpg 300w\" sizes=\"(max-width: 320px) 100vw, 320px\" \/><\/a><\/p>\n","protected":false},"excerpt":{"rendered":"<p>Slu?aj nelegalne gradnje na Adi Bojani seli se u tu\u017eila\u0161tvo Podgorica \u2013 Mre\u017ea za afirmaciju nevladinog sektora MANS naredne sedmice podnije?e nadle\u017enom dr\u017eavnom tu\u017eiocu prvu krivi?nu prijavu koja se odnosi na slu?aj devastacije i uzurpiranja dr\u017eavnog zemlji\u0161ta na Bojani u op\u0161tini Ulcinj. Koordinator MANS-a Dejan Milovac saop\u0161tio je ju?e da se \u201cprvi dio krivi?ne prijave [&hellip;]<\/p>\n","protected":false},"author":1,"featured_media":0,"comment_status":"open","ping_status":"closed","sticky":false,"template":"","format":"standard","meta":{"spay_email":"","jetpack_publicize_message":"","jetpack_is_tweetstorm":false,"jetpack_publicize_feature_enabled":true},"categories":[11,12],"tags":[],"jetpack_publicize_connections":[],"yoast_head":"<!-- This site is optimized with the Yoast SEO plugin v19.1 - https:\/\/yoast.com\/wordpress\/plugins\/seo\/ -->\n<title>Prva prijava protiv Nreki?a - Lajme nga Ulqini<\/title>\n<meta name=\"description\" content=\"Slu?aj nelegalne gradnje na Adi Bojani seli se u tu\u017eila\u0161tvo Podgorica \u2013 Mre\u017ea za afirmaciju nevladinog sektora MANS naredne sedmice podnije?e nadle\u017enom\" \/>\n<meta name=\"robots\" content=\"index, follow, max-snippet:-1, max-image-preview:large, max-video-preview:-1\" \/>\n<link rel=\"canonical\" href=\"https:\/\/www.visit-ulcinj.com\/blog\/2008\/10\/05\/prva-prijava-protiv-nrekica\/\" \/>\n<meta property=\"og:locale\" content=\"en_US\" \/>\n<meta property=\"og:type\" content=\"article\" \/>\n<meta property=\"og:title\" content=\"Prva prijava protiv Nreki?a - Lajme nga Ulqini\" \/>\n<meta property=\"og:description\" content=\"Slu?aj nelegalne gradnje na Adi Bojani seli se u tu\u017eila\u0161tvo Podgorica \u2013 Mre\u017ea za afirmaciju nevladinog sektora MANS naredne sedmice podnije?e nadle\u017enom\" \/>\n<meta property=\"og:url\" content=\"https:\/\/www.visit-ulcinj.com\/blog\/2008\/10\/05\/prva-prijava-protiv-nrekica\/\" \/>\n<meta property=\"og:site_name\" content=\"Lajme nga Ulqini\" \/>\n<meta property=\"article:published_time\" content=\"2008-10-05T17:27:35+00:00\" \/>\n<meta property=\"article:modified_time\" content=\"2008-10-17T18:32:45+00:00\" \/>\n<meta property=\"og:image\" content=\"http:\/\/www.urbanizam.info\/press\/2008\/april\/milovac2.jpg\" \/>\n<meta name=\"twitter:label1\" content=\"Written by\" \/>\n\t<meta name=\"twitter:data1\" content=\"ulqini\" \/>\n\t<meta name=\"twitter:label2\" content=\"Est. reading time\" \/>\n\t<meta name=\"twitter:data2\" content=\"3 minutes\" \/>\n<script type=\"application\/ld+json\" class=\"yoast-schema-graph\">{\"@context\":\"https:\/\/schema.org\",\"@graph\":[{\"@type\":\"WebSite\",\"@id\":\"https:\/\/www.visit-ulcinj.com\/blog\/#website\",\"url\":\"https:\/\/www.visit-ulcinj.com\/blog\/\",\"name\":\"Lajme nga Ulqini\",\"description\":\"Lajme,Vijesti,Ulqini,Ulqin,Crna Gora,Mali i Zi\",\"potentialAction\":[{\"@type\":\"SearchAction\",\"target\":{\"@type\":\"EntryPoint\",\"urlTemplate\":\"https:\/\/www.visit-ulcinj.com\/blog\/?s={search_term_string}\"},\"query-input\":\"required name=search_term_string\"}],\"inLanguage\":\"en-US\"},{\"@type\":\"ImageObject\",\"inLanguage\":\"en-US\",\"@id\":\"https:\/\/www.visit-ulcinj.com\/blog\/2008\/10\/05\/prva-prijava-protiv-nrekica\/#primaryimage\",\"url\":\"http:\/\/www.urbanizam.info\/press\/2008\/april\/milovac2.jpg\",\"contentUrl\":\"http:\/\/www.urbanizam.info\/press\/2008\/april\/milovac2.jpg\"},{\"@type\":\"WebPage\",\"@id\":\"https:\/\/www.visit-ulcinj.com\/blog\/2008\/10\/05\/prva-prijava-protiv-nrekica\/#webpage\",\"url\":\"https:\/\/www.visit-ulcinj.com\/blog\/2008\/10\/05\/prva-prijava-protiv-nrekica\/\",\"name\":\"Prva prijava protiv Nreki?a - Lajme nga Ulqini\",\"isPartOf\":{\"@id\":\"https:\/\/www.visit-ulcinj.com\/blog\/#website\"},\"primaryImageOfPage\":{\"@id\":\"https:\/\/www.visit-ulcinj.com\/blog\/2008\/10\/05\/prva-prijava-protiv-nrekica\/#primaryimage\"},\"datePublished\":\"2008-10-05T17:27:35+00:00\",\"dateModified\":\"2008-10-17T18:32:45+00:00\",\"author\":{\"@id\":\"https:\/\/www.visit-ulcinj.com\/blog\/#\/schema\/person\/dcab619c614d3038751c63bc2aadc06d\"},\"description\":\"Slu?aj nelegalne gradnje na Adi Bojani seli se u tu\u017eila\u0161tvo Podgorica \u2013 Mre\u017ea za afirmaciju nevladinog sektora MANS naredne sedmice podnije?e nadle\u017enom\",\"breadcrumb\":{\"@id\":\"https:\/\/www.visit-ulcinj.com\/blog\/2008\/10\/05\/prva-prijava-protiv-nrekica\/#breadcrumb\"},\"inLanguage\":\"en-US\",\"potentialAction\":[{\"@type\":\"ReadAction\",\"target\":[\"https:\/\/www.visit-ulcinj.com\/blog\/2008\/10\/05\/prva-prijava-protiv-nrekica\/\"]}]},{\"@type\":\"BreadcrumbList\",\"@id\":\"https:\/\/www.visit-ulcinj.com\/blog\/2008\/10\/05\/prva-prijava-protiv-nrekica\/#breadcrumb\",\"itemListElement\":[{\"@type\":\"ListItem\",\"position\":1,\"name\":\"Prva prijava protiv Nreki?a\"}]},{\"@type\":\"Person\",\"@id\":\"https:\/\/www.visit-ulcinj.com\/blog\/#\/schema\/person\/dcab619c614d3038751c63bc2aadc06d\",\"name\":\"ulqini\",\"sameAs\":[\"http:\/\/www.visit-ulcinj.com\"],\"url\":\"https:\/\/www.visit-ulcinj.com\/blog\/author\/admin\/\"}]}<\/script>\n<!-- \/ Yoast SEO plugin. -->","yoast_head_json":{"title":"Prva prijava protiv Nreki?a - Lajme nga Ulqini","description":"Slu?aj nelegalne gradnje na Adi Bojani seli se u tu\u017eila\u0161tvo Podgorica \u2013 Mre\u017ea za afirmaciju nevladinog sektora MANS naredne sedmice podnije?e nadle\u017enom","robots":{"index":"index","follow":"follow","max-snippet":"max-snippet:-1","max-image-preview":"max-image-preview:large","max-video-preview":"max-video-preview:-1"},"canonical":"https:\/\/www.visit-ulcinj.com\/blog\/2008\/10\/05\/prva-prijava-protiv-nrekica\/","og_locale":"en_US","og_type":"article","og_title":"Prva prijava protiv Nreki?a - Lajme nga Ulqini","og_description":"Slu?aj nelegalne gradnje na Adi Bojani seli se u tu\u017eila\u0161tvo Podgorica \u2013 Mre\u017ea za afirmaciju nevladinog sektora MANS naredne sedmice podnije?e nadle\u017enom","og_url":"https:\/\/www.visit-ulcinj.com\/blog\/2008\/10\/05\/prva-prijava-protiv-nrekica\/","og_site_name":"Lajme nga Ulqini","article_published_time":"2008-10-05T17:27:35+00:00","article_modified_time":"2008-10-17T18:32:45+00:00","og_image":[{"url":"http:\/\/www.urbanizam.info\/press\/2008\/april\/milovac2.jpg"}],"twitter_misc":{"Written by":"ulqini","Est. reading time":"3 minutes"},"schema":{"@context":"https:\/\/schema.org","@graph":[{"@type":"WebSite","@id":"https:\/\/www.visit-ulcinj.com\/blog\/#website","url":"https:\/\/www.visit-ulcinj.com\/blog\/","name":"Lajme nga Ulqini","description":"Lajme,Vijesti,Ulqini,Ulqin,Crna Gora,Mali i Zi","potentialAction":[{"@type":"SearchAction","target":{"@type":"EntryPoint","urlTemplate":"https:\/\/www.visit-ulcinj.com\/blog\/?s={search_term_string}"},"query-input":"required name=search_term_string"}],"inLanguage":"en-US"},{"@type":"ImageObject","inLanguage":"en-US","@id":"https:\/\/www.visit-ulcinj.com\/blog\/2008\/10\/05\/prva-prijava-protiv-nrekica\/#primaryimage","url":"http:\/\/www.urbanizam.info\/press\/2008\/april\/milovac2.jpg","contentUrl":"http:\/\/www.urbanizam.info\/press\/2008\/april\/milovac2.jpg"},{"@type":"WebPage","@id":"https:\/\/www.visit-ulcinj.com\/blog\/2008\/10\/05\/prva-prijava-protiv-nrekica\/#webpage","url":"https:\/\/www.visit-ulcinj.com\/blog\/2008\/10\/05\/prva-prijava-protiv-nrekica\/","name":"Prva prijava protiv Nreki?a - Lajme nga Ulqini","isPartOf":{"@id":"https:\/\/www.visit-ulcinj.com\/blog\/#website"},"primaryImageOfPage":{"@id":"https:\/\/www.visit-ulcinj.com\/blog\/2008\/10\/05\/prva-prijava-protiv-nrekica\/#primaryimage"},"datePublished":"2008-10-05T17:27:35+00:00","dateModified":"2008-10-17T18:32:45+00:00","author":{"@id":"https:\/\/www.visit-ulcinj.com\/blog\/#\/schema\/person\/dcab619c614d3038751c63bc2aadc06d"},"description":"Slu?aj nelegalne gradnje na Adi Bojani seli se u tu\u017eila\u0161tvo Podgorica \u2013 Mre\u017ea za afirmaciju nevladinog sektora MANS naredne sedmice podnije?e nadle\u017enom","breadcrumb":{"@id":"https:\/\/www.visit-ulcinj.com\/blog\/2008\/10\/05\/prva-prijava-protiv-nrekica\/#breadcrumb"},"inLanguage":"en-US","potentialAction":[{"@type":"ReadAction","target":["https:\/\/www.visit-ulcinj.com\/blog\/2008\/10\/05\/prva-prijava-protiv-nrekica\/"]}]},{"@type":"BreadcrumbList","@id":"https:\/\/www.visit-ulcinj.com\/blog\/2008\/10\/05\/prva-prijava-protiv-nrekica\/#breadcrumb","itemListElement":[{"@type":"ListItem","position":1,"name":"Prva prijava protiv Nreki?a"}]},{"@type":"Person","@id":"https:\/\/www.visit-ulcinj.com\/blog\/#\/schema\/person\/dcab619c614d3038751c63bc2aadc06d","name":"ulqini","sameAs":["http:\/\/www.visit-ulcinj.com"],"url":"https:\/\/www.visit-ulcinj.com\/blog\/author\/admin\/"}]}},"jetpack_featured_media_url":"","jetpack_sharing_enabled":true,"jetpack_shortlink":"https:\/\/wp.me\/pe6lTn-11s","_links":{"self":[{"href":"https:\/\/www.visit-ulcinj.com\/blog\/wp-json\/wp\/v2\/posts\/3934"}],"collection":[{"href":"https:\/\/www.visit-ulcinj.com\/blog\/wp-json\/wp\/v2\/posts"}],"about":[{"href":"https:\/\/www.visit-ulcinj.com\/blog\/wp-json\/wp\/v2\/types\/post"}],"author":[{"embeddable":true,"href":"https:\/\/www.visit-ulcinj.com\/blog\/wp-json\/wp\/v2\/users\/1"}],"replies":[{"embeddable":true,"href":"https:\/\/www.visit-ulcinj.com\/blog\/wp-json\/wp\/v2\/comments?post=3934"}],"version-history":[{"count":0,"href":"https:\/\/www.visit-ulcinj.com\/blog\/wp-json\/wp\/v2\/posts\/3934\/revisions"}],"wp:attachment":[{"href":"https:\/\/www.visit-ulcinj.com\/blog\/wp-json\/wp\/v2\/media?parent=3934"}],"wp:term":[{"taxonomy":"category","embeddable":true,"href":"https:\/\/www.visit-ulcinj.com\/blog\/wp-json\/wp\/v2\/categories?post=3934"},{"taxonomy":"post_tag","embeddable":true,"href":"https:\/\/www.visit-ulcinj.com\/blog\/wp-json\/wp\/v2\/tags?post=3934"}],"curies":[{"name":"wp","href":"https:\/\/api.w.org\/{rel}","templated":true}]}}