{"id":39352,"date":"2010-11-06T19:43:57","date_gmt":"2010-11-06T18:43:57","guid":{"rendered":"http:\/\/www.visit-ulcinj.com\/blog\/?p=39352"},"modified":"2010-11-06T19:43:57","modified_gmt":"2010-11-06T18:43:57","slug":"kod-nas-nema-radikalne-struje","status":"publish","type":"post","link":"https:\/\/www.visit-ulcinj.com\/blog\/2010\/11\/06\/kod-nas-nema-radikalne-struje\/","title":{"rendered":"Kod  nas nema radikalne  struje"},"content":{"rendered":"<p><strong><a href=\"http:\/\/www.visit-ulcinj.com\/blog\/wp-content\/uploads\/2010\/11\/Ferhat-Dinosa_Predsjednik-Demokratske-unije-albanaca.jpg\"><img loading=\"lazy\" class=\"alignleft size-full wp-image-39355\" title=\"Ferhat Dinosa_Predsjednik Demokratske unije albanaca\" src=\"http:\/\/www.visit-ulcinj.com\/blog\/wp-content\/uploads\/2010\/11\/Ferhat-Dinosa_Predsjednik-Demokratske-unije-albanaca.jpg\" alt=\"\" width=\"490\" height=\"380\" \/><\/a>Dino\u0161a smatra neostvarivom ideju o \u201ePrirodnoj albaniji\u201c<br \/>\n<\/strong>Podgorica &#8211; Predsjednik Demokratske unije Albanaca (DUA) Ferhat Dino\u0161a nazvao je neozbiljnim najave novoformirane organizacije Lista za prirodnu Albaniju da \u0107e u\u010destvovati na izborima u svim balkanskim dr\u017eavama u kojima \u017eive Albanci. On je kazao da Lista, koja se zala\u017ee za formiranje zajedni\u010dke albanske dr\u017eave, nema podr\u0161ku me\u0111u Albancima u Crnoj Gori.<br \/>\n\\&#8221;Sve miri\u0161e na projekat neostvarenih pojedinaca koji govore o neostvarivim idejama&#8230; Ja ne znam kako oni zami\u0161ljaju da u \u0161est dr\u017eava u\u010destvuju na izborima. Ne znam gdje to ima\\&#8221;, kazao je Dino\u0161a \\&#8221;Vijestima\\&#8221;, isti\u010du\u0107i da ne o\u010dekuje ja\u010danje radikalnih struja me\u0111u Albancima u Crnoj Gori.<br \/>\n\\&#8221;Bilo je kuhinja koje su radile sli\u010dne stvari i tokom te\u017eih vremena za region, pa i Crnu Goru, pa se pro\u0161lo bez ovakvih projekata i ovakvih anga\u017emana\\&#8221;, kazao je Dino\u0161a.<br \/>\nLista za prirodnu Albaniju najavila je da \u0107e za po\u010detak, u\u010destvovati na predstoje\u0107im izborima u Albaniji i Kosovu, a kasnije i u drugim dr\u017eavama regiona. Na osniva\u010dkoj skup\u0161tini Liste, odr\u017eanoj u Tirani, poru\u010deno je da \u0107e albanski politi\u010dki predstavnici iz dr\u017eava Zapadnog Balkana tra\u017eiti formiranje \\&#8221;prirodne Albanije\\&#8221; i revidiranje Londonske konferencije i Berlinskog kongresa. Najavljeno je obra\u0107anje Me\u0111unarodnom sudu pravde u Hagu sa zahtjevom za revidiranje Londonske konferencije iz 1913. godine, kao i Berlinskog kongresa, da bi se \\&#8221;ispravile istorijske gre\u0161ke\\&#8221;.<br \/>\nLista podr\u017eava platformu politi\u010dkog analiti\u010dara Ko\u010da Danaja po kojoj bi se do 2013. godine formirala jedinstvena dr\u017eava svih Albanaca na Balkanu koju bi, osim Albanije i Kosova, \u010dinili djelovi teritorije Crne Gore, Srbije, Makedonije i Gr\u010dke.<\/p>\n<p><strong>Gegaj: To je anahrono i neprirodno<\/strong><\/p>\n<p>Predsjednik Gradske op\u0161tine Tuzi Nikola Gegaj (DPS) smatra da je teza o prirodnoj Albaniji anahrona i neprirodna. Podsje\u0107aju\u0107i da su sli\u010dne teze dovele do ratnih de\u0161avanja tokom devedesetih godina, Gegaj je kazao da nema potrebe Crnu Goru pla\u0161iti Albanijom.<br \/>\n\\&#8221;Mi smo pokazali da smo prijatelji dr\u017eave, njenih simbola i svih njenih naroda. Albanci u Crnoj Gori su svjesni da \u0107e uskoro \u017eivjeti u zajednici sa svojim sunarodnicima, u obliku dr\u017eave koja ne prepoznaje granice, a to je Evropska unija\\&#8221;, smatra Gegaj.<\/p>\n<p><strong>Sa. K.<br \/>\n<a href=\"http:\/\/www.vijesti.me\/\" target=\"_blank\">Vijesti<\/a><\/strong><\/p>\n","protected":false},"excerpt":{"rendered":"<p>Dino\u0161a smatra neostvarivom ideju o \u201ePrirodnoj albaniji\u201c Podgorica &#8211; Predsjednik Demokratske unije Albanaca (DUA) Ferhat Dino\u0161a nazvao je neozbiljnim najave novoformirane organizacije Lista za prirodnu Albaniju da \u0107e u\u010destvovati na izborima u svim balkanskim dr\u017eavama u kojima \u017eive Albanci. On je kazao da Lista, koja se zala\u017ee za formiranje zajedni\u010dke albanske dr\u017eave, nema podr\u0161ku me\u0111u [&hellip;]<\/p>\n","protected":false},"author":1,"featured_media":0,"comment_status":"open","ping_status":"closed","sticky":false,"template":"","format":"standard","meta":{"spay_email":"","jetpack_publicize_message":"","jetpack_is_tweetstorm":false,"jetpack_publicize_feature_enabled":true},"categories":[8337],"tags":[1667,20,88,9129],"jetpack_publicize_connections":[],"yoast_head":"<!-- This site is optimized with the Yoast SEO plugin v19.1 - https:\/\/yoast.com\/wordpress\/plugins\/seo\/ -->\n<title>Kod nas nema radikalne struje - Lajme nga Ulqini<\/title>\n<meta name=\"description\" content=\"Dino\u0161a smatra neostvarivom ideju o \u201ePrirodnoj albaniji\u201c Podgorica - Predsjednik Demokratske unije Albanaca (DUA) Ferhat Dino\u0161a nazvao je neozbiljnim\" \/>\n<meta name=\"robots\" content=\"index, follow, max-snippet:-1, max-image-preview:large, max-video-preview:-1\" \/>\n<link rel=\"canonical\" href=\"https:\/\/www.visit-ulcinj.com\/blog\/2010\/11\/06\/kod-nas-nema-radikalne-struje\/\" \/>\n<meta property=\"og:locale\" content=\"en_US\" \/>\n<meta property=\"og:type\" content=\"article\" \/>\n<meta property=\"og:title\" content=\"Kod nas nema radikalne struje - Lajme nga Ulqini\" \/>\n<meta property=\"og:description\" content=\"Dino\u0161a smatra neostvarivom ideju o \u201ePrirodnoj albaniji\u201c Podgorica - Predsjednik Demokratske unije Albanaca (DUA) Ferhat Dino\u0161a nazvao je neozbiljnim\" \/>\n<meta property=\"og:url\" content=\"https:\/\/www.visit-ulcinj.com\/blog\/2010\/11\/06\/kod-nas-nema-radikalne-struje\/\" \/>\n<meta property=\"og:site_name\" content=\"Lajme nga Ulqini\" \/>\n<meta property=\"article:published_time\" content=\"2010-11-06T18:43:57+00:00\" \/>\n<meta property=\"og:image\" content=\"http:\/\/www.visit-ulcinj.com\/blog\/wp-content\/uploads\/2010\/11\/Ferhat-Dinosa_Predsjednik-Demokratske-unije-albanaca.jpg\" \/>\n<meta name=\"twitter:label1\" content=\"Written by\" \/>\n\t<meta name=\"twitter:data1\" content=\"ulqini\" \/>\n\t<meta name=\"twitter:label2\" content=\"Est. reading time\" \/>\n\t<meta name=\"twitter:data2\" content=\"2 minutes\" \/>\n<script type=\"application\/ld+json\" class=\"yoast-schema-graph\">{\"@context\":\"https:\/\/schema.org\",\"@graph\":[{\"@type\":\"WebSite\",\"@id\":\"https:\/\/www.visit-ulcinj.com\/blog\/#website\",\"url\":\"https:\/\/www.visit-ulcinj.com\/blog\/\",\"name\":\"Lajme nga Ulqini\",\"description\":\"Lajme,Vijesti,Ulqini,Ulqin,Crna Gora,Mali i Zi\",\"potentialAction\":[{\"@type\":\"SearchAction\",\"target\":{\"@type\":\"EntryPoint\",\"urlTemplate\":\"https:\/\/www.visit-ulcinj.com\/blog\/?s={search_term_string}\"},\"query-input\":\"required name=search_term_string\"}],\"inLanguage\":\"en-US\"},{\"@type\":\"ImageObject\",\"inLanguage\":\"en-US\",\"@id\":\"https:\/\/www.visit-ulcinj.com\/blog\/2010\/11\/06\/kod-nas-nema-radikalne-struje\/#primaryimage\",\"url\":\"https:\/\/www.visit-ulcinj.com\/blog\/wp-content\/uploads\/2010\/11\/Ferhat-Dinosa_Predsjednik-Demokratske-unije-albanaca.jpg\",\"contentUrl\":\"https:\/\/www.visit-ulcinj.com\/blog\/wp-content\/uploads\/2010\/11\/Ferhat-Dinosa_Predsjednik-Demokratske-unije-albanaca.jpg\",\"width\":\"799\",\"height\":\"590\"},{\"@type\":\"WebPage\",\"@id\":\"https:\/\/www.visit-ulcinj.com\/blog\/2010\/11\/06\/kod-nas-nema-radikalne-struje\/#webpage\",\"url\":\"https:\/\/www.visit-ulcinj.com\/blog\/2010\/11\/06\/kod-nas-nema-radikalne-struje\/\",\"name\":\"Kod nas nema radikalne struje - Lajme nga Ulqini\",\"isPartOf\":{\"@id\":\"https:\/\/www.visit-ulcinj.com\/blog\/#website\"},\"primaryImageOfPage\":{\"@id\":\"https:\/\/www.visit-ulcinj.com\/blog\/2010\/11\/06\/kod-nas-nema-radikalne-struje\/#primaryimage\"},\"datePublished\":\"2010-11-06T18:43:57+00:00\",\"dateModified\":\"2010-11-06T18:43:57+00:00\",\"author\":{\"@id\":\"https:\/\/www.visit-ulcinj.com\/blog\/#\/schema\/person\/dcab619c614d3038751c63bc2aadc06d\"},\"description\":\"Dino\u0161a smatra neostvarivom ideju o \u201ePrirodnoj albaniji\u201c Podgorica - Predsjednik Demokratske unije Albanaca (DUA) Ferhat Dino\u0161a nazvao je neozbiljnim\",\"breadcrumb\":{\"@id\":\"https:\/\/www.visit-ulcinj.com\/blog\/2010\/11\/06\/kod-nas-nema-radikalne-struje\/#breadcrumb\"},\"inLanguage\":\"en-US\",\"potentialAction\":[{\"@type\":\"ReadAction\",\"target\":[\"https:\/\/www.visit-ulcinj.com\/blog\/2010\/11\/06\/kod-nas-nema-radikalne-struje\/\"]}]},{\"@type\":\"BreadcrumbList\",\"@id\":\"https:\/\/www.visit-ulcinj.com\/blog\/2010\/11\/06\/kod-nas-nema-radikalne-struje\/#breadcrumb\",\"itemListElement\":[{\"@type\":\"ListItem\",\"position\":1,\"name\":\"Kod nas nema radikalne struje\"}]},{\"@type\":\"Person\",\"@id\":\"https:\/\/www.visit-ulcinj.com\/blog\/#\/schema\/person\/dcab619c614d3038751c63bc2aadc06d\",\"name\":\"ulqini\",\"sameAs\":[\"http:\/\/www.visit-ulcinj.com\"],\"url\":\"https:\/\/www.visit-ulcinj.com\/blog\/author\/admin\/\"}]}<\/script>\n<!-- \/ Yoast SEO plugin. -->","yoast_head_json":{"title":"Kod nas nema radikalne struje - Lajme nga Ulqini","description":"Dino\u0161a smatra neostvarivom ideju o \u201ePrirodnoj albaniji\u201c Podgorica - Predsjednik Demokratske unije Albanaca (DUA) Ferhat Dino\u0161a nazvao je neozbiljnim","robots":{"index":"index","follow":"follow","max-snippet":"max-snippet:-1","max-image-preview":"max-image-preview:large","max-video-preview":"max-video-preview:-1"},"canonical":"https:\/\/www.visit-ulcinj.com\/blog\/2010\/11\/06\/kod-nas-nema-radikalne-struje\/","og_locale":"en_US","og_type":"article","og_title":"Kod nas nema radikalne struje - Lajme nga Ulqini","og_description":"Dino\u0161a smatra neostvarivom ideju o \u201ePrirodnoj albaniji\u201c Podgorica - Predsjednik Demokratske unije Albanaca (DUA) Ferhat Dino\u0161a nazvao je neozbiljnim","og_url":"https:\/\/www.visit-ulcinj.com\/blog\/2010\/11\/06\/kod-nas-nema-radikalne-struje\/","og_site_name":"Lajme nga Ulqini","article_published_time":"2010-11-06T18:43:57+00:00","og_image":[{"url":"http:\/\/www.visit-ulcinj.com\/blog\/wp-content\/uploads\/2010\/11\/Ferhat-Dinosa_Predsjednik-Demokratske-unije-albanaca.jpg"}],"twitter_misc":{"Written by":"ulqini","Est. reading time":"2 minutes"},"schema":{"@context":"https:\/\/schema.org","@graph":[{"@type":"WebSite","@id":"https:\/\/www.visit-ulcinj.com\/blog\/#website","url":"https:\/\/www.visit-ulcinj.com\/blog\/","name":"Lajme nga Ulqini","description":"Lajme,Vijesti,Ulqini,Ulqin,Crna Gora,Mali i Zi","potentialAction":[{"@type":"SearchAction","target":{"@type":"EntryPoint","urlTemplate":"https:\/\/www.visit-ulcinj.com\/blog\/?s={search_term_string}"},"query-input":"required name=search_term_string"}],"inLanguage":"en-US"},{"@type":"ImageObject","inLanguage":"en-US","@id":"https:\/\/www.visit-ulcinj.com\/blog\/2010\/11\/06\/kod-nas-nema-radikalne-struje\/#primaryimage","url":"https:\/\/www.visit-ulcinj.com\/blog\/wp-content\/uploads\/2010\/11\/Ferhat-Dinosa_Predsjednik-Demokratske-unije-albanaca.jpg","contentUrl":"https:\/\/www.visit-ulcinj.com\/blog\/wp-content\/uploads\/2010\/11\/Ferhat-Dinosa_Predsjednik-Demokratske-unije-albanaca.jpg","width":"799","height":"590"},{"@type":"WebPage","@id":"https:\/\/www.visit-ulcinj.com\/blog\/2010\/11\/06\/kod-nas-nema-radikalne-struje\/#webpage","url":"https:\/\/www.visit-ulcinj.com\/blog\/2010\/11\/06\/kod-nas-nema-radikalne-struje\/","name":"Kod nas nema radikalne struje - Lajme nga Ulqini","isPartOf":{"@id":"https:\/\/www.visit-ulcinj.com\/blog\/#website"},"primaryImageOfPage":{"@id":"https:\/\/www.visit-ulcinj.com\/blog\/2010\/11\/06\/kod-nas-nema-radikalne-struje\/#primaryimage"},"datePublished":"2010-11-06T18:43:57+00:00","dateModified":"2010-11-06T18:43:57+00:00","author":{"@id":"https:\/\/www.visit-ulcinj.com\/blog\/#\/schema\/person\/dcab619c614d3038751c63bc2aadc06d"},"description":"Dino\u0161a smatra neostvarivom ideju o \u201ePrirodnoj albaniji\u201c Podgorica - Predsjednik Demokratske unije Albanaca (DUA) Ferhat Dino\u0161a nazvao je neozbiljnim","breadcrumb":{"@id":"https:\/\/www.visit-ulcinj.com\/blog\/2010\/11\/06\/kod-nas-nema-radikalne-struje\/#breadcrumb"},"inLanguage":"en-US","potentialAction":[{"@type":"ReadAction","target":["https:\/\/www.visit-ulcinj.com\/blog\/2010\/11\/06\/kod-nas-nema-radikalne-struje\/"]}]},{"@type":"BreadcrumbList","@id":"https:\/\/www.visit-ulcinj.com\/blog\/2010\/11\/06\/kod-nas-nema-radikalne-struje\/#breadcrumb","itemListElement":[{"@type":"ListItem","position":1,"name":"Kod nas nema radikalne struje"}]},{"@type":"Person","@id":"https:\/\/www.visit-ulcinj.com\/blog\/#\/schema\/person\/dcab619c614d3038751c63bc2aadc06d","name":"ulqini","sameAs":["http:\/\/www.visit-ulcinj.com"],"url":"https:\/\/www.visit-ulcinj.com\/blog\/author\/admin\/"}]}},"jetpack_featured_media_url":"","jetpack_sharing_enabled":true,"jetpack_shortlink":"https:\/\/wp.me\/pe6lTn-aeI","_links":{"self":[{"href":"https:\/\/www.visit-ulcinj.com\/blog\/wp-json\/wp\/v2\/posts\/39352"}],"collection":[{"href":"https:\/\/www.visit-ulcinj.com\/blog\/wp-json\/wp\/v2\/posts"}],"about":[{"href":"https:\/\/www.visit-ulcinj.com\/blog\/wp-json\/wp\/v2\/types\/post"}],"author":[{"embeddable":true,"href":"https:\/\/www.visit-ulcinj.com\/blog\/wp-json\/wp\/v2\/users\/1"}],"replies":[{"embeddable":true,"href":"https:\/\/www.visit-ulcinj.com\/blog\/wp-json\/wp\/v2\/comments?post=39352"}],"version-history":[{"count":0,"href":"https:\/\/www.visit-ulcinj.com\/blog\/wp-json\/wp\/v2\/posts\/39352\/revisions"}],"wp:attachment":[{"href":"https:\/\/www.visit-ulcinj.com\/blog\/wp-json\/wp\/v2\/media?parent=39352"}],"wp:term":[{"taxonomy":"category","embeddable":true,"href":"https:\/\/www.visit-ulcinj.com\/blog\/wp-json\/wp\/v2\/categories?post=39352"},{"taxonomy":"post_tag","embeddable":true,"href":"https:\/\/www.visit-ulcinj.com\/blog\/wp-json\/wp\/v2\/tags?post=39352"}],"curies":[{"name":"wp","href":"https:\/\/api.w.org\/{rel}","templated":true}]}}