{"id":39359,"date":"2010-11-06T20:39:39","date_gmt":"2010-11-06T19:39:39","guid":{"rendered":"http:\/\/www.visit-ulcinj.com\/blog\/?p=39359"},"modified":"2010-11-06T20:39:39","modified_gmt":"2010-11-06T19:39:39","slug":"situata-paradoksale-e-mediave-ne-gjuhen-shqipe-ne-malin-e-zi","status":"publish","type":"post","link":"https:\/\/www.visit-ulcinj.com\/blog\/2010\/11\/06\/situata-paradoksale-e-mediave-ne-gjuhen-shqipe-ne-malin-e-zi\/","title":{"rendered":"Situata paradoksale e mediave n\u00eb gjuh\u00ebn shqipe n\u00eb Malin e Zi"},"content":{"rendered":"<p><a href=\"http:\/\/www.visit-ulcinj.com\/blog\/wp-content\/uploads\/2010\/11\/haxhi-shabani_gazetar.jpg\"><img loading=\"lazy\" class=\"alignleft size-full wp-image-39361\" title=\"haxhi shabani_gazetar\" src=\"http:\/\/www.visit-ulcinj.com\/blog\/wp-content\/uploads\/2010\/11\/haxhi-shabani_gazetar.jpg\" alt=\"\" width=\"490\" height=\"380\" \/><\/a>Sasia dhe cil\u00ebsia e mediave n\u00eb gjuh\u00ebn shqipe n\u00eb\u00a0Malin e Zi q\u00eb n\u00eb fillim duhet th\u00ebn\u00eb se \u00ebsht\u00eb e\u00a0kufizuar. Kjo nuk n\u00ebnkupton detyrimisht edhe\u00a0munges\u00ebn e gazetar\u00ebve cil\u00ebsor\u00eb, apo t\u00eb profesionalizimit\u00a0n\u00eb k\u00ebto medie, aq sa ekzistojn\u00eb. Mediet\u00a0elektronike n\u00eb shqip n\u00eb Malin e Zi kan\u00eb fillin n\u00eb\u00a0formimin e Redaksis\u00eb n\u00eb kuad\u00ebr t\u00eb Radio\u00a0Titogradit t\u00eb at\u00ebhersh\u00ebm (sot Radio e Malit t\u00eb Zi),\u00a0pastaj n\u00eb hapjen e Radio Ulqinit, Redaksis\u00eb shqipe\u00a0n\u00eb Televizionit t\u00eb Titogradit (aktualisht\u00a0Televizionit t\u00eb Malit t\u00eb Zi). M\u00eb pastaj n\u00eb fillim t\u00eb\u00a0viteve t\u00eb n\u00ebnt\u00ebdhjeta hapet fillmisht RadioMir dhe\u00a0m\u00eb von\u00eb Televizioni Teuta, fillimisht me seli n\u00eb\u00a0Tuz e m\u00eb von\u00eb n\u00eb Ulqin, TV Boin me qend\u00ebr n\u00eb\u00a0Tuz dhe Radio Elita n\u00eb Ulqin.\u00a0Redaksit\u00eb n\u00eb shqip q\u00eb ekzistojn\u00eb n\u00eb kuad\u00ebr t\u00eb\u00a0Radios dhe Televizionin e Malit t\u00eb Zi kan\u00eb\u00a0koh\u00ebzgjatje shum\u00eb t\u00eb kufizuar: me nj\u00eb emision\u00a0ditor lajmesh deri n\u00eb 10 min dhe me nj\u00eb emision\u00a0javor q\u00eb zgjat 45 min. n\u00eb televizion, kurse n\u00eb\u00a0Radio pak me shum\u00eb. Me ndonj\u00eb p\u00ebrjashtim, si\u00e7\u00a0\u00ebsht\u00eb TV Boin q\u00eb ka program vet\u00ebm n\u00eb gjuh\u00ebn\u00a0shqipe, t\u00eb gjitha mediet e tjera elektronike n\u00eb\u00a0Malin e Zi t\u00eb cilat japin programe n\u00eb gjuh\u00ebn shqipe\u00a0transmetojn\u00eb, p\u00ebrkat\u00ebsisht shfaqin emisione\u00a0dygjuh\u00ebsore: n\u00eb shqip dhe gjuh\u00ebn malazeze.<\/p>\n<p><strong>Problemet e llojllojshme <\/strong><\/p>\n<p><strong><br \/>\n<\/strong>Sasia e mediave, tashm\u00eb sipas nj\u00eb treguesi konkret\u00a0nga p\u00ebrvojat e tjera t\u00eb ekzistimit t\u00eb mediave, p\u00ebrcakton\u00a0edhe cil\u00ebsin\u00eb. Dhe nuk ka sesi t\u00eb ndodh q\u00eb\u00a0n\u00eb nj\u00eb num\u00ebr kaq t\u00eb pak\u00ebt t\u00ebmediave, t\u00eb kemi pretendime\u00a0p\u00ebr t\u00eb pasur medie t\u00eb zhvilluara q\u00eb flasin\u00a0shqip q\u00eb nga niveli kadrovik dhe deri te ai\u00a0teknologjik. Ndon\u00ebse n\u00eb kuad\u00ebr t\u00eb k\u00ebtyre medieve\u00a0punojn\u00eb gazetar\u00eb t\u00eb cil\u00ebt kan\u00eb p\u00ebrgatitje profesionale\u00a0dhe kan\u00eb d\u00ebshmuar q\u00eb mund t\u00eb ballafaqohen\u00a0me k\u00ebrkesat bashk\u00ebkohore q\u00eb i ka ky profesion,\u00a0shumica d\u00ebrmuese e kuadrit ekzistues e ka t\u00eb\u00a0nevojshme q\u00eb t\u00eb rikualifikohet. N\u00eb k\u00ebt\u00eb drejtim\u00a0ekzistojn\u00eb edhe situata paradoksale. P.sh. Redaksia\u00a0shqipe e Televizionit t\u00ebMalit t\u00eb Zi, para dy vjet\u00ebve\u00a0shpalli konkurs p\u00ebr pranimin e dy gazetar\u00ebve t\u00eb\u00a0rinj, mir\u00ebpo n\u00eb konkurs u paraqit vet\u00ebm nj\u00eb kandidat.\u00a0Ky shembull \u00ebsht\u00eb ilustrim i mir\u00eb se sa ka\u00a0interes p\u00ebr k\u00ebt\u00eb profesion, respektivisht sa ka\u00a0mb\u00ebshtetje financiare (pagat p\u00ebr gazetar\u00ebt n\u00eb\u00a0Malin e Zi jan\u00eb nd\u00ebr m\u00eb t\u00eb ultat n\u00eb rajon). N\u00eb\u00a0vazhd\u00ebn e k\u00ebtyre shembujve, \u00ebsht\u00eb edhe trajtimi q\u00eb\u00a0u b\u00ebhen k\u00ebrkesave t\u00eb redaksis\u00eb shqipe n\u00eb kuad\u00ebr t\u00eb\u00a0Televizionit t\u00eb Malit t\u00eb Zi. K\u00ebshtu zakonisht\u00a0k\u00ebrkesat e redaksis\u00eb shqipe p\u00ebr t\u00eb p\u00ebcjell\u00eb ngjarjet\u00a0e r\u00ebnd\u00ebsishme n\u00eb rajon, nuk mund t\u00eb realizohen\u00a0sepse nuk ka para, kurse p\u00ebr redaksist\u00eb e tjera \u00ebsht\u00eb\u00a0pjes\u00eb e pun\u00ebs s\u00eb p\u00ebrditshme.\u00a0Situata n\u00eb mediet elektronike private dhe me\u00a0karakter komercial, \u00ebsht\u00eb disime ndryshe. N\u00eb k\u00ebto\u00a0medie ka hap\u00ebsir\u00eb shum\u00eb m\u00eb t\u00eb madhe p\u00ebr t\u00eb realizuar\u00a0emisione t\u00eb natyrave t\u00eb ndryshme dhe ka p\u00ebrpjekje\u00a0n\u00eb raste t\u00eb ve\u00e7anta, kur harmonizohet\u00a0respektimi i kriterit profesional me at\u00eb t\u00eb interesit\u00a0t\u00eb publikut. Por nd\u00ebrtimi i politik\u00ebs s\u00eb k\u00ebtyre\u00a0mediave mbi kriterin themelor q\u00eb \u00ebsht\u00eb ai financiar,\u00a0q\u00eb realisht \u00ebsht\u00eb mbijetesa e tyre sepse nuk\u00a0mund t\u00eb flitet p\u00ebr ndonj\u00eb profit t\u00eb madh nga ato, i\u00a0mban peng k\u00ebto medie p\u00ebr t\u00eb b\u00ebr\u00eb gazetari e cila\u00a0plot\u00ebson si parimin profesional ashtu edhe\u00a0interesin e gjer\u00eb t\u00eb publikut.<br \/>\nN\u00eb shumic\u00ebn e k\u00ebtyre medieve, p\u00ebrkat\u00ebsisht\u00a0redaksive shqipe n\u00eb Malin e Zi, n\u00eb emisionet e\u00a0lajmeve dominon lajmi i p\u00ebrkthyer nga gjuha\u00a0malazeze, kurse lajmet origjinale jan\u00eb t\u00eb pakta dhe\u00a0zakonisht p\u00ebrfshihen n\u00eb fund t\u00eb tyre. Raporti i\u00a0drejt\u00eb, do t\u00eb duhej t\u00eb ishte i kund\u00ebrt, n\u00eb baz\u00eb t\u00eb\u00a0praktikave t\u00eb mediave t\u00eb p\u00ebrparuara. Sa i p\u00ebrket\u00a0lajmit, apo kronik\u00ebs nga jeta e shqiptar\u00ebve n\u00eb\u00a0Malin e Zi: n\u00eb Mozaikun q\u00eb e realizon Redaksia\u00a0Shqipe e TV t\u00ebMalit t\u00eb Zi dhe Kronik\u00ebn e Ulqinit\u00a0q\u00eb e realizon TV Teuta ka p\u00ebrpjekje p\u00ebr t\u00eb sjell\u00eb\u00a0problematik\u00ebn e k\u00ebsaj bashk\u00ebsie. Por, n\u00eb k\u00ebto emisione,\u00a0n\u00eb t\u00eb cilat p\u00ebrfshihen dy nga pal\u00ebt n\u00eb konfikt,\u00a0dominojn\u00eb pal\u00ebt pozit\u00eb-opozit\u00eb, kurse pala e\u00a0tret\u00eb q\u00eb \u00ebsht\u00eb interesi i gjer\u00eb i publikut, nuk jepet\u00a0n\u00eb mas\u00ebn e duhur. Sidomos, duhet v\u00ebn\u00eb n\u00eb dukje\u00a0kronikat televizive q\u00eb pasqyrojn\u00eb jet\u00ebn politike.\u00a0Ato \u201cndjekin th\u00ebniet dhe kund\u00ebrth\u00ebniet e politik\u00ebs\u00a0spektak\u00ebl, n\u00eb vend q\u00eb t\u00eb merren me k\u00ebrkime t\u00eb<br \/>\np\u00ebrthelluara mbi \u00e7\u00ebshtje me interes t\u00eb\u00a0p\u00ebrgjithsh\u00ebm\u201d(Fran\u00e7eshko Sidoti, \u00c7far\u00eb \u00ebsht\u00eb\u00a0gazetaria investigative, n\u00eb librin, Gazetaria investigative,\u00a0Tiran\u00eb, 2005, f. 24).\u00a0Nj\u00eb nga problemetme pesh\u00eb e informimit t\u00eb shqiptar\u00ebve\u00a0p\u00ebrmes mediave elektronike \u00ebsht\u00eb fakti se\u00a0nga cilat medie informohen shqiptar\u00ebt e\u00a0k\u00ebtush\u00ebm? Fillimisht duhet pohuar nj\u00eb tregues se\u00a0shqiptar\u00ebt n\u00eb Malin e Zi nuk informohen vet\u00ebm\u00a0nga mediat n\u00eb gjuh\u00ebn shqipe, por edhe n\u00eb gjuh\u00ebt e\u00a0tjera, si\u00e7 jan\u00eb ato n\u00eb gjuh\u00ebn malazeze. Nj\u00eb nj\u00eb\u00a0aneket\u00eb, realizuar n\u00eb vitin 1996 n\u00eb kuad\u00ebr t\u00eb\u00a0studimit \u201cDygjuh\u00ebsia te shqiptar\u00ebt n\u00eb qytetin e\u00a0Ulqinit\u201d nd\u00ebr t\u00eb tjera nj\u00ebzet subjekteve u kam\u00a0shtruar pyetjen: cilat stacione radiotelevizive\u00a0shikoni-d\u00ebgjoni? P\u00ebrgjigja \u00ebsht\u00eb se 11 shikojn\u00ebd\u00ebgjojn\u00eb\u00a0programet n\u00eb gjuh\u00ebn malazeze, 4- n\u00eb\u00a0malazezisht e shqip, 2- n\u00eb shqip, 1 shqip e nj\u00eb\u00a0gjuh\u00eb tjet\u00ebr, 1- tjet\u00ebr gjuh\u00eb dhe 1- nuk shikon,\u00a0d\u00ebgjon.(Haxhi Shabani, Rrezikimi i gjuh\u00ebs shqipe,\u00a0Tiran\u00eb, 2007. F. 102). Edhe n\u00eb p\u00ebrgjigjen e pytjes:\u00a0cili fol\u00ebs (e) t\u00eb p\u00eblqen m\u00eb shum\u00eb?, rezultati \u00ebsht\u00eb i\u00a0disfavorsh\u00ebm p\u00ebr k\u00ebt\u00eb \u00e7\u00ebshtje. Fol\u00ebsit q\u00eb flasin\u00a0gjuh\u00ebn malazeze (dhe gjuh\u00ebt e af\u00ebrat me t\u00eb: serbishten,\u00a0kroatishten e bosnjakishten) p\u00eblqehen nga<br \/>\n11 veta, kurse ata q\u00eb flasin shqip p\u00eblqehen vet\u00ebm\u00a0nga 3 veta. (Rrezikimi i gjuh\u00ebs shqipe, po aty, f.\u00a0103). N\u00eb k\u00ebt\u00eb drejtim, situata mund t\u00eb ket\u00eb\u00a0ndryshuar edhe m\u00eb shum\u00eb, pasi q\u00eb hulumtime\u00a0gjithp\u00ebrfshir\u00ebse nuk ekzistojn\u00eb. Duhet par\u00eb se sa\u00a0platformat digjitale dhe programet satelitore t\u00eb\u00a0shqip\u00ebris\u00eb dhe t\u00eb Malit t\u00eb Zi e t\u00eb ish-Jugosllavis\u00eb\u00a0kan\u00eb shikueshm\u00ebri nga shqiptar\u00ebt n\u00eb Malin e Zi.\u00a0N\u00eb an\u00ebn tjet\u00ebr, duke pasur parasysh p\u00ebrhapjen e\u00a0gjer\u00eb, pothuajse n\u00eb \u00e7do sht\u00ebpi t\u00eb internetit te shqiptar\u00ebt\u00a0e k\u00ebtush\u00ebm, me an\u00eb t\u00eb formave t\u00eb komunikimit\u00a0q\u00eb imund\u00ebson ai, parashikohet se sidomos\u00a0t\u00eb rinjt\u00eb mjet kryesor t\u00eb informimit nuk kan\u00eb as\u00a0radion, as televizionin, por at\u00eb p\u00ebrmes internetit.<br \/>\n<strong>Gazetaria hulumtuese nga\u00a0p\u00ebrvoja ime: sa af\u00ebr, aq larg<\/strong><\/p>\n<p><strong><br \/>\n<\/strong>Kur n\u00eb vitin e par\u00eb t\u00eb pun\u00ebs n\u00eb TV e Malit t\u00eb Zi,\u00a0kisha b\u00ebr\u00eb nj\u00eb kronik\u00eb p\u00ebr ver\u00ebn kulturore n\u00eb<br \/>\nUlqin, duke intervistuar organizatorin, drejtorin e\u00a0at\u00ebhersh\u00ebm t\u00eb Qendr\u00ebs s\u00eb Kultur\u00ebs, nj\u00eb aktor q\u00eb\u00a0ishte ftuar pjes\u00ebmarr\u00ebs n\u00eb k\u00ebt\u00eb veprimtari dhe nj\u00eb\u00a0regjisor e nj\u00eb shkrimtar p\u00ebr nivelin e k\u00ebsaj veprimtarie,\u00a0manifestim i cili nga bashk\u00ebbiseduesit ishte\u00a0cil\u00ebsuar me mungesa t\u00eb m\u00ebdha, p\u00ebrjashto organizatorin,\u00a0mora nj\u00eb mesazh aspak inkuarajues p\u00ebr\u00a0t\u2019u marr\u00eb me k\u00ebt\u00eb lloj gazetarie q\u00eb quhet\u00a0hulumtuese. Nj\u00eb nga p\u00ebrfaq\u00ebsuesit e at\u00ebhersh\u00ebm\u00a0t\u00eb partis\u00eb, n\u00eb mbrojtje t\u00eb drejtorit t\u00eb tij, kishte\u00a0thirrur kryeredaktorin e p\u00ebrgjithsh\u00ebm t\u00eb TV t\u00eb\u00a0Malit t\u00eb Zi, por as mua e as redakatorin tim.\u00a0Kurse mua m\u00eb kishte l\u00ebn\u00eb mesazhin \u201cA e di ai se\u00a0\u00ebsht\u00eb duke b\u00ebr\u00eb stazhin e praktikantit\u201d?\u00a0Kryeredaktori ishte sjell\u00eb si profesionist. Pasi\u00a0ishte interesuar p\u00ebr kronik\u00ebn, kishte konstatuar se\u00a0ajo nuk p\u00ebrb\u00ebn shkelje profesionale. Po\u00a0aparat\u00e7iku i fyer, nuk ishte ndalur k\u00ebtu. Kur\u00a0Qendra e Kultur\u00ebs, kishte mbajtur veprimtarin\u00eb e\u00a0rrall\u00ebs, ai kishte k\u00ebrkuar q\u00eb at\u00eb veprimtari mos ta\u00a0p\u00ebrcjell\u00eb korrespondenti nga Ulqini q\u00eb isha un\u00eb,\u00a0prap\u00eb duke ia d\u00ebrguar kryeredaktorit k\u00ebt\u00eb k\u00ebrkes\u00eb.\u00a0Dhe p\u00ebrs\u00ebri, kryeredaktori ishte sjell\u00eb si profesionist.\u00a0N\u00eb fund t\u00eb k\u00ebsaj k\u00ebrkese kishte shkruar:\u00a0\u201cNgjarja patjet\u00ebr t\u00eb p\u00ebrcillet nga korrespondenti\u00a0yn\u00eb n\u00eb Ulqin\u201d.\u00a0Ose temam\u00eb intriguese hulumtuese n\u00eb gazetari n\u00eb\u00a0nivel vendor, q\u00eb aktualisht mund t\u00eb b\u00ebhet, \u00ebsht\u00eb\u00a0m\u00ebnyra e zhvillimt t\u00eb fushat\u00ebs parazgjedhore p\u00ebr\u00a0zgjedhjet vendore n\u00eb Ulqin, t\u00eb cilat u zhvilluan\u00a0m\u00eb 17 tetor t\u00eb k\u00ebtij viti (2010). Kjo tem\u00eb do t\u00eb\u00a0mund t\u00eb fokusohej n\u00eb dy elemente p\u00ebrkat\u00ebse: s\u00eb\u00a0pari nga jan\u00eb siguruar burimet financiare p\u00ebr t\u00eb\u00a0zhvilluar fushat\u00ebn dhe s\u00eb dyti investimet e vogla\u00a0q\u00eb jan\u00eb t\u00eb dukshme, dh\u00ebnia e materialit nd\u00ebrtimor\u00a0q\u00eb po ashtu v\u00ebrtetohen n\u00eb terren, dh\u00ebnia e peshqesheve\u00a0n\u00eb form\u00eb t\u00eb t\u00eb mirave materiale, p\u00ebr t\u00eb cilat\u00a0ka d\u00ebshmi t\u00eb atyre q\u00eb i kan\u00eb marr\u00eb dhe dh\u00ebnia e\u00a0parave n\u00eb dor\u00eb, q\u00eb p\u00ebrshp\u00ebriten, sa kan\u00eb ndikuar\u00a0n\u00eb rezultatin e zgjedhjeve.\u00a0Por, n\u00eb p\u00ebrpjekjet e b\u00ebra duke u b\u00ebr\u00eb pyetje\u00a0pal\u00ebve pjes\u00ebmarr\u00ebse dhe duke ju shprehur q\u00ebllimin\u00a0p\u00ebr t\u00eb b\u00ebr\u00eb nj\u00eb kronik\u00eb televizive problemore,\u00a0ato jan\u00eb t\u00eb hapura p\u00ebr t\u00eb faj\u00ebsuar pal\u00ebn\u00a0tjet\u00ebr, por kur ju b\u00ebhet pyetja p\u00ebr t\u00eb pohuar se sa\u00a0kan\u00eb p\u00ebrdorur vet\u00eb ato para p\u00ebr fushat\u00ebn,\u00a0at\u00ebher\u00eb fillojn\u00eb shmangiet p\u00ebr t\u2019u p\u00ebrgjigjur\u00a0sakt\u00eb. \u00cbsht\u00eb e leht\u00eb t\u00eb kuptohet se cila do t\u00eb ishte\u00a0p\u00ebrgjigja po t\u2019u b\u00ebhej pyetja p\u00ebr burimin dhe\u00a0sasin\u00eb e mjeteve financiare q\u00eb kan\u00eb p\u00ebrdorur\u00a0gjat\u00eb fushat\u00ebs. K\u00ebta dy shembuj, flasin se ekzistojn\u00eb\u00a0tema p\u00ebr t\u00eb b\u00ebr\u00eb gazetari hulumtuese, ato\u00a0jan\u00eb shum\u00eb af\u00ebr nesh, por barierat nuk jan\u00eb t\u00eb\u00a0vogla, sepse ku fillon gazataria hulumtuese,\u00a0burimet heshtin, madje fillojn\u00eb t\u00eb fajsojn\u00eb vet\u00eb\u00a0gazetar\u00ebt, redaksit\u00eb e mediet. Nuk jan\u00eb raste t\u00eb\u00a0pakta, kur politikan\u00ebt e qeveritar\u00ebt n\u00eb m\u00ebnyr\u00eb t\u00eb\u00a0hap\u00ebt ftojn\u00eb mediet p\u00ebr bashk\u00ebpunim, p\u00ebr t\u00eb\u00a0folur e shkruar p\u00ebr veprimtarit\u00eb e tyre, por kur\u00a0mediet flasin edhe m\u00eb t\u00eb vogl\u00ebn fjal\u00eb p\u00ebr at\u00eb q\u00eb\u00a0ndodh n\u00ebn rrogoz, at\u00ebher\u00eb nuk hezitojn\u00eb t\u00eb fajsojn\u00eb\u00a0medie e gazetar\u00eb, madje edhe duke i k\u00ebrc\u00ebnuar.\u00a0P\u00ebr t\u00eb b\u00ebr\u00eb gazetari hulumtuese, nj\u00eb\u00a0gazetar shqiptar ka nj\u00eb s\u00ebr\u00eb problemesh. Ta\u00a0z\u00ebm\u00eb po t\u00eb provoj\u00eb t\u00eb merret nj\u00eb gazetar shqiptar\u00a0n\u00eb Malin e Zi me zbulimin e shkaqeve pse\u00a0Partia Demokratike e Socialist\u00ebve fiton zgjedhjet\u00a0tash nj\u00ebzet vjet rradhazi si askund n\u00eb rajon,\u00a0madje edhe m\u00eb gjer\u00eb, do t\u00eb ballafaqohej me\u00a0shum\u00eb probleme, po kjo nuk do t\u00eb thot\u00eb se\u00a0detyrimisht ky \u00ebsht\u00eb nj\u00eb mision i pamundur.\u00a0Por, n\u00eb m\u00ebnyr\u00eb q\u00eb gazetaria hulumtuese t\u00eb b\u00ebhet\u00a0mbizot\u00ebruese n\u00eb mediet n\u00eb gjuh\u00ebn shqipe n\u00eb\u00a0Malin e Zi, duhet ndryshuar thelb\u00ebsisht q\u00eb nga\u00a0p\u00ebrgatitja profesionale e gazetarit, rrijta sasiore\u00a0dhe cil\u00ebsore e medieve, s\u00eb paku me hapjen e nj\u00eb\u00a0kanali t\u00eb ve\u00e7ant\u00eb televiziv n\u00eb shqip n\u00eb nivel qendror,\u00a0nga mb\u00ebshtetja financiare e tyre e deri te\u00a0ndryshimi i konceptit p\u00ebr rolin q\u00eb duhet t\u00eb ken\u00eb\u00a0mediet, q\u00eb mbase p\u00ebr nga r\u00ebnd\u00ebsia z\u00eb vendin e\u00a0par\u00eb, pasi q\u00eb kur t\u00eb formohet koncepti i drejt\u00eb\u00a0p\u00ebr medien, ndryshimet e tjera jan\u00eb rrjedhoj\u00eb\u00a0logjike.\u00a0<strong><br \/>\n<\/strong><\/p>\n<p><strong>HAXHI SHABANI<br \/>\nKoha Javore<br \/>\n<!--YouTube Error: bad URL entered--><\/strong><\/p>\n","protected":false},"excerpt":{"rendered":"<p>Sasia dhe cil\u00ebsia e mediave n\u00eb gjuh\u00ebn shqipe n\u00eb\u00a0Malin e Zi q\u00eb n\u00eb fillim duhet th\u00ebn\u00eb se \u00ebsht\u00eb e\u00a0kufizuar. Kjo nuk n\u00ebnkupton detyrimisht edhe\u00a0munges\u00ebn e gazetar\u00ebve cil\u00ebsor\u00eb, apo t\u00eb profesionalizimit\u00a0n\u00eb k\u00ebto medie, aq sa ekzistojn\u00eb. Mediet\u00a0elektronike n\u00eb shqip n\u00eb Malin e Zi kan\u00eb fillin n\u00eb\u00a0formimin e Redaksis\u00eb n\u00eb kuad\u00ebr t\u00eb Radio\u00a0Titogradit t\u00eb at\u00ebhersh\u00ebm (sot Radio [&hellip;]<\/p>\n","protected":false},"author":1,"featured_media":0,"comment_status":"open","ping_status":"closed","sticky":false,"template":"","format":"standard","meta":{"spay_email":"","jetpack_publicize_message":"","jetpack_is_tweetstorm":false,"jetpack_publicize_feature_enabled":true},"categories":[14249],"tags":[4871,211,95,200,18],"jetpack_publicize_connections":[],"yoast_head":"<!-- This site is optimized with the Yoast SEO plugin v19.1 - https:\/\/yoast.com\/wordpress\/plugins\/seo\/ -->\n<title>Situata paradoksale e mediave n\u00eb gjuh\u00ebn shqipe n\u00eb Malin e Zi - Lajme nga Ulqini<\/title>\n<meta name=\"description\" content=\"Sasia dhe cil\u00ebsia e mediave n\u00eb gjuh\u00ebn shqipe n\u00eb\u00a0Malin e Zi q\u00eb n\u00eb fillim duhet th\u00ebn\u00eb se \u00ebsht\u00eb e\u00a0kufizuar. Kjo nuk n\u00ebnkupton detyrimisht edhe\u00a0munges\u00ebn e\" \/>\n<meta name=\"robots\" content=\"index, follow, max-snippet:-1, max-image-preview:large, max-video-preview:-1\" \/>\n<link rel=\"canonical\" href=\"https:\/\/www.visit-ulcinj.com\/blog\/2010\/11\/06\/situata-paradoksale-e-mediave-ne-gjuhen-shqipe-ne-malin-e-zi\/\" \/>\n<meta property=\"og:locale\" content=\"en_US\" \/>\n<meta property=\"og:type\" content=\"article\" \/>\n<meta property=\"og:title\" content=\"Situata paradoksale e mediave n\u00eb gjuh\u00ebn shqipe n\u00eb Malin e Zi - Lajme nga Ulqini\" \/>\n<meta property=\"og:description\" content=\"Sasia dhe cil\u00ebsia e mediave n\u00eb gjuh\u00ebn shqipe n\u00eb\u00a0Malin e Zi q\u00eb n\u00eb fillim duhet th\u00ebn\u00eb se \u00ebsht\u00eb e\u00a0kufizuar. Kjo nuk n\u00ebnkupton detyrimisht edhe\u00a0munges\u00ebn e\" \/>\n<meta property=\"og:url\" content=\"https:\/\/www.visit-ulcinj.com\/blog\/2010\/11\/06\/situata-paradoksale-e-mediave-ne-gjuhen-shqipe-ne-malin-e-zi\/\" \/>\n<meta property=\"og:site_name\" content=\"Lajme nga Ulqini\" \/>\n<meta property=\"article:published_time\" content=\"2010-11-06T19:39:39+00:00\" \/>\n<meta property=\"og:image\" content=\"http:\/\/www.visit-ulcinj.com\/blog\/wp-content\/uploads\/2010\/11\/haxhi-shabani_gazetar.jpg\" \/>\n<meta name=\"twitter:label1\" content=\"Written by\" \/>\n\t<meta name=\"twitter:data1\" content=\"ulqini\" \/>\n\t<meta name=\"twitter:label2\" content=\"Est. reading time\" \/>\n\t<meta name=\"twitter:data2\" content=\"10 minutes\" \/>\n<script type=\"application\/ld+json\" class=\"yoast-schema-graph\">{\"@context\":\"https:\/\/schema.org\",\"@graph\":[{\"@type\":\"WebSite\",\"@id\":\"https:\/\/www.visit-ulcinj.com\/blog\/#website\",\"url\":\"https:\/\/www.visit-ulcinj.com\/blog\/\",\"name\":\"Lajme nga Ulqini\",\"description\":\"Lajme,Vijesti,Ulqini,Ulqin,Crna Gora,Mali i Zi\",\"potentialAction\":[{\"@type\":\"SearchAction\",\"target\":{\"@type\":\"EntryPoint\",\"urlTemplate\":\"https:\/\/www.visit-ulcinj.com\/blog\/?s={search_term_string}\"},\"query-input\":\"required name=search_term_string\"}],\"inLanguage\":\"en-US\"},{\"@type\":\"ImageObject\",\"inLanguage\":\"en-US\",\"@id\":\"https:\/\/www.visit-ulcinj.com\/blog\/2010\/11\/06\/situata-paradoksale-e-mediave-ne-gjuhen-shqipe-ne-malin-e-zi\/#primaryimage\",\"url\":\"https:\/\/www.visit-ulcinj.com\/blog\/wp-content\/uploads\/2010\/11\/haxhi-shabani_gazetar.jpg\",\"contentUrl\":\"https:\/\/www.visit-ulcinj.com\/blog\/wp-content\/uploads\/2010\/11\/haxhi-shabani_gazetar.jpg\",\"width\":\"604\",\"height\":\"414\"},{\"@type\":\"WebPage\",\"@id\":\"https:\/\/www.visit-ulcinj.com\/blog\/2010\/11\/06\/situata-paradoksale-e-mediave-ne-gjuhen-shqipe-ne-malin-e-zi\/#webpage\",\"url\":\"https:\/\/www.visit-ulcinj.com\/blog\/2010\/11\/06\/situata-paradoksale-e-mediave-ne-gjuhen-shqipe-ne-malin-e-zi\/\",\"name\":\"Situata paradoksale e mediave n\u00eb gjuh\u00ebn shqipe n\u00eb Malin e Zi - Lajme nga Ulqini\",\"isPartOf\":{\"@id\":\"https:\/\/www.visit-ulcinj.com\/blog\/#website\"},\"primaryImageOfPage\":{\"@id\":\"https:\/\/www.visit-ulcinj.com\/blog\/2010\/11\/06\/situata-paradoksale-e-mediave-ne-gjuhen-shqipe-ne-malin-e-zi\/#primaryimage\"},\"datePublished\":\"2010-11-06T19:39:39+00:00\",\"dateModified\":\"2010-11-06T19:39:39+00:00\",\"author\":{\"@id\":\"https:\/\/www.visit-ulcinj.com\/blog\/#\/schema\/person\/dcab619c614d3038751c63bc2aadc06d\"},\"description\":\"Sasia dhe cil\u00ebsia e mediave n\u00eb gjuh\u00ebn shqipe n\u00eb\u00a0Malin e Zi q\u00eb n\u00eb fillim duhet th\u00ebn\u00eb se \u00ebsht\u00eb e\u00a0kufizuar. Kjo nuk n\u00ebnkupton detyrimisht edhe\u00a0munges\u00ebn e\",\"breadcrumb\":{\"@id\":\"https:\/\/www.visit-ulcinj.com\/blog\/2010\/11\/06\/situata-paradoksale-e-mediave-ne-gjuhen-shqipe-ne-malin-e-zi\/#breadcrumb\"},\"inLanguage\":\"en-US\",\"potentialAction\":[{\"@type\":\"ReadAction\",\"target\":[\"https:\/\/www.visit-ulcinj.com\/blog\/2010\/11\/06\/situata-paradoksale-e-mediave-ne-gjuhen-shqipe-ne-malin-e-zi\/\"]}]},{\"@type\":\"BreadcrumbList\",\"@id\":\"https:\/\/www.visit-ulcinj.com\/blog\/2010\/11\/06\/situata-paradoksale-e-mediave-ne-gjuhen-shqipe-ne-malin-e-zi\/#breadcrumb\",\"itemListElement\":[{\"@type\":\"ListItem\",\"position\":1,\"name\":\"Situata paradoksale e mediave n\u00eb gjuh\u00ebn shqipe n\u00eb Malin e Zi\"}]},{\"@type\":\"Person\",\"@id\":\"https:\/\/www.visit-ulcinj.com\/blog\/#\/schema\/person\/dcab619c614d3038751c63bc2aadc06d\",\"name\":\"ulqini\",\"sameAs\":[\"http:\/\/www.visit-ulcinj.com\"],\"url\":\"https:\/\/www.visit-ulcinj.com\/blog\/author\/admin\/\"}]}<\/script>\n<!-- \/ Yoast SEO plugin. -->","yoast_head_json":{"title":"Situata paradoksale e mediave n\u00eb gjuh\u00ebn shqipe n\u00eb Malin e Zi - Lajme nga Ulqini","description":"Sasia dhe cil\u00ebsia e mediave n\u00eb gjuh\u00ebn shqipe n\u00eb\u00a0Malin e Zi q\u00eb n\u00eb fillim duhet th\u00ebn\u00eb se \u00ebsht\u00eb e\u00a0kufizuar. Kjo nuk n\u00ebnkupton detyrimisht edhe\u00a0munges\u00ebn e","robots":{"index":"index","follow":"follow","max-snippet":"max-snippet:-1","max-image-preview":"max-image-preview:large","max-video-preview":"max-video-preview:-1"},"canonical":"https:\/\/www.visit-ulcinj.com\/blog\/2010\/11\/06\/situata-paradoksale-e-mediave-ne-gjuhen-shqipe-ne-malin-e-zi\/","og_locale":"en_US","og_type":"article","og_title":"Situata paradoksale e mediave n\u00eb gjuh\u00ebn shqipe n\u00eb Malin e Zi - Lajme nga Ulqini","og_description":"Sasia dhe cil\u00ebsia e mediave n\u00eb gjuh\u00ebn shqipe n\u00eb\u00a0Malin e Zi q\u00eb n\u00eb fillim duhet th\u00ebn\u00eb se \u00ebsht\u00eb e\u00a0kufizuar. Kjo nuk n\u00ebnkupton detyrimisht edhe\u00a0munges\u00ebn e","og_url":"https:\/\/www.visit-ulcinj.com\/blog\/2010\/11\/06\/situata-paradoksale-e-mediave-ne-gjuhen-shqipe-ne-malin-e-zi\/","og_site_name":"Lajme nga Ulqini","article_published_time":"2010-11-06T19:39:39+00:00","og_image":[{"url":"http:\/\/www.visit-ulcinj.com\/blog\/wp-content\/uploads\/2010\/11\/haxhi-shabani_gazetar.jpg"}],"twitter_misc":{"Written by":"ulqini","Est. reading time":"10 minutes"},"schema":{"@context":"https:\/\/schema.org","@graph":[{"@type":"WebSite","@id":"https:\/\/www.visit-ulcinj.com\/blog\/#website","url":"https:\/\/www.visit-ulcinj.com\/blog\/","name":"Lajme nga Ulqini","description":"Lajme,Vijesti,Ulqini,Ulqin,Crna Gora,Mali i Zi","potentialAction":[{"@type":"SearchAction","target":{"@type":"EntryPoint","urlTemplate":"https:\/\/www.visit-ulcinj.com\/blog\/?s={search_term_string}"},"query-input":"required name=search_term_string"}],"inLanguage":"en-US"},{"@type":"ImageObject","inLanguage":"en-US","@id":"https:\/\/www.visit-ulcinj.com\/blog\/2010\/11\/06\/situata-paradoksale-e-mediave-ne-gjuhen-shqipe-ne-malin-e-zi\/#primaryimage","url":"https:\/\/www.visit-ulcinj.com\/blog\/wp-content\/uploads\/2010\/11\/haxhi-shabani_gazetar.jpg","contentUrl":"https:\/\/www.visit-ulcinj.com\/blog\/wp-content\/uploads\/2010\/11\/haxhi-shabani_gazetar.jpg","width":"604","height":"414"},{"@type":"WebPage","@id":"https:\/\/www.visit-ulcinj.com\/blog\/2010\/11\/06\/situata-paradoksale-e-mediave-ne-gjuhen-shqipe-ne-malin-e-zi\/#webpage","url":"https:\/\/www.visit-ulcinj.com\/blog\/2010\/11\/06\/situata-paradoksale-e-mediave-ne-gjuhen-shqipe-ne-malin-e-zi\/","name":"Situata paradoksale e mediave n\u00eb gjuh\u00ebn shqipe n\u00eb Malin e Zi - Lajme nga Ulqini","isPartOf":{"@id":"https:\/\/www.visit-ulcinj.com\/blog\/#website"},"primaryImageOfPage":{"@id":"https:\/\/www.visit-ulcinj.com\/blog\/2010\/11\/06\/situata-paradoksale-e-mediave-ne-gjuhen-shqipe-ne-malin-e-zi\/#primaryimage"},"datePublished":"2010-11-06T19:39:39+00:00","dateModified":"2010-11-06T19:39:39+00:00","author":{"@id":"https:\/\/www.visit-ulcinj.com\/blog\/#\/schema\/person\/dcab619c614d3038751c63bc2aadc06d"},"description":"Sasia dhe cil\u00ebsia e mediave n\u00eb gjuh\u00ebn shqipe n\u00eb\u00a0Malin e Zi q\u00eb n\u00eb fillim duhet th\u00ebn\u00eb se \u00ebsht\u00eb e\u00a0kufizuar. Kjo nuk n\u00ebnkupton detyrimisht edhe\u00a0munges\u00ebn e","breadcrumb":{"@id":"https:\/\/www.visit-ulcinj.com\/blog\/2010\/11\/06\/situata-paradoksale-e-mediave-ne-gjuhen-shqipe-ne-malin-e-zi\/#breadcrumb"},"inLanguage":"en-US","potentialAction":[{"@type":"ReadAction","target":["https:\/\/www.visit-ulcinj.com\/blog\/2010\/11\/06\/situata-paradoksale-e-mediave-ne-gjuhen-shqipe-ne-malin-e-zi\/"]}]},{"@type":"BreadcrumbList","@id":"https:\/\/www.visit-ulcinj.com\/blog\/2010\/11\/06\/situata-paradoksale-e-mediave-ne-gjuhen-shqipe-ne-malin-e-zi\/#breadcrumb","itemListElement":[{"@type":"ListItem","position":1,"name":"Situata paradoksale e mediave n\u00eb gjuh\u00ebn shqipe n\u00eb Malin e Zi"}]},{"@type":"Person","@id":"https:\/\/www.visit-ulcinj.com\/blog\/#\/schema\/person\/dcab619c614d3038751c63bc2aadc06d","name":"ulqini","sameAs":["http:\/\/www.visit-ulcinj.com"],"url":"https:\/\/www.visit-ulcinj.com\/blog\/author\/admin\/"}]}},"jetpack_featured_media_url":"","jetpack_sharing_enabled":true,"jetpack_shortlink":"https:\/\/wp.me\/pe6lTn-aeP","_links":{"self":[{"href":"https:\/\/www.visit-ulcinj.com\/blog\/wp-json\/wp\/v2\/posts\/39359"}],"collection":[{"href":"https:\/\/www.visit-ulcinj.com\/blog\/wp-json\/wp\/v2\/posts"}],"about":[{"href":"https:\/\/www.visit-ulcinj.com\/blog\/wp-json\/wp\/v2\/types\/post"}],"author":[{"embeddable":true,"href":"https:\/\/www.visit-ulcinj.com\/blog\/wp-json\/wp\/v2\/users\/1"}],"replies":[{"embeddable":true,"href":"https:\/\/www.visit-ulcinj.com\/blog\/wp-json\/wp\/v2\/comments?post=39359"}],"version-history":[{"count":0,"href":"https:\/\/www.visit-ulcinj.com\/blog\/wp-json\/wp\/v2\/posts\/39359\/revisions"}],"wp:attachment":[{"href":"https:\/\/www.visit-ulcinj.com\/blog\/wp-json\/wp\/v2\/media?parent=39359"}],"wp:term":[{"taxonomy":"category","embeddable":true,"href":"https:\/\/www.visit-ulcinj.com\/blog\/wp-json\/wp\/v2\/categories?post=39359"},{"taxonomy":"post_tag","embeddable":true,"href":"https:\/\/www.visit-ulcinj.com\/blog\/wp-json\/wp\/v2\/tags?post=39359"}],"curies":[{"name":"wp","href":"https:\/\/api.w.org\/{rel}","templated":true}]}}