{"id":3936,"date":"2008-10-05T13:38:53","date_gmt":"2008-10-05T18:38:53","guid":{"rendered":"http:\/\/www.visit-ulcinj.com\/blog\/?p=3936"},"modified":"2026-04-05T18:43:32","modified_gmt":"2026-04-05T17:43:32","slug":"toke-truall-per-shitje-ne-zogaj-darze-te-ulqinit-7-e-m%c2%b2-5","status":"publish","type":"post","link":"https:\/\/www.visit-ulcinj.com\/blog\/2008\/10\/05\/toke-truall-per-shitje-ne-zogaj-darze-te-ulqinit-7-e-m%c2%b2-5\/","title":{"rendered":"Tok\u00eb &#8211; Truall p\u00ebr shitje n\u00eb Zogaj-Darz\u00eb t\u00eb Ulqinit  12 \u20ac m\u00b2"},"content":{"rendered":"<p><a title=\"Real Estate, Property, Land and Homes for Sale, lease and rent, Land Investments Group, Land For Sale in Ulcinj, Land For Sale in Montenegro, ??????? ??? ??????? ??????????????, Zemlja, za gradnju, Krute, Ulcinj, ada bojana, kupim zemlj\" href=\"http:\/\/www.visit-ulcinj.com\/blog\/wp-content\/uploads\/2008\/10\/velika-pla__a_22-_4_a.jpg\"><img loading=\"lazy\" class=\"alignleft size-medium wp-image-3937\" title=\"velika-pla__a_22-_4_a\" src=\"http:\/\/www.visit-ulcinj.com\/blog\/wp-content\/uploads\/2008\/10\/velika-pla__a_22-_4_a-300x198.jpg\" alt=\"Real Estate, Property, Land and Homes for Sale, lease and rent, Land Investments Group, Land For Sale in Ulcinj, Land For Sale in Montenegro, ??????? ??? ??????? ??????????????, Zemlja, za gradnju, Krute, Ulcinj, ada bojana, kupim zemlju,Ulqin Patundshm\u00ebri, Patundshmeri, Shitblerje, Immobilien, Prona, Tok\u00eb, Lokale Afariste, Truall, Banesa, sht\u00ebpi, Real Estate Montenegro, Ulcinj Real Estate, Ulcinj Nekretnine, Crna Gora Nekretnine, For Sale Ulcinj, Prodaja Ku?a, Stanova, Zemlji\u0161ta, placeva, Lokacija,\" width=\"580\" height=\"400\" \/><\/a><strong>Truall p\u00ebr shitje n\u00eb Zogaj-Darz\u00eb t\u00eb Ulqinit\u00a0 12 \u20ac m\u00b2<\/strong><\/p>\n<p><a href=\"skype:ulqinaku1?call\"><br \/>\nN\u00eb Zogaj &#8211; Darz t\u00eb Ulqinit &#8211; 7000 metra katror, toka \u00ebsht\u00eb me sip\u00ebrfaqe t\u00eb rafsht dhe pak\u00ebs n\u00eb kod\u00ebr me shikim t\u00eb gj\u00ebr\u00eb n\u00eb Zogej \u2013 Darz\u00eb dhe Kodrat e Ulqinit dhe n\u00eb afert\u00ebsi t\u00eb rruges kryesore q\u00eb \u00e7on p\u00ebr Ulqin.<br \/>\nToka \u00ebsht e gatshme p\u00ebr t\u00eb nd\u00ebrtuar shum\u00eb sht\u00ebpi,mund t\u00eb nd\u00ebrtohen ndonji Fabrik\u00eb, apo di\u00e7ka tjet\u00ebr.<br \/>\nRruga, Uji dhe elektriku jan\u00eb t\u00eb gatsh\u00ebm<br \/>\n\u00c7mimi i volit\u00ebsh\u00ebm.Mos pritni na kontaktoni.<br \/>\nP\u00ebr informata m\u00eb t\u00eb hollsishme, kontaktoni.<\/a><\/p>\n<div class=\"bdao358l om3e55n1 g4tp4svg alzwoclg cqf1kptm jez8cy9q gvxzyvdx aeinzg81 i5oewl5a nnzkd6d7 bmgto6uh f9xcifuu\"><\/div>\n<div class=\"bdao358l om3e55n1 g4tp4svg alzwoclg cqf1kptm gvxzyvdx aeinzg81 jg3vgc78 cgu29s5g i15ihif8 gb2oqlaf i5oewl5a nnzkd6d7 bmgto6uh f9xcifuu\">\n<div class=\"alzwoclg cqf1kptm siwo0mpr gu5uzgus\">\n<div class=\"jroqu855 nthtkgg5\"><span class=\"gvxzyvdx aeinzg81 t7p7dqev gh25dzvf exr7barw b6ax4al1 gem102v4 ncib64c9 mrvwc6qr sx8pxkcf f597kf1v cpcgwwas m2nijcs8 hxfwr5lz k1z55t6l oog5qr5w tes86rjd pbevjfx6 ztn2w49o\" dir=\"auto\"><span class=\"gvxzyvdx aeinzg81 t7p7dqev gh25dzvf exr7barw k1z55t6l oog5qr5w tes86rjd ezidihy3\"><a class=\"qi72231t nu7423ey n3hqoq4p r86q59rh b3qcqh3k fq87ekyn bdao358l fsf7x5fv rse6dlih s5oniofx m8h3af8h l7ghb35v kjdc1dyq kmwttqpk srn514ro oxkhqvkx rl78xhln nch0832m cr00lzj9 rn8ck1ys s3jn8y49 icdlwmnq cxfqmxzd ezidihy3\" tabindex=\"0\" role=\"link\" href=\"mailto:lajmengaulqini@gmail.com\" target=\"_blank\" rel=\"noopener\"><strong>Email: Info@gmail.com<\/strong><\/a><\/span><\/span><\/div>\n<div><\/div>\n<\/div>\n<\/div>\n\n\t\t<style type=\"text\/css\">\n\t\t\t#gallery-1 {\n\t\t\t\tmargin: auto;\n\t\t\t}\n\t\t\t#gallery-1 .gallery-item {\n\t\t\t\tfloat: left;\n\t\t\t\tmargin-top: 10px;\n\t\t\t\ttext-align: center;\n\t\t\t\twidth: 33%;\n\t\t\t}\n\t\t\t#gallery-1 img {\n\t\t\t\tborder: 2px solid #cfcfcf;\n\t\t\t}\n\t\t\t#gallery-1 .gallery-caption {\n\t\t\t\tmargin-left: 0;\n\t\t\t}\n\t\t\t\/* see gallery_shortcode() in wp-includes\/media.php *\/\n\t\t<\/style>\n\t\t<div id='gallery-1' class='gallery galleryid-3936 gallery-columns-3 gallery-size-thumbnail'><dl class='gallery-item'>\n\t\t\t<dt class='gallery-icon landscape'>\n\t\t\t\t<a href='https:\/\/www.visit-ulcinj.com\/blog\/2008\/10\/05\/toke-truall-per-shitje-ne-zogaj-darze-te-ulqinit-7-e-m%c2%b2-5\/velika-pla__a_22-_4_a\/'><img width=\"150\" height=\"150\" src=\"https:\/\/www.visit-ulcinj.com\/blog\/wp-content\/uploads\/2008\/10\/velika-pla__a_22-_4_a-150x150.jpg\" class=\"attachment-thumbnail size-thumbnail\" alt=\"\" loading=\"lazy\" \/><\/a>\n\t\t\t<\/dt><\/dl><dl class='gallery-item'>\n\t\t\t<dt class='gallery-icon landscape'>\n\t\t\t\t<a href='https:\/\/www.visit-ulcinj.com\/blog\/2008\/10\/05\/toke-truall-per-shitje-ne-zogaj-darze-te-ulqinit-7-e-m%c2%b2-5\/velika-plaza03_a\/'><img width=\"150\" height=\"150\" src=\"https:\/\/www.visit-ulcinj.com\/blog\/wp-content\/uploads\/2008\/10\/velika-plaza03_a-150x150.jpg\" class=\"attachment-thumbnail size-thumbnail\" alt=\"\" loading=\"lazy\" \/><\/a>\n\t\t\t<\/dt><\/dl><dl class='gallery-item'>\n\t\t\t<dt class='gallery-icon landscape'>\n\t\t\t\t<a href='https:\/\/www.visit-ulcinj.com\/blog\/2008\/10\/05\/toke-truall-per-shitje-ne-zogaj-darze-te-ulqinit-7-e-m%c2%b2-5\/darza_1\/'><img width=\"150\" height=\"150\" src=\"https:\/\/www.visit-ulcinj.com\/blog\/wp-content\/uploads\/2008\/10\/darza_1-150x150.jpg\" class=\"attachment-thumbnail size-thumbnail\" alt=\"\" loading=\"lazy\" \/><\/a>\n\t\t\t<\/dt><\/dl><br style=\"clear: both\" \/><dl class='gallery-item'>\n\t\t\t<dt class='gallery-icon landscape'>\n\t\t\t\t<a href='https:\/\/www.visit-ulcinj.com\/blog\/2008\/10\/05\/toke-truall-per-shitje-ne-zogaj-darze-te-ulqinit-7-e-m%c2%b2-5\/darza_4\/'><img width=\"150\" height=\"150\" src=\"https:\/\/www.visit-ulcinj.com\/blog\/wp-content\/uploads\/2008\/10\/darza_4-150x150.jpg\" class=\"attachment-thumbnail size-thumbnail\" alt=\"\" loading=\"lazy\" \/><\/a>\n\t\t\t<\/dt><\/dl><dl class='gallery-item'>\n\t\t\t<dt class='gallery-icon landscape'>\n\t\t\t\t<a href='https:\/\/www.visit-ulcinj.com\/blog\/2008\/10\/05\/toke-truall-per-shitje-ne-zogaj-darze-te-ulqinit-7-e-m%c2%b2-5\/darza_3\/'><img width=\"150\" height=\"150\" src=\"https:\/\/www.visit-ulcinj.com\/blog\/wp-content\/uploads\/2008\/10\/darza_3-150x150.jpg\" class=\"attachment-thumbnail size-thumbnail\" alt=\"\" loading=\"lazy\" \/><\/a>\n\t\t\t<\/dt><\/dl><dl class='gallery-item'>\n\t\t\t<dt class='gallery-icon landscape'>\n\t\t\t\t<a href='https:\/\/www.visit-ulcinj.com\/blog\/2008\/10\/05\/toke-truall-per-shitje-ne-zogaj-darze-te-ulqinit-7-e-m%c2%b2-5\/darza_6\/'><img width=\"150\" height=\"150\" src=\"https:\/\/www.visit-ulcinj.com\/blog\/wp-content\/uploads\/2008\/10\/darza_6-150x150.jpg\" class=\"attachment-thumbnail size-thumbnail\" alt=\"\" loading=\"lazy\" \/><\/a>\n\t\t\t<\/dt><\/dl><br style=\"clear: both\" \/><dl class='gallery-item'>\n\t\t\t<dt class='gallery-icon landscape'>\n\t\t\t\t<a href='https:\/\/www.visit-ulcinj.com\/blog\/2008\/10\/05\/toke-truall-per-shitje-ne-zogaj-darze-te-ulqinit-7-e-m%c2%b2-5\/darza_7\/'><img width=\"150\" height=\"150\" src=\"https:\/\/www.visit-ulcinj.com\/blog\/wp-content\/uploads\/2008\/10\/darza_7-150x150.jpg\" class=\"attachment-thumbnail size-thumbnail\" alt=\"\" loading=\"lazy\" \/><\/a>\n\t\t\t<\/dt><\/dl><dl class='gallery-item'>\n\t\t\t<dt class='gallery-icon landscape'>\n\t\t\t\t<a href='https:\/\/www.visit-ulcinj.com\/blog\/2008\/10\/05\/toke-truall-per-shitje-ne-zogaj-darze-te-ulqinit-7-e-m%c2%b2-5\/darza_9\/'><img width=\"150\" height=\"150\" src=\"https:\/\/www.visit-ulcinj.com\/blog\/wp-content\/uploads\/2008\/10\/darza_9-150x150.jpg\" class=\"attachment-thumbnail size-thumbnail\" alt=\"\" loading=\"lazy\" \/><\/a>\n\t\t\t<\/dt><\/dl><dl class='gallery-item'>\n\t\t\t<dt class='gallery-icon landscape'>\n\t\t\t\t<a href='https:\/\/www.visit-ulcinj.com\/blog\/2008\/10\/05\/toke-truall-per-shitje-ne-zogaj-darze-te-ulqinit-7-e-m%c2%b2-5\/darza_11\/'><img width=\"150\" height=\"150\" src=\"https:\/\/www.visit-ulcinj.com\/blog\/wp-content\/uploads\/2008\/10\/darza_11-150x150.jpg\" class=\"attachment-thumbnail size-thumbnail\" alt=\"\" loading=\"lazy\" \/><\/a>\n\t\t\t<\/dt><\/dl><br style=\"clear: both\" \/><dl class='gallery-item'>\n\t\t\t<dt class='gallery-icon landscape'>\n\t\t\t\t<a href='https:\/\/www.visit-ulcinj.com\/blog\/2008\/10\/05\/toke-truall-per-shitje-ne-zogaj-darze-te-ulqinit-7-e-m%c2%b2-5\/darza_12\/'><img width=\"150\" height=\"150\" src=\"https:\/\/www.visit-ulcinj.com\/blog\/wp-content\/uploads\/2008\/10\/darza_12-150x150.jpg\" class=\"attachment-thumbnail size-thumbnail\" alt=\"\" loading=\"lazy\" \/><\/a>\n\t\t\t<\/dt><\/dl><dl class='gallery-item'>\n\t\t\t<dt class='gallery-icon landscape'>\n\t\t\t\t<a href='https:\/\/www.visit-ulcinj.com\/blog\/2008\/10\/05\/toke-truall-per-shitje-ne-zogaj-darze-te-ulqinit-7-e-m%c2%b2-5\/darza_13\/'><img width=\"150\" height=\"150\" src=\"https:\/\/www.visit-ulcinj.com\/blog\/wp-content\/uploads\/2008\/10\/darza_13-150x150.jpg\" class=\"attachment-thumbnail size-thumbnail\" alt=\"\" loading=\"lazy\" \/><\/a>\n\t\t\t<\/dt><\/dl><dl class='gallery-item'>\n\t\t\t<dt class='gallery-icon landscape'>\n\t\t\t\t<a href='https:\/\/www.visit-ulcinj.com\/blog\/2008\/10\/05\/toke-truall-per-shitje-ne-zogaj-darze-te-ulqinit-7-e-m%c2%b2-5\/darza_14\/'><img width=\"150\" height=\"150\" src=\"https:\/\/www.visit-ulcinj.com\/blog\/wp-content\/uploads\/2008\/10\/darza_14-150x150.jpg\" class=\"attachment-thumbnail size-thumbnail\" alt=\"\" loading=\"lazy\" \/><\/a>\n\t\t\t<\/dt><\/dl><br style=\"clear: both\" \/><dl class='gallery-item'>\n\t\t\t<dt class='gallery-icon landscape'>\n\t\t\t\t<a href='https:\/\/www.visit-ulcinj.com\/blog\/2008\/10\/05\/toke-truall-per-shitje-ne-zogaj-darze-te-ulqinit-7-e-m%c2%b2-5\/darza_15\/'><img width=\"150\" height=\"150\" src=\"https:\/\/www.visit-ulcinj.com\/blog\/wp-content\/uploads\/2008\/10\/darza_15-150x150.jpg\" class=\"attachment-thumbnail size-thumbnail\" alt=\"\" loading=\"lazy\" \/><\/a>\n\t\t\t<\/dt><\/dl><dl class='gallery-item'>\n\t\t\t<dt class='gallery-icon landscape'>\n\t\t\t\t<a href='https:\/\/www.visit-ulcinj.com\/blog\/2008\/10\/05\/toke-truall-per-shitje-ne-zogaj-darze-te-ulqinit-7-e-m%c2%b2-5\/darza_16\/'><img width=\"150\" height=\"150\" src=\"https:\/\/www.visit-ulcinj.com\/blog\/wp-content\/uploads\/2008\/10\/darza_16-150x150.jpg\" class=\"attachment-thumbnail size-thumbnail\" alt=\"\" loading=\"lazy\" \/><\/a>\n\t\t\t<\/dt><\/dl><dl class='gallery-item'>\n\t\t\t<dt class='gallery-icon landscape'>\n\t\t\t\t<a href='https:\/\/www.visit-ulcinj.com\/blog\/2008\/10\/05\/toke-truall-per-shitje-ne-zogaj-darze-te-ulqinit-7-e-m%c2%b2-5\/darza_17\/'><img width=\"150\" height=\"150\" src=\"https:\/\/www.visit-ulcinj.com\/blog\/wp-content\/uploads\/2008\/10\/darza_17-150x150.jpg\" class=\"attachment-thumbnail size-thumbnail\" alt=\"\" loading=\"lazy\" \/><\/a>\n\t\t\t<\/dt><\/dl><br style=\"clear: both\" \/>\n\t\t<\/div>\n\n<p><strong>[flv width=&#8221;580&#8243; height=&#8221;400&#8243;]http:\/\/www.velikaplaza.info\/gallery\/video\/stream.php?f=Velika_Plaza_movie_Jan_2009.flv[\/flv]<\/strong><\/p>\n","protected":false},"excerpt":{"rendered":"<p>Truall p\u00ebr shitje n\u00eb Zogaj-Darz\u00eb t\u00eb Ulqinit\u00a0 12 \u20ac m\u00b2 N\u00eb Zogaj &#8211; Darz t\u00eb Ulqinit &#8211; 7000 metra katror, toka \u00ebsht\u00eb me sip\u00ebrfaqe t\u00eb rafsht dhe pak\u00ebs n\u00eb kod\u00ebr me shikim t\u00eb gj\u00ebr\u00eb n\u00eb Zogej \u2013 Darz\u00eb dhe Kodrat e Ulqinit dhe n\u00eb afert\u00ebsi t\u00eb rruges kryesore q\u00eb \u00e7on p\u00ebr Ulqin. Toka \u00ebsht e [&hellip;]<\/p>\n","protected":false},"author":1,"featured_media":0,"comment_status":"open","ping_status":"closed","sticky":false,"template":"","format":"standard","meta":{"spay_email":"","jetpack_publicize_message":"","jetpack_is_tweetstorm":false,"jetpack_publicize_feature_enabled":true},"categories":[2451],"tags":[4623,138,3403,4630,20,3408,3409,4633,3398,4635,4625,4637,4626,4631,3386,3390,3389,3388,3387,4442,3401,95,4627,79,1842,4628,4634,3396,4441,4438,4632,3399,3385,22015,3405,4629,3397,3404,4439,3799,3400,3402,19,3407,3406,200,3394,18,136,4636,1437,4624,1843,4440],"jetpack_publicize_connections":[],"yoast_head":"<!-- This site is optimized with the Yoast SEO plugin v19.1 - https:\/\/yoast.com\/wordpress\/plugins\/seo\/ -->\n<title>Tok\u00eb - Truall p\u00ebr shitje n\u00eb Zogaj-Darz\u00eb t\u00eb Ulqinit 12 \u20ac m\u00b2 - Lajme nga Ulqini<\/title>\n<meta name=\"description\" content=\"Truall p\u00ebr shitje n\u00eb Zogaj-Darz\u00eb t\u00eb Ulqinit\u00a0 12 \u20ac m\u00b2 N\u00eb Zogaj - Darz t\u00eb Ulqinit - 7000 metra katror, toka \u00ebsht\u00eb me sip\u00ebrfaqe t\u00eb rafsht dhe pak\u00ebs n\u00eb kod\u00ebr\" \/>\n<meta name=\"robots\" content=\"index, follow, max-snippet:-1, max-image-preview:large, max-video-preview:-1\" \/>\n<link rel=\"canonical\" href=\"https:\/\/www.visit-ulcinj.com\/blog\/2008\/10\/05\/toke-truall-per-shitje-ne-zogaj-darze-te-ulqinit-7-e-m\u00b2-5\/\" \/>\n<meta property=\"og:locale\" content=\"en_US\" \/>\n<meta property=\"og:type\" content=\"article\" \/>\n<meta property=\"og:title\" content=\"Tok\u00eb - Truall p\u00ebr shitje n\u00eb Zogaj-Darz\u00eb t\u00eb Ulqinit 12 \u20ac m\u00b2 - Lajme nga Ulqini\" \/>\n<meta property=\"og:description\" content=\"Truall p\u00ebr shitje n\u00eb Zogaj-Darz\u00eb t\u00eb Ulqinit\u00a0 12 \u20ac m\u00b2 N\u00eb Zogaj - Darz t\u00eb Ulqinit - 7000 metra katror, toka \u00ebsht\u00eb me sip\u00ebrfaqe t\u00eb rafsht dhe pak\u00ebs n\u00eb kod\u00ebr\" \/>\n<meta property=\"og:url\" content=\"https:\/\/www.visit-ulcinj.com\/blog\/2008\/10\/05\/toke-truall-per-shitje-ne-zogaj-darze-te-ulqinit-7-e-m\u00b2-5\/\" \/>\n<meta property=\"og:site_name\" content=\"Lajme nga Ulqini\" \/>\n<meta property=\"article:published_time\" content=\"2008-10-05T18:38:53+00:00\" \/>\n<meta property=\"article:modified_time\" content=\"2026-04-05T17:43:32+00:00\" \/>\n<meta property=\"og:image\" content=\"http:\/\/www.visit-ulcinj.com\/blog\/wp-content\/uploads\/2008\/10\/velika-pla__a_22-_4_a-150x150.jpg\" \/>\n<meta name=\"twitter:label1\" content=\"Written by\" \/>\n\t<meta name=\"twitter:data1\" content=\"ulqini\" \/>\n\t<meta name=\"twitter:label2\" content=\"Est. reading time\" \/>\n\t<meta name=\"twitter:data2\" content=\"1 minute\" \/>\n<script type=\"application\/ld+json\" class=\"yoast-schema-graph\">{\"@context\":\"https:\/\/schema.org\",\"@graph\":[{\"@type\":\"WebSite\",\"@id\":\"https:\/\/www.visit-ulcinj.com\/blog\/#website\",\"url\":\"https:\/\/www.visit-ulcinj.com\/blog\/\",\"name\":\"Lajme nga Ulqini\",\"description\":\"Lajme,Vijesti,Ulqini,Ulqin,Crna Gora,Mali i Zi\",\"potentialAction\":[{\"@type\":\"SearchAction\",\"target\":{\"@type\":\"EntryPoint\",\"urlTemplate\":\"https:\/\/www.visit-ulcinj.com\/blog\/?s={search_term_string}\"},\"query-input\":\"required name=search_term_string\"}],\"inLanguage\":\"en-US\"},{\"@type\":\"ImageObject\",\"inLanguage\":\"en-US\",\"@id\":\"https:\/\/www.visit-ulcinj.com\/blog\/2008\/10\/05\/toke-truall-per-shitje-ne-zogaj-darze-te-ulqinit-7-e-m%c2%b2-5\/#primaryimage\",\"url\":\"http:\/\/www.visit-ulcinj.com\/blog\/wp-content\/uploads\/2008\/10\/velika-pla__a_22-_4_a-300x198.jpg\",\"contentUrl\":\"http:\/\/www.visit-ulcinj.com\/blog\/wp-content\/uploads\/2008\/10\/velika-pla__a_22-_4_a-300x198.jpg\"},{\"@type\":\"WebPage\",\"@id\":\"https:\/\/www.visit-ulcinj.com\/blog\/2008\/10\/05\/toke-truall-per-shitje-ne-zogaj-darze-te-ulqinit-7-e-m%c2%b2-5\/#webpage\",\"url\":\"https:\/\/www.visit-ulcinj.com\/blog\/2008\/10\/05\/toke-truall-per-shitje-ne-zogaj-darze-te-ulqinit-7-e-m%c2%b2-5\/\",\"name\":\"Tok\u00eb - Truall p\u00ebr shitje n\u00eb Zogaj-Darz\u00eb t\u00eb Ulqinit 12 \u20ac m\u00b2 - Lajme nga Ulqini\",\"isPartOf\":{\"@id\":\"https:\/\/www.visit-ulcinj.com\/blog\/#website\"},\"primaryImageOfPage\":{\"@id\":\"https:\/\/www.visit-ulcinj.com\/blog\/2008\/10\/05\/toke-truall-per-shitje-ne-zogaj-darze-te-ulqinit-7-e-m%c2%b2-5\/#primaryimage\"},\"datePublished\":\"2008-10-05T18:38:53+00:00\",\"dateModified\":\"2026-04-05T17:43:32+00:00\",\"author\":{\"@id\":\"https:\/\/www.visit-ulcinj.com\/blog\/#\/schema\/person\/dcab619c614d3038751c63bc2aadc06d\"},\"description\":\"Truall p\u00ebr shitje n\u00eb Zogaj-Darz\u00eb t\u00eb Ulqinit\u00a0 12 \u20ac m\u00b2 N\u00eb Zogaj - Darz t\u00eb Ulqinit - 7000 metra katror, toka \u00ebsht\u00eb me sip\u00ebrfaqe t\u00eb rafsht dhe pak\u00ebs n\u00eb kod\u00ebr\",\"breadcrumb\":{\"@id\":\"https:\/\/www.visit-ulcinj.com\/blog\/2008\/10\/05\/toke-truall-per-shitje-ne-zogaj-darze-te-ulqinit-7-e-m%c2%b2-5\/#breadcrumb\"},\"inLanguage\":\"en-US\",\"potentialAction\":[{\"@type\":\"ReadAction\",\"target\":[\"https:\/\/www.visit-ulcinj.com\/blog\/2008\/10\/05\/toke-truall-per-shitje-ne-zogaj-darze-te-ulqinit-7-e-m%c2%b2-5\/\"]}]},{\"@type\":\"BreadcrumbList\",\"@id\":\"https:\/\/www.visit-ulcinj.com\/blog\/2008\/10\/05\/toke-truall-per-shitje-ne-zogaj-darze-te-ulqinit-7-e-m%c2%b2-5\/#breadcrumb\",\"itemListElement\":[{\"@type\":\"ListItem\",\"position\":1,\"name\":\"Tok\u00eb &#8211; Truall p\u00ebr shitje n\u00eb Zogaj-Darz\u00eb t\u00eb Ulqinit 12 \u20ac m\u00b2\"}]},{\"@type\":\"Person\",\"@id\":\"https:\/\/www.visit-ulcinj.com\/blog\/#\/schema\/person\/dcab619c614d3038751c63bc2aadc06d\",\"name\":\"ulqini\",\"sameAs\":[\"http:\/\/www.visit-ulcinj.com\"],\"url\":\"https:\/\/www.visit-ulcinj.com\/blog\/author\/admin\/\"}]}<\/script>\n<!-- \/ Yoast SEO plugin. -->","yoast_head_json":{"title":"Tok\u00eb - Truall p\u00ebr shitje n\u00eb Zogaj-Darz\u00eb t\u00eb Ulqinit 12 \u20ac m\u00b2 - Lajme nga Ulqini","description":"Truall p\u00ebr shitje n\u00eb Zogaj-Darz\u00eb t\u00eb Ulqinit\u00a0 12 \u20ac m\u00b2 N\u00eb Zogaj - Darz t\u00eb Ulqinit - 7000 metra katror, toka \u00ebsht\u00eb me sip\u00ebrfaqe t\u00eb rafsht dhe pak\u00ebs n\u00eb kod\u00ebr","robots":{"index":"index","follow":"follow","max-snippet":"max-snippet:-1","max-image-preview":"max-image-preview:large","max-video-preview":"max-video-preview:-1"},"canonical":"https:\/\/www.visit-ulcinj.com\/blog\/2008\/10\/05\/toke-truall-per-shitje-ne-zogaj-darze-te-ulqinit-7-e-m\u00b2-5\/","og_locale":"en_US","og_type":"article","og_title":"Tok\u00eb - Truall p\u00ebr shitje n\u00eb Zogaj-Darz\u00eb t\u00eb Ulqinit 12 \u20ac m\u00b2 - Lajme nga Ulqini","og_description":"Truall p\u00ebr shitje n\u00eb Zogaj-Darz\u00eb t\u00eb Ulqinit\u00a0 12 \u20ac m\u00b2 N\u00eb Zogaj - Darz t\u00eb Ulqinit - 7000 metra katror, toka \u00ebsht\u00eb me sip\u00ebrfaqe t\u00eb rafsht dhe pak\u00ebs n\u00eb kod\u00ebr","og_url":"https:\/\/www.visit-ulcinj.com\/blog\/2008\/10\/05\/toke-truall-per-shitje-ne-zogaj-darze-te-ulqinit-7-e-m\u00b2-5\/","og_site_name":"Lajme nga Ulqini","article_published_time":"2008-10-05T18:38:53+00:00","article_modified_time":"2026-04-05T17:43:32+00:00","og_image":[{"url":"http:\/\/www.visit-ulcinj.com\/blog\/wp-content\/uploads\/2008\/10\/velika-pla__a_22-_4_a-150x150.jpg"}],"twitter_misc":{"Written by":"ulqini","Est. reading time":"1 minute"},"schema":{"@context":"https:\/\/schema.org","@graph":[{"@type":"WebSite","@id":"https:\/\/www.visit-ulcinj.com\/blog\/#website","url":"https:\/\/www.visit-ulcinj.com\/blog\/","name":"Lajme nga Ulqini","description":"Lajme,Vijesti,Ulqini,Ulqin,Crna Gora,Mali i Zi","potentialAction":[{"@type":"SearchAction","target":{"@type":"EntryPoint","urlTemplate":"https:\/\/www.visit-ulcinj.com\/blog\/?s={search_term_string}"},"query-input":"required name=search_term_string"}],"inLanguage":"en-US"},{"@type":"ImageObject","inLanguage":"en-US","@id":"https:\/\/www.visit-ulcinj.com\/blog\/2008\/10\/05\/toke-truall-per-shitje-ne-zogaj-darze-te-ulqinit-7-e-m%c2%b2-5\/#primaryimage","url":"http:\/\/www.visit-ulcinj.com\/blog\/wp-content\/uploads\/2008\/10\/velika-pla__a_22-_4_a-300x198.jpg","contentUrl":"http:\/\/www.visit-ulcinj.com\/blog\/wp-content\/uploads\/2008\/10\/velika-pla__a_22-_4_a-300x198.jpg"},{"@type":"WebPage","@id":"https:\/\/www.visit-ulcinj.com\/blog\/2008\/10\/05\/toke-truall-per-shitje-ne-zogaj-darze-te-ulqinit-7-e-m%c2%b2-5\/#webpage","url":"https:\/\/www.visit-ulcinj.com\/blog\/2008\/10\/05\/toke-truall-per-shitje-ne-zogaj-darze-te-ulqinit-7-e-m%c2%b2-5\/","name":"Tok\u00eb - Truall p\u00ebr shitje n\u00eb Zogaj-Darz\u00eb t\u00eb Ulqinit 12 \u20ac m\u00b2 - Lajme nga Ulqini","isPartOf":{"@id":"https:\/\/www.visit-ulcinj.com\/blog\/#website"},"primaryImageOfPage":{"@id":"https:\/\/www.visit-ulcinj.com\/blog\/2008\/10\/05\/toke-truall-per-shitje-ne-zogaj-darze-te-ulqinit-7-e-m%c2%b2-5\/#primaryimage"},"datePublished":"2008-10-05T18:38:53+00:00","dateModified":"2026-04-05T17:43:32+00:00","author":{"@id":"https:\/\/www.visit-ulcinj.com\/blog\/#\/schema\/person\/dcab619c614d3038751c63bc2aadc06d"},"description":"Truall p\u00ebr shitje n\u00eb Zogaj-Darz\u00eb t\u00eb Ulqinit\u00a0 12 \u20ac m\u00b2 N\u00eb Zogaj - Darz t\u00eb Ulqinit - 7000 metra katror, toka \u00ebsht\u00eb me sip\u00ebrfaqe t\u00eb rafsht dhe pak\u00ebs n\u00eb kod\u00ebr","breadcrumb":{"@id":"https:\/\/www.visit-ulcinj.com\/blog\/2008\/10\/05\/toke-truall-per-shitje-ne-zogaj-darze-te-ulqinit-7-e-m%c2%b2-5\/#breadcrumb"},"inLanguage":"en-US","potentialAction":[{"@type":"ReadAction","target":["https:\/\/www.visit-ulcinj.com\/blog\/2008\/10\/05\/toke-truall-per-shitje-ne-zogaj-darze-te-ulqinit-7-e-m%c2%b2-5\/"]}]},{"@type":"BreadcrumbList","@id":"https:\/\/www.visit-ulcinj.com\/blog\/2008\/10\/05\/toke-truall-per-shitje-ne-zogaj-darze-te-ulqinit-7-e-m%c2%b2-5\/#breadcrumb","itemListElement":[{"@type":"ListItem","position":1,"name":"Tok\u00eb &#8211; Truall p\u00ebr shitje n\u00eb Zogaj-Darz\u00eb t\u00eb Ulqinit 12 \u20ac m\u00b2"}]},{"@type":"Person","@id":"https:\/\/www.visit-ulcinj.com\/blog\/#\/schema\/person\/dcab619c614d3038751c63bc2aadc06d","name":"ulqini","sameAs":["http:\/\/www.visit-ulcinj.com"],"url":"https:\/\/www.visit-ulcinj.com\/blog\/author\/admin\/"}]}},"jetpack_featured_media_url":"","jetpack_sharing_enabled":true,"jetpack_shortlink":"https:\/\/wp.me\/pe6lTn-11u","_links":{"self":[{"href":"https:\/\/www.visit-ulcinj.com\/blog\/wp-json\/wp\/v2\/posts\/3936"}],"collection":[{"href":"https:\/\/www.visit-ulcinj.com\/blog\/wp-json\/wp\/v2\/posts"}],"about":[{"href":"https:\/\/www.visit-ulcinj.com\/blog\/wp-json\/wp\/v2\/types\/post"}],"author":[{"embeddable":true,"href":"https:\/\/www.visit-ulcinj.com\/blog\/wp-json\/wp\/v2\/users\/1"}],"replies":[{"embeddable":true,"href":"https:\/\/www.visit-ulcinj.com\/blog\/wp-json\/wp\/v2\/comments?post=3936"}],"version-history":[{"count":6,"href":"https:\/\/www.visit-ulcinj.com\/blog\/wp-json\/wp\/v2\/posts\/3936\/revisions"}],"predecessor-version":[{"id":106981,"href":"https:\/\/www.visit-ulcinj.com\/blog\/wp-json\/wp\/v2\/posts\/3936\/revisions\/106981"}],"wp:attachment":[{"href":"https:\/\/www.visit-ulcinj.com\/blog\/wp-json\/wp\/v2\/media?parent=3936"}],"wp:term":[{"taxonomy":"category","embeddable":true,"href":"https:\/\/www.visit-ulcinj.com\/blog\/wp-json\/wp\/v2\/categories?post=3936"},{"taxonomy":"post_tag","embeddable":true,"href":"https:\/\/www.visit-ulcinj.com\/blog\/wp-json\/wp\/v2\/tags?post=3936"}],"curies":[{"name":"wp","href":"https:\/\/api.w.org\/{rel}","templated":true}]}}