{"id":394,"date":"2008-02-06T03:07:01","date_gmt":"2008-02-06T08:07:01","guid":{"rendered":"http:\/\/www.visit-ulcinj.com\/blog\/2008\/02\/06\/takime-ne-fryme-te-bashkepunimit\/"},"modified":"2008-02-12T15:13:44","modified_gmt":"2008-02-12T20:13:44","slug":"takime-ne-fryme-te-bashkepunimit","status":"publish","type":"post","link":"https:\/\/www.visit-ulcinj.com\/blog\/2008\/02\/06\/takime-ne-fryme-te-bashkepunimit\/","title":{"rendered":"Deputeti Vasel Sinishtaj dhe kryetari i kuvendit t\u00eb t\u00eb tuzit,Nikoll\u00eb Camaj u kthyen nga SHBA-ja"},"content":{"rendered":"<p align=\"left\"><a href=\"http:\/\/www.visit-ulcinj.com\/blog\/2008\/02\/06\/takime-ne-fryme-te-bashkepunimit\/vasel-sinishtaj_nikolle-camaj\/\" rel=\"attachment wp-att-448\" title=\"Vasel Sinishtaj_Nikoll\u00eb Camaj,\"><img loading=\"lazy\" src=\"http:\/\/www.visit-ulcinj.com\/blog\/wp-content\/uploads\/2008\/02\/camaj_sinishtaj.jpg\" alt=\"Vasel Sinishtaj_Nikoll\u00eb Camaj,\" align=\"left\" height=\"183\" hspace=\"2\" vspace=\"2\" width=\"245\" \/><\/a><span><font face=\"Verdana\" size=\"2\"><strong>Takime n\u00eb frym\u00eb t\u00eb bashk\u00ebpunimit<\/strong><\/font><\/span><\/p>\n<p align=\"left\"><span><\/span><span><font face=\"Verdana\" size=\"2\">Tuz- Me ftes\u00ebn e OJQ &#8220;Atdheu na Bashkon&#8221;, deputeti i ASH, Vasel Sinishtaj q<\/font><\/span><a href=\"http:\/\/www.visit-ulcinj.com\/blog\/wp-content\/uploads\/2008\/01\/vasel-sinishtaj.jpg\" title=\"Vasel Sinishtaj\"><img loading=\"lazy\" src=\"http:\/\/www.visit-ulcinj.com\/blog\/wp-content\/uploads\/2008\/01\/vasel-sinishtaj.thumbnail.jpg\" alt=\"Vasel Sinishtaj\" align=\"left\" border=\"0\" height=\"1\" hspace=\"2\" vspace=\"2\" width=\"1\" \/><\/a><span><font face=\"Verdana\" size=\"2\"><img loading=\"lazy\" src=\"http:\/\/www.visit-ulcinj.com\/blog\/wp-content\/uploads\/2008\/01\/vasel-sinishtaj.thumbnail.jpg\" alt=\"Vasel Sinishtaj\" align=\"left\" border=\"0\" height=\"1\" hspace=\"2\" vspace=\"2\" width=\"1\" \/>\u00ebndroi p\u00ebr vizit\u00eb zyrtare n\u00eb SHBA, me \u00e7rast ai atje u takua edhe me disa p\u00ebrfaq\u00ebsues t\u00eb OJQ, si &#8220;Mal\u00ebsia e Madhe&#8221;- Detroit, Fondacioni &#8220;Mal\u00ebsia&#8221;- Nju-Jork etj. Deputeti Sinishtaj me bashkatdhetar\u00ebt atje shk\u00ebmbyen mendime rreth gj\u00ebrave q\u00eb m\u00eb s\u00eb tep\u00ebrmi i interesonin diaspor\u00ebs son\u00eb. &#8221; Isha i ftuar nga Shoqata &#8220;Atdheu na Bashkon&#8221; ku mora pjes\u00eb n\u00eb dhjetor t\u00eb vitit t\u00eb kaluar edhe n\u00eb konferenc\u00ebn e tyre t\u00eb<\/font><\/span><\/p>\n<p><!--more--><span><font face=\"Verdana\" size=\"2\"> organizuar n\u00eb Nju-Jork, ku mes tjerash u diskutua edhe p\u00ebr miratimin e Kushtetut\u00ebs s\u00eb re t\u00eb Malit t\u00eb Zi si dhe p\u00ebr mund\u00ebsin\u00eb e organizimit t\u00eb referendumit p\u00ebr Komun\u00eb t\u00eb m\u00ebvet\u00ebsishme t\u00eb Tuzit.<br \/>\nNd\u00ebrkaq, kryetari i Kuvendit t\u00eb KU t\u00eb Tuzit, Nikoll\u00eb Camaj, gjat\u00eb q\u00ebndrimit n\u00eb SHBA gjithashtu pati rast t\u00eb realizoj\u00eb nj\u00eb s\u00ebr\u00eb takimesh me bashkatdhetar\u00ebt, duke ve\u00e7uar takimet me shoqatat: &#8220;Mal\u00ebsia e Madhe&#8221; nga Detroiti, &#8221; Vendlindja na th\u00ebrret&#8221;, Fondacioni &#8220;Mal\u00ebsia&#8221; dhe Shoqata &#8220;Ded\u00eb Gjo` Luli&#8221; nga Nju-Jorku, me \u00e7rast ata shk\u00ebmbyen mendime me bashkatdhetar\u00ebt mbi mund\u00ebsit\u00eb e bashk\u00ebpunimit m\u00eb t\u00eb mir\u00eb t\u00eb diaspor\u00ebs me vendlindjen.<br \/>\n&#8220;\u00cbsht\u00eb nj\u00eb rast i volitsh\u00ebm p\u00ebr t\u00eb cekur se Shoqata &#8220;Mal\u00ebsia e Madhe&#8221; nga Detroiti edhe k\u00ebt\u00eb vit i ndihmoi familjet n\u00eb nevoj\u00eb sociale me nj\u00eb vler\u00eb prej 20.000 dollar\u00ebsh amerikan\u00eb.<br \/>\nNd\u00ebrkaq, Fondacioni &#8220;Mal\u00ebsia&#8221; nga Nju- Jorku iu ndau bursat 26 student\u00ebve q\u00eb studiojn\u00eb n\u00ebp\u00ebr qendra t\u00eb ndryshme universitare n\u00eb Kosov\u00eb, Shqip\u00ebri dhe Podgoric\u00eb&#8221;, deklaroi Nikoll\u00eb Camaj. Ai e p\u00ebrcolli mesazhin e k\u00ebtyre dy shoqatave se edhe n\u00eb t\u00eb ardhmen do t\u00eb kujdesen p\u00ebr sigurimin e mjeteve sociale dhe t\u00eb bursave p\u00ebr student\u00eb, duke pasur parasysh k\u00ebtu edhe nevojat p\u00ebr kuadro specifike kur \u00ebsht\u00eb fjala p\u00ebr bursa.<\/font><\/span><span><\/span><span><strong><font face=\"Verdana\" size=\"2\">rr.d.<\/font><\/strong><\/span><\/p>\n<p>www.koha javore.cg.yu<\/p>\n<p><font color=\"#000000\" face=\"Tahoma\" size=\"+2\">Konferenca e tret e l\u00ebvizjes &#8220;Atdheu na Bashkon&#8221;<\/font><\/p>\n<table border=\"0\" cellpadding=\"8\" cellspacing=\"8\" width=\"500\">\n<tr>\n<td align=\"center\"><font color=\"#000000\" face=\"Tahoma\" size=\"-1\"><a href=\"http:\/\/malesia.org\/ngjarjet\/konferenca_NY\/index2.html\">Next<\/a><\/font><font color=\"#000000\" face=\"Tahoma\" size=\"-1\"> <strong>1<\/strong> <a href=\"http:\/\/malesia.org\/ngjarjet\/konferenca_NY\/index2.html\">2<\/a> <a href=\"http:\/\/malesia.org\/ngjarjet\/konferenca_Chigaco_MICh\/index.html\">3<\/a><\/font><\/td>\n<\/tr>\n<\/table>\n<table border=\"0\" cellpadding=\"8\" cellspacing=\"8\" height=\"498\" width=\"553\">\n<tr>\n<td align=\"center\" bgcolor=\"#eeeeee\" height=\"147\" valign=\"middle\" width=\"158\"><font color=\"#000000\" face=\"Tahoma\" size=\"-1\"><a href=\"http:\/\/malesia.org\/ngjarjet\/konferenca_NY\/DSC03666.html\"><img loading=\"lazy\" src=\"http:\/\/malesia.org\/ngjarjet\/konferenca_NY\/thumb_DSC03666.jpg\" border=\"0\" height=\"112\" width=\"150\" \/><\/a><\/font><\/td>\n<td align=\"center\" bgcolor=\"#eeeeee\" height=\"147\" valign=\"middle\" width=\"158\"><font color=\"#000000\" face=\"Tahoma\" size=\"-1\"><a href=\"http:\/\/malesia.org\/ngjarjet\/konferenca_NY\/DSC03674.html\"><img loading=\"lazy\" src=\"http:\/\/malesia.org\/ngjarjet\/konferenca_NY\/thumb_DSC03674.jpg\" border=\"0\" height=\"112\" width=\"150\" \/><\/a><\/font><\/td>\n<td align=\"center\" bgcolor=\"#eeeeee\" height=\"147\" valign=\"middle\" width=\"165\"><font color=\"#000000\" face=\"Tahoma\" size=\"-1\"><a href=\"http:\/\/malesia.org\/ngjarjet\/konferenca_NY\/DSC03678.html\"><img loading=\"lazy\" src=\"http:\/\/malesia.org\/ngjarjet\/konferenca_NY\/thumb_DSC03678.jpg\" border=\"0\" height=\"112\" width=\"150\" \/><\/a><\/font><\/td>\n<\/tr>\n<tr>\n<td align=\"center\" bgcolor=\"#eeeeee\" height=\"147\" valign=\"middle\" width=\"158\"><font color=\"#000000\" face=\"Tahoma\" size=\"-1\"><a href=\"http:\/\/malesia.org\/ngjarjet\/konferenca_NY\/DSC03683.html\"><img loading=\"lazy\" src=\"http:\/\/malesia.org\/ngjarjet\/konferenca_NY\/thumb_DSC03683.jpg\" border=\"0\" height=\"112\" width=\"150\" \/><\/a><\/font><\/td>\n<td align=\"center\" bgcolor=\"#eeeeee\" height=\"147\" valign=\"middle\" width=\"158\"><font color=\"#000000\" face=\"Tahoma\" size=\"-1\"><a href=\"http:\/\/malesia.org\/ngjarjet\/konferenca_NY\/DSC03684.html\"><img loading=\"lazy\" src=\"http:\/\/malesia.org\/ngjarjet\/konferenca_NY\/thumb_DSC03684.jpg\" border=\"0\" height=\"112\" width=\"150\" \/><\/a><\/font><\/td>\n<td align=\"center\" bgcolor=\"#eeeeee\" height=\"147\" valign=\"middle\" width=\"165\"><font color=\"#000000\" face=\"Tahoma\" size=\"-1\"><a href=\"http:\/\/malesia.org\/ngjarjet\/konferenca_NY\/DSC03690.html\"><img loading=\"lazy\" src=\"http:\/\/malesia.org\/ngjarjet\/konferenca_NY\/thumb_DSC03690.jpg\" border=\"0\" height=\"112\" width=\"150\" \/><\/a><\/font><\/td>\n<\/tr>\n<tr>\n<td align=\"center\" bgcolor=\"#eeeeee\" height=\"132\" valign=\"middle\" width=\"158\"><font color=\"#000000\" face=\"Tahoma\" size=\"-1\"><a href=\"http:\/\/malesia.org\/ngjarjet\/konferenca_NY\/DSC03693.html\"><img loading=\"lazy\" src=\"http:\/\/malesia.org\/ngjarjet\/konferenca_NY\/thumb_DSC03693.jpg\" border=\"0\" height=\"112\" width=\"150\" \/><\/a><\/font><\/td>\n<td align=\"center\" bgcolor=\"#eeeeee\" height=\"132\" valign=\"middle\" width=\"158\"><font color=\"#000000\" face=\"Tahoma\" size=\"-1\"><a href=\"http:\/\/malesia.org\/ngjarjet\/konferenca_NY\/DSC03694.html\"><img loading=\"lazy\" src=\"http:\/\/malesia.org\/ngjarjet\/konferenca_NY\/thumb_DSC03694.jpg\" border=\"0\" height=\"112\" width=\"150\" \/><\/a><\/font><\/td>\n<td align=\"center\" bgcolor=\"#eeeeee\" height=\"132\" valign=\"middle\" width=\"165\"><font color=\"#000000\" face=\"Tahoma\" size=\"-1\"><a href=\"http:\/\/malesia.org\/ngjarjet\/konferenca_NY\/DSC03698.html\"><img loading=\"lazy\" src=\"http:\/\/malesia.org\/ngjarjet\/konferenca_NY\/thumb_DSC03698.jpg\" border=\"0\" height=\"112\" width=\"150\" \/><\/a><\/font><\/td>\n<\/tr>\n<\/table>\n<p><span><font face=\"Verdana\" size=\"2\"><strong><font color=\"#ff0000\" size=\"2\">Takim i z. Vasel Sinishtaj dhe z. Nikolle Camaj me shoqatat shqiptare qe veprojne ne Nju Jork<\/font><\/strong><\/font><\/span><\/p>\n<p><font face=\"Verdana\" size=\"2\">Te merkuren (9 janar) ne ora 6 te mbremejes ne zyren e z. Naser dhe Miriam Cobaj u mbajt nji takim ne mes z. Vasel Sinishtaj (Deputet i Alteranatives shqiptare) ne parlamentin malazias, dhe z. Nikolle Camaj (Kryetar i parlamentint te komunes urbane te Tuzit) dhe shoqatatve qe veprojne ne diaspore.<br \/>\nKete takim e percodhen edhe TV Kultura shqipatre (Adem Belliu) dhe kanali TV 21 z. Halil Mula, ku ata bene interviste me Vaselin e Nikollen.<br \/>\nQellimi i ketij takimi ishte qe te gjindet nji menyre me e mire dhe me efikase e bashkpunimit: Vendlidje-diaspore.<br \/>\nSi Vaseli ashtu edhe Nikolla folen per arritjet e partive shqiptare dhe per aspiratat qe kane ato, menyren e veprimit qe tash e tutje te bashkpunojne me shume per realizimin e te drejtave tona si popull autokton nen Mal te Zi. Gjate bisedave ra ne sy se fatkeqesishte nganjihere mungon bashkpunimi nderpartiak tek subjekti shqipatr ne vend, dhe mu per kete aresye nganjihere shqiptaret nuk kan sukses aq sa duhet dhe sa mund te kishin, sikur ata te ishin me kompakt, dhe te kosultoheshin ne mes vedi.<br \/>\nNe takim moren pjese: Dr. Paloke Camaj, Sabri Gjoni (avokat) Naser Cobaj, Pashko Camaj, Kole Cacaj, Muharrem Hardolli, Ymer Ahmetaj, Hysen Ulaj, Gjon Dedvukaj, Prele Sinishtaj.<br \/>\nPas prezantimit te Vaselit e Nikolles mbledhja vazhdoj me pyetje pergjigje, ku te pranishmit u njoftuan me mire me situaten ne vend.<br \/>\nSi z. Camaj ashtu edhe z. Sinishtaj premtuan se do te bashkpunojne me afer me diasporen shqiptare, e sidomos me levizjen&#8221;Atdheu na Bashkon&#8221; qe kohet e fundit po punon shume ne afersimin e faktorit politik ne vend me diasporen. Kjo eshte e nevojshme se sic e dijme si pasoje e bastisjeve dhe arrestimeve te Shtatorit te vitit 2006, marredhenjet vendlindje-diaspore u ftohen pak!<br \/>\nNji jave me pare nji tubim i tille u be edhe ne sallen e kishes se &#8220;Shen Palit&#8221; ne Detroit. Kete tubim e organizoj shoqata e atjeshme &#8220;Malesia e Madhe&#8221;. Te gjithe te pranishmit falenderuan z.Naser Cobaj, per mundesimin e ketij tubimi ne zyren e tij. Z. Naser Cobaj (Nenkrytar i levizjes &#8220;Atdheu na Bashkon&#8221;) eshte nji puntor i palodhur i ceshtjes shqiptare, qe me punen dhe kontributin e tij i jep gjallni shoqates ne te cilen ai punon. Ne i jemi mirenjohes atij dhe te gjithe atyre qe veprojne, qe ne nji menyre apo tjeter japin kontributin e vet, per te miren e popullit shqiptare.<br \/>\nP.S.<\/font><\/p>\n","protected":false},"excerpt":{"rendered":"<p><img loading=\"lazy\" src=\"http:\/\/www.visit-ulcinj.com\/blog\/wp-content\/uploads\/2008\/02\/camaj_sinishtaj.jpg\" alt=\"Vasel Sinishtaj_Nikoll\u00eb Camaj,\" height=\"140\" width=\"140\" \/><\/p>\n","protected":false},"author":1,"featured_media":0,"comment_status":"open","ping_status":"closed","sticky":false,"template":"","format":"standard","meta":{"spay_email":"","jetpack_publicize_message":"","jetpack_is_tweetstorm":false,"jetpack_publicize_feature_enabled":true},"categories":[6],"tags":[1146,1083,1084,1091,1090,1087,1088,1082,189,1081,1086,1092,1085,348,1089],"jetpack_publicize_connections":[],"yoast_head":"<!-- This site is optimized with the Yoast SEO plugin v19.1 - https:\/\/yoast.com\/wordpress\/plugins\/seo\/ -->\n<title>Deputeti Vasel Sinishtaj dhe kryetari i kuvendit t\u00eb t\u00eb tuzit,Nikoll\u00eb Camaj u kthyen nga SHBA-ja - Lajme nga Ulqini<\/title>\n<meta name=\"robots\" content=\"index, follow, max-snippet:-1, max-image-preview:large, max-video-preview:-1\" \/>\n<link rel=\"canonical\" href=\"https:\/\/www.visit-ulcinj.com\/blog\/2008\/02\/06\/takime-ne-fryme-te-bashkepunimit\/\" \/>\n<meta property=\"og:locale\" content=\"en_US\" \/>\n<meta property=\"og:type\" content=\"article\" \/>\n<meta property=\"og:title\" content=\"Deputeti Vasel Sinishtaj dhe kryetari i kuvendit t\u00eb t\u00eb tuzit,Nikoll\u00eb Camaj u kthyen nga SHBA-ja - Lajme nga Ulqini\" \/>\n<meta property=\"og:url\" content=\"https:\/\/www.visit-ulcinj.com\/blog\/2008\/02\/06\/takime-ne-fryme-te-bashkepunimit\/\" \/>\n<meta property=\"og:site_name\" content=\"Lajme nga Ulqini\" \/>\n<meta property=\"article:published_time\" content=\"2008-02-06T08:07:01+00:00\" \/>\n<meta property=\"article:modified_time\" content=\"2008-02-12T20:13:44+00:00\" \/>\n<meta property=\"og:image\" content=\"http:\/\/www.visit-ulcinj.com\/blog\/wp-content\/uploads\/2008\/02\/camaj_sinishtaj.jpg\" \/>\n<meta name=\"twitter:label1\" content=\"Written by\" \/>\n\t<meta name=\"twitter:data1\" content=\"ulqini\" \/>\n\t<meta name=\"twitter:label2\" content=\"Est. reading time\" \/>\n\t<meta name=\"twitter:data2\" content=\"4 minutes\" \/>\n<script type=\"application\/ld+json\" class=\"yoast-schema-graph\">{\"@context\":\"https:\/\/schema.org\",\"@graph\":[{\"@type\":\"WebSite\",\"@id\":\"https:\/\/www.visit-ulcinj.com\/blog\/#website\",\"url\":\"https:\/\/www.visit-ulcinj.com\/blog\/\",\"name\":\"Lajme nga Ulqini\",\"description\":\"Lajme,Vijesti,Ulqini,Ulqin,Crna Gora,Mali i Zi\",\"potentialAction\":[{\"@type\":\"SearchAction\",\"target\":{\"@type\":\"EntryPoint\",\"urlTemplate\":\"https:\/\/www.visit-ulcinj.com\/blog\/?s={search_term_string}\"},\"query-input\":\"required name=search_term_string\"}],\"inLanguage\":\"en-US\"},{\"@type\":\"ImageObject\",\"inLanguage\":\"en-US\",\"@id\":\"https:\/\/www.visit-ulcinj.com\/blog\/2008\/02\/06\/takime-ne-fryme-te-bashkepunimit\/#primaryimage\",\"url\":\"http:\/\/www.visit-ulcinj.com\/blog\/wp-content\/uploads\/2008\/02\/camaj_sinishtaj.jpg\",\"contentUrl\":\"http:\/\/www.visit-ulcinj.com\/blog\/wp-content\/uploads\/2008\/02\/camaj_sinishtaj.jpg\"},{\"@type\":\"WebPage\",\"@id\":\"https:\/\/www.visit-ulcinj.com\/blog\/2008\/02\/06\/takime-ne-fryme-te-bashkepunimit\/#webpage\",\"url\":\"https:\/\/www.visit-ulcinj.com\/blog\/2008\/02\/06\/takime-ne-fryme-te-bashkepunimit\/\",\"name\":\"Deputeti Vasel Sinishtaj dhe kryetari i kuvendit t\u00eb t\u00eb tuzit,Nikoll\u00eb Camaj u kthyen nga SHBA-ja - Lajme nga Ulqini\",\"isPartOf\":{\"@id\":\"https:\/\/www.visit-ulcinj.com\/blog\/#website\"},\"primaryImageOfPage\":{\"@id\":\"https:\/\/www.visit-ulcinj.com\/blog\/2008\/02\/06\/takime-ne-fryme-te-bashkepunimit\/#primaryimage\"},\"datePublished\":\"2008-02-06T08:07:01+00:00\",\"dateModified\":\"2008-02-12T20:13:44+00:00\",\"author\":{\"@id\":\"https:\/\/www.visit-ulcinj.com\/blog\/#\/schema\/person\/dcab619c614d3038751c63bc2aadc06d\"},\"breadcrumb\":{\"@id\":\"https:\/\/www.visit-ulcinj.com\/blog\/2008\/02\/06\/takime-ne-fryme-te-bashkepunimit\/#breadcrumb\"},\"inLanguage\":\"en-US\",\"potentialAction\":[{\"@type\":\"ReadAction\",\"target\":[\"https:\/\/www.visit-ulcinj.com\/blog\/2008\/02\/06\/takime-ne-fryme-te-bashkepunimit\/\"]}]},{\"@type\":\"BreadcrumbList\",\"@id\":\"https:\/\/www.visit-ulcinj.com\/blog\/2008\/02\/06\/takime-ne-fryme-te-bashkepunimit\/#breadcrumb\",\"itemListElement\":[{\"@type\":\"ListItem\",\"position\":1,\"name\":\"Deputeti Vasel Sinishtaj dhe kryetari i kuvendit t\u00eb t\u00eb tuzit,Nikoll\u00eb Camaj u kthyen nga SHBA-ja\"}]},{\"@type\":\"Person\",\"@id\":\"https:\/\/www.visit-ulcinj.com\/blog\/#\/schema\/person\/dcab619c614d3038751c63bc2aadc06d\",\"name\":\"ulqini\",\"sameAs\":[\"http:\/\/www.visit-ulcinj.com\"],\"url\":\"https:\/\/www.visit-ulcinj.com\/blog\/author\/admin\/\"}]}<\/script>\n<!-- \/ Yoast SEO plugin. -->","yoast_head_json":{"title":"Deputeti Vasel Sinishtaj dhe kryetari i kuvendit t\u00eb t\u00eb tuzit,Nikoll\u00eb Camaj u kthyen nga SHBA-ja - Lajme nga Ulqini","robots":{"index":"index","follow":"follow","max-snippet":"max-snippet:-1","max-image-preview":"max-image-preview:large","max-video-preview":"max-video-preview:-1"},"canonical":"https:\/\/www.visit-ulcinj.com\/blog\/2008\/02\/06\/takime-ne-fryme-te-bashkepunimit\/","og_locale":"en_US","og_type":"article","og_title":"Deputeti Vasel Sinishtaj dhe kryetari i kuvendit t\u00eb t\u00eb tuzit,Nikoll\u00eb Camaj u kthyen nga SHBA-ja - Lajme nga Ulqini","og_url":"https:\/\/www.visit-ulcinj.com\/blog\/2008\/02\/06\/takime-ne-fryme-te-bashkepunimit\/","og_site_name":"Lajme nga Ulqini","article_published_time":"2008-02-06T08:07:01+00:00","article_modified_time":"2008-02-12T20:13:44+00:00","og_image":[{"url":"http:\/\/www.visit-ulcinj.com\/blog\/wp-content\/uploads\/2008\/02\/camaj_sinishtaj.jpg"}],"twitter_misc":{"Written by":"ulqini","Est. reading time":"4 minutes"},"schema":{"@context":"https:\/\/schema.org","@graph":[{"@type":"WebSite","@id":"https:\/\/www.visit-ulcinj.com\/blog\/#website","url":"https:\/\/www.visit-ulcinj.com\/blog\/","name":"Lajme nga Ulqini","description":"Lajme,Vijesti,Ulqini,Ulqin,Crna Gora,Mali i Zi","potentialAction":[{"@type":"SearchAction","target":{"@type":"EntryPoint","urlTemplate":"https:\/\/www.visit-ulcinj.com\/blog\/?s={search_term_string}"},"query-input":"required name=search_term_string"}],"inLanguage":"en-US"},{"@type":"ImageObject","inLanguage":"en-US","@id":"https:\/\/www.visit-ulcinj.com\/blog\/2008\/02\/06\/takime-ne-fryme-te-bashkepunimit\/#primaryimage","url":"http:\/\/www.visit-ulcinj.com\/blog\/wp-content\/uploads\/2008\/02\/camaj_sinishtaj.jpg","contentUrl":"http:\/\/www.visit-ulcinj.com\/blog\/wp-content\/uploads\/2008\/02\/camaj_sinishtaj.jpg"},{"@type":"WebPage","@id":"https:\/\/www.visit-ulcinj.com\/blog\/2008\/02\/06\/takime-ne-fryme-te-bashkepunimit\/#webpage","url":"https:\/\/www.visit-ulcinj.com\/blog\/2008\/02\/06\/takime-ne-fryme-te-bashkepunimit\/","name":"Deputeti Vasel Sinishtaj dhe kryetari i kuvendit t\u00eb t\u00eb tuzit,Nikoll\u00eb Camaj u kthyen nga SHBA-ja - Lajme nga Ulqini","isPartOf":{"@id":"https:\/\/www.visit-ulcinj.com\/blog\/#website"},"primaryImageOfPage":{"@id":"https:\/\/www.visit-ulcinj.com\/blog\/2008\/02\/06\/takime-ne-fryme-te-bashkepunimit\/#primaryimage"},"datePublished":"2008-02-06T08:07:01+00:00","dateModified":"2008-02-12T20:13:44+00:00","author":{"@id":"https:\/\/www.visit-ulcinj.com\/blog\/#\/schema\/person\/dcab619c614d3038751c63bc2aadc06d"},"breadcrumb":{"@id":"https:\/\/www.visit-ulcinj.com\/blog\/2008\/02\/06\/takime-ne-fryme-te-bashkepunimit\/#breadcrumb"},"inLanguage":"en-US","potentialAction":[{"@type":"ReadAction","target":["https:\/\/www.visit-ulcinj.com\/blog\/2008\/02\/06\/takime-ne-fryme-te-bashkepunimit\/"]}]},{"@type":"BreadcrumbList","@id":"https:\/\/www.visit-ulcinj.com\/blog\/2008\/02\/06\/takime-ne-fryme-te-bashkepunimit\/#breadcrumb","itemListElement":[{"@type":"ListItem","position":1,"name":"Deputeti Vasel Sinishtaj dhe kryetari i kuvendit t\u00eb t\u00eb tuzit,Nikoll\u00eb Camaj u kthyen nga SHBA-ja"}]},{"@type":"Person","@id":"https:\/\/www.visit-ulcinj.com\/blog\/#\/schema\/person\/dcab619c614d3038751c63bc2aadc06d","name":"ulqini","sameAs":["http:\/\/www.visit-ulcinj.com"],"url":"https:\/\/www.visit-ulcinj.com\/blog\/author\/admin\/"}]}},"jetpack_featured_media_url":"","jetpack_sharing_enabled":true,"jetpack_shortlink":"https:\/\/wp.me\/pe6lTn-6m","_links":{"self":[{"href":"https:\/\/www.visit-ulcinj.com\/blog\/wp-json\/wp\/v2\/posts\/394"}],"collection":[{"href":"https:\/\/www.visit-ulcinj.com\/blog\/wp-json\/wp\/v2\/posts"}],"about":[{"href":"https:\/\/www.visit-ulcinj.com\/blog\/wp-json\/wp\/v2\/types\/post"}],"author":[{"embeddable":true,"href":"https:\/\/www.visit-ulcinj.com\/blog\/wp-json\/wp\/v2\/users\/1"}],"replies":[{"embeddable":true,"href":"https:\/\/www.visit-ulcinj.com\/blog\/wp-json\/wp\/v2\/comments?post=394"}],"version-history":[{"count":0,"href":"https:\/\/www.visit-ulcinj.com\/blog\/wp-json\/wp\/v2\/posts\/394\/revisions"}],"wp:attachment":[{"href":"https:\/\/www.visit-ulcinj.com\/blog\/wp-json\/wp\/v2\/media?parent=394"}],"wp:term":[{"taxonomy":"category","embeddable":true,"href":"https:\/\/www.visit-ulcinj.com\/blog\/wp-json\/wp\/v2\/categories?post=394"},{"taxonomy":"post_tag","embeddable":true,"href":"https:\/\/www.visit-ulcinj.com\/blog\/wp-json\/wp\/v2\/tags?post=394"}],"curies":[{"name":"wp","href":"https:\/\/api.w.org\/{rel}","templated":true}]}}