{"id":39415,"date":"2010-11-07T16:07:03","date_gmt":"2010-11-07T15:07:03","guid":{"rendered":"http:\/\/www.visit-ulcinj.com\/blog\/?p=39415"},"modified":"2010-11-07T22:36:02","modified_gmt":"2010-11-07T21:36:02","slug":"msn-dhe-glas-ceyssens-company-ne-ulqin-prezanton-dritaret-me-xhama-nxemje","status":"publish","type":"post","link":"https:\/\/www.visit-ulcinj.com\/blog\/2010\/11\/07\/msn-dhe-glas-ceyssens-company-ne-ulqin-prezanton-dritaret-me-xhama-nxemje\/","title":{"rendered":"MSN dhe Glas Ceyssens Company n\u00eb Ulqin prezanton dritaret me xhama nxemje &#8211; Video"},"content":{"rendered":"<p><strong><a href=\"http:\/\/www.visit-ulcinj.com\/blog\/wp-content\/uploads\/2010\/11\/dritaret-me-nxemje-qendrore.jpg\"><img loading=\"lazy\" class=\"alignleft size-full wp-image-39432\" title=\"dritaret me nxemje qendrore\" src=\"http:\/\/www.visit-ulcinj.com\/blog\/wp-content\/uploads\/2010\/11\/dritaret-me-nxemje-qendrore.jpg\" alt=\"\" width=\"490\" height=\"380\" \/><\/a>MSN Company dhe Glass Company nga Belgjika n\u00eb Ulqin prezanton dritaret me xhama nxemje,ku ner mes tjerash flet menaxheri \u00a0i kompanis\u00eb belgje Glas Ceyssens &#8211; Dirk Ceyssens,poashtu flet \u00a0dhe drejtori i MSN Company Selatin Gjeloshi.<br \/>\nP\u00ebr ma tep\u00ebr sqarime shikoni videon n\u00eb vijim.<br \/>\n<\/strong><br \/>\n<strong><a href=\"http:\/\/www.msn-ul.com\/alb\/veprimtarite.html\" target=\"_blank\"><img loading=\"lazy\" class=\"alignleft size-full wp-image-35821\" title=\"MSN Company  Ulqin.1\" src=\"http:\/\/www.visit-ulcinj.com\/blog\/wp-content\/uploads\/2010\/08\/MSN-Company-Ulqin.1.jpg\" alt=\"\" width=\"490\" height=\"200\" \/><\/a>Duke i fal\u00ebnderuar pun\u00ebs shum\u00ebvje\u00e7are n\u00eb prodhimin e dyerve dhe dritareve t\u00eb aluminit dhe t\u00eb PVC, si dhe p\u00ebrvoj\u00ebs s\u00eb fituar, u krijuan kushtet q\u00eb n\u00eb fillim t\u00eb vitit 2003 t\u00eb hapim nd\u00ebrmarrjen ton\u00eb.<\/strong><\/p>\n<p><a href=\"http:\/\/www.msn-ul.com\/alb\/index.html\" target=\"_blank\"><strong>Fillimi ishte modest!!!<\/strong><\/a><br \/>\n<a href=\"http:\/\/www.msn-ul.com\/alb\/index.html\" target=\"_blank\"><img loading=\"lazy\" class=\"alignleft size-full wp-image-35822\" title=\"MSN Company  Ulqin\" src=\"http:\/\/www.visit-ulcinj.com\/blog\/wp-content\/uploads\/2010\/08\/MSN-Company-Ulqin.jpg\" alt=\"\" width=\"490\" height=\"350\" \/><\/a><br \/>\nRreth dhjet\u00eb njer\u00ebz t\u00eb vyesh\u00ebm filluan, duke punuar n\u00eb prodhimtarin\u00eb e dyerve dhe dritareve t\u00eb aluminit dhe t\u00eb PVC, me nj\u00eb furgon p\u00ebr transportimin e prodhimeve t\u00eb gatshme.<br \/>\nNga muaji n\u00eb muaj, duke ecur rrug\u00ebs s\u00eb suksesit, t\u00eb cil\u00ebn na e siguroi kualiteti i prodhimeve tona, arrit\u00ebm t\u00eb hyjm\u00eb n\u00eb mesin e prodhuesve udh\u00ebheq\u00ebs t\u00eb dyerve dhe dritareve t\u00eb AL dhe PVC n\u00eb Republik\u00ebn e Malit t\u00eb Zi.<\/p>\n<p><a href=\"http:\/\/www.msn-ul.com\/alb\/index.html\" target=\"_blank\"><strong>Sot dukemi k\u00ebshtu<\/strong><\/a><\/p>\n<p><a href=\"http:\/\/www.msn-ul.com\/alb\/index.html\" target=\"_blank\"><img loading=\"lazy\" class=\"alignleft size-full wp-image-35823\" title=\"MSN Company  Ulqin.2\" src=\"http:\/\/www.visit-ulcinj.com\/blog\/wp-content\/uploads\/2010\/08\/MSN-Company-Ulqin.2.jpg\" alt=\"\" width=\"490\" height=\"350\" \/><\/a><br \/>\nKompania ka n\u00eb prodhimtari 95 pun\u00ebtor\u00eb, nd\u00ebrsa me dhjet\u00eb t\u00eb pun\u00ebsuar p\u00ebrmbushim sh\u00ebrbimet e operativ\u00ebs.<br \/>\nPunojm\u00eb n\u00eb nj\u00eb hap\u00ebsir\u00eb prej 1200 metra katror.<br \/>\nDisponojm\u00eb me num\u00ebr t\u00eb lakmuesh\u00ebm t\u00eb mjeteve transportuese.<br \/>\nN\u00eb mars t\u00eb vitit 2008, si rezultat i kualitetit ton\u00eb kemi fituar edhe \u00c7ERTIFIKAT\u00cbN ISO e cila na i hap dyert e Evrop\u00ebs.<\/p>\n<p><a href=\"http:\/\/www.msn-ul.com\/alb\/ekoal.html\" target=\"_blank\"><strong>EKO AL<\/strong><\/a><\/p>\n<p><a href=\"http:\/\/www.msn-ul.com\/alb\/ekoal.html\" target=\"_blank\"><strong>AL &amp; PVC<\/strong><\/a><\/p>\n<p><a href=\"http:\/\/www.msn-ul.com\/alb\/index.html\" target=\"_blank\"><img loading=\"lazy\" class=\"alignleft size-medium wp-image-35824\" title=\"MSN Company  Ulqin.3\" src=\"http:\/\/www.visit-ulcinj.com\/blog\/wp-content\/uploads\/2010\/08\/MSN-Company-Ulqin.3-209x300.jpg\" alt=\"\" width=\"209\" height=\"300\" \/><\/a>Firma ECO AL merret me prodhimin e dyerve dhe dritareve t\u00eb aluminit dhe t\u00eb PVC. N\u00eb k\u00ebt\u00eb drejtim shum\u00eb vjet dhe me sukses kemi k\u00ebnaqur k\u00ebrkesat e klient\u00ebve tan\u00eb kur \u00ebsht\u00eb fjala p\u00ebr dyert dhe dritaret e aluminit dhe t\u00eb PVC. Shpresojm\u00eb se edhe n\u00eb t\u00eb ardhmen do bashk\u00ebpunojm\u00eb me Ju.<\/p>\n<p>Pik\u00ebsynimi i nd\u00ebrmarrjes son\u00eb \u00ebsht\u00eb bler\u00ebsi i k\u00ebnaqur. \u00cbsht\u00eb i domosdosh\u00ebm investimi i pun\u00ebs, energjis\u00eb dhe sistematizimit p\u00ebr t\u00eb arritur q\u00ebllimin e caktuar. Do p\u00ebrmendim vet\u00ebm disa detaje q\u00eb na \u00e7ojn\u00eb gjer te ky q\u00ebllim:<br \/>\n1. ardhja n\u00eb konsultime dhe marrja e p\u00ebrmasave n\u00eb koh\u00ebn e marr\u00ebveshjes<br \/>\n2. zgjedhja e elementeve adekuate nga e cila do prodhohen dyert dhe dritaret<br \/>\n3. prodhimi i dyerve dhe dritareve n\u00eb kushte t\u00eb kontrolluara t\u00eb prodhimit dhe kontrollimi para dor\u00ebzimit<br \/>\n4. respektimi i afatit t\u00eb dor\u00ebzimit dhe marr\u00ebveshja rreth koh\u00ebs s\u00eb montimit<br \/>\n5. montimi i elementeve rrept\u00ebsisht sipas rregullave, d.m.th. fiksimi sipas lart\u00ebsis\u00eb, thell\u00ebsis\u00eb t\u00eb pjerrt\u00ebsive vertikale, horizontale dhe an\u00ebsore; palosja e kapak\u00ebve n\u00eb mbyllje n\u00eb m\u00ebnyr\u00eb t\u00eb barabart\u00eb, ngarendja dhe p\u00ebrputhja.<br \/>\n6. t\u00eb mb\u00ebrthyerit e dyerve dhe dritareve me vidha dhe me anker\u00eb metalik p\u00ebr mure dhe mbushja e t\u00eb gjitha zbraz\u00ebsive n\u00eb mes dritareve dhe mureve me shkum\u00eb PUR. Nd\u00ebrrimi i dyerve dhe dritareve nuk \u00ebsht\u00eb investim i vog\u00ebl dhe as i lir\u00eb.<br \/>\nDuke respektuar rregullat e lartp\u00ebrmendura arrijm\u00eb deri tek bler\u00ebsi i k\u00ebnaqur dhe tek rekomandimet e ardhshme.<\/p>\n<p>Programi i prodhimeve nga alumini dhe plastika p\u00ebrfshin:<a href=\"http:\/\/www.msn-ul.com\/alb\/veprimtarite.html\" target=\"_blank\"><img loading=\"lazy\" class=\"alignright size-full wp-image-35825\" title=\"MSN Company  Ulqin.5\" src=\"http:\/\/www.visit-ulcinj.com\/blog\/wp-content\/uploads\/2010\/08\/MSN-Company-Ulqin.5.jpg\" alt=\"\" width=\"213\" height=\"140\" \/><\/a><br \/>\n&#8211; dyer (ballkoni dhe hyrjeje),<br \/>\n&#8211; rolo dyer<br \/>\n&#8211; dyer harmonik\u00eb,<br \/>\n&#8211; dritare dhe ballkoni (\u00e7elje normale dhe me rr\u00ebshqitje)<br \/>\n&#8211; grila<br \/>\n&#8211; roleta<br \/>\n&#8211; rrjeta p\u00ebr mushkonja (rolo rrjeta, rr\u00ebshqit\u00ebse dhe fikse)<br \/>\n&#8211; parmak\u00eb alumini,<br \/>\n&#8211; fasada gjysm\u00eb strukturale dhe strukturale,<br \/>\n&#8211; kioske<br \/>\n&#8211; veranda<br \/>\n&#8211; suka p\u00ebr fasada<\/p>\n<p><a href=\"http:\/\/www.msn-ul.com\/alb\/ekostado.html\" target=\"_blank\"><strong>BLEGTORI<\/strong><\/a><br \/>\n<a href=\"http:\/\/www.msn-ul.com\/alb\/veprimtarite.html\" target=\"_blank\"><img loading=\"lazy\" class=\"alignleft size-full wp-image-35826\" title=\"MSN Company  Ulqin.4\" src=\"http:\/\/www.visit-ulcinj.com\/blog\/wp-content\/uploads\/2010\/08\/MSN-Company-Ulqin.4.jpg\" alt=\"\" width=\"213\" height=\"140\" \/><\/a>Veprimtaria m\u00eb e dashur e kompanis\u00eb son\u00eb \u00ebsht\u00eb veprimtaria m\u00eb e re t\u00eb cil\u00ebn e p\u00ebrb\u00ebn kopeja prej 400 krer\u00eb dhi dhe 200 edhave. N\u00eb shpatet e bukura t\u00eb Rumis\u00eb, n\u00eb vendbanimin Kravar, n\u00eb af\u00ebrsi t\u00eb qytetit edhe m\u00eb t\u00eb bukur bregdetar t\u00eb Ulqinit gjendet ferma jon\u00eb. Shpatet e ndri\u00e7uara nga dielli i nxeht\u00eb bregdetar, nd\u00ebrsa larg zhurm\u00ebs s\u00eb automobilave, i sigurojn\u00eb kopes\u00eb kullota shum\u00eb t\u00eb sh\u00ebndosha dhe sh\u00ebruese. N\u00eb k\u00ebto shpate rriten bim\u00eb t\u00eb rralla mjekuese si\u00e7 jan\u00eb PELINI (sherbela) LULE AK\u00cbSI, BRUSHTULLI, LISNA, KUMAKU etj.<br \/>\nDuke u ushqyer me k\u00ebto bim\u00eb n\u00eb nj\u00eb sip\u00ebrfaqe prej shum\u00eb hektar\u00ebsh, kopeja jep tamb\u00ebl shum\u00eb kualitativ. Jetojm\u00eb n\u00eb shtetin e vog\u00ebl por n\u00eb shtetin m\u00eb t\u00eb bukur dhe m\u00eb t\u00eb sh\u00ebndosh\u00eb ekologjik n\u00eb Evrop\u00eb. Me k\u00ebt\u00eb veprimtari shfryt\u00ebzojm\u00eb favoret e natyr\u00ebs n\u00eb t\u00eb cil\u00ebn jetojm\u00eb, por n\u00eb k\u00ebt\u00eb m\u00ebnyr\u00eb p\u00ebrpiqemi t\u00eb ruajm\u00eb pasurin\u00eb e natyr\u00ebs dhe t\u2019i kthejm\u00eb qoft\u00eb edhe nj\u00eb pjes\u00eb t\u00eb bukuris\u00eb q\u00eb na ka dhuruar.<\/p>\n<p>P\u00ebrshkrimi i aktiviteteve dhe veprimtarive:<br \/>\n&#8211; Prodhimi dhe shitja e mishit t\u00eb edhit<br \/>\n&#8211; Prodhimi dhe shitja e qum\u00ebshtit t\u00eb fresk\u00ebt t\u00eb dhive<br \/>\n&#8211; Prodhimi dhe shitja e djathit t\u00eb fresk\u00ebt t\u00eb dhive<br \/>\n&#8211; Prodhimi dhe shitja e hirr\u00ebs<br \/>\n&#8211; Prodhimi dhe shitja e plehut t\u00eb stall\u00ebs.<\/p>\n<p><strong>KONTAKT<\/strong><\/p>\n<table border=\"1\" cellpadding=\"0\" width=\"100%\">\n<tbody>\n<tr>\n<td width=\"315\"><strong>MSN   Company &#8211; ULCINJ<\/strong><\/p>\n<p><strong>Tel:   +382 30 401-298, 401-299<\/strong><\/p>\n<p><strong>Mob:   +382 69 333-383, 069 031 977<\/strong><\/p>\n<p><strong>E-mail:   <a href=\"mailto:msncompany@t-com.me\">msncompany@t-com.me<\/a><\/strong><\/p>\n<p><a href=\"http:\/\/www.msn-ul.com\/alb\/index.html\" target=\"_blank\"><strong>www.msn-ul.co<\/strong><\/a><\/td>\n<\/tr>\n<\/tbody>\n<\/table>\n<!--YouTube Error: bad URL entered-->\n","protected":false},"excerpt":{"rendered":"<p>MSN Company dhe Glass Company nga Belgjika n\u00eb Ulqin prezanton dritaret me xhama nxemje,ku ner mes tjerash flet menaxheri \u00a0i kompanis\u00eb belgje Glas Ceyssens &#8211; Dirk Ceyssens,poashtu flet \u00a0dhe drejtori i MSN Company Selatin Gjeloshi. P\u00ebr ma tep\u00ebr sqarime shikoni videon n\u00eb vijim. Duke i fal\u00ebnderuar pun\u00ebs shum\u00ebvje\u00e7are n\u00eb prodhimin e dyerve dhe dritareve t\u00eb [&hellip;]<\/p>\n","protected":false},"author":1,"featured_media":0,"comment_status":"open","ping_status":"closed","sticky":false,"template":"","format":"standard","meta":{"spay_email":"","jetpack_publicize_message":"","jetpack_is_tweetstorm":false,"jetpack_publicize_feature_enabled":true},"categories":[10],"tags":[16226,16229,16225,95,16227,16228,200,18],"jetpack_publicize_connections":[],"yoast_head":"<!-- This site is optimized with the Yoast SEO plugin v19.1 - https:\/\/yoast.com\/wordpress\/plugins\/seo\/ -->\n<title>MSN dhe Glas Ceyssens Company n\u00eb Ulqin prezanton dritaret me xhama nxemje - Video - Lajme nga Ulqini<\/title>\n<meta name=\"description\" content=\"MSN Company dhe Glass Company nga Belgjika n\u00eb Ulqin prezanton dritaret me xhama nxemje,ku ner mes tjerash flet menaxheri \u00a0i kompanis\u00eb belgje Glas Ceyssens\" \/>\n<meta name=\"robots\" content=\"index, follow, max-snippet:-1, max-image-preview:large, max-video-preview:-1\" \/>\n<link rel=\"canonical\" href=\"https:\/\/www.visit-ulcinj.com\/blog\/2010\/11\/07\/msn-dhe-glas-ceyssens-company-ne-ulqin-prezanton-dritaret-me-xhama-nxemje\/\" \/>\n<meta property=\"og:locale\" content=\"en_US\" \/>\n<meta property=\"og:type\" content=\"article\" \/>\n<meta property=\"og:title\" content=\"MSN dhe Glas Ceyssens Company n\u00eb Ulqin prezanton dritaret me xhama nxemje - Video - Lajme nga Ulqini\" \/>\n<meta property=\"og:description\" content=\"MSN Company dhe Glass Company nga Belgjika n\u00eb Ulqin prezanton dritaret me xhama nxemje,ku ner mes tjerash flet menaxheri \u00a0i kompanis\u00eb belgje Glas Ceyssens\" \/>\n<meta property=\"og:url\" content=\"https:\/\/www.visit-ulcinj.com\/blog\/2010\/11\/07\/msn-dhe-glas-ceyssens-company-ne-ulqin-prezanton-dritaret-me-xhama-nxemje\/\" \/>\n<meta property=\"og:site_name\" content=\"Lajme nga Ulqini\" \/>\n<meta property=\"article:published_time\" content=\"2010-11-07T15:07:03+00:00\" \/>\n<meta property=\"article:modified_time\" content=\"2010-11-07T21:36:02+00:00\" \/>\n<meta property=\"og:image\" content=\"http:\/\/www.visit-ulcinj.com\/blog\/wp-content\/uploads\/2010\/11\/dritaret-me-nxemje-qendrore.jpg\" \/>\n<meta name=\"twitter:label1\" content=\"Written by\" \/>\n\t<meta name=\"twitter:data1\" content=\"ulqini\" \/>\n\t<meta name=\"twitter:label2\" content=\"Est. reading time\" \/>\n\t<meta name=\"twitter:data2\" content=\"4 minutes\" \/>\n<script type=\"application\/ld+json\" class=\"yoast-schema-graph\">{\"@context\":\"https:\/\/schema.org\",\"@graph\":[{\"@type\":\"WebSite\",\"@id\":\"https:\/\/www.visit-ulcinj.com\/blog\/#website\",\"url\":\"https:\/\/www.visit-ulcinj.com\/blog\/\",\"name\":\"Lajme nga Ulqini\",\"description\":\"Lajme,Vijesti,Ulqini,Ulqin,Crna Gora,Mali i Zi\",\"potentialAction\":[{\"@type\":\"SearchAction\",\"target\":{\"@type\":\"EntryPoint\",\"urlTemplate\":\"https:\/\/www.visit-ulcinj.com\/blog\/?s={search_term_string}\"},\"query-input\":\"required name=search_term_string\"}],\"inLanguage\":\"en-US\"},{\"@type\":\"ImageObject\",\"inLanguage\":\"en-US\",\"@id\":\"https:\/\/www.visit-ulcinj.com\/blog\/2010\/11\/07\/msn-dhe-glas-ceyssens-company-ne-ulqin-prezanton-dritaret-me-xhama-nxemje\/#primaryimage\",\"url\":\"https:\/\/www.visit-ulcinj.com\/blog\/wp-content\/uploads\/2010\/11\/dritaret-me-nxemje-qendrore.jpg\",\"contentUrl\":\"https:\/\/www.visit-ulcinj.com\/blog\/wp-content\/uploads\/2010\/11\/dritaret-me-nxemje-qendrore.jpg\",\"width\":\"1024\",\"height\":\"710\"},{\"@type\":\"WebPage\",\"@id\":\"https:\/\/www.visit-ulcinj.com\/blog\/2010\/11\/07\/msn-dhe-glas-ceyssens-company-ne-ulqin-prezanton-dritaret-me-xhama-nxemje\/#webpage\",\"url\":\"https:\/\/www.visit-ulcinj.com\/blog\/2010\/11\/07\/msn-dhe-glas-ceyssens-company-ne-ulqin-prezanton-dritaret-me-xhama-nxemje\/\",\"name\":\"MSN dhe Glas Ceyssens Company n\u00eb Ulqin prezanton dritaret me xhama nxemje - Video - Lajme nga Ulqini\",\"isPartOf\":{\"@id\":\"https:\/\/www.visit-ulcinj.com\/blog\/#website\"},\"primaryImageOfPage\":{\"@id\":\"https:\/\/www.visit-ulcinj.com\/blog\/2010\/11\/07\/msn-dhe-glas-ceyssens-company-ne-ulqin-prezanton-dritaret-me-xhama-nxemje\/#primaryimage\"},\"datePublished\":\"2010-11-07T15:07:03+00:00\",\"dateModified\":\"2010-11-07T21:36:02+00:00\",\"author\":{\"@id\":\"https:\/\/www.visit-ulcinj.com\/blog\/#\/schema\/person\/dcab619c614d3038751c63bc2aadc06d\"},\"description\":\"MSN Company dhe Glass Company nga Belgjika n\u00eb Ulqin prezanton dritaret me xhama nxemje,ku ner mes tjerash flet menaxheri \u00a0i kompanis\u00eb belgje Glas Ceyssens\",\"breadcrumb\":{\"@id\":\"https:\/\/www.visit-ulcinj.com\/blog\/2010\/11\/07\/msn-dhe-glas-ceyssens-company-ne-ulqin-prezanton-dritaret-me-xhama-nxemje\/#breadcrumb\"},\"inLanguage\":\"en-US\",\"potentialAction\":[{\"@type\":\"ReadAction\",\"target\":[\"https:\/\/www.visit-ulcinj.com\/blog\/2010\/11\/07\/msn-dhe-glas-ceyssens-company-ne-ulqin-prezanton-dritaret-me-xhama-nxemje\/\"]}]},{\"@type\":\"BreadcrumbList\",\"@id\":\"https:\/\/www.visit-ulcinj.com\/blog\/2010\/11\/07\/msn-dhe-glas-ceyssens-company-ne-ulqin-prezanton-dritaret-me-xhama-nxemje\/#breadcrumb\",\"itemListElement\":[{\"@type\":\"ListItem\",\"position\":1,\"name\":\"MSN dhe Glas Ceyssens Company n\u00eb Ulqin prezanton dritaret me xhama nxemje &#8211; Video\"}]},{\"@type\":\"Person\",\"@id\":\"https:\/\/www.visit-ulcinj.com\/blog\/#\/schema\/person\/dcab619c614d3038751c63bc2aadc06d\",\"name\":\"ulqini\",\"sameAs\":[\"http:\/\/www.visit-ulcinj.com\"],\"url\":\"https:\/\/www.visit-ulcinj.com\/blog\/author\/admin\/\"}]}<\/script>\n<!-- \/ Yoast SEO plugin. -->","yoast_head_json":{"title":"MSN dhe Glas Ceyssens Company n\u00eb Ulqin prezanton dritaret me xhama nxemje - Video - Lajme nga Ulqini","description":"MSN Company dhe Glass Company nga Belgjika n\u00eb Ulqin prezanton dritaret me xhama nxemje,ku ner mes tjerash flet menaxheri \u00a0i kompanis\u00eb belgje Glas Ceyssens","robots":{"index":"index","follow":"follow","max-snippet":"max-snippet:-1","max-image-preview":"max-image-preview:large","max-video-preview":"max-video-preview:-1"},"canonical":"https:\/\/www.visit-ulcinj.com\/blog\/2010\/11\/07\/msn-dhe-glas-ceyssens-company-ne-ulqin-prezanton-dritaret-me-xhama-nxemje\/","og_locale":"en_US","og_type":"article","og_title":"MSN dhe Glas Ceyssens Company n\u00eb Ulqin prezanton dritaret me xhama nxemje - Video - Lajme nga Ulqini","og_description":"MSN Company dhe Glass Company nga Belgjika n\u00eb Ulqin prezanton dritaret me xhama nxemje,ku ner mes tjerash flet menaxheri \u00a0i kompanis\u00eb belgje Glas Ceyssens","og_url":"https:\/\/www.visit-ulcinj.com\/blog\/2010\/11\/07\/msn-dhe-glas-ceyssens-company-ne-ulqin-prezanton-dritaret-me-xhama-nxemje\/","og_site_name":"Lajme nga Ulqini","article_published_time":"2010-11-07T15:07:03+00:00","article_modified_time":"2010-11-07T21:36:02+00:00","og_image":[{"url":"http:\/\/www.visit-ulcinj.com\/blog\/wp-content\/uploads\/2010\/11\/dritaret-me-nxemje-qendrore.jpg"}],"twitter_misc":{"Written by":"ulqini","Est. reading time":"4 minutes"},"schema":{"@context":"https:\/\/schema.org","@graph":[{"@type":"WebSite","@id":"https:\/\/www.visit-ulcinj.com\/blog\/#website","url":"https:\/\/www.visit-ulcinj.com\/blog\/","name":"Lajme nga Ulqini","description":"Lajme,Vijesti,Ulqini,Ulqin,Crna Gora,Mali i Zi","potentialAction":[{"@type":"SearchAction","target":{"@type":"EntryPoint","urlTemplate":"https:\/\/www.visit-ulcinj.com\/blog\/?s={search_term_string}"},"query-input":"required name=search_term_string"}],"inLanguage":"en-US"},{"@type":"ImageObject","inLanguage":"en-US","@id":"https:\/\/www.visit-ulcinj.com\/blog\/2010\/11\/07\/msn-dhe-glas-ceyssens-company-ne-ulqin-prezanton-dritaret-me-xhama-nxemje\/#primaryimage","url":"https:\/\/www.visit-ulcinj.com\/blog\/wp-content\/uploads\/2010\/11\/dritaret-me-nxemje-qendrore.jpg","contentUrl":"https:\/\/www.visit-ulcinj.com\/blog\/wp-content\/uploads\/2010\/11\/dritaret-me-nxemje-qendrore.jpg","width":"1024","height":"710"},{"@type":"WebPage","@id":"https:\/\/www.visit-ulcinj.com\/blog\/2010\/11\/07\/msn-dhe-glas-ceyssens-company-ne-ulqin-prezanton-dritaret-me-xhama-nxemje\/#webpage","url":"https:\/\/www.visit-ulcinj.com\/blog\/2010\/11\/07\/msn-dhe-glas-ceyssens-company-ne-ulqin-prezanton-dritaret-me-xhama-nxemje\/","name":"MSN dhe Glas Ceyssens Company n\u00eb Ulqin prezanton dritaret me xhama nxemje - Video - Lajme nga Ulqini","isPartOf":{"@id":"https:\/\/www.visit-ulcinj.com\/blog\/#website"},"primaryImageOfPage":{"@id":"https:\/\/www.visit-ulcinj.com\/blog\/2010\/11\/07\/msn-dhe-glas-ceyssens-company-ne-ulqin-prezanton-dritaret-me-xhama-nxemje\/#primaryimage"},"datePublished":"2010-11-07T15:07:03+00:00","dateModified":"2010-11-07T21:36:02+00:00","author":{"@id":"https:\/\/www.visit-ulcinj.com\/blog\/#\/schema\/person\/dcab619c614d3038751c63bc2aadc06d"},"description":"MSN Company dhe Glass Company nga Belgjika n\u00eb Ulqin prezanton dritaret me xhama nxemje,ku ner mes tjerash flet menaxheri \u00a0i kompanis\u00eb belgje Glas Ceyssens","breadcrumb":{"@id":"https:\/\/www.visit-ulcinj.com\/blog\/2010\/11\/07\/msn-dhe-glas-ceyssens-company-ne-ulqin-prezanton-dritaret-me-xhama-nxemje\/#breadcrumb"},"inLanguage":"en-US","potentialAction":[{"@type":"ReadAction","target":["https:\/\/www.visit-ulcinj.com\/blog\/2010\/11\/07\/msn-dhe-glas-ceyssens-company-ne-ulqin-prezanton-dritaret-me-xhama-nxemje\/"]}]},{"@type":"BreadcrumbList","@id":"https:\/\/www.visit-ulcinj.com\/blog\/2010\/11\/07\/msn-dhe-glas-ceyssens-company-ne-ulqin-prezanton-dritaret-me-xhama-nxemje\/#breadcrumb","itemListElement":[{"@type":"ListItem","position":1,"name":"MSN dhe Glas Ceyssens Company n\u00eb Ulqin prezanton dritaret me xhama nxemje &#8211; Video"}]},{"@type":"Person","@id":"https:\/\/www.visit-ulcinj.com\/blog\/#\/schema\/person\/dcab619c614d3038751c63bc2aadc06d","name":"ulqini","sameAs":["http:\/\/www.visit-ulcinj.com"],"url":"https:\/\/www.visit-ulcinj.com\/blog\/author\/admin\/"}]}},"jetpack_featured_media_url":"","jetpack_sharing_enabled":true,"jetpack_shortlink":"https:\/\/wp.me\/pe6lTn-afJ","_links":{"self":[{"href":"https:\/\/www.visit-ulcinj.com\/blog\/wp-json\/wp\/v2\/posts\/39415"}],"collection":[{"href":"https:\/\/www.visit-ulcinj.com\/blog\/wp-json\/wp\/v2\/posts"}],"about":[{"href":"https:\/\/www.visit-ulcinj.com\/blog\/wp-json\/wp\/v2\/types\/post"}],"author":[{"embeddable":true,"href":"https:\/\/www.visit-ulcinj.com\/blog\/wp-json\/wp\/v2\/users\/1"}],"replies":[{"embeddable":true,"href":"https:\/\/www.visit-ulcinj.com\/blog\/wp-json\/wp\/v2\/comments?post=39415"}],"version-history":[{"count":0,"href":"https:\/\/www.visit-ulcinj.com\/blog\/wp-json\/wp\/v2\/posts\/39415\/revisions"}],"wp:attachment":[{"href":"https:\/\/www.visit-ulcinj.com\/blog\/wp-json\/wp\/v2\/media?parent=39415"}],"wp:term":[{"taxonomy":"category","embeddable":true,"href":"https:\/\/www.visit-ulcinj.com\/blog\/wp-json\/wp\/v2\/categories?post=39415"},{"taxonomy":"post_tag","embeddable":true,"href":"https:\/\/www.visit-ulcinj.com\/blog\/wp-json\/wp\/v2\/tags?post=39415"}],"curies":[{"name":"wp","href":"https:\/\/api.w.org\/{rel}","templated":true}]}}