{"id":39442,"date":"2010-11-07T19:28:19","date_gmt":"2010-11-07T18:28:19","guid":{"rendered":"http:\/\/www.visit-ulcinj.com\/blog\/?p=39442"},"modified":"2010-11-07T19:28:19","modified_gmt":"2010-11-07T18:28:19","slug":"ruzdo-karamanaga-to-se-priroda-bezazleno-igra","status":"publish","type":"post","link":"https:\/\/www.visit-ulcinj.com\/blog\/2010\/11\/07\/ruzdo-karamanaga-to-se-priroda-bezazleno-igra\/","title":{"rendered":"Ru\u017edo Karamanaga: To se priroda bezazleno igra"},"content":{"rendered":"<h3><a href=\"http:\/\/www.visit-ulcinj.com\/blog\/wp-content\/uploads\/2010\/11\/Ruzhdo-Karamanaga.jpg\"><img loading=\"lazy\" class=\"alignleft size-full wp-image-39443\" title=\"Ruzhdo Karamanaga\" src=\"http:\/\/www.visit-ulcinj.com\/blog\/wp-content\/uploads\/2010\/11\/Ruzhdo-Karamanaga.jpg\" alt=\"\" width=\"321\" height=\"291\" srcset=\"https:\/\/www.visit-ulcinj.com\/blog\/wp-content\/uploads\/2010\/11\/Ruzhdo-Karamanaga.jpg 321w, https:\/\/www.visit-ulcinj.com\/blog\/wp-content\/uploads\/2010\/11\/Ruzhdo-Karamanaga-300x271.jpg 300w\" sizes=\"(max-width: 321px) 100vw, 321px\" \/><\/a>Jedan od biv\u0161ih direktora nudisti\u010dkog naselja kod Ulcinja Ru\u017edo Karamanaga ocijene eksperata o nestajanju Ade smatra neutemeljenim<\/h3>\n<p>Ulcinj &#8211; Ada nikad ne\u0107e nestati. Naprotiv, u posljednjih 100 godina postoji trend rasta njene teritorije, tvrdi nekada\u0161nji direktor nudisti\u010dkog naselja na Adi Ru\u017edo Karamanaga.<br \/>\nOponiraju\u0107i ocjenama pojedinih eksperata kako ostrvo pored Ulcinja ne\u0107e jo\u0161 dugo gledati svjetlost dana, Karamanaga isti\u010de suprotni efekat prirode.<\/p>\n<p>\u201cPla\u017ea na Adi, duga 3,5 kilometara, u \u0161irini oko deset metara, izgubila je samo ispred restorana \u201eDisko\u201c. More je tu pijesak \u201epojelo\u201c i samo ga premjestilo na neko drugo mjesto na ostrvu. Nije isklju\u010deno da \u0107e ga uskoro i vratiti jer od kada postoji Ada, de\u0161avaju se takve pojave, ali nikad na \u0161tetu veli\u010dine teritorije ostrva\u201d, kazao je Karamanaga za \u201eVijesti\u201c.<br \/>\nDodaje da je nivo Skadarskog jezera za \u0161est metara ispod nivoa mora tako da Bojana ne mo\u017ee biti brza rijeka, osim kada ki\u0161e naglo pove\u0107aju dotoke.<br \/>\nPodsje\u0107a i da su obale Bojane i sa jedne i sa druge strane u prosjeku metar iznad vode i da tada nabujala rijeka zemlju sa sobom nosi u more.<br \/>\n\u201cTo su velike koli\u010dine zemlje i u sudaru sa morem, na oba u\u0161\u0107a, stvaraju se vrtlozi i struje. Znamo da je tada najopasnije za pliva\u010de i ribare koji se zateknu u moru ili na samom u\u0161\u0107u. More tada sitni pijesak nosi sa jednog na drugo mjesto\u201d, tvrdi Karamanaga.<\/p>\n<p>On se sje\u0107a da se nekad, osim ispred \u201eDiska\u201c, odbojka igrala i kod \u201eBarbane\u201c.<br \/>\n\u201cSada je tu rijeka, ali tvrdim da je vrlo mogu\u0107e da tu opet bude odbojka\u0161ki teren. To je bezazlena igra prirode koja godi ostrvu\u201d, kazao je Karamanaga.<br \/>\nNa ra\u010dvi Bojane, dodao je on, skoro 80 odsto vode ide zajedni\u010dkim u\u0161\u0107em.<br \/>\n\u201cZajedni\u010dko u\u0161\u0107e mnogo je bogatije vodom i ribom nego na\u0161e. Ra\u010dva je prili\u010dno plitka i u tome le\u017ei problem. Javnost mora da zna da je svemu doprinijela i \u010dovjekova ruka jer se nekontrolisane eksploatacije pijeska, kao gra\u0111evinskog materijala, de\u0161avaju na obali na\u0161eg rukavca gdje trajno uni\u0161tena pobre\u017eja bivaju pretvorena u iskope i jezera. To se neumoljivo reflektuje na tok rijeke\u201d, kazao je Karamanaga.<\/p>\n<p><strong><br \/>\nIzvol\u2019te u taksi<\/strong><br \/>\nDirektor nudisti\u010dkog naselja Ru\u017edo Karamanaga sje\u0107a se i \u201e\u010dudesnog\u201c spoja zapadne i isto\u010dne civilizacije u Ulcinju \u0161ezdesetih i sedamdesetih godina pro\u0161log vijeka. Prisje\u0107a se i anegdote iz tog vremena kada je bio vodi\u010d televizijskoj ekipi iz Njema\u010dke.<br \/>\n\u201cRasko\u0161ni kolorit narodne no\u0161nje iz svih krajeva Ulcinja, pored i na ulicinjskoj zelenoj pijaci, Njemce nije ostavio ravnodu\u0161nim. Ugledav\u0161i na\u0161u \u0160estanku u narodnoj no\u0161nji, pored pijace, kako stoji pored magarca natovarenog drvima za prodaju, jedan od njih je potap\u0161ao umornu \u017eivotinju ironi\u010dno rekav\u0161i da je to \u201ejugo taksi\u201c. Nije mi bilo milo, pa sam u momentu digao rep magarca i gostu rekao da u\u0111e u taksi\u201d, sje\u0107a se Karamanaga doga\u0111aja pored ulcinjske zelene pijace prije 42 godine.<\/p>\n<p><strong>Pograni\u010dna zona na po\u010detku pla\u017ee<\/strong><br \/>\nGodine 1973., kada je otvoreno nudisti\u010dko naselje, na Adi je, kazao je Karamanaga, bilo 96 odsto stranaca.<\/p>\n<p>\u201cVi\u0161e od 450 hiljada maraka za izgradnju zarubljenih piramida sa 100 le\u017eaja, izdvojila je njema\u010dka turisti\u010dka agencija \u201eMiramare\u201c, bra\u0107e Halgat, koja se isklju\u010divo bavila naturisti\u010dkim turizmom. Devet godina kasnije, Fond za obnovu i razvoj, u luks apartmane i auto-kamp izdvojio je tada\u0161njih 600 hiljada dinara. Tada smo na Adi imali 1.000 kreveta i sa kampom oko hiljadu i po gostiju\u201d, sje\u0107a se Karamanaga. Dodaje da je prije otvaranja naselja, na mjestu dana\u0161nje Barbane postojao improvizovani restoran koji su jednom prilikom posjetili visoki savezni zvani\u010dnici D\u017eemal Bijedi\u0107 i Jozo i Janko Smole.<\/p>\n<p>\u201cOdmah do restorana, na samom po\u010detku pla\u017ee, stajala je tabla sa natpisom pograni\u010dna zona tako da se dalje moglo samo uz specijalne dozvole. Zamolili smo rukovodioce da urgiraju i pomjere tablu kako bi mogli da gradimo naselje i da se gosti normalno kupaju i \u0161etaju. Nedugo potom, tabla je pomjerena tri kilometra dalje, tako da je u pograni\u010dnoj zoni ostalo svega 500 metara\u201d, prisje\u0107a se Karamanaga.<br \/>\nU razgovoru sa Bijedi\u0107em i Smoleima, turisti\u010dki poslenici ukazivali su na prednost otvaranja nudisti\u010dkog naselja.<\/p>\n<p>\u201cGovorili smo im da je ostrvo 17 kilometara od grada i da tu nikom ne\u0107e smetati goli ljudi nego samo obu\u010deni\u201d, kazao je Karamanaga.<\/p>\n<p><strong>S. A<br \/>\n<a href=\"http:\/\/www.vijesti.me\/\" target=\"_blank\">Vijesti<br \/>\n\n\t\t<style type=\"text\/css\">\n\t\t\t#gallery-1 {\n\t\t\t\tmargin: auto;\n\t\t\t}\n\t\t\t#gallery-1 .gallery-item {\n\t\t\t\tfloat: left;\n\t\t\t\tmargin-top: 10px;\n\t\t\t\ttext-align: center;\n\t\t\t\twidth: 33%;\n\t\t\t}\n\t\t\t#gallery-1 img {\n\t\t\t\tborder: 2px solid #cfcfcf;\n\t\t\t}\n\t\t\t#gallery-1 .gallery-caption {\n\t\t\t\tmargin-left: 0;\n\t\t\t}\n\t\t\t\/* see gallery_shortcode() in wp-includes\/media.php *\/\n\t\t<\/style>\n\t\t<div id='gallery-1' class='gallery galleryid-39442 gallery-columns-3 gallery-size-thumbnail'><dl class='gallery-item'>\n\t\t\t<dt class='gallery-icon landscape'>\n\t\t\t\t<a href='https:\/\/www.visit-ulcinj.com\/blog\/wp-content\/uploads\/2010\/11\/Ruzhdo-Karamanaga.jpg'><img width=\"150\" height=\"150\" src=\"https:\/\/www.visit-ulcinj.com\/blog\/wp-content\/uploads\/2010\/11\/Ruzhdo-Karamanaga-150x150.jpg\" class=\"attachment-thumbnail size-thumbnail\" alt=\"\" loading=\"lazy\" \/><\/a>\n\t\t\t<\/dt><\/dl><dl class='gallery-item'>\n\t\t\t<dt class='gallery-icon landscape'>\n\t\t\t\t<a href='https:\/\/www.visit-ulcinj.com\/blog\/wp-content\/uploads\/2010\/11\/ada-bojana_odbojka_Barbana.jpg'><img width=\"150\" height=\"150\" src=\"https:\/\/www.visit-ulcinj.com\/blog\/wp-content\/uploads\/2010\/11\/ada-bojana_odbojka_Barbana-150x150.jpg\" class=\"attachment-thumbnail size-thumbnail\" alt=\"\" loading=\"lazy\" \/><\/a>\n\t\t\t<\/dt><\/dl><dl class='gallery-item'>\n\t\t\t<dt class='gallery-icon landscape'>\n\t\t\t\t<a href='https:\/\/www.visit-ulcinj.com\/blog\/wp-content\/uploads\/2010\/11\/Barbana-bar_ada-bojana.jpg'><img width=\"150\" height=\"150\" src=\"https:\/\/www.visit-ulcinj.com\/blog\/wp-content\/uploads\/2010\/11\/Barbana-bar_ada-bojana-150x150.jpg\" class=\"attachment-thumbnail size-thumbnail\" alt=\"\" loading=\"lazy\" \/><\/a>\n\t\t\t<\/dt><\/dl><br style=\"clear: both\" \/><dl class='gallery-item'>\n\t\t\t<dt class='gallery-icon landscape'>\n\t\t\t\t<a href='https:\/\/www.visit-ulcinj.com\/blog\/wp-content\/uploads\/2010\/11\/ada-bojana_1.jpg'><img width=\"150\" height=\"150\" src=\"https:\/\/www.visit-ulcinj.com\/blog\/wp-content\/uploads\/2010\/11\/ada-bojana_1-150x150.jpg\" class=\"attachment-thumbnail size-thumbnail\" alt=\"\" loading=\"lazy\" \/><\/a>\n\t\t\t<\/dt><\/dl><dl class='gallery-item'>\n\t\t\t<dt class='gallery-icon landscape'>\n\t\t\t\t<a href='https:\/\/www.visit-ulcinj.com\/blog\/wp-content\/uploads\/2010\/11\/delta-ada-bojana_ulcinj.jpeg'><img width=\"150\" height=\"150\" src=\"https:\/\/www.visit-ulcinj.com\/blog\/wp-content\/uploads\/2010\/11\/delta-ada-bojana_ulcinj-150x150.jpg\" class=\"attachment-thumbnail size-thumbnail\" alt=\"\" loading=\"lazy\" \/><\/a>\n\t\t\t<\/dt><\/dl><dl class='gallery-item'>\n\t\t\t<dt class='gallery-icon portrait'>\n\t\t\t\t<a href='https:\/\/www.visit-ulcinj.com\/blog\/wp-content\/uploads\/2010\/11\/poplava-ada-bojana.jpeg'><img width=\"150\" height=\"150\" src=\"https:\/\/www.visit-ulcinj.com\/blog\/wp-content\/uploads\/2010\/11\/poplava-ada-bojana-150x150.jpg\" class=\"attachment-thumbnail size-thumbnail\" alt=\"\" loading=\"lazy\" \/><\/a>\n\t\t\t<\/dt><\/dl><br style=\"clear: both\" \/><dl class='gallery-item'>\n\t\t\t<dt class='gallery-icon landscape'>\n\t\t\t\t<a href='https:\/\/www.visit-ulcinj.com\/blog\/wp-content\/uploads\/2010\/11\/poplava-ada-bojana.4.jpeg'><img width=\"150\" height=\"150\" src=\"https:\/\/www.visit-ulcinj.com\/blog\/wp-content\/uploads\/2010\/11\/poplava-ada-bojana.4-150x150.jpg\" class=\"attachment-thumbnail size-thumbnail\" alt=\"\" loading=\"lazy\" \/><\/a>\n\t\t\t<\/dt><\/dl><dl class='gallery-item'>\n\t\t\t<dt class='gallery-icon landscape'>\n\t\t\t\t<a href='https:\/\/www.visit-ulcinj.com\/blog\/wp-content\/uploads\/2010\/11\/poplava-ada-bojana.3.jpeg'><img width=\"150\" height=\"150\" src=\"https:\/\/www.visit-ulcinj.com\/blog\/wp-content\/uploads\/2010\/11\/poplava-ada-bojana.3-150x150.jpg\" class=\"attachment-thumbnail size-thumbnail\" alt=\"\" loading=\"lazy\" \/><\/a>\n\t\t\t<\/dt><\/dl><dl class='gallery-item'>\n\t\t\t<dt class='gallery-icon landscape'>\n\t\t\t\t<a href='https:\/\/www.visit-ulcinj.com\/blog\/wp-content\/uploads\/2010\/11\/poplava-ada-bojana.2.jpeg'><img width=\"150\" height=\"150\" src=\"https:\/\/www.visit-ulcinj.com\/blog\/wp-content\/uploads\/2010\/11\/poplava-ada-bojana.2-150x150.jpg\" class=\"attachment-thumbnail size-thumbnail\" alt=\"\" loading=\"lazy\" \/><\/a>\n\t\t\t<\/dt><\/dl><br style=\"clear: both\" \/><dl class='gallery-item'>\n\t\t\t<dt class='gallery-icon portrait'>\n\t\t\t\t<a href='https:\/\/www.visit-ulcinj.com\/blog\/wp-content\/uploads\/2010\/11\/poplava-ada-bojana.1.jpeg'><img width=\"150\" height=\"150\" src=\"https:\/\/www.visit-ulcinj.com\/blog\/wp-content\/uploads\/2010\/11\/poplava-ada-bojana.1-150x150.jpg\" class=\"attachment-thumbnail size-thumbnail\" alt=\"\" loading=\"lazy\" \/><\/a>\n\t\t\t<\/dt><\/dl><dl class='gallery-item'>\n\t\t\t<dt class='gallery-icon landscape'>\n\t\t\t\t<a href='https:\/\/www.visit-ulcinj.com\/blog\/wp-content\/uploads\/2010\/11\/Barbana-bar_ada-bojana.1.jpg'><img width=\"150\" height=\"150\" src=\"https:\/\/www.visit-ulcinj.com\/blog\/wp-content\/uploads\/2010\/11\/Barbana-bar_ada-bojana.1-150x150.jpg\" class=\"attachment-thumbnail size-thumbnail\" alt=\"\" loading=\"lazy\" \/><\/a>\n\t\t\t<\/dt><\/dl><dl class='gallery-item'>\n\t\t\t<dt class='gallery-icon portrait'>\n\t\t\t\t<a href='https:\/\/www.visit-ulcinj.com\/blog\/wp-content\/uploads\/2010\/11\/ada-bojana_2.jpg'><img width=\"150\" height=\"150\" src=\"https:\/\/www.visit-ulcinj.com\/blog\/wp-content\/uploads\/2010\/11\/ada-bojana_2-150x150.jpg\" class=\"attachment-thumbnail size-thumbnail\" alt=\"\" loading=\"lazy\" \/><\/a>\n\t\t\t<\/dt><\/dl><br style=\"clear: both\" \/>\n\t\t<\/div>\n<br \/>\n<\/a><\/strong><br \/>\n<!--YouTube Error: bad URL entered--><\/p>\n","protected":false},"excerpt":{"rendered":"<p>Jedan od biv\u0161ih direktora nudisti\u010dkog naselja kod Ulcinja Ru\u017edo Karamanaga ocijene eksperata o nestajanju Ade smatra neutemeljenim Ulcinj &#8211; Ada nikad ne\u0107e nestati. Naprotiv, u posljednjih 100 godina postoji trend rasta njene teritorije, tvrdi nekada\u0161nji direktor nudisti\u010dkog naselja na Adi Ru\u017edo Karamanaga. Oponiraju\u0107i ocjenama pojedinih eksperata kako ostrvo pored Ulcinja ne\u0107e jo\u0161 dugo gledati svjetlost [&hellip;]<\/p>\n","protected":false},"author":1,"featured_media":0,"comment_status":"open","ping_status":"closed","sticky":false,"template":"","format":"standard","meta":{"spay_email":"","jetpack_publicize_message":"","jetpack_is_tweetstorm":false,"jetpack_publicize_feature_enabled":true},"categories":[8337],"tags":[138,13223,16230,19],"jetpack_publicize_connections":[],"yoast_head":"<!-- This site is optimized with the Yoast SEO plugin v19.1 - https:\/\/yoast.com\/wordpress\/plugins\/seo\/ -->\n<title>Ru\u017edo Karamanaga: To se priroda bezazleno igra - Lajme nga Ulqini<\/title>\n<meta name=\"description\" content=\"Jedan od biv\u0161ih direktora nudisti\u010dkog naselja kod Ulcinja Ru\u017edo Karamanaga ocijene eksperata o nestajanju Ade smatra neutemeljenim Ulcinj - Ada nikad ne\u0107e\" \/>\n<meta name=\"robots\" content=\"index, follow, max-snippet:-1, max-image-preview:large, max-video-preview:-1\" \/>\n<link rel=\"canonical\" href=\"https:\/\/www.visit-ulcinj.com\/blog\/2010\/11\/07\/ruzdo-karamanaga-to-se-priroda-bezazleno-igra\/\" \/>\n<meta property=\"og:locale\" content=\"en_US\" \/>\n<meta property=\"og:type\" content=\"article\" \/>\n<meta property=\"og:title\" content=\"Ru\u017edo Karamanaga: To se priroda bezazleno igra - Lajme nga Ulqini\" \/>\n<meta property=\"og:description\" content=\"Jedan od biv\u0161ih direktora nudisti\u010dkog naselja kod Ulcinja Ru\u017edo Karamanaga ocijene eksperata o nestajanju Ade smatra neutemeljenim Ulcinj - Ada nikad ne\u0107e\" \/>\n<meta property=\"og:url\" content=\"https:\/\/www.visit-ulcinj.com\/blog\/2010\/11\/07\/ruzdo-karamanaga-to-se-priroda-bezazleno-igra\/\" \/>\n<meta property=\"og:site_name\" content=\"Lajme nga Ulqini\" \/>\n<meta property=\"article:published_time\" content=\"2010-11-07T18:28:19+00:00\" \/>\n<meta property=\"og:image\" content=\"https:\/\/www.visit-ulcinj.com\/blog\/wp-content\/uploads\/2010\/11\/Ruzhdo-Karamanaga-150x150.jpg\" \/>\n<meta name=\"twitter:label1\" content=\"Written by\" \/>\n\t<meta name=\"twitter:data1\" content=\"ulqini\" \/>\n\t<meta name=\"twitter:label2\" content=\"Est. reading time\" \/>\n\t<meta name=\"twitter:data2\" content=\"4 minutes\" \/>\n<script type=\"application\/ld+json\" class=\"yoast-schema-graph\">{\"@context\":\"https:\/\/schema.org\",\"@graph\":[{\"@type\":\"WebSite\",\"@id\":\"https:\/\/www.visit-ulcinj.com\/blog\/#website\",\"url\":\"https:\/\/www.visit-ulcinj.com\/blog\/\",\"name\":\"Lajme nga Ulqini\",\"description\":\"Lajme,Vijesti,Ulqini,Ulqin,Crna Gora,Mali i Zi\",\"potentialAction\":[{\"@type\":\"SearchAction\",\"target\":{\"@type\":\"EntryPoint\",\"urlTemplate\":\"https:\/\/www.visit-ulcinj.com\/blog\/?s={search_term_string}\"},\"query-input\":\"required name=search_term_string\"}],\"inLanguage\":\"en-US\"},{\"@type\":\"ImageObject\",\"inLanguage\":\"en-US\",\"@id\":\"https:\/\/www.visit-ulcinj.com\/blog\/2010\/11\/07\/ruzdo-karamanaga-to-se-priroda-bezazleno-igra\/#primaryimage\",\"url\":\"https:\/\/www.visit-ulcinj.com\/blog\/wp-content\/uploads\/2010\/11\/Ruzhdo-Karamanaga.jpg\",\"contentUrl\":\"https:\/\/www.visit-ulcinj.com\/blog\/wp-content\/uploads\/2010\/11\/Ruzhdo-Karamanaga.jpg\",\"width\":\"321\",\"height\":\"291\"},{\"@type\":\"WebPage\",\"@id\":\"https:\/\/www.visit-ulcinj.com\/blog\/2010\/11\/07\/ruzdo-karamanaga-to-se-priroda-bezazleno-igra\/#webpage\",\"url\":\"https:\/\/www.visit-ulcinj.com\/blog\/2010\/11\/07\/ruzdo-karamanaga-to-se-priroda-bezazleno-igra\/\",\"name\":\"Ru\u017edo Karamanaga: To se priroda bezazleno igra - Lajme nga Ulqini\",\"isPartOf\":{\"@id\":\"https:\/\/www.visit-ulcinj.com\/blog\/#website\"},\"primaryImageOfPage\":{\"@id\":\"https:\/\/www.visit-ulcinj.com\/blog\/2010\/11\/07\/ruzdo-karamanaga-to-se-priroda-bezazleno-igra\/#primaryimage\"},\"datePublished\":\"2010-11-07T18:28:19+00:00\",\"dateModified\":\"2010-11-07T18:28:19+00:00\",\"author\":{\"@id\":\"https:\/\/www.visit-ulcinj.com\/blog\/#\/schema\/person\/dcab619c614d3038751c63bc2aadc06d\"},\"description\":\"Jedan od biv\u0161ih direktora nudisti\u010dkog naselja kod Ulcinja Ru\u017edo Karamanaga ocijene eksperata o nestajanju Ade smatra neutemeljenim Ulcinj - Ada nikad ne\u0107e\",\"breadcrumb\":{\"@id\":\"https:\/\/www.visit-ulcinj.com\/blog\/2010\/11\/07\/ruzdo-karamanaga-to-se-priroda-bezazleno-igra\/#breadcrumb\"},\"inLanguage\":\"en-US\",\"potentialAction\":[{\"@type\":\"ReadAction\",\"target\":[\"https:\/\/www.visit-ulcinj.com\/blog\/2010\/11\/07\/ruzdo-karamanaga-to-se-priroda-bezazleno-igra\/\"]}]},{\"@type\":\"BreadcrumbList\",\"@id\":\"https:\/\/www.visit-ulcinj.com\/blog\/2010\/11\/07\/ruzdo-karamanaga-to-se-priroda-bezazleno-igra\/#breadcrumb\",\"itemListElement\":[{\"@type\":\"ListItem\",\"position\":1,\"name\":\"Ru\u017edo Karamanaga: To se priroda bezazleno igra\"}]},{\"@type\":\"Person\",\"@id\":\"https:\/\/www.visit-ulcinj.com\/blog\/#\/schema\/person\/dcab619c614d3038751c63bc2aadc06d\",\"name\":\"ulqini\",\"sameAs\":[\"http:\/\/www.visit-ulcinj.com\"],\"url\":\"https:\/\/www.visit-ulcinj.com\/blog\/author\/admin\/\"}]}<\/script>\n<!-- \/ Yoast SEO plugin. -->","yoast_head_json":{"title":"Ru\u017edo Karamanaga: To se priroda bezazleno igra - Lajme nga Ulqini","description":"Jedan od biv\u0161ih direktora nudisti\u010dkog naselja kod Ulcinja Ru\u017edo Karamanaga ocijene eksperata o nestajanju Ade smatra neutemeljenim Ulcinj - Ada nikad ne\u0107e","robots":{"index":"index","follow":"follow","max-snippet":"max-snippet:-1","max-image-preview":"max-image-preview:large","max-video-preview":"max-video-preview:-1"},"canonical":"https:\/\/www.visit-ulcinj.com\/blog\/2010\/11\/07\/ruzdo-karamanaga-to-se-priroda-bezazleno-igra\/","og_locale":"en_US","og_type":"article","og_title":"Ru\u017edo Karamanaga: To se priroda bezazleno igra - Lajme nga Ulqini","og_description":"Jedan od biv\u0161ih direktora nudisti\u010dkog naselja kod Ulcinja Ru\u017edo Karamanaga ocijene eksperata o nestajanju Ade smatra neutemeljenim Ulcinj - Ada nikad ne\u0107e","og_url":"https:\/\/www.visit-ulcinj.com\/blog\/2010\/11\/07\/ruzdo-karamanaga-to-se-priroda-bezazleno-igra\/","og_site_name":"Lajme nga Ulqini","article_published_time":"2010-11-07T18:28:19+00:00","og_image":[{"url":"https:\/\/www.visit-ulcinj.com\/blog\/wp-content\/uploads\/2010\/11\/Ruzhdo-Karamanaga-150x150.jpg"}],"twitter_misc":{"Written by":"ulqini","Est. reading time":"4 minutes"},"schema":{"@context":"https:\/\/schema.org","@graph":[{"@type":"WebSite","@id":"https:\/\/www.visit-ulcinj.com\/blog\/#website","url":"https:\/\/www.visit-ulcinj.com\/blog\/","name":"Lajme nga Ulqini","description":"Lajme,Vijesti,Ulqini,Ulqin,Crna Gora,Mali i Zi","potentialAction":[{"@type":"SearchAction","target":{"@type":"EntryPoint","urlTemplate":"https:\/\/www.visit-ulcinj.com\/blog\/?s={search_term_string}"},"query-input":"required name=search_term_string"}],"inLanguage":"en-US"},{"@type":"ImageObject","inLanguage":"en-US","@id":"https:\/\/www.visit-ulcinj.com\/blog\/2010\/11\/07\/ruzdo-karamanaga-to-se-priroda-bezazleno-igra\/#primaryimage","url":"https:\/\/www.visit-ulcinj.com\/blog\/wp-content\/uploads\/2010\/11\/Ruzhdo-Karamanaga.jpg","contentUrl":"https:\/\/www.visit-ulcinj.com\/blog\/wp-content\/uploads\/2010\/11\/Ruzhdo-Karamanaga.jpg","width":"321","height":"291"},{"@type":"WebPage","@id":"https:\/\/www.visit-ulcinj.com\/blog\/2010\/11\/07\/ruzdo-karamanaga-to-se-priroda-bezazleno-igra\/#webpage","url":"https:\/\/www.visit-ulcinj.com\/blog\/2010\/11\/07\/ruzdo-karamanaga-to-se-priroda-bezazleno-igra\/","name":"Ru\u017edo Karamanaga: To se priroda bezazleno igra - Lajme nga Ulqini","isPartOf":{"@id":"https:\/\/www.visit-ulcinj.com\/blog\/#website"},"primaryImageOfPage":{"@id":"https:\/\/www.visit-ulcinj.com\/blog\/2010\/11\/07\/ruzdo-karamanaga-to-se-priroda-bezazleno-igra\/#primaryimage"},"datePublished":"2010-11-07T18:28:19+00:00","dateModified":"2010-11-07T18:28:19+00:00","author":{"@id":"https:\/\/www.visit-ulcinj.com\/blog\/#\/schema\/person\/dcab619c614d3038751c63bc2aadc06d"},"description":"Jedan od biv\u0161ih direktora nudisti\u010dkog naselja kod Ulcinja Ru\u017edo Karamanaga ocijene eksperata o nestajanju Ade smatra neutemeljenim Ulcinj - Ada nikad ne\u0107e","breadcrumb":{"@id":"https:\/\/www.visit-ulcinj.com\/blog\/2010\/11\/07\/ruzdo-karamanaga-to-se-priroda-bezazleno-igra\/#breadcrumb"},"inLanguage":"en-US","potentialAction":[{"@type":"ReadAction","target":["https:\/\/www.visit-ulcinj.com\/blog\/2010\/11\/07\/ruzdo-karamanaga-to-se-priroda-bezazleno-igra\/"]}]},{"@type":"BreadcrumbList","@id":"https:\/\/www.visit-ulcinj.com\/blog\/2010\/11\/07\/ruzdo-karamanaga-to-se-priroda-bezazleno-igra\/#breadcrumb","itemListElement":[{"@type":"ListItem","position":1,"name":"Ru\u017edo Karamanaga: To se priroda bezazleno igra"}]},{"@type":"Person","@id":"https:\/\/www.visit-ulcinj.com\/blog\/#\/schema\/person\/dcab619c614d3038751c63bc2aadc06d","name":"ulqini","sameAs":["http:\/\/www.visit-ulcinj.com"],"url":"https:\/\/www.visit-ulcinj.com\/blog\/author\/admin\/"}]}},"jetpack_featured_media_url":"","jetpack_sharing_enabled":true,"jetpack_shortlink":"https:\/\/wp.me\/pe6lTn-aga","_links":{"self":[{"href":"https:\/\/www.visit-ulcinj.com\/blog\/wp-json\/wp\/v2\/posts\/39442"}],"collection":[{"href":"https:\/\/www.visit-ulcinj.com\/blog\/wp-json\/wp\/v2\/posts"}],"about":[{"href":"https:\/\/www.visit-ulcinj.com\/blog\/wp-json\/wp\/v2\/types\/post"}],"author":[{"embeddable":true,"href":"https:\/\/www.visit-ulcinj.com\/blog\/wp-json\/wp\/v2\/users\/1"}],"replies":[{"embeddable":true,"href":"https:\/\/www.visit-ulcinj.com\/blog\/wp-json\/wp\/v2\/comments?post=39442"}],"version-history":[{"count":0,"href":"https:\/\/www.visit-ulcinj.com\/blog\/wp-json\/wp\/v2\/posts\/39442\/revisions"}],"wp:attachment":[{"href":"https:\/\/www.visit-ulcinj.com\/blog\/wp-json\/wp\/v2\/media?parent=39442"}],"wp:term":[{"taxonomy":"category","embeddable":true,"href":"https:\/\/www.visit-ulcinj.com\/blog\/wp-json\/wp\/v2\/categories?post=39442"},{"taxonomy":"post_tag","embeddable":true,"href":"https:\/\/www.visit-ulcinj.com\/blog\/wp-json\/wp\/v2\/tags?post=39442"}],"curies":[{"name":"wp","href":"https:\/\/api.w.org\/{rel}","templated":true}]}}