{"id":39456,"date":"2010-11-07T19:48:11","date_gmt":"2010-11-07T18:48:11","guid":{"rendered":"http:\/\/www.visit-ulcinj.com\/blog\/?p=39456"},"modified":"2010-11-07T19:48:11","modified_gmt":"2010-11-07T18:48:11","slug":"ali-salaj-larg-gazetarise-hulumtuese","status":"publish","type":"post","link":"https:\/\/www.visit-ulcinj.com\/blog\/2010\/11\/07\/ali-salaj-larg-gazetarise-hulumtuese\/","title":{"rendered":"Ali Salaj: Larg gazetaris\u00eb hulumtuese"},"content":{"rendered":"<p><strong><a href=\"http:\/\/www.visit-ulcinj.com\/blog\/wp-content\/uploads\/2010\/11\/Ali-Salaj.jpg\"><img loading=\"lazy\" class=\"alignleft size-full wp-image-39457\" title=\"Ali Salaj\" src=\"http:\/\/www.visit-ulcinj.com\/blog\/wp-content\/uploads\/2010\/11\/Ali-Salaj.jpg\" alt=\"\" width=\"310\" height=\"271\" srcset=\"https:\/\/www.visit-ulcinj.com\/blog\/wp-content\/uploads\/2010\/11\/Ali-Salaj.jpg 310w, https:\/\/www.visit-ulcinj.com\/blog\/wp-content\/uploads\/2010\/11\/Ali-Salaj-300x262.jpg 300w\" sizes=\"(max-width: 310px) 100vw, 310px\" \/><\/a>Kur t\u00eb kemi parasysh kriz\u00ebn\u00a0aktuale t\u00eb mediave t\u00eb shkruara\u00a0n\u00eb bot\u00eb e posa\u00e7\u00ebrisht gjendjen\u00a0e mediave t\u00eb shkruara n\u00eb\u00a0gjuh\u00ebn shqipe n\u00eb Mal t\u00eb Zi\u00a0at\u00ebher\u00eb \u00ebsht\u00eb m\u00eb se e\u00a0kuptueshme se gazetaria\u00a0hulumtuese jo q\u00eb nuk ka gjasa\u00a0t\u00eb zhvillohet ,por ajo do t\u00eb jet\u00eb\u00a0n\u00eb zhdukje t\u00eb vazhdueshme.\u00a0Kjo ndodh sepse e ardhmja e\u00a0gazetaris\u00eb, sidomos e asaj\u00a0hulumtuese, do t\u00eb zhvillohet\u00a0n\u00eb internet dhe n\u00ebp\u00ebr vebfaqet\u00a0dhe portalet e ndryshme t\u00eb tij,\u00a0duke mbijetuar kriz\u00ebn q\u00eb i ka\u00a0p\u00ebrfshir\u00eb mediat e shkruara.<\/p>\n<p><\/strong>Gazetarin\u00eb hulumtuese e karakterizon g\u00ebrmimi\u00a0n\u00ebn sip\u00ebrfaqe ku zbulohen t\u00eb gjitha devijimet,\u00a0pisll\u00ebqet, deformimet dhe dukurit\u00eb e\u00a0tjera t\u00eb sh\u00ebmtuara q\u00eb paraqesin interes p\u00ebr\u00a0opinionin publik.Gazetaria hulumtuese q\u00eb\u00a0n\u00ebnkupton procesin e grumbullimit t\u00eb informacionit\u00a0n\u00eb thell\u00ebsi ,\u00ebsht\u00eb e panjohur si zhan\u00ebr n\u00eb\u00a0gazetarin\u00eb e shkruar n\u00eb Mal t\u00eb Zi. N\u00eb k\u00ebto\u00a0media jo q\u00eb nuk g\u00ebrmohet n\u00eb thell\u00ebsi por\u00a0shpeshher\u00eb nuk g\u00ebrvishtet as sip\u00ebrfaqja. Kjo\u00a0ndodh\u00eb ngase mediat e shkruara n\u00eb gjuh\u00ebn\u00a0shqipe nuk kan\u00eb ndonj\u00eb tradit\u00eb identifikuese,\u00a0pjekuri profesionale dhe guxim intelektual.\u00a0P\u00ebrve\u00e7 revistave t\u00eb profilizuara p\u00ebr kultur\u00eb, art\u00a0dhe shkenc\u00eb \u201cLemba\u201d,\u201dDija\u201d,\u201dMal\u00ebsia\u201d e\u00a0ndonj\u00eb tjet\u00ebr, te shqiptar\u00ebt n\u00eb Mal\u00a0t\u00eb Zi jan\u00eb shfaqur, koh\u00eb pas kohe,\u00a0disa gazeta periodike si \u201cFati\u201d,\u00a0\u201cKronika\u201d, \u201cPolis\u201d dhe \u201cKoha\u00a0javore\u201d, t\u00eb cilat nuk arrit\u00ebn ose e\u00a0kan\u00eb v\u00ebshtir\u00eb t\u00eb mbijetojn\u00eb n\u00eb nj\u00eb\u00a0treg tejet negativ dhe n\u00eb nj\u00eb\u00a0komunitet q\u00eb ka kriz\u00eb t\u00eb identitetit.\u00a0Kur k\u00ebsaj i shtojm\u00eb faktin\u00a0se gazetaria hulumtuese si zhan\u00ebr\u00a0mbart me vete sfida dhe rreziqe\u00a0p\u00ebr t\u00eb gjith\u00eb ata q\u00eb punojn\u00eb n\u00eb\u00a0k\u00ebt\u00eb fush\u00eb si dhe gjendja tejet e\u00a0v\u00ebshtir\u00eb financiare e gazetarit\u00a0at\u00ebher\u00eb jan\u00eb t\u00eb kuptueshme\u00a0pengesat e pakalueshme p\u00ebr tu\u00a0marr\u00eb me nj\u00eb gazetari t\u00eb mir\u00ebfillt\u00eb\u00a0hulumtuese.N\u00eb mediat e shkruara\u00a0n\u00eb gjuh\u00ebn shqipe n\u00eb Mal t\u00eb Zi jan\u00eb\u00a0b\u00ebr\u00eb p\u00ebrpjekje ndoshta p\u00ebr t\u00eb folur\u00a0apo edhe p\u00ebr t\u00eb zbardhur ndonj\u00eb\u00a0fenomen negativ t\u00eb shoq\u00ebris\u00eb\u00a0qoft\u00eb p\u00ebrmes intervist\u00ebs, kronik\u00ebs\u00a0, komentit, polemik\u00ebs dhe analiz\u00ebs\u00a0por q\u00eb t\u00eb gjitha mbeten brenda\u00a0suazave t\u00eb gazetaris\u00eb s\u00eb r\u00ebndomt\u00eb,\u00a0narrative dhe p\u00ebrshkruese.\u00a0N\u00eb k\u00ebt\u00eb kuad\u00ebr gazetaria\u00a0hulumtuese nuk ka ndonj\u00eb zhvillim\u00a0t\u00eb k\u00ebnaqsh\u00ebm as n\u00eb hap\u00ebsir\u00ebn\u00a0mbar\u00ebshqiptare.N\u00eb Kosov\u00eb, ku\u00a0si\u00e7 dihet ka vend p\u00ebr tema\u00a0hulumtuese, nuk \u00ebsht\u00eb i zhvilluar\u00a0ky zhan\u00ebr, nd\u00ebrkoh\u00eb q\u00eb n\u00eb\u00a0Shqip\u00ebri jan\u00eb paraqitur disa raste\u00a0si\u00e7 jan\u00eb dosja e Remzi\u00a0Hoxh\u00ebs,dosja e Haklajve apo\u00a0ngjarja e G\u00ebrdecit, por q\u00eb jan\u00eb\u00a0larg asaj se \u00e7far\u00eb duhet t\u00eb ofroj\u00eb\u00a0ky zhan\u00ebr gazetaresk. Shpeshher\u00eb\u00a0n\u00eb shtypin e shkruar t\u00eb Shqip\u00ebris\u00eb ka pasur\u00a0keqp\u00ebrdorime n\u00eb em\u00ebr t\u00eb gazetaris\u00eb\u00a0hulumtuese si\u00e7 ishte rasti i \u201csht\u00ebpis\u00eb s\u00eb verdh\u00eb\u201d\u00a0n\u00eb Kuk\u00ebs ku pa t\u00eb drejt\u00eb u akuzuan strukturat\u00a0e U\u00c7K-s\u00eb p\u00ebr trafikim t\u00eb organeve njer\u00ebzore.\u00a0Kur t\u00eb kemi parasysh kriz\u00ebn aktuale t\u00eb mediave\u00a0t\u00eb shkruara n\u00eb bot\u00eb e posa\u00e7\u00ebrisht gjendjen\u00a0e mediave t\u00eb shkruara n\u00eb gjuh\u00ebn shqipe n\u00eb Mal\u00a0t\u00eb Zi at\u00ebher\u00eb \u00ebsht\u00eb m\u00eb se e kuptueshme se\u00a0gazetaria hulumtuese jo q\u00eb nuk ka gjasa t\u00eb\u00a0zhvillohet ,por ajo do t\u00eb jet\u00eb n\u00eb zhdukje t\u00eb\u00a0vazhdueshme. Kjo ndodh sepse e ardhmja e\u00a0gazetaris\u00eb, sidomos e asaj hulumtuese do t\u00eb\u00a0zhvillohet n\u00eb internet dhe n\u00ebp\u00ebr vebfaqet dhe\u00a0portalet e ndryshme t\u00eb tij duke mbijetuar\u00a0kriz\u00ebn q\u00eb i ka p\u00ebrfshir\u00eb mediat e shkruara.K\u00ebt\u00eb\u00a0e d\u00ebshmoi edhe fakti se p\u00ebr her\u00eb t\u00eb par\u00eb n\u00eb historin\u00eb\u00a0e gazetaris\u00eb nj\u00eb faqe n\u00eb internet ka fituar\u00a0\u00e7mimin Pulicer si\u00e7 ndodhi me vebsajtin\u00a0amerikan Propublica org. Edhe publikimi i\u00a0dhjet\u00ebra mij\u00ebra dokumenteve ushtarake p\u00ebr\u00a0luft\u00ebn n\u00eb Avganistan t\u00eb b\u00ebra koh\u00eb m\u00eb par\u00eb n\u00eb\u00a0internet tregoi pamjen e ardhshme t\u00eb gazetaris\u00eb\u00a0hulumtuese.\u00a0Un\u00eb besoj se n\u00eb nj\u00eb t\u00eb ardhme edhe gazetar\u00ebt\u00a0shqiptar\u00eb n\u00eb Mal t\u00eb Zi duhet t\u00eb pozicionohen\u00a0rreth nj\u00eb alternative t\u00eb re t\u00eb informimit e kjo\u00a0padyshim \u00ebsht\u00eb bota e internetit. Me ndihm\u00ebn\u00a0e donator\u00ebve apo edhe t\u00eb institucioneve t\u00eb\u00a0ndryshme nga jasht\u00eb dhe nga vendi duhet t\u00eb\u00a0hapet nj\u00eb faqe interneti ku gazetar\u00ebt m\u00eb t\u00eb njohur\u00a0shqiptar\u00eb nga t\u00eb gjitha redaksit\u00eb do t\u00eb kultivonin\u00a0gazetarin\u00eb hulumtuese. Mendoj se\u00a0m\u00ebnyra digjitale e informimit do ti nxiste dhe\u00a0inkurajonte gazetar\u00ebt p\u00ebr nj\u00eb frym\u00eb ndryshe t\u00eb\u00a0informimit. Kjo do t\u2019i lironte ata edhe nga frika\u00a0dhe autocenzura q\u00eb ishin dhe mbeten mjaft t\u00eb\u00a0pranishme n\u00eb informimin n\u00eb gjuh\u00ebn shqipe n\u00eb\u00a0Mal t\u00eb Zi.<\/p>\n<p><strong>Ali Salaj<br \/>\nKoha Javore<br \/>\n<!--YouTube Error: bad URL entered--><\/strong><\/p>\n","protected":false},"excerpt":{"rendered":"<p>Kur t\u00eb kemi parasysh kriz\u00ebn\u00a0aktuale t\u00eb mediave t\u00eb shkruara\u00a0n\u00eb bot\u00eb e posa\u00e7\u00ebrisht gjendjen\u00a0e mediave t\u00eb shkruara n\u00eb\u00a0gjuh\u00ebn shqipe n\u00eb Mal t\u00eb Zi\u00a0at\u00ebher\u00eb \u00ebsht\u00eb m\u00eb se e\u00a0kuptueshme se gazetaria\u00a0hulumtuese jo q\u00eb nuk ka gjasa\u00a0t\u00eb zhvillohet ,por ajo do t\u00eb jet\u00eb\u00a0n\u00eb zhdukje t\u00eb vazhdueshme.\u00a0Kjo ndodh sepse e ardhmja e\u00a0gazetaris\u00eb, sidomos e asaj\u00a0hulumtuese, do t\u00eb zhvillohet\u00a0n\u00eb internet dhe [&hellip;]<\/p>\n","protected":false},"author":1,"featured_media":0,"comment_status":"open","ping_status":"closed","sticky":false,"template":"","format":"standard","meta":{"spay_email":"","jetpack_publicize_message":"","jetpack_is_tweetstorm":false,"jetpack_publicize_feature_enabled":true},"categories":[14249],"tags":[4995,16231,95,200,18],"jetpack_publicize_connections":[],"yoast_head":"<!-- This site is optimized with the Yoast SEO plugin v19.1 - https:\/\/yoast.com\/wordpress\/plugins\/seo\/ -->\n<title>Ali Salaj: Larg gazetaris\u00eb hulumtuese - Lajme nga Ulqini<\/title>\n<meta name=\"description\" content=\"Kur t\u00eb kemi parasysh kriz\u00ebn\u00a0aktuale t\u00eb mediave t\u00eb shkruara\u00a0n\u00eb bot\u00eb e posa\u00e7\u00ebrisht gjendjen\u00a0e mediave t\u00eb shkruara n\u00eb\u00a0gjuh\u00ebn shqipe n\u00eb Mal t\u00eb Zi\u00a0at\u00ebher\u00eb\" \/>\n<meta name=\"robots\" content=\"index, follow, max-snippet:-1, max-image-preview:large, max-video-preview:-1\" \/>\n<link rel=\"canonical\" href=\"https:\/\/www.visit-ulcinj.com\/blog\/2010\/11\/07\/ali-salaj-larg-gazetarise-hulumtuese\/\" \/>\n<meta property=\"og:locale\" content=\"en_US\" \/>\n<meta property=\"og:type\" content=\"article\" \/>\n<meta property=\"og:title\" content=\"Ali Salaj: Larg gazetaris\u00eb hulumtuese - Lajme nga Ulqini\" \/>\n<meta property=\"og:description\" content=\"Kur t\u00eb kemi parasysh kriz\u00ebn\u00a0aktuale t\u00eb mediave t\u00eb shkruara\u00a0n\u00eb bot\u00eb e posa\u00e7\u00ebrisht gjendjen\u00a0e mediave t\u00eb shkruara n\u00eb\u00a0gjuh\u00ebn shqipe n\u00eb Mal t\u00eb Zi\u00a0at\u00ebher\u00eb\" \/>\n<meta property=\"og:url\" content=\"https:\/\/www.visit-ulcinj.com\/blog\/2010\/11\/07\/ali-salaj-larg-gazetarise-hulumtuese\/\" \/>\n<meta property=\"og:site_name\" content=\"Lajme nga Ulqini\" \/>\n<meta property=\"article:published_time\" content=\"2010-11-07T18:48:11+00:00\" \/>\n<meta property=\"og:image\" content=\"http:\/\/www.visit-ulcinj.com\/blog\/wp-content\/uploads\/2010\/11\/Ali-Salaj.jpg\" \/>\n<meta name=\"twitter:label1\" content=\"Written by\" \/>\n\t<meta name=\"twitter:data1\" content=\"ulqini\" \/>\n\t<meta name=\"twitter:label2\" content=\"Est. reading time\" \/>\n\t<meta name=\"twitter:data2\" content=\"4 minutes\" \/>\n<script type=\"application\/ld+json\" class=\"yoast-schema-graph\">{\"@context\":\"https:\/\/schema.org\",\"@graph\":[{\"@type\":\"WebSite\",\"@id\":\"https:\/\/www.visit-ulcinj.com\/blog\/#website\",\"url\":\"https:\/\/www.visit-ulcinj.com\/blog\/\",\"name\":\"Lajme nga Ulqini\",\"description\":\"Lajme,Vijesti,Ulqini,Ulqin,Crna Gora,Mali i Zi\",\"potentialAction\":[{\"@type\":\"SearchAction\",\"target\":{\"@type\":\"EntryPoint\",\"urlTemplate\":\"https:\/\/www.visit-ulcinj.com\/blog\/?s={search_term_string}\"},\"query-input\":\"required name=search_term_string\"}],\"inLanguage\":\"en-US\"},{\"@type\":\"ImageObject\",\"inLanguage\":\"en-US\",\"@id\":\"https:\/\/www.visit-ulcinj.com\/blog\/2010\/11\/07\/ali-salaj-larg-gazetarise-hulumtuese\/#primaryimage\",\"url\":\"https:\/\/www.visit-ulcinj.com\/blog\/wp-content\/uploads\/2010\/11\/Ali-Salaj.jpg\",\"contentUrl\":\"https:\/\/www.visit-ulcinj.com\/blog\/wp-content\/uploads\/2010\/11\/Ali-Salaj.jpg\",\"width\":\"310\",\"height\":\"271\"},{\"@type\":\"WebPage\",\"@id\":\"https:\/\/www.visit-ulcinj.com\/blog\/2010\/11\/07\/ali-salaj-larg-gazetarise-hulumtuese\/#webpage\",\"url\":\"https:\/\/www.visit-ulcinj.com\/blog\/2010\/11\/07\/ali-salaj-larg-gazetarise-hulumtuese\/\",\"name\":\"Ali Salaj: Larg gazetaris\u00eb hulumtuese - Lajme nga Ulqini\",\"isPartOf\":{\"@id\":\"https:\/\/www.visit-ulcinj.com\/blog\/#website\"},\"primaryImageOfPage\":{\"@id\":\"https:\/\/www.visit-ulcinj.com\/blog\/2010\/11\/07\/ali-salaj-larg-gazetarise-hulumtuese\/#primaryimage\"},\"datePublished\":\"2010-11-07T18:48:11+00:00\",\"dateModified\":\"2010-11-07T18:48:11+00:00\",\"author\":{\"@id\":\"https:\/\/www.visit-ulcinj.com\/blog\/#\/schema\/person\/dcab619c614d3038751c63bc2aadc06d\"},\"description\":\"Kur t\u00eb kemi parasysh kriz\u00ebn\u00a0aktuale t\u00eb mediave t\u00eb shkruara\u00a0n\u00eb bot\u00eb e posa\u00e7\u00ebrisht gjendjen\u00a0e mediave t\u00eb shkruara n\u00eb\u00a0gjuh\u00ebn shqipe n\u00eb Mal t\u00eb Zi\u00a0at\u00ebher\u00eb\",\"breadcrumb\":{\"@id\":\"https:\/\/www.visit-ulcinj.com\/blog\/2010\/11\/07\/ali-salaj-larg-gazetarise-hulumtuese\/#breadcrumb\"},\"inLanguage\":\"en-US\",\"potentialAction\":[{\"@type\":\"ReadAction\",\"target\":[\"https:\/\/www.visit-ulcinj.com\/blog\/2010\/11\/07\/ali-salaj-larg-gazetarise-hulumtuese\/\"]}]},{\"@type\":\"BreadcrumbList\",\"@id\":\"https:\/\/www.visit-ulcinj.com\/blog\/2010\/11\/07\/ali-salaj-larg-gazetarise-hulumtuese\/#breadcrumb\",\"itemListElement\":[{\"@type\":\"ListItem\",\"position\":1,\"name\":\"Ali Salaj: Larg gazetaris\u00eb hulumtuese\"}]},{\"@type\":\"Person\",\"@id\":\"https:\/\/www.visit-ulcinj.com\/blog\/#\/schema\/person\/dcab619c614d3038751c63bc2aadc06d\",\"name\":\"ulqini\",\"sameAs\":[\"http:\/\/www.visit-ulcinj.com\"],\"url\":\"https:\/\/www.visit-ulcinj.com\/blog\/author\/admin\/\"}]}<\/script>\n<!-- \/ Yoast SEO plugin. -->","yoast_head_json":{"title":"Ali Salaj: Larg gazetaris\u00eb hulumtuese - Lajme nga Ulqini","description":"Kur t\u00eb kemi parasysh kriz\u00ebn\u00a0aktuale t\u00eb mediave t\u00eb shkruara\u00a0n\u00eb bot\u00eb e posa\u00e7\u00ebrisht gjendjen\u00a0e mediave t\u00eb shkruara n\u00eb\u00a0gjuh\u00ebn shqipe n\u00eb Mal t\u00eb Zi\u00a0at\u00ebher\u00eb","robots":{"index":"index","follow":"follow","max-snippet":"max-snippet:-1","max-image-preview":"max-image-preview:large","max-video-preview":"max-video-preview:-1"},"canonical":"https:\/\/www.visit-ulcinj.com\/blog\/2010\/11\/07\/ali-salaj-larg-gazetarise-hulumtuese\/","og_locale":"en_US","og_type":"article","og_title":"Ali Salaj: Larg gazetaris\u00eb hulumtuese - Lajme nga Ulqini","og_description":"Kur t\u00eb kemi parasysh kriz\u00ebn\u00a0aktuale t\u00eb mediave t\u00eb shkruara\u00a0n\u00eb bot\u00eb e posa\u00e7\u00ebrisht gjendjen\u00a0e mediave t\u00eb shkruara n\u00eb\u00a0gjuh\u00ebn shqipe n\u00eb Mal t\u00eb Zi\u00a0at\u00ebher\u00eb","og_url":"https:\/\/www.visit-ulcinj.com\/blog\/2010\/11\/07\/ali-salaj-larg-gazetarise-hulumtuese\/","og_site_name":"Lajme nga Ulqini","article_published_time":"2010-11-07T18:48:11+00:00","og_image":[{"url":"http:\/\/www.visit-ulcinj.com\/blog\/wp-content\/uploads\/2010\/11\/Ali-Salaj.jpg"}],"twitter_misc":{"Written by":"ulqini","Est. reading time":"4 minutes"},"schema":{"@context":"https:\/\/schema.org","@graph":[{"@type":"WebSite","@id":"https:\/\/www.visit-ulcinj.com\/blog\/#website","url":"https:\/\/www.visit-ulcinj.com\/blog\/","name":"Lajme nga Ulqini","description":"Lajme,Vijesti,Ulqini,Ulqin,Crna Gora,Mali i Zi","potentialAction":[{"@type":"SearchAction","target":{"@type":"EntryPoint","urlTemplate":"https:\/\/www.visit-ulcinj.com\/blog\/?s={search_term_string}"},"query-input":"required name=search_term_string"}],"inLanguage":"en-US"},{"@type":"ImageObject","inLanguage":"en-US","@id":"https:\/\/www.visit-ulcinj.com\/blog\/2010\/11\/07\/ali-salaj-larg-gazetarise-hulumtuese\/#primaryimage","url":"https:\/\/www.visit-ulcinj.com\/blog\/wp-content\/uploads\/2010\/11\/Ali-Salaj.jpg","contentUrl":"https:\/\/www.visit-ulcinj.com\/blog\/wp-content\/uploads\/2010\/11\/Ali-Salaj.jpg","width":"310","height":"271"},{"@type":"WebPage","@id":"https:\/\/www.visit-ulcinj.com\/blog\/2010\/11\/07\/ali-salaj-larg-gazetarise-hulumtuese\/#webpage","url":"https:\/\/www.visit-ulcinj.com\/blog\/2010\/11\/07\/ali-salaj-larg-gazetarise-hulumtuese\/","name":"Ali Salaj: Larg gazetaris\u00eb hulumtuese - Lajme nga Ulqini","isPartOf":{"@id":"https:\/\/www.visit-ulcinj.com\/blog\/#website"},"primaryImageOfPage":{"@id":"https:\/\/www.visit-ulcinj.com\/blog\/2010\/11\/07\/ali-salaj-larg-gazetarise-hulumtuese\/#primaryimage"},"datePublished":"2010-11-07T18:48:11+00:00","dateModified":"2010-11-07T18:48:11+00:00","author":{"@id":"https:\/\/www.visit-ulcinj.com\/blog\/#\/schema\/person\/dcab619c614d3038751c63bc2aadc06d"},"description":"Kur t\u00eb kemi parasysh kriz\u00ebn\u00a0aktuale t\u00eb mediave t\u00eb shkruara\u00a0n\u00eb bot\u00eb e posa\u00e7\u00ebrisht gjendjen\u00a0e mediave t\u00eb shkruara n\u00eb\u00a0gjuh\u00ebn shqipe n\u00eb Mal t\u00eb Zi\u00a0at\u00ebher\u00eb","breadcrumb":{"@id":"https:\/\/www.visit-ulcinj.com\/blog\/2010\/11\/07\/ali-salaj-larg-gazetarise-hulumtuese\/#breadcrumb"},"inLanguage":"en-US","potentialAction":[{"@type":"ReadAction","target":["https:\/\/www.visit-ulcinj.com\/blog\/2010\/11\/07\/ali-salaj-larg-gazetarise-hulumtuese\/"]}]},{"@type":"BreadcrumbList","@id":"https:\/\/www.visit-ulcinj.com\/blog\/2010\/11\/07\/ali-salaj-larg-gazetarise-hulumtuese\/#breadcrumb","itemListElement":[{"@type":"ListItem","position":1,"name":"Ali Salaj: Larg gazetaris\u00eb hulumtuese"}]},{"@type":"Person","@id":"https:\/\/www.visit-ulcinj.com\/blog\/#\/schema\/person\/dcab619c614d3038751c63bc2aadc06d","name":"ulqini","sameAs":["http:\/\/www.visit-ulcinj.com"],"url":"https:\/\/www.visit-ulcinj.com\/blog\/author\/admin\/"}]}},"jetpack_featured_media_url":"","jetpack_sharing_enabled":true,"jetpack_shortlink":"https:\/\/wp.me\/pe6lTn-ago","_links":{"self":[{"href":"https:\/\/www.visit-ulcinj.com\/blog\/wp-json\/wp\/v2\/posts\/39456"}],"collection":[{"href":"https:\/\/www.visit-ulcinj.com\/blog\/wp-json\/wp\/v2\/posts"}],"about":[{"href":"https:\/\/www.visit-ulcinj.com\/blog\/wp-json\/wp\/v2\/types\/post"}],"author":[{"embeddable":true,"href":"https:\/\/www.visit-ulcinj.com\/blog\/wp-json\/wp\/v2\/users\/1"}],"replies":[{"embeddable":true,"href":"https:\/\/www.visit-ulcinj.com\/blog\/wp-json\/wp\/v2\/comments?post=39456"}],"version-history":[{"count":0,"href":"https:\/\/www.visit-ulcinj.com\/blog\/wp-json\/wp\/v2\/posts\/39456\/revisions"}],"wp:attachment":[{"href":"https:\/\/www.visit-ulcinj.com\/blog\/wp-json\/wp\/v2\/media?parent=39456"}],"wp:term":[{"taxonomy":"category","embeddable":true,"href":"https:\/\/www.visit-ulcinj.com\/blog\/wp-json\/wp\/v2\/categories?post=39456"},{"taxonomy":"post_tag","embeddable":true,"href":"https:\/\/www.visit-ulcinj.com\/blog\/wp-json\/wp\/v2\/tags?post=39456"}],"curies":[{"name":"wp","href":"https:\/\/api.w.org\/{rel}","templated":true}]}}