{"id":39472,"date":"2010-11-08T15:43:41","date_gmt":"2010-11-08T14:43:41","guid":{"rendered":"http:\/\/www.visit-ulcinj.com\/blog\/?p=39472"},"modified":"2010-11-08T15:48:48","modified_gmt":"2010-11-08T14:48:48","slug":"komisioni-evropian-neser-publikon-pakon-e-zgjerimit-2010","status":"publish","type":"post","link":"https:\/\/www.visit-ulcinj.com\/blog\/2010\/11\/08\/komisioni-evropian-neser-publikon-pakon-e-zgjerimit-2010\/","title":{"rendered":"Komisioni Evropian nes\u00ebr publikon Pakon e zgjerimit 2010"},"content":{"rendered":"<p><a href=\"http:\/\/www.visit-ulcinj.com\/blog\/wp-content\/uploads\/2010\/11\/Komisioni-Evropian-EU.jpg\"><img loading=\"lazy\" class=\"alignleft size-full wp-image-39473\" title=\"Komisioni Evropian - EU\" src=\"http:\/\/www.visit-ulcinj.com\/blog\/wp-content\/uploads\/2010\/11\/Komisioni-Evropian-EU.jpg\" alt=\"\" width=\"490\" height=\"380\" \/><\/a>Bruksel, 8 n\u00ebntor &#8211; Komisioni Evropian nes\u00ebr pritet ta miratoj\u00eb Pakon e Zgjerimit 2010, q\u00eb do t\u00eb p\u00ebrb\u00ebhet nga nj\u00eb dokument strategjik, Opinionet n\u00eb lidhje me k\u00ebrkesat p\u00ebr an\u00ebtar\u00ebsim t\u00eb dor\u00ebzuara nga Mali i Zi dhe Shqip\u00ebria dhe shtat\u00eb Raportet e Progresit p\u00ebr vendet e tjera kandidate dhe kandidate potenciale, p\u00ebrfshir\u00eb Kosov\u00ebn.<\/p>\n<p>Gjat\u00eb gjysm\u00eb shekulli, Bashkimi Evropian ka ndjekur integrimin gjithnj\u00eb e m\u00eb t\u00eb thell\u00eb nj\u00ebkoh\u00ebsisht me pranimin e an\u00ebtar\u00ebve t\u00eb rinj. K\u00ebto dy procese n\u00eb t\u00eb shumt\u00ebn e koh\u00ebs kan\u00eb ndodhur paralelisht. Rritja e an\u00ebtar\u00ebsis\u00eb ka qen\u00eb pjes\u00eb e zhvillimit t\u00eb integrimeve evropiane q\u00eb nga fillimi. BE-ja e sotme, me 27 Shtete An\u00ebtare dhe me nj\u00eb popullat\u00eb af\u00ebr 500 milion\u00ebshe, \u00ebsht\u00eb m\u00eb e sigurt, m\u00eb e fuqishme dhe m\u00eb me ndikim se sa Komuniteti fillestar Ekonomik Evropian 50 vite m\u00eb her\u00ebt q\u00eb kishte 6 an\u00ebtar\u00eb dhe popullat\u00eb m\u00eb pak se 200 milion\u00ebshe.<\/p>\n<p>N\u00eb vitin 2006, qeverit\u00eb e Shteteve An\u00ebtare t\u00eb BE-s\u00eb n\u00eb K\u00ebshillin Evropian kan\u00eb rip\u00ebrt\u00ebrir\u00eb konsensusin p\u00ebr politik\u00ebn e Zgjerimit dhe kan\u00eb rikonfirmuar perspektiv\u00ebn e BE-s\u00eb p\u00ebr vendet tjera n\u00eb Evrop\u00ebn Juglindore \u2013 Kroaci, ish-Republik\u00ebn Jugosllave t\u00eb Maqedonis\u00eb, Shqip\u00ebri, Bosnje dhe Hercegovin\u00eb, Serbi, Kosov\u00eb sipas Rezolut\u00ebs 1244 t\u00eb K\u00ebshillit t\u00eb Sigurimit t\u00eb OKB-s\u00eb dhe Turqi.<\/p>\n<p>Procesi i zgjerimit, si\u00e7 raporton KosovaLive, ka ecur p\u00ebrpara gjat\u00eb vitit t\u00eb kaluar. Negociatat me Kroacin\u00eb kan\u00eb hyr\u00eb n\u00eb faz\u00ebn finale, dhe ka pasur progres p\u00ebr \u00e7\u00ebshtjet bilaterale. Serbia ka dor\u00ebzuar k\u00ebrkes\u00ebn p\u00ebr an\u00ebtar\u00ebsim. Komisioni \u00ebsht\u00eb n\u00eb prag t\u00eb l\u00ebshimit t\u00eb opinionit p\u00ebr k\u00ebrkesat e Malit t\u00eb Zi dhe Shqip\u00ebris\u00eb. Islanda ka filluar negociatat p\u00ebr aderim n\u00eb korrik. N\u00eb negociatat me Turqin\u00eb jan\u00eb hapur kapituj t\u00eb rinj dhe vendi ka b\u00ebr\u00eb nj\u00eb revidim t\u00eb gjer\u00eb t\u00eb kushtetut\u00ebs q\u00eb ka sjell\u00eb af\u00ebr standardeve evropiane.<\/p>\n<p><strong>KOHA NET<br \/>\n[flv width=&#8221;490&#8243; height=&#8221;390&#8243;]http:\/\/video1.top-channel.tv\/18754796\/flv\/kronika\/FSHATISHENGEN0.flv[\/flv]<\/strong><\/p>\n","protected":false},"excerpt":{"rendered":"<p>Bruksel, 8 n\u00ebntor &#8211; Komisioni Evropian nes\u00ebr pritet ta miratoj\u00eb Pakon e Zgjerimit 2010, q\u00eb do t\u00eb p\u00ebrb\u00ebhet nga nj\u00eb dokument strategjik, Opinionet n\u00eb lidhje me k\u00ebrkesat p\u00ebr an\u00ebtar\u00ebsim t\u00eb dor\u00ebzuara nga Mali i Zi dhe Shqip\u00ebria dhe shtat\u00eb Raportet e Progresit p\u00ebr vendet e tjera kandidate dhe kandidate potenciale, p\u00ebrfshir\u00eb Kosov\u00ebn. Gjat\u00eb gjysm\u00eb shekulli, [&hellip;]<\/p>\n","protected":false},"author":1,"featured_media":0,"comment_status":"open","ping_status":"closed","sticky":false,"template":"","format":"standard","meta":{"spay_email":"","jetpack_publicize_message":"","jetpack_is_tweetstorm":false,"jetpack_publicize_feature_enabled":true},"categories":[14],"tags":[16251,16250,5521,95,354],"jetpack_publicize_connections":[],"yoast_head":"<!-- This site is optimized with the Yoast SEO plugin v19.1 - https:\/\/yoast.com\/wordpress\/plugins\/seo\/ -->\n<title>Komisioni Evropian nes\u00ebr publikon Pakon e zgjerimit 2010 - Lajme nga Ulqini<\/title>\n<meta name=\"description\" content=\"Bruksel, 8 n\u00ebntor - Komisioni Evropian nes\u00ebr pritet ta miratoj\u00eb Pakon e Zgjerimit 2010, q\u00eb do t\u00eb p\u00ebrb\u00ebhet nga nj\u00eb dokument strategjik, Opinionet n\u00eb lidhje\" \/>\n<meta name=\"robots\" content=\"index, follow, max-snippet:-1, max-image-preview:large, max-video-preview:-1\" \/>\n<link rel=\"canonical\" href=\"https:\/\/www.visit-ulcinj.com\/blog\/2010\/11\/08\/komisioni-evropian-neser-publikon-pakon-e-zgjerimit-2010\/\" \/>\n<meta property=\"og:locale\" content=\"en_US\" \/>\n<meta property=\"og:type\" content=\"article\" \/>\n<meta property=\"og:title\" content=\"Komisioni Evropian nes\u00ebr publikon Pakon e zgjerimit 2010 - Lajme nga Ulqini\" \/>\n<meta property=\"og:description\" content=\"Bruksel, 8 n\u00ebntor - Komisioni Evropian nes\u00ebr pritet ta miratoj\u00eb Pakon e Zgjerimit 2010, q\u00eb do t\u00eb p\u00ebrb\u00ebhet nga nj\u00eb dokument strategjik, Opinionet n\u00eb lidhje\" \/>\n<meta property=\"og:url\" content=\"https:\/\/www.visit-ulcinj.com\/blog\/2010\/11\/08\/komisioni-evropian-neser-publikon-pakon-e-zgjerimit-2010\/\" \/>\n<meta property=\"og:site_name\" content=\"Lajme nga Ulqini\" \/>\n<meta property=\"article:published_time\" content=\"2010-11-08T14:43:41+00:00\" \/>\n<meta property=\"article:modified_time\" content=\"2010-11-08T14:48:48+00:00\" \/>\n<meta property=\"og:image\" content=\"http:\/\/www.visit-ulcinj.com\/blog\/wp-content\/uploads\/2010\/11\/Komisioni-Evropian-EU.jpg\" \/>\n<meta name=\"twitter:label1\" content=\"Written by\" \/>\n\t<meta name=\"twitter:data1\" content=\"ulqini\" \/>\n\t<meta name=\"twitter:label2\" content=\"Est. reading time\" \/>\n\t<meta name=\"twitter:data2\" content=\"2 minutes\" \/>\n<script type=\"application\/ld+json\" class=\"yoast-schema-graph\">{\"@context\":\"https:\/\/schema.org\",\"@graph\":[{\"@type\":\"WebSite\",\"@id\":\"https:\/\/www.visit-ulcinj.com\/blog\/#website\",\"url\":\"https:\/\/www.visit-ulcinj.com\/blog\/\",\"name\":\"Lajme nga Ulqini\",\"description\":\"Lajme,Vijesti,Ulqini,Ulqin,Crna Gora,Mali i Zi\",\"potentialAction\":[{\"@type\":\"SearchAction\",\"target\":{\"@type\":\"EntryPoint\",\"urlTemplate\":\"https:\/\/www.visit-ulcinj.com\/blog\/?s={search_term_string}\"},\"query-input\":\"required name=search_term_string\"}],\"inLanguage\":\"en-US\"},{\"@type\":\"ImageObject\",\"inLanguage\":\"en-US\",\"@id\":\"https:\/\/www.visit-ulcinj.com\/blog\/2010\/11\/08\/komisioni-evropian-neser-publikon-pakon-e-zgjerimit-2010\/#primaryimage\",\"url\":\"https:\/\/www.visit-ulcinj.com\/blog\/wp-content\/uploads\/2010\/11\/Komisioni-Evropian-EU.jpg\",\"contentUrl\":\"https:\/\/www.visit-ulcinj.com\/blog\/wp-content\/uploads\/2010\/11\/Komisioni-Evropian-EU.jpg\",\"width\":\"640\",\"height\":\"370\"},{\"@type\":\"WebPage\",\"@id\":\"https:\/\/www.visit-ulcinj.com\/blog\/2010\/11\/08\/komisioni-evropian-neser-publikon-pakon-e-zgjerimit-2010\/#webpage\",\"url\":\"https:\/\/www.visit-ulcinj.com\/blog\/2010\/11\/08\/komisioni-evropian-neser-publikon-pakon-e-zgjerimit-2010\/\",\"name\":\"Komisioni Evropian nes\u00ebr publikon Pakon e zgjerimit 2010 - Lajme nga Ulqini\",\"isPartOf\":{\"@id\":\"https:\/\/www.visit-ulcinj.com\/blog\/#website\"},\"primaryImageOfPage\":{\"@id\":\"https:\/\/www.visit-ulcinj.com\/blog\/2010\/11\/08\/komisioni-evropian-neser-publikon-pakon-e-zgjerimit-2010\/#primaryimage\"},\"datePublished\":\"2010-11-08T14:43:41+00:00\",\"dateModified\":\"2010-11-08T14:48:48+00:00\",\"author\":{\"@id\":\"https:\/\/www.visit-ulcinj.com\/blog\/#\/schema\/person\/dcab619c614d3038751c63bc2aadc06d\"},\"description\":\"Bruksel, 8 n\u00ebntor - Komisioni Evropian nes\u00ebr pritet ta miratoj\u00eb Pakon e Zgjerimit 2010, q\u00eb do t\u00eb p\u00ebrb\u00ebhet nga nj\u00eb dokument strategjik, Opinionet n\u00eb lidhje\",\"breadcrumb\":{\"@id\":\"https:\/\/www.visit-ulcinj.com\/blog\/2010\/11\/08\/komisioni-evropian-neser-publikon-pakon-e-zgjerimit-2010\/#breadcrumb\"},\"inLanguage\":\"en-US\",\"potentialAction\":[{\"@type\":\"ReadAction\",\"target\":[\"https:\/\/www.visit-ulcinj.com\/blog\/2010\/11\/08\/komisioni-evropian-neser-publikon-pakon-e-zgjerimit-2010\/\"]}]},{\"@type\":\"BreadcrumbList\",\"@id\":\"https:\/\/www.visit-ulcinj.com\/blog\/2010\/11\/08\/komisioni-evropian-neser-publikon-pakon-e-zgjerimit-2010\/#breadcrumb\",\"itemListElement\":[{\"@type\":\"ListItem\",\"position\":1,\"name\":\"Komisioni Evropian nes\u00ebr publikon Pakon e zgjerimit 2010\"}]},{\"@type\":\"Person\",\"@id\":\"https:\/\/www.visit-ulcinj.com\/blog\/#\/schema\/person\/dcab619c614d3038751c63bc2aadc06d\",\"name\":\"ulqini\",\"sameAs\":[\"http:\/\/www.visit-ulcinj.com\"],\"url\":\"https:\/\/www.visit-ulcinj.com\/blog\/author\/admin\/\"}]}<\/script>\n<!-- \/ Yoast SEO plugin. -->","yoast_head_json":{"title":"Komisioni Evropian nes\u00ebr publikon Pakon e zgjerimit 2010 - Lajme nga Ulqini","description":"Bruksel, 8 n\u00ebntor - Komisioni Evropian nes\u00ebr pritet ta miratoj\u00eb Pakon e Zgjerimit 2010, q\u00eb do t\u00eb p\u00ebrb\u00ebhet nga nj\u00eb dokument strategjik, Opinionet n\u00eb lidhje","robots":{"index":"index","follow":"follow","max-snippet":"max-snippet:-1","max-image-preview":"max-image-preview:large","max-video-preview":"max-video-preview:-1"},"canonical":"https:\/\/www.visit-ulcinj.com\/blog\/2010\/11\/08\/komisioni-evropian-neser-publikon-pakon-e-zgjerimit-2010\/","og_locale":"en_US","og_type":"article","og_title":"Komisioni Evropian nes\u00ebr publikon Pakon e zgjerimit 2010 - Lajme nga Ulqini","og_description":"Bruksel, 8 n\u00ebntor - Komisioni Evropian nes\u00ebr pritet ta miratoj\u00eb Pakon e Zgjerimit 2010, q\u00eb do t\u00eb p\u00ebrb\u00ebhet nga nj\u00eb dokument strategjik, Opinionet n\u00eb lidhje","og_url":"https:\/\/www.visit-ulcinj.com\/blog\/2010\/11\/08\/komisioni-evropian-neser-publikon-pakon-e-zgjerimit-2010\/","og_site_name":"Lajme nga Ulqini","article_published_time":"2010-11-08T14:43:41+00:00","article_modified_time":"2010-11-08T14:48:48+00:00","og_image":[{"url":"http:\/\/www.visit-ulcinj.com\/blog\/wp-content\/uploads\/2010\/11\/Komisioni-Evropian-EU.jpg"}],"twitter_misc":{"Written by":"ulqini","Est. reading time":"2 minutes"},"schema":{"@context":"https:\/\/schema.org","@graph":[{"@type":"WebSite","@id":"https:\/\/www.visit-ulcinj.com\/blog\/#website","url":"https:\/\/www.visit-ulcinj.com\/blog\/","name":"Lajme nga Ulqini","description":"Lajme,Vijesti,Ulqini,Ulqin,Crna Gora,Mali i Zi","potentialAction":[{"@type":"SearchAction","target":{"@type":"EntryPoint","urlTemplate":"https:\/\/www.visit-ulcinj.com\/blog\/?s={search_term_string}"},"query-input":"required name=search_term_string"}],"inLanguage":"en-US"},{"@type":"ImageObject","inLanguage":"en-US","@id":"https:\/\/www.visit-ulcinj.com\/blog\/2010\/11\/08\/komisioni-evropian-neser-publikon-pakon-e-zgjerimit-2010\/#primaryimage","url":"https:\/\/www.visit-ulcinj.com\/blog\/wp-content\/uploads\/2010\/11\/Komisioni-Evropian-EU.jpg","contentUrl":"https:\/\/www.visit-ulcinj.com\/blog\/wp-content\/uploads\/2010\/11\/Komisioni-Evropian-EU.jpg","width":"640","height":"370"},{"@type":"WebPage","@id":"https:\/\/www.visit-ulcinj.com\/blog\/2010\/11\/08\/komisioni-evropian-neser-publikon-pakon-e-zgjerimit-2010\/#webpage","url":"https:\/\/www.visit-ulcinj.com\/blog\/2010\/11\/08\/komisioni-evropian-neser-publikon-pakon-e-zgjerimit-2010\/","name":"Komisioni Evropian nes\u00ebr publikon Pakon e zgjerimit 2010 - Lajme nga Ulqini","isPartOf":{"@id":"https:\/\/www.visit-ulcinj.com\/blog\/#website"},"primaryImageOfPage":{"@id":"https:\/\/www.visit-ulcinj.com\/blog\/2010\/11\/08\/komisioni-evropian-neser-publikon-pakon-e-zgjerimit-2010\/#primaryimage"},"datePublished":"2010-11-08T14:43:41+00:00","dateModified":"2010-11-08T14:48:48+00:00","author":{"@id":"https:\/\/www.visit-ulcinj.com\/blog\/#\/schema\/person\/dcab619c614d3038751c63bc2aadc06d"},"description":"Bruksel, 8 n\u00ebntor - Komisioni Evropian nes\u00ebr pritet ta miratoj\u00eb Pakon e Zgjerimit 2010, q\u00eb do t\u00eb p\u00ebrb\u00ebhet nga nj\u00eb dokument strategjik, Opinionet n\u00eb lidhje","breadcrumb":{"@id":"https:\/\/www.visit-ulcinj.com\/blog\/2010\/11\/08\/komisioni-evropian-neser-publikon-pakon-e-zgjerimit-2010\/#breadcrumb"},"inLanguage":"en-US","potentialAction":[{"@type":"ReadAction","target":["https:\/\/www.visit-ulcinj.com\/blog\/2010\/11\/08\/komisioni-evropian-neser-publikon-pakon-e-zgjerimit-2010\/"]}]},{"@type":"BreadcrumbList","@id":"https:\/\/www.visit-ulcinj.com\/blog\/2010\/11\/08\/komisioni-evropian-neser-publikon-pakon-e-zgjerimit-2010\/#breadcrumb","itemListElement":[{"@type":"ListItem","position":1,"name":"Komisioni Evropian nes\u00ebr publikon Pakon e zgjerimit 2010"}]},{"@type":"Person","@id":"https:\/\/www.visit-ulcinj.com\/blog\/#\/schema\/person\/dcab619c614d3038751c63bc2aadc06d","name":"ulqini","sameAs":["http:\/\/www.visit-ulcinj.com"],"url":"https:\/\/www.visit-ulcinj.com\/blog\/author\/admin\/"}]}},"jetpack_featured_media_url":"","jetpack_sharing_enabled":true,"jetpack_shortlink":"https:\/\/wp.me\/pe6lTn-agE","_links":{"self":[{"href":"https:\/\/www.visit-ulcinj.com\/blog\/wp-json\/wp\/v2\/posts\/39472"}],"collection":[{"href":"https:\/\/www.visit-ulcinj.com\/blog\/wp-json\/wp\/v2\/posts"}],"about":[{"href":"https:\/\/www.visit-ulcinj.com\/blog\/wp-json\/wp\/v2\/types\/post"}],"author":[{"embeddable":true,"href":"https:\/\/www.visit-ulcinj.com\/blog\/wp-json\/wp\/v2\/users\/1"}],"replies":[{"embeddable":true,"href":"https:\/\/www.visit-ulcinj.com\/blog\/wp-json\/wp\/v2\/comments?post=39472"}],"version-history":[{"count":0,"href":"https:\/\/www.visit-ulcinj.com\/blog\/wp-json\/wp\/v2\/posts\/39472\/revisions"}],"wp:attachment":[{"href":"https:\/\/www.visit-ulcinj.com\/blog\/wp-json\/wp\/v2\/media?parent=39472"}],"wp:term":[{"taxonomy":"category","embeddable":true,"href":"https:\/\/www.visit-ulcinj.com\/blog\/wp-json\/wp\/v2\/categories?post=39472"},{"taxonomy":"post_tag","embeddable":true,"href":"https:\/\/www.visit-ulcinj.com\/blog\/wp-json\/wp\/v2\/tags?post=39472"}],"curies":[{"name":"wp","href":"https:\/\/api.w.org\/{rel}","templated":true}]}}