{"id":39503,"date":"2010-11-08T21:47:09","date_gmt":"2010-11-08T20:47:09","guid":{"rendered":"http:\/\/www.visit-ulcinj.com\/blog\/?p=39503"},"modified":"2010-11-08T21:47:09","modified_gmt":"2010-11-08T20:47:09","slug":"gjykata-zbardh-perplasjet-noizy-stresi","status":"publish","type":"post","link":"https:\/\/www.visit-ulcinj.com\/blog\/2010\/11\/08\/gjykata-zbardh-perplasjet-noizy-stresi\/","title":{"rendered":"Gjykata zbardh p\u00ebrplasjet Noizy &#8211; Stresi"},"content":{"rendered":"<p><strong>D\u00ebshmia e Rigels Rajkut gjat\u00eb hetimit: Futa k\u00ebmb\u00eb karrigesh e thika n\u00eb makin\u00eb p\u00ebr vet\u00ebmbrojtje<\/strong><\/p>\n<p><a href=\"http:\/\/www.visit-ulcinj.com\/blog\/wp-content\/uploads\/2010\/11\/Stresi-Noizy.jpg\"><img loading=\"lazy\" class=\"alignleft size-full wp-image-39504\" title=\"Stresi-Noizy\" src=\"http:\/\/www.visit-ulcinj.com\/blog\/wp-content\/uploads\/2010\/11\/Stresi-Noizy.jpg\" alt=\"\" width=\"508\" height=\"339\" srcset=\"https:\/\/www.visit-ulcinj.com\/blog\/wp-content\/uploads\/2010\/11\/Stresi-Noizy.jpg 508w, https:\/\/www.visit-ulcinj.com\/blog\/wp-content\/uploads\/2010\/11\/Stresi-Noizy-300x200.jpg 300w\" sizes=\"(max-width: 508px) 100vw, 508px\" \/><\/a><\/p>\n<p><strong>Vendimi: Dy rreperat kan\u00eb mobilizuar fansat kund\u00ebr nj\u00ebri-tjetrit<\/strong><\/p>\n<p>P\u00ebr k\u00ebt\u00eb shkak, Rajku, ndon\u00ebse po shkonte t\u00eb k\u00ebndonte n\u00eb sken\u00ebn e Pallatit t\u00eb Kongreseve, kishte marr\u00eb n\u00eb makin\u00ebn e tij dy k\u00ebmb\u00eb karrikeje dhe dy thika. Detaje t\u00eb episodeve t\u00eb dhunshme mes dy grupimeve t\u00eb muzik\u00ebs hip-hop, \u201cOTR\u201d dhe \u201cTBA\u201d, jan\u00eb sqaruar n\u00eb vendimin e Gjykat\u00ebs s\u00eb Tiran\u00ebs, mbi ngjarjen e ndodhur n\u00eb maj 2010, ku pak para fillimit t\u00eb konkursit muzikor, pati t\u00eb sht\u00ebna arm\u00ebsh n\u00eb bulevardin \u201cD\u00ebshmor\u00ebt e Kombit\u201d, n\u00eb pjes\u00ebn mes Pallatit t\u00eb Kongreseve dhe Presidenc\u00ebs. P\u00ebr k\u00ebt\u00eb ngjarje, n\u00eb 6 tetor 2010, Gjykata e Tiran\u00ebs d\u00ebnoi me 10 muaj burg Jetnis Dollapajn, p\u00ebr veprat penale t\u00eb \u201ckanosjes\u201d, \u201cprishjes s\u00eb qet\u00ebsis\u00eb publike\u201d dhe t\u00eb \u201cprodhimit dhe mbajtjes s\u00eb arm\u00ebve luftarake dhe municionit\u201d. Nga i nj\u00ebjti vendim, shtetasi Ermal Gjici u d\u00ebnua me 180 mij\u00eb lek\u00eb t\u00eb reja gjob\u00eb p\u00ebr akuz\u00ebn e \u201cprodhimit dhe mbajtjes pa leje t\u00eb arm\u00ebve t\u00eb ftohta\u201d. Zbardhja e k\u00ebtij vendimi gjykate pak dit\u00eb m\u00eb par\u00eb, hedh drit\u00eb mbi konfliktet e hershme mes dy grupimeve t\u00eb \u201chip-hop\u201d-it, q\u00eb kan\u00eb pasur mes tyre p\u00ebrballje t\u00eb dhunshme, deri n\u00eb kufijt\u00eb e kryerjes s\u00eb veprave penale. Referuar vendimit, shkak i konfliktit t\u00eb 23 majit kan\u00eb qen\u00eb grindjet e m\u00ebparshme mes \u201cOTR\u201d dhe \u201cTBA\u201d. M\u00eb posht\u00eb botohen pjes\u00eb t\u00eb argumentimit t\u00eb vendimit t\u00eb gjykat\u00ebs, shpallur n\u00eb 6 tetor 2010.<\/p>\n<p><strong> NGJARJA te Pallati i Kongreseve<\/strong><\/p>\n<p>Rezulton e provuar se n\u00eb dat\u00ebn 23.05.2010, rreth or\u00ebs 19:40, n\u00eb vendin e quajtur bulevardi \u201cD\u00ebshmor\u00ebt e Kombit\u201d, p\u00ebrball\u00eb Pallatit t\u00eb Kongreseve, i pandehuri Jetnis Dollapaj, pasi ka dal\u00eb nga nj\u00eb automjet tip Fuoristrade me targa angleze, ka q\u00eblluar me nj\u00eb arm\u00eb zjarri automatike, n\u00eb nj\u00eb larg\u00ebsi prej 10-15 metrash, me q\u00ebllim kanosjen p\u00ebr vrasje t\u00eb shtetasve F. Mu\u00e7a, K. \u00c7ela, R. Cerenishti, t\u00eb cil\u00ebt po q\u00ebndronin n\u00eb k\u00ebmb\u00eb pran\u00eb nj\u00eb automjeti me targa DR 1966 F, q\u00eb \u00ebsht\u00eb n\u00eb pron\u00ebsi t\u00eb shtetasit B. Rajku, por p\u00ebrdorej dhe nga djali i tij, shtetasi Rigels Rajku. Nga t\u00eb sht\u00ebnat me arm\u00eb zjarri, pavar\u00ebsisht distanc\u00ebs s\u00eb af\u00ebrt, nuk \u00ebsht\u00eb vrar\u00eb ose l\u00ebnduar njeri, si dhe nuk \u00ebsht\u00eb d\u00ebmtuar as automjeti pran\u00eb t\u00eb cilit ndodheshin t\u00eb rinjt\u00eb. I pandehuri Jetnis Dollapaj me arm\u00eb n\u00eb dor\u00eb, \u00ebsht\u00eb nisur p\u00ebr t\u2019u larguar nga vendi i ngjarjes, por \u00ebsht\u00eb rr\u00ebzuar af\u00ebr nj\u00eb makine dhe arma ka b\u00ebr\u00eb dhe nj\u00eb shkrepje tjet\u00ebr. Ai \u00ebsht\u00eb ngritur dhe \u00ebsht\u00eb p\u00ebrpjekur t\u00eb largohet me vrap, por \u00ebsht\u00eb ndaluar nga disa punonj\u00ebs policie t\u00eb ndodhur n\u00eb vendngjarje: K.Bregu, K.Beqiraj, L. Gjana dhe A. Mena. Gjat\u00eb kontrollit personal, t\u00eb pandehurit i \u00ebsht\u00eb gjetur dhe sekuestruar n\u00eb cil\u00ebsin\u00eb e prov\u00ebs materiale nj\u00eb thik\u00eb metalike flutur, me ngjyr\u00eb gri n\u00eb t\u00eb zez\u00eb, ku tehu mbyllej nga dy kapak\u00eb mbrojt\u00ebs. Nga k\u00ebqyrja e vendit t\u00eb ngjarjes, sipas proces-verbalit dt. 23.05.2010, \u00ebsht\u00eb konstatuar: \u201cMbi rrug\u00ebn e bulevardit \u201cD\u00ebshmor\u00ebt e Kombit\u201d, n\u00eb nj\u00eb distanc\u00eb prej 13,7 m larg qoshes s\u00eb sheshit \u201cN\u00ebn\u00eb Tereza\u201d, tek kabina e telefonit u gjet e hedhur n\u00eb m\u00ebnyr\u00eb t\u00eb \u00e7rregullt nj\u00eb arm\u00eb automatike nr 89-0244. N\u00eb vendin e ngjarjes u gjet e parkuar nj\u00eb autovetur\u00eb tip Benz, me ngjyr\u00eb gri. Brenda bagazhit t\u00eb autovetur\u00ebs u gjet\u00ebn dy k\u00ebmb\u00eb karrigeje druri, nj\u00eb shkop bejzbolli, dy p\u00ebrforcuese grushtash metalik\u00eb, nj\u00eb thik\u00eb me hapje flutur, nj\u00eb thik\u00eb buke dhe nj\u00eb ka\u00e7avid\u00eb. Ka rezultuar se dorezat metalike i p\u00ebrkisnin t\u00eb pandehurit Ermal Gjici, nd\u00ebrsa thikat, shkopi i bejzbollit dhe k\u00ebmb\u00ebt e karriges ishin t\u00eb shtetasit Rigels Rajku (NOIZY).<\/p>\n<p><strong>KONFLIKTET<\/strong><\/p>\n<p>Shkak i konfliktit t\u00eb dat\u00ebs 23.05.2010, ka qen\u00eb nj\u00eb grindje e m\u00ebparshme midis dy grupeve muzikore, \u201cOTR\u201d me drejtues shtetasin Rigels Rajku me pseudonimin muzikor Noizy, dhe \u201cTBA Butuesi\u201d me drejtues shtetasin Arkimed Lushaj, me pseudonimin muzikor Stresi. Drejtuesit, an\u00ebtar\u00ebt dhe fansat e secilit grup n\u00eb m\u00ebnyr\u00eb t\u00eb vazhdueshme jan\u00eb ofenduar, shar\u00eb dhe konfrontuar fizikisht me nj\u00ebri-tjetrin p\u00ebr m\u00eb shum\u00eb se nj\u00eb vit. Konkretisht, p\u00ebrpara ngjarjes s\u00eb dat\u00ebs 23.05.2010, n\u00eb dat\u00ebn 28.04.2010, disa shtetas t\u00eb cil\u00ebt jan\u00eb t\u00eb lidhur me grupin \u201cOTR\u201d dhe shtetasin Rigels Rajko, kan\u00eb goditur me mjete t\u00eb mprehta shtetasin Denis Dollapaj, duke i shkaktuar d\u00ebmtime t\u00eb r\u00ebnda n\u00eb trup, p\u00ebr t\u00eb cilat ky shtetas ka qen\u00eb i shtruar n\u00eb spital p\u00ebr nj\u00eb koh\u00eb t\u00eb gjat\u00eb. N\u00eb dat\u00ebn 22.05.2010, pra nj\u00eb dit\u00eb p\u00ebrpara ngjarjes, shtetasi Arkimed Lushaj \u00ebsht\u00eb goditur me grusht dhe me sende t\u00eb tjera t\u00eb forta nga shtetasi Rigels Rajku dhe nj\u00eb shtetas tjet\u00ebr i quajtur Detjon Xhizdari. N\u00eb baz\u00eb t\u00eb aktit t\u00eb ekspertimit mjeko-ligjor, rezulton se d\u00ebmtimet e shkaktuara k\u00ebtij shtetasi klasifikohen si plagosje e leht\u00eb. Por me proces-verbalin \u201cP\u00ebr heqjen dor\u00eb nga e drejta e ankimit\u201d t\u00eb dat\u00ebs 29.06.2010, ky shtetas ka hequr dor\u00eb nga e drejta e tij e ankimit dhe n\u00eb k\u00ebto kushte nuk \u00ebsht\u00eb proceduar p\u00ebr k\u00ebt\u00eb vep\u00ebr penale.<\/p>\n<p><strong>\u201cRIVALITETI\u201d I RREPERAVE<\/strong><\/p>\n<p>N\u00eb dat\u00eb 23.05.2010, n\u00eb Pallatin e Kongreseve do t\u00eb zhvillohej edicioni i radh\u00ebs i festivalit \u201cTop-Fest\u201d ku do t\u00eb merrte pjes\u00eb dhe k\u00ebng\u00ebtari Rigels Rajku. Ky i fundit ka hyr\u00eb n\u00eb ambientet ku do t\u00eb zhvillohej festivali, n\u00eb pritje t\u00eb debutimit, nd\u00ebrsa nj\u00eb pjes\u00eb e shok\u00ebve dhe fansave t\u00eb tij kan\u00eb q\u00ebnduar jasht\u00eb Pallatit t\u00eb Kongreseve. N\u00eb festivalin \u201cTop Fest\u201d do t\u00eb merrte pjes\u00eb dhe grupi muzikor \u201cTBA Butuesi\u201d, me drejtues shtetasin Arkimed Lushaj. Drejt Pallatit t\u00eb Kongreseve jan\u00eb drejtuar dhe miqt\u00eb e fansat e k\u00ebtij grupi muzikor, mes tyre dhe i pandehuri Jetnis Dollapaj. Ky i fundit i \u00ebsht\u00eb afruar Pallatit t\u00eb Kongreseve me nj\u00eb automjet tip Fuoristrad\u00eb dhe pasi ka v\u00ebn\u00eb re prezenc\u00ebn e fansave t\u00eb grupit muzikor \u201cOTR\u201d, konkretisht shtetasve F.Mu\u00e7a, K. \u00c7ela, R. Cerenishti, A.Shkembi, E.Gjici, M.Blazeri, E.Simoni, ka zbritur nga automjeti dhe ka nxjerr\u00eb nga nj\u00eb \u00e7ant\u00eb sportive nj\u00eb automatik. \u00cbsht\u00eb afruar pran\u00eb automjetit tip Benz, ku q\u00ebndronin fansat dhe ka q\u00eblluar disa her\u00eb me q\u00ebllim kanosjen e tyre, n\u00eb nj\u00eb distanc\u00eb t\u00eb af\u00ebrt prej 10 \u2013 15 m. Nga goditjet nuk ka pasur d\u00ebmtime. M\u00eb pas, i pandehuri Jetnis Dollapaj \u00ebsht\u00eb larguar me vrap n\u00eb drejtim t\u00eb sheshit \u201cN\u00ebn\u00eb Tereza\u201d. Gjat\u00eb vrapimit i ka r\u00ebn\u00eb arma automatik dhe m\u00eb pas \u00ebsht\u00eb kapur nga punonj\u00ebsit e policis\u00eb.<\/p>\n<p><strong>DEKLARIMET<\/strong><\/p>\n<p>Rigels Rajku (NOIZY) n\u00eb hetimet paraprake ka deklaruar se n\u00eb momentin e ngjarjes ndodhej brenda ambienteve t\u00eb Pallatit t\u00eb Kongreseve. N\u00eb lidhje me sendet e gjetura n\u00eb bagazhin e automjetit Benz 320 me targa DR 1926 F, ai ka parashtruar se makina \u00ebsht\u00eb n\u00eb pron\u00ebsi t\u00eb babait t\u00eb tij, Bashkim Rajku, dhe dit\u00ebn e ngjarjes ia ka dh\u00ebn\u00eb n\u00eb p\u00ebrdorim t\u00eb pandehurit Ermal Gjici. N\u00eb bagazhin e makin\u00ebs, Rigels Rajku deklaron se ka futur k\u00ebmb\u00ebt e karriges s\u00eb thyer, nj\u00eb thik\u00eb flutur, nj\u00eb thik\u00eb buke, por nuk ishte n\u00eb dijeni t\u00eb dorezave metalike. Nga deklarimet e shtetasve F.Muco dhe Rigels Rajku, provohet se dorezat metalike t\u00eb gjetura n\u00eb automjetin Benz posedoheshin nga i pandehuri Ermal Gjici, i cili e ka patur automjetin n\u00eb p\u00ebrdorim dit\u00ebn e ngjarjes. Konkretisht, p\u00ebr shkak t\u00eb konflikteve t\u00eb m\u00ebparshme mes grupeve muzikore dhe nga frika e nj\u00eb konfrontimi t\u00eb ri nat\u00ebn e festivalit \u201cTop Fest\u201d, shtetasi Rigels Rajku u ka dh\u00ebn\u00eb automjetin e t\u00eb atit miqve t\u00eb tij, mes tyre dhe t\u00eb pandehurit Ermal Gjici, duke futur n\u00eb bagazhin e makin\u00ebs dy k\u00ebmb\u00eb t\u00eb thyera t\u00eb nj\u00eb karrigeje druri, nj\u00eb thik\u00eb flutur dhe dy thika buke p\u00ebr vet\u00ebmbrojtje. Nd\u00ebrsa dorezat metalike jan\u00eb futur n\u00eb bagazh nga i pandehuri Ermal Gjici, i cili kishte n\u00eb p\u00ebrdorim automjetin, fakt q\u00eb provohet nga deklarimet e shtetasit Rigels Rajku dhe F.Muco.<\/p>\n","protected":false},"excerpt":{"rendered":"<p>D\u00ebshmia e Rigels Rajkut gjat\u00eb hetimit: Futa k\u00ebmb\u00eb karrigesh e thika n\u00eb makin\u00eb p\u00ebr vet\u00ebmbrojtje Vendimi: Dy rreperat kan\u00eb mobilizuar fansat kund\u00ebr nj\u00ebri-tjetrit P\u00ebr k\u00ebt\u00eb shkak, Rajku, ndon\u00ebse po shkonte t\u00eb k\u00ebndonte n\u00eb sken\u00ebn e Pallatit t\u00eb Kongreseve, kishte marr\u00eb n\u00eb makin\u00ebn e tij dy k\u00ebmb\u00eb karrikeje dhe dy thika. Detaje t\u00eb episodeve t\u00eb dhunshme [&hellip;]<\/p>\n","protected":false},"author":1,"featured_media":0,"comment_status":"open","ping_status":"closed","sticky":false,"template":"","format":"standard","meta":{"spay_email":"","jetpack_publicize_message":"","jetpack_is_tweetstorm":false,"jetpack_publicize_feature_enabled":true},"categories":[1],"tags":[12181,16257,16040,16256,15935,16255],"jetpack_publicize_connections":[],"yoast_head":"<!-- This site is optimized with the Yoast SEO plugin v19.1 - https:\/\/yoast.com\/wordpress\/plugins\/seo\/ -->\n<title>Gjykata zbardh p\u00ebrplasjet Noizy - Stresi - Lajme nga Ulqini<\/title>\n<meta name=\"description\" content=\"D\u00ebshmia e Rigels Rajkut gjat\u00eb hetimit: Futa k\u00ebmb\u00eb karrigesh e thika n\u00eb makin\u00eb p\u00ebr vet\u00ebmbrojtje Vendimi: Dy rreperat kan\u00eb mobilizuar fansat kund\u00ebr\" \/>\n<meta name=\"robots\" content=\"index, follow, max-snippet:-1, max-image-preview:large, max-video-preview:-1\" \/>\n<link rel=\"canonical\" href=\"https:\/\/www.visit-ulcinj.com\/blog\/2010\/11\/08\/gjykata-zbardh-perplasjet-noizy-stresi\/\" \/>\n<meta property=\"og:locale\" content=\"en_US\" \/>\n<meta property=\"og:type\" content=\"article\" \/>\n<meta property=\"og:title\" content=\"Gjykata zbardh p\u00ebrplasjet Noizy - Stresi - Lajme nga Ulqini\" \/>\n<meta property=\"og:description\" content=\"D\u00ebshmia e Rigels Rajkut gjat\u00eb hetimit: Futa k\u00ebmb\u00eb karrigesh e thika n\u00eb makin\u00eb p\u00ebr vet\u00ebmbrojtje Vendimi: Dy rreperat kan\u00eb mobilizuar fansat kund\u00ebr\" \/>\n<meta property=\"og:url\" content=\"https:\/\/www.visit-ulcinj.com\/blog\/2010\/11\/08\/gjykata-zbardh-perplasjet-noizy-stresi\/\" \/>\n<meta property=\"og:site_name\" content=\"Lajme nga Ulqini\" \/>\n<meta property=\"article:published_time\" content=\"2010-11-08T20:47:09+00:00\" \/>\n<meta property=\"og:image\" content=\"http:\/\/www.visit-ulcinj.com\/blog\/wp-content\/uploads\/2010\/11\/Stresi-Noizy.jpg\" \/>\n<meta name=\"twitter:label1\" content=\"Written by\" \/>\n\t<meta name=\"twitter:data1\" content=\"ulqini\" \/>\n\t<meta name=\"twitter:label2\" content=\"Est. reading time\" \/>\n\t<meta name=\"twitter:data2\" content=\"7 minutes\" \/>\n<script type=\"application\/ld+json\" class=\"yoast-schema-graph\">{\"@context\":\"https:\/\/schema.org\",\"@graph\":[{\"@type\":\"WebSite\",\"@id\":\"https:\/\/www.visit-ulcinj.com\/blog\/#website\",\"url\":\"https:\/\/www.visit-ulcinj.com\/blog\/\",\"name\":\"Lajme nga Ulqini\",\"description\":\"Lajme,Vijesti,Ulqini,Ulqin,Crna Gora,Mali i Zi\",\"potentialAction\":[{\"@type\":\"SearchAction\",\"target\":{\"@type\":\"EntryPoint\",\"urlTemplate\":\"https:\/\/www.visit-ulcinj.com\/blog\/?s={search_term_string}\"},\"query-input\":\"required name=search_term_string\"}],\"inLanguage\":\"en-US\"},{\"@type\":\"ImageObject\",\"inLanguage\":\"en-US\",\"@id\":\"https:\/\/www.visit-ulcinj.com\/blog\/2010\/11\/08\/gjykata-zbardh-perplasjet-noizy-stresi\/#primaryimage\",\"url\":\"https:\/\/www.visit-ulcinj.com\/blog\/wp-content\/uploads\/2010\/11\/Stresi-Noizy.jpg\",\"contentUrl\":\"https:\/\/www.visit-ulcinj.com\/blog\/wp-content\/uploads\/2010\/11\/Stresi-Noizy.jpg\",\"width\":\"508\",\"height\":\"339\"},{\"@type\":\"WebPage\",\"@id\":\"https:\/\/www.visit-ulcinj.com\/blog\/2010\/11\/08\/gjykata-zbardh-perplasjet-noizy-stresi\/#webpage\",\"url\":\"https:\/\/www.visit-ulcinj.com\/blog\/2010\/11\/08\/gjykata-zbardh-perplasjet-noizy-stresi\/\",\"name\":\"Gjykata zbardh p\u00ebrplasjet Noizy - Stresi - Lajme nga Ulqini\",\"isPartOf\":{\"@id\":\"https:\/\/www.visit-ulcinj.com\/blog\/#website\"},\"primaryImageOfPage\":{\"@id\":\"https:\/\/www.visit-ulcinj.com\/blog\/2010\/11\/08\/gjykata-zbardh-perplasjet-noizy-stresi\/#primaryimage\"},\"datePublished\":\"2010-11-08T20:47:09+00:00\",\"dateModified\":\"2010-11-08T20:47:09+00:00\",\"author\":{\"@id\":\"https:\/\/www.visit-ulcinj.com\/blog\/#\/schema\/person\/dcab619c614d3038751c63bc2aadc06d\"},\"description\":\"D\u00ebshmia e Rigels Rajkut gjat\u00eb hetimit: Futa k\u00ebmb\u00eb karrigesh e thika n\u00eb makin\u00eb p\u00ebr vet\u00ebmbrojtje Vendimi: Dy rreperat kan\u00eb mobilizuar fansat kund\u00ebr\",\"breadcrumb\":{\"@id\":\"https:\/\/www.visit-ulcinj.com\/blog\/2010\/11\/08\/gjykata-zbardh-perplasjet-noizy-stresi\/#breadcrumb\"},\"inLanguage\":\"en-US\",\"potentialAction\":[{\"@type\":\"ReadAction\",\"target\":[\"https:\/\/www.visit-ulcinj.com\/blog\/2010\/11\/08\/gjykata-zbardh-perplasjet-noizy-stresi\/\"]}]},{\"@type\":\"BreadcrumbList\",\"@id\":\"https:\/\/www.visit-ulcinj.com\/blog\/2010\/11\/08\/gjykata-zbardh-perplasjet-noizy-stresi\/#breadcrumb\",\"itemListElement\":[{\"@type\":\"ListItem\",\"position\":1,\"name\":\"Gjykata zbardh p\u00ebrplasjet Noizy &#8211; Stresi\"}]},{\"@type\":\"Person\",\"@id\":\"https:\/\/www.visit-ulcinj.com\/blog\/#\/schema\/person\/dcab619c614d3038751c63bc2aadc06d\",\"name\":\"ulqini\",\"sameAs\":[\"http:\/\/www.visit-ulcinj.com\"],\"url\":\"https:\/\/www.visit-ulcinj.com\/blog\/author\/admin\/\"}]}<\/script>\n<!-- \/ Yoast SEO plugin. -->","yoast_head_json":{"title":"Gjykata zbardh p\u00ebrplasjet Noizy - Stresi - Lajme nga Ulqini","description":"D\u00ebshmia e Rigels Rajkut gjat\u00eb hetimit: Futa k\u00ebmb\u00eb karrigesh e thika n\u00eb makin\u00eb p\u00ebr vet\u00ebmbrojtje Vendimi: Dy rreperat kan\u00eb mobilizuar fansat kund\u00ebr","robots":{"index":"index","follow":"follow","max-snippet":"max-snippet:-1","max-image-preview":"max-image-preview:large","max-video-preview":"max-video-preview:-1"},"canonical":"https:\/\/www.visit-ulcinj.com\/blog\/2010\/11\/08\/gjykata-zbardh-perplasjet-noizy-stresi\/","og_locale":"en_US","og_type":"article","og_title":"Gjykata zbardh p\u00ebrplasjet Noizy - Stresi - Lajme nga Ulqini","og_description":"D\u00ebshmia e Rigels Rajkut gjat\u00eb hetimit: Futa k\u00ebmb\u00eb karrigesh e thika n\u00eb makin\u00eb p\u00ebr vet\u00ebmbrojtje Vendimi: Dy rreperat kan\u00eb mobilizuar fansat kund\u00ebr","og_url":"https:\/\/www.visit-ulcinj.com\/blog\/2010\/11\/08\/gjykata-zbardh-perplasjet-noizy-stresi\/","og_site_name":"Lajme nga Ulqini","article_published_time":"2010-11-08T20:47:09+00:00","og_image":[{"url":"http:\/\/www.visit-ulcinj.com\/blog\/wp-content\/uploads\/2010\/11\/Stresi-Noizy.jpg"}],"twitter_misc":{"Written by":"ulqini","Est. reading time":"7 minutes"},"schema":{"@context":"https:\/\/schema.org","@graph":[{"@type":"WebSite","@id":"https:\/\/www.visit-ulcinj.com\/blog\/#website","url":"https:\/\/www.visit-ulcinj.com\/blog\/","name":"Lajme nga Ulqini","description":"Lajme,Vijesti,Ulqini,Ulqin,Crna Gora,Mali i Zi","potentialAction":[{"@type":"SearchAction","target":{"@type":"EntryPoint","urlTemplate":"https:\/\/www.visit-ulcinj.com\/blog\/?s={search_term_string}"},"query-input":"required name=search_term_string"}],"inLanguage":"en-US"},{"@type":"ImageObject","inLanguage":"en-US","@id":"https:\/\/www.visit-ulcinj.com\/blog\/2010\/11\/08\/gjykata-zbardh-perplasjet-noizy-stresi\/#primaryimage","url":"https:\/\/www.visit-ulcinj.com\/blog\/wp-content\/uploads\/2010\/11\/Stresi-Noizy.jpg","contentUrl":"https:\/\/www.visit-ulcinj.com\/blog\/wp-content\/uploads\/2010\/11\/Stresi-Noizy.jpg","width":"508","height":"339"},{"@type":"WebPage","@id":"https:\/\/www.visit-ulcinj.com\/blog\/2010\/11\/08\/gjykata-zbardh-perplasjet-noizy-stresi\/#webpage","url":"https:\/\/www.visit-ulcinj.com\/blog\/2010\/11\/08\/gjykata-zbardh-perplasjet-noizy-stresi\/","name":"Gjykata zbardh p\u00ebrplasjet Noizy - Stresi - Lajme nga Ulqini","isPartOf":{"@id":"https:\/\/www.visit-ulcinj.com\/blog\/#website"},"primaryImageOfPage":{"@id":"https:\/\/www.visit-ulcinj.com\/blog\/2010\/11\/08\/gjykata-zbardh-perplasjet-noizy-stresi\/#primaryimage"},"datePublished":"2010-11-08T20:47:09+00:00","dateModified":"2010-11-08T20:47:09+00:00","author":{"@id":"https:\/\/www.visit-ulcinj.com\/blog\/#\/schema\/person\/dcab619c614d3038751c63bc2aadc06d"},"description":"D\u00ebshmia e Rigels Rajkut gjat\u00eb hetimit: Futa k\u00ebmb\u00eb karrigesh e thika n\u00eb makin\u00eb p\u00ebr vet\u00ebmbrojtje Vendimi: Dy rreperat kan\u00eb mobilizuar fansat kund\u00ebr","breadcrumb":{"@id":"https:\/\/www.visit-ulcinj.com\/blog\/2010\/11\/08\/gjykata-zbardh-perplasjet-noizy-stresi\/#breadcrumb"},"inLanguage":"en-US","potentialAction":[{"@type":"ReadAction","target":["https:\/\/www.visit-ulcinj.com\/blog\/2010\/11\/08\/gjykata-zbardh-perplasjet-noizy-stresi\/"]}]},{"@type":"BreadcrumbList","@id":"https:\/\/www.visit-ulcinj.com\/blog\/2010\/11\/08\/gjykata-zbardh-perplasjet-noizy-stresi\/#breadcrumb","itemListElement":[{"@type":"ListItem","position":1,"name":"Gjykata zbardh p\u00ebrplasjet Noizy &#8211; Stresi"}]},{"@type":"Person","@id":"https:\/\/www.visit-ulcinj.com\/blog\/#\/schema\/person\/dcab619c614d3038751c63bc2aadc06d","name":"ulqini","sameAs":["http:\/\/www.visit-ulcinj.com"],"url":"https:\/\/www.visit-ulcinj.com\/blog\/author\/admin\/"}]}},"jetpack_featured_media_url":"","jetpack_sharing_enabled":true,"jetpack_shortlink":"https:\/\/wp.me\/pe6lTn-ah9","_links":{"self":[{"href":"https:\/\/www.visit-ulcinj.com\/blog\/wp-json\/wp\/v2\/posts\/39503"}],"collection":[{"href":"https:\/\/www.visit-ulcinj.com\/blog\/wp-json\/wp\/v2\/posts"}],"about":[{"href":"https:\/\/www.visit-ulcinj.com\/blog\/wp-json\/wp\/v2\/types\/post"}],"author":[{"embeddable":true,"href":"https:\/\/www.visit-ulcinj.com\/blog\/wp-json\/wp\/v2\/users\/1"}],"replies":[{"embeddable":true,"href":"https:\/\/www.visit-ulcinj.com\/blog\/wp-json\/wp\/v2\/comments?post=39503"}],"version-history":[{"count":0,"href":"https:\/\/www.visit-ulcinj.com\/blog\/wp-json\/wp\/v2\/posts\/39503\/revisions"}],"wp:attachment":[{"href":"https:\/\/www.visit-ulcinj.com\/blog\/wp-json\/wp\/v2\/media?parent=39503"}],"wp:term":[{"taxonomy":"category","embeddable":true,"href":"https:\/\/www.visit-ulcinj.com\/blog\/wp-json\/wp\/v2\/categories?post=39503"},{"taxonomy":"post_tag","embeddable":true,"href":"https:\/\/www.visit-ulcinj.com\/blog\/wp-json\/wp\/v2\/tags?post=39503"}],"curies":[{"name":"wp","href":"https:\/\/api.w.org\/{rel}","templated":true}]}}