{"id":39511,"date":"2010-11-09T18:47:14","date_gmt":"2010-11-09T17:47:14","guid":{"rendered":"http:\/\/www.visit-ulcinj.com\/blog\/?p=39511"},"modified":"2010-11-09T18:47:14","modified_gmt":"2010-11-09T17:47:14","slug":"klubi-i-karatese-%e2%80%9culqini%e2%80%9d-u-kurorezua-me-71-medalje-dhe-1-kupe","status":"publish","type":"post","link":"https:\/\/www.visit-ulcinj.com\/blog\/2010\/11\/09\/klubi-i-karatese-%e2%80%9culqini%e2%80%9d-u-kurorezua-me-71-medalje-dhe-1-kupe\/","title":{"rendered":"Klubi i Karates\u00eb \u201cUlqini\u201d u kuror\u00ebzua me 71 medalje dhe 1 kup\u00eb"},"content":{"rendered":"<p><strong><a href=\"http:\/\/www.visit-ulcinj.com\/blog\/wp-content\/uploads\/2010\/11\/Klubi-Karates-Ulqini-i-dyti-Ne-Turneun-Trofeu-i-Tivarit-2010_.jpg\"><img loading=\"lazy\" class=\"alignleft size-full wp-image-39512\" title=\"Klubi Karates Ulqini i dyti -Ne Turneun -Trofeu i Tivarit 2010_\" src=\"http:\/\/www.visit-ulcinj.com\/blog\/wp-content\/uploads\/2010\/11\/Klubi-Karates-Ulqini-i-dyti-Ne-Turneun-Trofeu-i-Tivarit-2010_.jpg\" alt=\"\" width=\"490\" height=\"380\" \/><\/a>Ulqini\u00a0 i dyti n\u00eb renditjen e p\u00ebrgjithshme<\/strong><\/p>\n<p>T\u00eb shtun\u00ebn, m\u00eb 06 n\u00ebntor 2010 n\u00eb Tivar u mbajt Turneu i II nd\u00ebrkomb\u00ebtar i karates\u00eb \u201cTrofeu i Tivarit 2010\u201d, n\u00eb t\u00eb cilin klubi i karates\u00eb \u201cUlqini\u201d u radhit n\u00eb vendin e dyt\u00eb n\u00eb renditjen e p\u00ebrgjithshme. Ky ishte nj\u00eb sukses i madh, pasi q\u00eb n\u00eb k\u00ebt\u00eb gar\u00eb mor\u00ebn pjes\u00eb 28 klube t\u00eb karates\u00eb me 733 garues nga Shqip\u00ebria, Bosna, Serbia, Kroacia dhe nga Mali i Zi.<\/p>\n<p>Klubi i karates\u00eb \u201cUlqini\u201d u paraqit me 55 garues t\u00eb t\u00eb gjitha gjeneratave, prej atyre m\u00eb t\u00eb reja e deri n\u00eb senior\u00eb, t\u00eb cil\u00ebt arrit\u00ebn t\u00eb fitojn\u00eb plot 71 medalje n\u00eb disiplinat ekipore dhe individuale: 18 medalje t\u00eb arta, 28 t\u00eb argjendta, 25 t\u00eb bronzta dhe 1 kup\u00eb p\u00ebr vendin e dyt\u00eb n\u00eb plasmanin gjeneral. Vendi i par\u00eb i takoi KK \u201cBuduqnost\u201d t\u00eb Podgoric\u00ebs, nd\u00ebrsa vendi i tret\u00eb KK \u201cGorshtak\u201d t\u00eb Kollashinit.<\/p>\n<p>Nga radh\u00ebt e Klubit t\u00eb karates\u00eb \u201cUlqini\u201d me prezentimin e tyre t\u00eb shk\u00eblqyesh\u00ebm n\u00eb k\u00ebt\u00eb Turne u ve\u00e7uan garueset Antigona Rama, Xhemale Elezoviq, Radica Dashiq dhe Angjella Marnikoviq, t\u00eb cilat u kuror\u00ebzuan me nga 2 medalje t\u00eb arta, nd\u00ebrsa garuesi ma atraktiv i klubit ishte Ronald Jacoviq, i cili t\u00eb gjitha luft\u00ebrat i fitoi para kohe bindsh\u00ebm me rezultatin 9:0. T\u00eb shk\u00eblqyesh\u00ebm ishin edhe garuesit e tjer\u00eb, t\u00eb cil\u00ebt u kuror\u00ebzuan me nga nj\u00eb medalje t\u00eb art\u00eb, e t\u00eb cil\u00ebt jan\u00eb: Rexhep Shaba, Ena Kova\u00e7eviq, Hantie Ibro\u00e7i, Lumdita Paleviq, Ronald Jacoviq, Gabriell Byty\u00e7i, Gentiana Kuqi, Katarina Marnikoviq, Viktor Curoviq dhe Dardan Ceka.<\/p>\n<p><strong>P\u00ebrve\u00e7 k\u00ebtyre medaljeve k\u00ebta garues u kuror\u00ebzuan edhe me medalje t\u00eb tjera.<\/strong><\/p>\n<p><strong><br \/>\n<\/strong><\/p>\n<p>Me nga disa medalje t\u00eb tjera u shp\u00ebrblyen edhe k\u00ebta garues: Fiona Kraja, Emro Bajrami, Stefan Radoviq, Gabriell Kerquku, Kristian Junkoviq, Blerdi Kapllani, Martin Simoni, Endrit Kurtoviq, David Simoni, Nermin Suma, Gabriella Junkoviq, Egzon Kraja, Arben Elezoviq, Adnan Kuqi, Ensar Marshiq, Bledar Seferi, Ardit Boleviq, Marko Daboviq, Ibrahim Zogaj, Edon Ceka, Admir Luka, Jeton Luka, Nderim Cuca, Teufik Shurdha, Lavdim Tula, Behlul Peroviq, Ilir Muja, Allmir Hajdari, Labinot Berisha, Albion Duraku, Petar Barlloviq, Liridon Elezi dhe Lulzim Suma.<\/p>\n<p>-Ishte ky nj\u00eb rezultat pak a shum\u00eb i pritur nga garuesit tan\u00eb, t\u00eb cil\u00ebt e d\u00ebshmuan q\u00eb jan\u00eb shum\u00eb mir\u00eb t\u00eb p\u00ebrgatitur. Jemi t\u00eb sigurt\u00eb q\u00eb k\u00ebto rezultate do t\u2019i p\u00ebrs\u00ebrisim edhe n\u00eb t\u00eb ardhmen, &#8211; shprehen t\u00eb k\u00ebnaqur udh\u00ebheq\u00ebsit e k\u00ebtij klubi dhe trajner\u00ebt, t\u00eb cil\u00ebt urojn\u00eb edhe dy klubet e tjer\u00eb nga Ulqini p\u00ebr rezultatet e arritura n\u00eb k\u00ebt\u00eb gar\u00eb.<\/p>\n<p><strong>Sh\u00ebrbimi informativ i Klubit t\u00eb karates\u00eb \u201cUlqini&#8221;<br \/>\n\n\t\t<style type=\"text\/css\">\n\t\t\t#gallery-1 {\n\t\t\t\tmargin: auto;\n\t\t\t}\n\t\t\t#gallery-1 .gallery-item {\n\t\t\t\tfloat: left;\n\t\t\t\tmargin-top: 10px;\n\t\t\t\ttext-align: center;\n\t\t\t\twidth: 33%;\n\t\t\t}\n\t\t\t#gallery-1 img {\n\t\t\t\tborder: 2px solid #cfcfcf;\n\t\t\t}\n\t\t\t#gallery-1 .gallery-caption {\n\t\t\t\tmargin-left: 0;\n\t\t\t}\n\t\t\t\/* see gallery_shortcode() in wp-includes\/media.php *\/\n\t\t<\/style>\n\t\t<div id='gallery-1' class='gallery galleryid-39511 gallery-columns-3 gallery-size-thumbnail'><dl class='gallery-item'>\n\t\t\t<dt class='gallery-icon landscape'>\n\t\t\t\t<a href='https:\/\/www.visit-ulcinj.com\/blog\/wp-content\/uploads\/2010\/11\/Klubi-Karates-Ulqini-i-dyti-Ne-Turneun-Trofeu-i-Tivarit-2010_.jpg'><img width=\"150\" height=\"150\" src=\"https:\/\/www.visit-ulcinj.com\/blog\/wp-content\/uploads\/2010\/11\/Klubi-Karates-Ulqini-i-dyti-Ne-Turneun-Trofeu-i-Tivarit-2010_-150x150.jpg\" class=\"attachment-thumbnail size-thumbnail\" alt=\"\" loading=\"lazy\" \/><\/a>\n\t\t\t<\/dt><\/dl><dl class='gallery-item'>\n\t\t\t<dt class='gallery-icon landscape'>\n\t\t\t\t<a href='https:\/\/www.visit-ulcinj.com\/blog\/wp-content\/uploads\/2010\/11\/Klubi-Karates-Ulqini-i-dyti-Ne-Turneun-Trofeu-i-Tivarit-2010_1.jpg'><img width=\"150\" height=\"150\" src=\"https:\/\/www.visit-ulcinj.com\/blog\/wp-content\/uploads\/2010\/11\/Klubi-Karates-Ulqini-i-dyti-Ne-Turneun-Trofeu-i-Tivarit-2010_1-150x150.jpg\" class=\"attachment-thumbnail size-thumbnail\" alt=\"\" loading=\"lazy\" \/><\/a>\n\t\t\t<\/dt><\/dl><dl class='gallery-item'>\n\t\t\t<dt class='gallery-icon landscape'>\n\t\t\t\t<a href='https:\/\/www.visit-ulcinj.com\/blog\/wp-content\/uploads\/2010\/11\/Klubi-Karates-Ulqini-i-dyti-Ne-Turneun-Trofeu-i-Tivarit-2010_2_.jpg'><img width=\"150\" height=\"150\" src=\"https:\/\/www.visit-ulcinj.com\/blog\/wp-content\/uploads\/2010\/11\/Klubi-Karates-Ulqini-i-dyti-Ne-Turneun-Trofeu-i-Tivarit-2010_2_-150x150.jpg\" class=\"attachment-thumbnail size-thumbnail\" alt=\"\" loading=\"lazy\" \/><\/a>\n\t\t\t<\/dt><\/dl><br style=\"clear: both\" \/><dl class='gallery-item'>\n\t\t\t<dt class='gallery-icon portrait'>\n\t\t\t\t<a href='https:\/\/www.visit-ulcinj.com\/blog\/wp-content\/uploads\/2010\/11\/Klubi-Karates-Ulqini-i-dyti-Ne-Turneun-Trofeu-i-Tivarit-2010_3_.jpg'><img width=\"150\" height=\"150\" src=\"https:\/\/www.visit-ulcinj.com\/blog\/wp-content\/uploads\/2010\/11\/Klubi-Karates-Ulqini-i-dyti-Ne-Turneun-Trofeu-i-Tivarit-2010_3_-150x150.jpg\" class=\"attachment-thumbnail size-thumbnail\" alt=\"\" loading=\"lazy\" \/><\/a>\n\t\t\t<\/dt><\/dl><dl class='gallery-item'>\n\t\t\t<dt class='gallery-icon landscape'>\n\t\t\t\t<a href='https:\/\/www.visit-ulcinj.com\/blog\/wp-content\/uploads\/2010\/11\/Klubi-Karates-Ulqini-i-dyti-Ne-Turneun-Trofeu-i-Tivarit-2010_4_.jpg'><img width=\"150\" height=\"150\" src=\"https:\/\/www.visit-ulcinj.com\/blog\/wp-content\/uploads\/2010\/11\/Klubi-Karates-Ulqini-i-dyti-Ne-Turneun-Trofeu-i-Tivarit-2010_4_-150x150.jpg\" class=\"attachment-thumbnail size-thumbnail\" alt=\"\" loading=\"lazy\" \/><\/a>\n\t\t\t<\/dt><\/dl><dl class='gallery-item'>\n\t\t\t<dt class='gallery-icon portrait'>\n\t\t\t\t<a href='https:\/\/www.visit-ulcinj.com\/blog\/wp-content\/uploads\/2010\/11\/Klubi-Karates-Ulqini-i-dyti-Ne-Turneun-Trofeu-i-Tivarit-2010_5.jpg'><img width=\"150\" height=\"150\" src=\"https:\/\/www.visit-ulcinj.com\/blog\/wp-content\/uploads\/2010\/11\/Klubi-Karates-Ulqini-i-dyti-Ne-Turneun-Trofeu-i-Tivarit-2010_5-150x150.jpg\" class=\"attachment-thumbnail size-thumbnail\" alt=\"\" loading=\"lazy\" \/><\/a>\n\t\t\t<\/dt><\/dl><br style=\"clear: both\" \/>\n\t\t<\/div>\n<\/p>\n<p><\/strong><\/p>\n","protected":false},"excerpt":{"rendered":"<p>Ulqini\u00a0 i dyti n\u00eb renditjen e p\u00ebrgjithshme T\u00eb shtun\u00ebn, m\u00eb 06 n\u00ebntor 2010 n\u00eb Tivar u mbajt Turneu i II nd\u00ebrkomb\u00ebtar i karates\u00eb \u201cTrofeu i Tivarit 2010\u201d, n\u00eb t\u00eb cilin klubi i karates\u00eb \u201cUlqini\u201d u radhit n\u00eb vendin e dyt\u00eb n\u00eb renditjen e p\u00ebrgjithshme. Ky ishte nj\u00eb sukses i madh, pasi q\u00eb n\u00eb k\u00ebt\u00eb gar\u00eb [&hellip;]<\/p>\n","protected":false},"author":1,"featured_media":0,"comment_status":"open","ping_status":"closed","sticky":false,"template":"","format":"standard","meta":{"spay_email":"","jetpack_publicize_message":"","jetpack_is_tweetstorm":false,"jetpack_publicize_feature_enabled":true},"categories":[3],"tags":[5848,5834,2906,5857,10591,5839,10596,5836,16264,5821,5835,2927,10589,12884,5864,16266,2917,12883,10586,16263,8984,5828,10599,5840,2921,5845,5841,16261,16260,16259,12882,14149,10594,9552,2934,5830,12881,16265,5846,2915,2073,2933,5822,16262,9706,16258,2621],"jetpack_publicize_connections":[],"yoast_head":"<!-- This site is optimized with the Yoast SEO plugin v19.1 - https:\/\/yoast.com\/wordpress\/plugins\/seo\/ -->\n<title>Klubi i Karates\u00eb \u201cUlqini\u201d u kuror\u00ebzua me 71 medalje dhe 1 kup\u00eb - Lajme nga Ulqini<\/title>\n<meta name=\"description\" content=\"Ulqini\u00a0 i dyti n\u00eb renditjen e p\u00ebrgjithshme T\u00eb shtun\u00ebn, m\u00eb 06 n\u00ebntor 2010 n\u00eb Tivar u mbajt Turneu i II nd\u00ebrkomb\u00ebtar i karates\u00eb \u201cTrofeu i Tivarit 2010\u201d, n\u00eb\" \/>\n<meta name=\"robots\" content=\"index, follow, max-snippet:-1, max-image-preview:large, max-video-preview:-1\" \/>\n<link rel=\"canonical\" href=\"https:\/\/www.visit-ulcinj.com\/blog\/2010\/11\/09\/klubi-i-karatese-\u201culqini\u201d-u-kurorezua-me-71-medalje-dhe-1-kupe\/\" \/>\n<meta property=\"og:locale\" content=\"en_US\" \/>\n<meta property=\"og:type\" content=\"article\" \/>\n<meta property=\"og:title\" content=\"Klubi i Karates\u00eb \u201cUlqini\u201d u kuror\u00ebzua me 71 medalje dhe 1 kup\u00eb - Lajme nga Ulqini\" \/>\n<meta property=\"og:description\" content=\"Ulqini\u00a0 i dyti n\u00eb renditjen e p\u00ebrgjithshme T\u00eb shtun\u00ebn, m\u00eb 06 n\u00ebntor 2010 n\u00eb Tivar u mbajt Turneu i II nd\u00ebrkomb\u00ebtar i karates\u00eb \u201cTrofeu i Tivarit 2010\u201d, n\u00eb\" \/>\n<meta property=\"og:url\" content=\"https:\/\/www.visit-ulcinj.com\/blog\/2010\/11\/09\/klubi-i-karatese-\u201culqini\u201d-u-kurorezua-me-71-medalje-dhe-1-kupe\/\" \/>\n<meta property=\"og:site_name\" content=\"Lajme nga Ulqini\" \/>\n<meta property=\"article:published_time\" content=\"2010-11-09T17:47:14+00:00\" \/>\n<meta property=\"og:image\" content=\"https:\/\/www.visit-ulcinj.com\/blog\/wp-content\/uploads\/2010\/11\/Klubi-Karates-Ulqini-i-dyti-Ne-Turneun-Trofeu-i-Tivarit-2010_-150x150.jpg\" \/>\n<meta name=\"twitter:label1\" content=\"Written by\" \/>\n\t<meta name=\"twitter:data1\" content=\"ulqini\" \/>\n\t<meta name=\"twitter:label2\" content=\"Est. reading time\" \/>\n\t<meta name=\"twitter:data2\" content=\"2 minutes\" \/>\n<script type=\"application\/ld+json\" class=\"yoast-schema-graph\">{\"@context\":\"https:\/\/schema.org\",\"@graph\":[{\"@type\":\"WebSite\",\"@id\":\"https:\/\/www.visit-ulcinj.com\/blog\/#website\",\"url\":\"https:\/\/www.visit-ulcinj.com\/blog\/\",\"name\":\"Lajme nga Ulqini\",\"description\":\"Lajme,Vijesti,Ulqini,Ulqin,Crna Gora,Mali i Zi\",\"potentialAction\":[{\"@type\":\"SearchAction\",\"target\":{\"@type\":\"EntryPoint\",\"urlTemplate\":\"https:\/\/www.visit-ulcinj.com\/blog\/?s={search_term_string}\"},\"query-input\":\"required name=search_term_string\"}],\"inLanguage\":\"en-US\"},{\"@type\":\"ImageObject\",\"inLanguage\":\"en-US\",\"@id\":\"https:\/\/www.visit-ulcinj.com\/blog\/2010\/11\/09\/klubi-i-karatese-%e2%80%9culqini%e2%80%9d-u-kurorezua-me-71-medalje-dhe-1-kupe\/#primaryimage\",\"url\":\"https:\/\/www.visit-ulcinj.com\/blog\/wp-content\/uploads\/2010\/11\/Klubi-Karates-Ulqini-i-dyti-Ne-Turneun-Trofeu-i-Tivarit-2010_.jpg\",\"contentUrl\":\"https:\/\/www.visit-ulcinj.com\/blog\/wp-content\/uploads\/2010\/11\/Klubi-Karates-Ulqini-i-dyti-Ne-Turneun-Trofeu-i-Tivarit-2010_.jpg\",\"width\":\"1092\",\"height\":\"819\"},{\"@type\":\"WebPage\",\"@id\":\"https:\/\/www.visit-ulcinj.com\/blog\/2010\/11\/09\/klubi-i-karatese-%e2%80%9culqini%e2%80%9d-u-kurorezua-me-71-medalje-dhe-1-kupe\/#webpage\",\"url\":\"https:\/\/www.visit-ulcinj.com\/blog\/2010\/11\/09\/klubi-i-karatese-%e2%80%9culqini%e2%80%9d-u-kurorezua-me-71-medalje-dhe-1-kupe\/\",\"name\":\"Klubi i Karates\u00eb \u201cUlqini\u201d u kuror\u00ebzua me 71 medalje dhe 1 kup\u00eb - Lajme nga Ulqini\",\"isPartOf\":{\"@id\":\"https:\/\/www.visit-ulcinj.com\/blog\/#website\"},\"primaryImageOfPage\":{\"@id\":\"https:\/\/www.visit-ulcinj.com\/blog\/2010\/11\/09\/klubi-i-karatese-%e2%80%9culqini%e2%80%9d-u-kurorezua-me-71-medalje-dhe-1-kupe\/#primaryimage\"},\"datePublished\":\"2010-11-09T17:47:14+00:00\",\"dateModified\":\"2010-11-09T17:47:14+00:00\",\"author\":{\"@id\":\"https:\/\/www.visit-ulcinj.com\/blog\/#\/schema\/person\/dcab619c614d3038751c63bc2aadc06d\"},\"description\":\"Ulqini\u00a0 i dyti n\u00eb renditjen e p\u00ebrgjithshme T\u00eb shtun\u00ebn, m\u00eb 06 n\u00ebntor 2010 n\u00eb Tivar u mbajt Turneu i II nd\u00ebrkomb\u00ebtar i karates\u00eb \u201cTrofeu i Tivarit 2010\u201d, n\u00eb\",\"breadcrumb\":{\"@id\":\"https:\/\/www.visit-ulcinj.com\/blog\/2010\/11\/09\/klubi-i-karatese-%e2%80%9culqini%e2%80%9d-u-kurorezua-me-71-medalje-dhe-1-kupe\/#breadcrumb\"},\"inLanguage\":\"en-US\",\"potentialAction\":[{\"@type\":\"ReadAction\",\"target\":[\"https:\/\/www.visit-ulcinj.com\/blog\/2010\/11\/09\/klubi-i-karatese-%e2%80%9culqini%e2%80%9d-u-kurorezua-me-71-medalje-dhe-1-kupe\/\"]}]},{\"@type\":\"BreadcrumbList\",\"@id\":\"https:\/\/www.visit-ulcinj.com\/blog\/2010\/11\/09\/klubi-i-karatese-%e2%80%9culqini%e2%80%9d-u-kurorezua-me-71-medalje-dhe-1-kupe\/#breadcrumb\",\"itemListElement\":[{\"@type\":\"ListItem\",\"position\":1,\"name\":\"Klubi i Karates\u00eb \u201cUlqini\u201d u kuror\u00ebzua me 71 medalje dhe 1 kup\u00eb\"}]},{\"@type\":\"Person\",\"@id\":\"https:\/\/www.visit-ulcinj.com\/blog\/#\/schema\/person\/dcab619c614d3038751c63bc2aadc06d\",\"name\":\"ulqini\",\"sameAs\":[\"http:\/\/www.visit-ulcinj.com\"],\"url\":\"https:\/\/www.visit-ulcinj.com\/blog\/author\/admin\/\"}]}<\/script>\n<!-- \/ Yoast SEO plugin. -->","yoast_head_json":{"title":"Klubi i Karates\u00eb \u201cUlqini\u201d u kuror\u00ebzua me 71 medalje dhe 1 kup\u00eb - Lajme nga Ulqini","description":"Ulqini\u00a0 i dyti n\u00eb renditjen e p\u00ebrgjithshme T\u00eb shtun\u00ebn, m\u00eb 06 n\u00ebntor 2010 n\u00eb Tivar u mbajt Turneu i II nd\u00ebrkomb\u00ebtar i karates\u00eb \u201cTrofeu i Tivarit 2010\u201d, n\u00eb","robots":{"index":"index","follow":"follow","max-snippet":"max-snippet:-1","max-image-preview":"max-image-preview:large","max-video-preview":"max-video-preview:-1"},"canonical":"https:\/\/www.visit-ulcinj.com\/blog\/2010\/11\/09\/klubi-i-karatese-\u201culqini\u201d-u-kurorezua-me-71-medalje-dhe-1-kupe\/","og_locale":"en_US","og_type":"article","og_title":"Klubi i Karates\u00eb \u201cUlqini\u201d u kuror\u00ebzua me 71 medalje dhe 1 kup\u00eb - Lajme nga Ulqini","og_description":"Ulqini\u00a0 i dyti n\u00eb renditjen e p\u00ebrgjithshme T\u00eb shtun\u00ebn, m\u00eb 06 n\u00ebntor 2010 n\u00eb Tivar u mbajt Turneu i II nd\u00ebrkomb\u00ebtar i karates\u00eb \u201cTrofeu i Tivarit 2010\u201d, n\u00eb","og_url":"https:\/\/www.visit-ulcinj.com\/blog\/2010\/11\/09\/klubi-i-karatese-\u201culqini\u201d-u-kurorezua-me-71-medalje-dhe-1-kupe\/","og_site_name":"Lajme nga Ulqini","article_published_time":"2010-11-09T17:47:14+00:00","og_image":[{"url":"https:\/\/www.visit-ulcinj.com\/blog\/wp-content\/uploads\/2010\/11\/Klubi-Karates-Ulqini-i-dyti-Ne-Turneun-Trofeu-i-Tivarit-2010_-150x150.jpg"}],"twitter_misc":{"Written by":"ulqini","Est. reading time":"2 minutes"},"schema":{"@context":"https:\/\/schema.org","@graph":[{"@type":"WebSite","@id":"https:\/\/www.visit-ulcinj.com\/blog\/#website","url":"https:\/\/www.visit-ulcinj.com\/blog\/","name":"Lajme nga Ulqini","description":"Lajme,Vijesti,Ulqini,Ulqin,Crna Gora,Mali i Zi","potentialAction":[{"@type":"SearchAction","target":{"@type":"EntryPoint","urlTemplate":"https:\/\/www.visit-ulcinj.com\/blog\/?s={search_term_string}"},"query-input":"required name=search_term_string"}],"inLanguage":"en-US"},{"@type":"ImageObject","inLanguage":"en-US","@id":"https:\/\/www.visit-ulcinj.com\/blog\/2010\/11\/09\/klubi-i-karatese-%e2%80%9culqini%e2%80%9d-u-kurorezua-me-71-medalje-dhe-1-kupe\/#primaryimage","url":"https:\/\/www.visit-ulcinj.com\/blog\/wp-content\/uploads\/2010\/11\/Klubi-Karates-Ulqini-i-dyti-Ne-Turneun-Trofeu-i-Tivarit-2010_.jpg","contentUrl":"https:\/\/www.visit-ulcinj.com\/blog\/wp-content\/uploads\/2010\/11\/Klubi-Karates-Ulqini-i-dyti-Ne-Turneun-Trofeu-i-Tivarit-2010_.jpg","width":"1092","height":"819"},{"@type":"WebPage","@id":"https:\/\/www.visit-ulcinj.com\/blog\/2010\/11\/09\/klubi-i-karatese-%e2%80%9culqini%e2%80%9d-u-kurorezua-me-71-medalje-dhe-1-kupe\/#webpage","url":"https:\/\/www.visit-ulcinj.com\/blog\/2010\/11\/09\/klubi-i-karatese-%e2%80%9culqini%e2%80%9d-u-kurorezua-me-71-medalje-dhe-1-kupe\/","name":"Klubi i Karates\u00eb \u201cUlqini\u201d u kuror\u00ebzua me 71 medalje dhe 1 kup\u00eb - Lajme nga Ulqini","isPartOf":{"@id":"https:\/\/www.visit-ulcinj.com\/blog\/#website"},"primaryImageOfPage":{"@id":"https:\/\/www.visit-ulcinj.com\/blog\/2010\/11\/09\/klubi-i-karatese-%e2%80%9culqini%e2%80%9d-u-kurorezua-me-71-medalje-dhe-1-kupe\/#primaryimage"},"datePublished":"2010-11-09T17:47:14+00:00","dateModified":"2010-11-09T17:47:14+00:00","author":{"@id":"https:\/\/www.visit-ulcinj.com\/blog\/#\/schema\/person\/dcab619c614d3038751c63bc2aadc06d"},"description":"Ulqini\u00a0 i dyti n\u00eb renditjen e p\u00ebrgjithshme T\u00eb shtun\u00ebn, m\u00eb 06 n\u00ebntor 2010 n\u00eb Tivar u mbajt Turneu i II nd\u00ebrkomb\u00ebtar i karates\u00eb \u201cTrofeu i Tivarit 2010\u201d, n\u00eb","breadcrumb":{"@id":"https:\/\/www.visit-ulcinj.com\/blog\/2010\/11\/09\/klubi-i-karatese-%e2%80%9culqini%e2%80%9d-u-kurorezua-me-71-medalje-dhe-1-kupe\/#breadcrumb"},"inLanguage":"en-US","potentialAction":[{"@type":"ReadAction","target":["https:\/\/www.visit-ulcinj.com\/blog\/2010\/11\/09\/klubi-i-karatese-%e2%80%9culqini%e2%80%9d-u-kurorezua-me-71-medalje-dhe-1-kupe\/"]}]},{"@type":"BreadcrumbList","@id":"https:\/\/www.visit-ulcinj.com\/blog\/2010\/11\/09\/klubi-i-karatese-%e2%80%9culqini%e2%80%9d-u-kurorezua-me-71-medalje-dhe-1-kupe\/#breadcrumb","itemListElement":[{"@type":"ListItem","position":1,"name":"Klubi i Karates\u00eb \u201cUlqini\u201d u kuror\u00ebzua me 71 medalje dhe 1 kup\u00eb"}]},{"@type":"Person","@id":"https:\/\/www.visit-ulcinj.com\/blog\/#\/schema\/person\/dcab619c614d3038751c63bc2aadc06d","name":"ulqini","sameAs":["http:\/\/www.visit-ulcinj.com"],"url":"https:\/\/www.visit-ulcinj.com\/blog\/author\/admin\/"}]}},"jetpack_featured_media_url":"","jetpack_sharing_enabled":true,"jetpack_shortlink":"https:\/\/wp.me\/pe6lTn-ahh","_links":{"self":[{"href":"https:\/\/www.visit-ulcinj.com\/blog\/wp-json\/wp\/v2\/posts\/39511"}],"collection":[{"href":"https:\/\/www.visit-ulcinj.com\/blog\/wp-json\/wp\/v2\/posts"}],"about":[{"href":"https:\/\/www.visit-ulcinj.com\/blog\/wp-json\/wp\/v2\/types\/post"}],"author":[{"embeddable":true,"href":"https:\/\/www.visit-ulcinj.com\/blog\/wp-json\/wp\/v2\/users\/1"}],"replies":[{"embeddable":true,"href":"https:\/\/www.visit-ulcinj.com\/blog\/wp-json\/wp\/v2\/comments?post=39511"}],"version-history":[{"count":0,"href":"https:\/\/www.visit-ulcinj.com\/blog\/wp-json\/wp\/v2\/posts\/39511\/revisions"}],"wp:attachment":[{"href":"https:\/\/www.visit-ulcinj.com\/blog\/wp-json\/wp\/v2\/media?parent=39511"}],"wp:term":[{"taxonomy":"category","embeddable":true,"href":"https:\/\/www.visit-ulcinj.com\/blog\/wp-json\/wp\/v2\/categories?post=39511"},{"taxonomy":"post_tag","embeddable":true,"href":"https:\/\/www.visit-ulcinj.com\/blog\/wp-json\/wp\/v2\/tags?post=39511"}],"curies":[{"name":"wp","href":"https:\/\/api.w.org\/{rel}","templated":true}]}}