{"id":39519,"date":"2010-11-09T19:10:19","date_gmt":"2010-11-09T18:10:19","guid":{"rendered":"http:\/\/www.visit-ulcinj.com\/blog\/?p=39519"},"modified":"2010-11-09T19:10:19","modified_gmt":"2010-11-09T18:10:19","slug":"pita-se-i-albanija","status":"publish","type":"post","link":"https:\/\/www.visit-ulcinj.com\/blog\/2010\/11\/09\/pita-se-i-albanija\/","title":{"rendered":"Pita se i Albanija"},"content":{"rendered":"<p><strong><a href=\"http:\/\/www.visit-ulcinj.com\/blog\/wp-content\/uploads\/2010\/11\/Port-Milena_Ulcinj.jpg\"><img loading=\"lazy\" class=\"alignleft size-full wp-image-39520\" title=\"Port Milena_Ulcinj\" src=\"http:\/\/www.visit-ulcinj.com\/blog\/wp-content\/uploads\/2010\/11\/Port-Milena_Ulcinj.jpg\" alt=\"\" width=\"490\" height=\"310\" \/><\/a>NVO \u201eZeleni korak\u201d o Port Mileni i Bojani <\/strong><br \/>\nUlcinj \u2013 Zaklju\u010dak o spajanju Port Milene sa Bojanom, koji je nedavno usvojen na sastanku op\u0161tinskog tima za vanredne situacije sa predstavnicima Vlade i javne uprave, u ovom momentu nije realno ostvariti iz vi\u0161e razloga, saop\u0161teno je ju\u010de iz Nevladine organizacije \u201cZeleni korak\u201d.<br \/>\nU toj NVO tvrde da je ideja sada ekonomski i ekolo\u0161ki neopravdana \u201cjer se mo\u017ee desiti da do\u0111e do isticanja vode iz kanala, a ne obratno, budu\u0107i da je rijeka na predvi\u0111enom mjestu za spajanje na ni\u017eem nivou od Port Milene\u201d.<br \/>\n\u201cZbog toga se kopanje kanala mo\u017ee obaviti samo na osnovu projekta o regulisanju nivoa, odnosno re\u017eima voda Skadarskog jezera i Bojane, koji bi usaglasili crnogorska i albanska strana. Tako\u0111e, va\u017eno je znati da se za izvo\u0111enje bilo kakvih radova na Bojani, kao zajedni\u010dkoj rijeci, mora tra\u017eiti saglasnost albanske strane zbog procjene prekograni\u010dnog uticaja na \u017eivotnu sredinu\u201d, isti\u010de se u saop\u0161tenju i tvrdi da, ukoliko se \u017eeli dobro Port Mileni, onda njena revitalizacija mora po\u010deti od glave, odnosno mjesta gdje se u kanal izlivaju kanalizacije okolnih objekata.<br \/>\n\u201c\u2019Zeleni korak\u2019 ima definisan projektni zadatak na koji na\u010din bi trebalo revitalizovati kanal, kako to uraditi po etapama i gdje na\u0107i izvore sredstava za finansiranje\u201d, pi\u0161e u saop\u0161tenju u kome se izra\u017eava \u010du\u0111enje \u201c\u0161to ta NVO i NVO \u201cBojana\u201d nijesu pozvane da prisustvuju sastanku.<br \/>\n\u201cTe dvije NVO su vrlo dobro upoznate sa situacijom na terenu i sigurno bi doprinijele da zaklju\u010dci sa sastanka budu kvalitetni. Me\u0111utim, \u010dudi \u0161to sastanku nijesu prisustvovali ni predstavnici \u2019Morskog dobra\u2019 u \u010dijoj je ingerenciji rijeka Bojana\u201d, konstatuje se na kraju saop\u0161tenja.<br \/>\n<strong><br \/>\n<\/strong><\/p>\n<p><strong>S.A.<br \/>\n<a href=\"http:\/\/www.vijesti.me\/\" target=\"_blank\">Vijesti<\/a><\/strong><\/p>\n","protected":false},"excerpt":{"rendered":"<p>NVO \u201eZeleni korak\u201d o Port Mileni i Bojani Ulcinj \u2013 Zaklju\u010dak o spajanju Port Milene sa Bojanom, koji je nedavno usvojen na sastanku op\u0161tinskog tima za vanredne situacije sa predstavnicima Vlade i javne uprave, u ovom momentu nije realno ostvariti iz vi\u0161e razloga, saop\u0161teno je ju\u010de iz Nevladine organizacije \u201cZeleni korak\u201d. U toj NVO tvrde [&hellip;]<\/p>\n","protected":false},"author":1,"featured_media":0,"comment_status":"open","ping_status":"closed","sticky":false,"template":"","format":"standard","meta":{"spay_email":"","jetpack_publicize_message":"","jetpack_is_tweetstorm":false,"jetpack_publicize_feature_enabled":true},"categories":[8337],"tags":[3536,16267,16268,295,2196,19],"jetpack_publicize_connections":[],"yoast_head":"<!-- This site is optimized with the Yoast SEO plugin v19.1 - https:\/\/yoast.com\/wordpress\/plugins\/seo\/ -->\n<title>Pita se i Albanija - Lajme nga Ulqini<\/title>\n<meta name=\"description\" content=\"NVO \u201eZeleni korak\u201d o Port Mileni i Bojani Ulcinj \u2013 Zaklju\u010dak o spajanju Port Milene sa Bojanom, koji je nedavno usvojen na sastanku op\u0161tinskog tima za\" \/>\n<meta name=\"robots\" content=\"index, follow, max-snippet:-1, max-image-preview:large, max-video-preview:-1\" \/>\n<link rel=\"canonical\" href=\"https:\/\/www.visit-ulcinj.com\/blog\/2010\/11\/09\/pita-se-i-albanija\/\" \/>\n<meta property=\"og:locale\" content=\"en_US\" \/>\n<meta property=\"og:type\" content=\"article\" \/>\n<meta property=\"og:title\" content=\"Pita se i Albanija - Lajme nga Ulqini\" \/>\n<meta property=\"og:description\" content=\"NVO \u201eZeleni korak\u201d o Port Mileni i Bojani Ulcinj \u2013 Zaklju\u010dak o spajanju Port Milene sa Bojanom, koji je nedavno usvojen na sastanku op\u0161tinskog tima za\" \/>\n<meta property=\"og:url\" content=\"https:\/\/www.visit-ulcinj.com\/blog\/2010\/11\/09\/pita-se-i-albanija\/\" \/>\n<meta property=\"og:site_name\" content=\"Lajme nga Ulqini\" \/>\n<meta property=\"article:published_time\" content=\"2010-11-09T18:10:19+00:00\" \/>\n<meta property=\"og:image\" content=\"http:\/\/www.visit-ulcinj.com\/blog\/wp-content\/uploads\/2010\/11\/Port-Milena_Ulcinj.jpg\" \/>\n<meta name=\"twitter:label1\" content=\"Written by\" \/>\n\t<meta name=\"twitter:data1\" content=\"ulqini\" \/>\n\t<meta name=\"twitter:label2\" content=\"Est. reading time\" \/>\n\t<meta name=\"twitter:data2\" content=\"1 minute\" \/>\n<script type=\"application\/ld+json\" class=\"yoast-schema-graph\">{\"@context\":\"https:\/\/schema.org\",\"@graph\":[{\"@type\":\"WebSite\",\"@id\":\"https:\/\/www.visit-ulcinj.com\/blog\/#website\",\"url\":\"https:\/\/www.visit-ulcinj.com\/blog\/\",\"name\":\"Lajme nga Ulqini\",\"description\":\"Lajme,Vijesti,Ulqini,Ulqin,Crna Gora,Mali i Zi\",\"potentialAction\":[{\"@type\":\"SearchAction\",\"target\":{\"@type\":\"EntryPoint\",\"urlTemplate\":\"https:\/\/www.visit-ulcinj.com\/blog\/?s={search_term_string}\"},\"query-input\":\"required name=search_term_string\"}],\"inLanguage\":\"en-US\"},{\"@type\":\"ImageObject\",\"inLanguage\":\"en-US\",\"@id\":\"https:\/\/www.visit-ulcinj.com\/blog\/2010\/11\/09\/pita-se-i-albanija\/#primaryimage\",\"url\":\"https:\/\/www.visit-ulcinj.com\/blog\/wp-content\/uploads\/2010\/11\/Port-Milena_Ulcinj.jpg\",\"contentUrl\":\"https:\/\/www.visit-ulcinj.com\/blog\/wp-content\/uploads\/2010\/11\/Port-Milena_Ulcinj.jpg\",\"width\":\"500\",\"height\":\"310\"},{\"@type\":\"WebPage\",\"@id\":\"https:\/\/www.visit-ulcinj.com\/blog\/2010\/11\/09\/pita-se-i-albanija\/#webpage\",\"url\":\"https:\/\/www.visit-ulcinj.com\/blog\/2010\/11\/09\/pita-se-i-albanija\/\",\"name\":\"Pita se i Albanija - Lajme nga Ulqini\",\"isPartOf\":{\"@id\":\"https:\/\/www.visit-ulcinj.com\/blog\/#website\"},\"primaryImageOfPage\":{\"@id\":\"https:\/\/www.visit-ulcinj.com\/blog\/2010\/11\/09\/pita-se-i-albanija\/#primaryimage\"},\"datePublished\":\"2010-11-09T18:10:19+00:00\",\"dateModified\":\"2010-11-09T18:10:19+00:00\",\"author\":{\"@id\":\"https:\/\/www.visit-ulcinj.com\/blog\/#\/schema\/person\/dcab619c614d3038751c63bc2aadc06d\"},\"description\":\"NVO \u201eZeleni korak\u201d o Port Mileni i Bojani Ulcinj \u2013 Zaklju\u010dak o spajanju Port Milene sa Bojanom, koji je nedavno usvojen na sastanku op\u0161tinskog tima za\",\"breadcrumb\":{\"@id\":\"https:\/\/www.visit-ulcinj.com\/blog\/2010\/11\/09\/pita-se-i-albanija\/#breadcrumb\"},\"inLanguage\":\"en-US\",\"potentialAction\":[{\"@type\":\"ReadAction\",\"target\":[\"https:\/\/www.visit-ulcinj.com\/blog\/2010\/11\/09\/pita-se-i-albanija\/\"]}]},{\"@type\":\"BreadcrumbList\",\"@id\":\"https:\/\/www.visit-ulcinj.com\/blog\/2010\/11\/09\/pita-se-i-albanija\/#breadcrumb\",\"itemListElement\":[{\"@type\":\"ListItem\",\"position\":1,\"name\":\"Pita se i Albanija\"}]},{\"@type\":\"Person\",\"@id\":\"https:\/\/www.visit-ulcinj.com\/blog\/#\/schema\/person\/dcab619c614d3038751c63bc2aadc06d\",\"name\":\"ulqini\",\"sameAs\":[\"http:\/\/www.visit-ulcinj.com\"],\"url\":\"https:\/\/www.visit-ulcinj.com\/blog\/author\/admin\/\"}]}<\/script>\n<!-- \/ Yoast SEO plugin. -->","yoast_head_json":{"title":"Pita se i Albanija - Lajme nga Ulqini","description":"NVO \u201eZeleni korak\u201d o Port Mileni i Bojani Ulcinj \u2013 Zaklju\u010dak o spajanju Port Milene sa Bojanom, koji je nedavno usvojen na sastanku op\u0161tinskog tima za","robots":{"index":"index","follow":"follow","max-snippet":"max-snippet:-1","max-image-preview":"max-image-preview:large","max-video-preview":"max-video-preview:-1"},"canonical":"https:\/\/www.visit-ulcinj.com\/blog\/2010\/11\/09\/pita-se-i-albanija\/","og_locale":"en_US","og_type":"article","og_title":"Pita se i Albanija - Lajme nga Ulqini","og_description":"NVO \u201eZeleni korak\u201d o Port Mileni i Bojani Ulcinj \u2013 Zaklju\u010dak o spajanju Port Milene sa Bojanom, koji je nedavno usvojen na sastanku op\u0161tinskog tima za","og_url":"https:\/\/www.visit-ulcinj.com\/blog\/2010\/11\/09\/pita-se-i-albanija\/","og_site_name":"Lajme nga Ulqini","article_published_time":"2010-11-09T18:10:19+00:00","og_image":[{"url":"http:\/\/www.visit-ulcinj.com\/blog\/wp-content\/uploads\/2010\/11\/Port-Milena_Ulcinj.jpg"}],"twitter_misc":{"Written by":"ulqini","Est. reading time":"1 minute"},"schema":{"@context":"https:\/\/schema.org","@graph":[{"@type":"WebSite","@id":"https:\/\/www.visit-ulcinj.com\/blog\/#website","url":"https:\/\/www.visit-ulcinj.com\/blog\/","name":"Lajme nga Ulqini","description":"Lajme,Vijesti,Ulqini,Ulqin,Crna Gora,Mali i Zi","potentialAction":[{"@type":"SearchAction","target":{"@type":"EntryPoint","urlTemplate":"https:\/\/www.visit-ulcinj.com\/blog\/?s={search_term_string}"},"query-input":"required name=search_term_string"}],"inLanguage":"en-US"},{"@type":"ImageObject","inLanguage":"en-US","@id":"https:\/\/www.visit-ulcinj.com\/blog\/2010\/11\/09\/pita-se-i-albanija\/#primaryimage","url":"https:\/\/www.visit-ulcinj.com\/blog\/wp-content\/uploads\/2010\/11\/Port-Milena_Ulcinj.jpg","contentUrl":"https:\/\/www.visit-ulcinj.com\/blog\/wp-content\/uploads\/2010\/11\/Port-Milena_Ulcinj.jpg","width":"500","height":"310"},{"@type":"WebPage","@id":"https:\/\/www.visit-ulcinj.com\/blog\/2010\/11\/09\/pita-se-i-albanija\/#webpage","url":"https:\/\/www.visit-ulcinj.com\/blog\/2010\/11\/09\/pita-se-i-albanija\/","name":"Pita se i Albanija - Lajme nga Ulqini","isPartOf":{"@id":"https:\/\/www.visit-ulcinj.com\/blog\/#website"},"primaryImageOfPage":{"@id":"https:\/\/www.visit-ulcinj.com\/blog\/2010\/11\/09\/pita-se-i-albanija\/#primaryimage"},"datePublished":"2010-11-09T18:10:19+00:00","dateModified":"2010-11-09T18:10:19+00:00","author":{"@id":"https:\/\/www.visit-ulcinj.com\/blog\/#\/schema\/person\/dcab619c614d3038751c63bc2aadc06d"},"description":"NVO \u201eZeleni korak\u201d o Port Mileni i Bojani Ulcinj \u2013 Zaklju\u010dak o spajanju Port Milene sa Bojanom, koji je nedavno usvojen na sastanku op\u0161tinskog tima za","breadcrumb":{"@id":"https:\/\/www.visit-ulcinj.com\/blog\/2010\/11\/09\/pita-se-i-albanija\/#breadcrumb"},"inLanguage":"en-US","potentialAction":[{"@type":"ReadAction","target":["https:\/\/www.visit-ulcinj.com\/blog\/2010\/11\/09\/pita-se-i-albanija\/"]}]},{"@type":"BreadcrumbList","@id":"https:\/\/www.visit-ulcinj.com\/blog\/2010\/11\/09\/pita-se-i-albanija\/#breadcrumb","itemListElement":[{"@type":"ListItem","position":1,"name":"Pita se i Albanija"}]},{"@type":"Person","@id":"https:\/\/www.visit-ulcinj.com\/blog\/#\/schema\/person\/dcab619c614d3038751c63bc2aadc06d","name":"ulqini","sameAs":["http:\/\/www.visit-ulcinj.com"],"url":"https:\/\/www.visit-ulcinj.com\/blog\/author\/admin\/"}]}},"jetpack_featured_media_url":"","jetpack_sharing_enabled":true,"jetpack_shortlink":"https:\/\/wp.me\/pe6lTn-ahp","_links":{"self":[{"href":"https:\/\/www.visit-ulcinj.com\/blog\/wp-json\/wp\/v2\/posts\/39519"}],"collection":[{"href":"https:\/\/www.visit-ulcinj.com\/blog\/wp-json\/wp\/v2\/posts"}],"about":[{"href":"https:\/\/www.visit-ulcinj.com\/blog\/wp-json\/wp\/v2\/types\/post"}],"author":[{"embeddable":true,"href":"https:\/\/www.visit-ulcinj.com\/blog\/wp-json\/wp\/v2\/users\/1"}],"replies":[{"embeddable":true,"href":"https:\/\/www.visit-ulcinj.com\/blog\/wp-json\/wp\/v2\/comments?post=39519"}],"version-history":[{"count":0,"href":"https:\/\/www.visit-ulcinj.com\/blog\/wp-json\/wp\/v2\/posts\/39519\/revisions"}],"wp:attachment":[{"href":"https:\/\/www.visit-ulcinj.com\/blog\/wp-json\/wp\/v2\/media?parent=39519"}],"wp:term":[{"taxonomy":"category","embeddable":true,"href":"https:\/\/www.visit-ulcinj.com\/blog\/wp-json\/wp\/v2\/categories?post=39519"},{"taxonomy":"post_tag","embeddable":true,"href":"https:\/\/www.visit-ulcinj.com\/blog\/wp-json\/wp\/v2\/tags?post=39519"}],"curies":[{"name":"wp","href":"https:\/\/api.w.org\/{rel}","templated":true}]}}