{"id":39540,"date":"2010-11-10T18:57:49","date_gmt":"2010-11-10T17:57:49","guid":{"rendered":"http:\/\/www.visit-ulcinj.com\/blog\/?p=39540"},"modified":"2010-11-10T18:57:49","modified_gmt":"2010-11-10T17:57:49","slug":"ld-ne-mz-urim-isa-mustafes-per-zgjedhjen-ne-krye-te-ldk-se-dhe-urim-udheheqjes-se-shqiperise-per-heqjen-e-vizave","status":"publish","type":"post","link":"https:\/\/www.visit-ulcinj.com\/blog\/2010\/11\/10\/ld-ne-mz-urim-isa-mustafes-per-zgjedhjen-ne-krye-te-ldk-se-dhe-urim-udheheqjes-se-shqiperise-per-heqjen-e-vizave\/","title":{"rendered":"LD n\u00eb MZ &#8211; Urim Isa Mustaf\u00ebs p\u00ebr zgjedhjen n\u00eb krye t\u00eb LDK-s\u00eb dhe urim udh\u00ebheqjes s\u00eb Shqip\u00ebris\u00eb p\u00ebr heqjen e vizave"},"content":{"rendered":"<p><strong><a href=\"http:\/\/www.visit-ulcinj.com\/blog\/wp-content\/uploads\/2010\/09\/Lidhja-Demokratike-n\u00eb-Mal-t\u00eb-Zi.jpg\"><img loading=\"lazy\" class=\"alignleft size-full wp-image-36786\" title=\"Lidhja Demokratike n\u00eb Mal t\u00eb Zi\" src=\"http:\/\/www.visit-ulcinj.com\/blog\/wp-content\/uploads\/2010\/09\/Lidhja-Demokratike-n\u00eb-Mal-t\u00eb-Zi.jpg\" alt=\"\" width=\"490\" height=\"380\" \/><\/a>LIDHJA DEMOKRATIKE N\u00cb MAL T\u00cb ZI<\/strong><\/p>\n<p><strong> <\/strong>DEMOKRATSKI SAVEZ U CRNOJ GORI<\/p>\n<p>DEMOCRATIC LEAGUE IN MONTENEGRO<strong> <\/strong><\/p>\n<h3>Nr. 205 \/ 10<\/h3>\n<p>Tuz, m\u00eb \u00a010.11.2010<\/p>\n<p>tel.\/fax (+382\u00a0 (0) 30) <strong>413 009,<\/strong> (0) 20 \u00a0<strong>875 \u00a0903<\/strong><\/p>\n<p><strong> <\/strong><\/p>\n<p><strong>Kumtes\u00eb p\u00ebr opinion<\/strong><\/p>\n<p><strong> <\/strong><\/p>\n<p><strong>Mehmet BARDHI, kryetar i LIDHJES DEMOKRATIKE N\u00cb MAL T\u00cb ZI<\/strong><\/p>\n<p><strong>uron zgjedhjen e Isa Mustaf\u00ebs kryetar t\u00eb LDK-s\u00eb dhe\u00a0 udh\u00ebheqjen e Shqip\u00ebris\u00eb p\u00ebr heqjen e vizave<\/strong><\/p>\n<p><strong>Mehmet BARDHI, kryetar i LD n\u00eb MZ-s\u00eb <\/strong><strong>uron:<\/strong><\/p>\n<p><strong>zgjedhjen e Isa Mustaf\u00ebs kryetar t\u00eb LDK-s\u00eb <\/strong><\/p>\n<p>&#8211; T\u00eb bindur se LDK-ja, prij\u00ebsja dinjitoze e shqiptar\u00ebve p\u00ebr \u00e7lirim nga okupimi serbo-sllav, nd\u00ebrtimin e institucioneve demokratike, promovuesen e integrimeve demokratike e komb\u00ebtare n\u00eb t\u00eb gjitha sferat, \u00a0koordinatoren e sukseshme nd\u00ebrpartiake t\u00eb shqiptar\u00ebve, koordinim ky aq shum\u00eb i nevojsh\u00ebm, q\u00eb sot fatkeq\u00ebsisht po na mungon, do t\u00eb vazhdoj\u00eb rrug\u00ebn e suksesit d\u00ebshmuese n\u00eb vep\u00ebr\u00a0 n\u00ebn udh\u00ebheqjen e kryetarit historik dr. Ibrahim Rugova,\u00a0 n\u00eb em\u00ebr t\u00eb Lidhjes Demokratike n\u00eb Mal t\u00eb Zi, simotr\u00ebs s\u00eb LDK-s\u00eb, q\u00eb me dinjitet, me shum\u00eb mundim e sakrifica, por me p\u00ebrkushtim po mbron interesat komb\u00ebtare t\u00eb shqiptar\u00ebve, n\u00eb trojet e veta shekullore, sot n\u00eb Malin e Zi , kur disa t\u00eb tjer\u00eb me fodullek e paturp\u00ebsi po b\u00ebjn\u00eb gara kush e kush do t\u00eb jet\u00eb \u201cfatmadhi\u201d q\u00eb p\u00ebr \u201csh\u00ebrbimet\u201d e b\u00ebra ndaj pushtetit, t\u00eb marr\u00eb favoret \u201ce merituara\u201d dhe n\u00eb emrin tim ju uroj zgjedhjen KRYETAR I LIDHJES DEMOKRATIKE T\u00cb KOSOV\u00cbS. Urime . Sh\u00ebndet dhe suksese.<\/p>\n<p>Kosova ishte ajo q\u00eb na priu, na shkolloi n\u00eb koh\u00ebrat m\u00eb t\u00eb v\u00ebshtira, na dha jet\u00eb. Fal\u00ebminderit.<\/p>\n<p>Me respekt Mehmet Bardhi<\/p>\n<p><strong>dhe\u00a0 udh\u00ebheqjen e Shqip\u00ebris\u00eb: kryetarin e Qeveris\u00eb Dr. S. Berisha, kryetaren e Kuvendit, J. Topalli dhe presidentin B. Topi,\u00a0\u00a0 p\u00ebr heqjen e vizave:<\/strong><\/p>\n<p>E nderuara zonja J. Topalli dhe t\u00eb nderuar zot\u00ebrinj dr. S.  Berisha e B. Topi,<\/p>\n<p>Me k\u00ebnaq\u00ebsi dhe g\u00ebzim\u00a0 edhe shqiptar\u00ebt n\u00eb trojet st\u00ebrgjyshore, sot n\u00eb Malin e Zi, e prit\u00ebn VENDIMIN\u00a0 e Ministrave t\u00eb Brensh\u00ebm t\u00eb vendeve an\u00ebtare t\u00eb Unionit Evropian p\u00ebr heqjen e vizave p\u00ebr qytetar\u00ebt e Shqip\u00ebris\u00eb. P\u00ebr Shqip\u00ebrin\u00eb ky \u00ebsht\u00eb vendim historik q\u00eb Brukseli e pruni dje. T\u00eb bindur se qytetar\u00ebt e Shqip\u00ebris\u00eb jan\u00eb t\u00eb g\u00ebzuesh\u00ebm dhe t\u00eb \u00a0vet\u00ebdijsh\u00ebm p\u00ebr r\u00ebnd\u00ebsin\u00eb e p\u00ebrpar\u00ebsit\u00eb q\u00eb sjell ky vendim, l\u00ebvizjen pa viza n\u00eb zon\u00ebn e Sh\u00ebngenit, nj\u00ebkoh\u00ebsisht do t\u00eb jen\u00eb po aq t\u00eb p\u00ebrgjegjsh\u00ebm p\u00ebr obligimet q\u00eb dalin nga ky vendim.<\/p>\n<p>Urime, suksese n\u00eb pun\u00ebn e m\u00ebtejshme p\u00ebr p\u00ebrmbushjen e obligimeve ndaj UE-s\u00eb, pa harruar, shpresoj, edhe nivelin e marr\u00ebdh\u00ebnieve me shqiptar\u00ebt n\u00eb trojet e veta jasht\u00eb kufijve t\u00eb sot\u00ebm t\u00eb Shqip\u00ebris\u00eb.<\/p>\n<p>Me respect.<\/p>\n<p>Mehmet Bardhi<\/p>\n<p>&#8211; thuhet nd\u00ebr t\u00eb tjera n\u00eb telegramet e urimit d\u00ebrguar Isa Mustaf\u00ebs, t\u00eb posazgjedhurt kryetar t\u00eb LDK-s\u00eb dhe udh\u00ebheq\u00ebsve t\u00eb Shqip\u00ebris\u00eb, pas Vendimit t\u00eb Brukselit p\u00ebr heqjen e vizave.<\/p>\n<p><strong>K\u00cbSHILLI P\u00cbR INFORMIM<\/strong><\/p>\n","protected":false},"excerpt":{"rendered":"<p>LIDHJA DEMOKRATIKE N\u00cb MAL T\u00cb ZI DEMOKRATSKI SAVEZ U CRNOJ GORI DEMOCRATIC LEAGUE IN MONTENEGRO Nr. 205 \/ 10 Tuz, m\u00eb \u00a010.11.2010 tel.\/fax (+382\u00a0 (0) 30) 413 009, (0) 20 \u00a0875 \u00a0903 Kumtes\u00eb p\u00ebr opinion Mehmet BARDHI, kryetar i LIDHJES DEMOKRATIKE N\u00cb MAL T\u00cb ZI uron zgjedhjen e Isa Mustaf\u00ebs kryetar t\u00eb LDK-s\u00eb dhe\u00a0 udh\u00ebheqjen [&hellip;]<\/p>\n","protected":false},"author":1,"featured_media":0,"comment_status":"open","ping_status":"closed","sticky":false,"template":"","format":"standard","meta":{"spay_email":"","jetpack_publicize_message":"","jetpack_is_tweetstorm":false,"jetpack_publicize_feature_enabled":true},"categories":[6],"tags":[16269,687,347],"jetpack_publicize_connections":[],"yoast_head":"<!-- This site is optimized with the Yoast SEO plugin v19.1 - https:\/\/yoast.com\/wordpress\/plugins\/seo\/ -->\n<title>LD n\u00eb MZ - Urim Isa Mustaf\u00ebs p\u00ebr zgjedhjen n\u00eb krye t\u00eb LDK-s\u00eb dhe urim udh\u00ebheqjes s\u00eb Shqip\u00ebris\u00eb p\u00ebr heqjen e vizave - Lajme nga Ulqini<\/title>\n<meta name=\"description\" content=\"LIDHJA DEMOKRATIKE N\u00cb MAL T\u00cb ZI DEMOKRATSKI SAVEZ U CRNOJ GORI DEMOCRATIC LEAGUE IN MONTENEGRO Nr. 205 \/ 10 Tuz, m\u00eb \u00a010.11.2010 tel.\/fax (+382\u00a0 (0) 30)\" \/>\n<meta name=\"robots\" content=\"index, follow, max-snippet:-1, max-image-preview:large, max-video-preview:-1\" \/>\n<link rel=\"canonical\" href=\"https:\/\/www.visit-ulcinj.com\/blog\/2010\/11\/10\/ld-ne-mz-urim-isa-mustafes-per-zgjedhjen-ne-krye-te-ldk-se-dhe-urim-udheheqjes-se-shqiperise-per-heqjen-e-vizave\/\" \/>\n<meta property=\"og:locale\" content=\"en_US\" \/>\n<meta property=\"og:type\" content=\"article\" \/>\n<meta property=\"og:title\" content=\"LD n\u00eb MZ - Urim Isa Mustaf\u00ebs p\u00ebr zgjedhjen n\u00eb krye t\u00eb LDK-s\u00eb dhe urim udh\u00ebheqjes s\u00eb Shqip\u00ebris\u00eb p\u00ebr heqjen e vizave - Lajme nga Ulqini\" \/>\n<meta property=\"og:description\" content=\"LIDHJA DEMOKRATIKE N\u00cb MAL T\u00cb ZI DEMOKRATSKI SAVEZ U CRNOJ GORI DEMOCRATIC LEAGUE IN MONTENEGRO Nr. 205 \/ 10 Tuz, m\u00eb \u00a010.11.2010 tel.\/fax (+382\u00a0 (0) 30)\" \/>\n<meta property=\"og:url\" content=\"https:\/\/www.visit-ulcinj.com\/blog\/2010\/11\/10\/ld-ne-mz-urim-isa-mustafes-per-zgjedhjen-ne-krye-te-ldk-se-dhe-urim-udheheqjes-se-shqiperise-per-heqjen-e-vizave\/\" \/>\n<meta property=\"og:site_name\" content=\"Lajme nga Ulqini\" \/>\n<meta property=\"article:published_time\" content=\"2010-11-10T17:57:49+00:00\" \/>\n<meta name=\"twitter:label1\" content=\"Written by\" \/>\n\t<meta name=\"twitter:data1\" content=\"ulqini\" \/>\n\t<meta name=\"twitter:label2\" content=\"Est. reading time\" \/>\n\t<meta name=\"twitter:data2\" content=\"3 minutes\" \/>\n<script type=\"application\/ld+json\" class=\"yoast-schema-graph\">{\"@context\":\"https:\/\/schema.org\",\"@graph\":[{\"@type\":\"WebSite\",\"@id\":\"https:\/\/www.visit-ulcinj.com\/blog\/#website\",\"url\":\"https:\/\/www.visit-ulcinj.com\/blog\/\",\"name\":\"Lajme nga Ulqini\",\"description\":\"Lajme,Vijesti,Ulqini,Ulqin,Crna Gora,Mali i Zi\",\"potentialAction\":[{\"@type\":\"SearchAction\",\"target\":{\"@type\":\"EntryPoint\",\"urlTemplate\":\"https:\/\/www.visit-ulcinj.com\/blog\/?s={search_term_string}\"},\"query-input\":\"required name=search_term_string\"}],\"inLanguage\":\"en-US\"},{\"@type\":\"WebPage\",\"@id\":\"https:\/\/www.visit-ulcinj.com\/blog\/2010\/11\/10\/ld-ne-mz-urim-isa-mustafes-per-zgjedhjen-ne-krye-te-ldk-se-dhe-urim-udheheqjes-se-shqiperise-per-heqjen-e-vizave\/#webpage\",\"url\":\"https:\/\/www.visit-ulcinj.com\/blog\/2010\/11\/10\/ld-ne-mz-urim-isa-mustafes-per-zgjedhjen-ne-krye-te-ldk-se-dhe-urim-udheheqjes-se-shqiperise-per-heqjen-e-vizave\/\",\"name\":\"LD n\u00eb MZ - Urim Isa Mustaf\u00ebs p\u00ebr zgjedhjen n\u00eb krye t\u00eb LDK-s\u00eb dhe urim udh\u00ebheqjes s\u00eb Shqip\u00ebris\u00eb p\u00ebr heqjen e vizave - Lajme nga Ulqini\",\"isPartOf\":{\"@id\":\"https:\/\/www.visit-ulcinj.com\/blog\/#website\"},\"datePublished\":\"2010-11-10T17:57:49+00:00\",\"dateModified\":\"2010-11-10T17:57:49+00:00\",\"author\":{\"@id\":\"https:\/\/www.visit-ulcinj.com\/blog\/#\/schema\/person\/dcab619c614d3038751c63bc2aadc06d\"},\"description\":\"LIDHJA DEMOKRATIKE N\u00cb MAL T\u00cb ZI DEMOKRATSKI SAVEZ U CRNOJ GORI DEMOCRATIC LEAGUE IN MONTENEGRO Nr. 205 \/ 10 Tuz, m\u00eb \u00a010.11.2010 tel.\/fax (+382\u00a0 (0) 30)\",\"breadcrumb\":{\"@id\":\"https:\/\/www.visit-ulcinj.com\/blog\/2010\/11\/10\/ld-ne-mz-urim-isa-mustafes-per-zgjedhjen-ne-krye-te-ldk-se-dhe-urim-udheheqjes-se-shqiperise-per-heqjen-e-vizave\/#breadcrumb\"},\"inLanguage\":\"en-US\",\"potentialAction\":[{\"@type\":\"ReadAction\",\"target\":[\"https:\/\/www.visit-ulcinj.com\/blog\/2010\/11\/10\/ld-ne-mz-urim-isa-mustafes-per-zgjedhjen-ne-krye-te-ldk-se-dhe-urim-udheheqjes-se-shqiperise-per-heqjen-e-vizave\/\"]}]},{\"@type\":\"BreadcrumbList\",\"@id\":\"https:\/\/www.visit-ulcinj.com\/blog\/2010\/11\/10\/ld-ne-mz-urim-isa-mustafes-per-zgjedhjen-ne-krye-te-ldk-se-dhe-urim-udheheqjes-se-shqiperise-per-heqjen-e-vizave\/#breadcrumb\",\"itemListElement\":[{\"@type\":\"ListItem\",\"position\":1,\"name\":\"LD n\u00eb MZ &#8211; Urim Isa Mustaf\u00ebs p\u00ebr zgjedhjen n\u00eb krye t\u00eb LDK-s\u00eb dhe urim udh\u00ebheqjes s\u00eb Shqip\u00ebris\u00eb p\u00ebr heqjen e vizave\"}]},{\"@type\":\"Person\",\"@id\":\"https:\/\/www.visit-ulcinj.com\/blog\/#\/schema\/person\/dcab619c614d3038751c63bc2aadc06d\",\"name\":\"ulqini\",\"sameAs\":[\"http:\/\/www.visit-ulcinj.com\"],\"url\":\"https:\/\/www.visit-ulcinj.com\/blog\/author\/admin\/\"}]}<\/script>\n<!-- \/ Yoast SEO plugin. -->","yoast_head_json":{"title":"LD n\u00eb MZ - Urim Isa Mustaf\u00ebs p\u00ebr zgjedhjen n\u00eb krye t\u00eb LDK-s\u00eb dhe urim udh\u00ebheqjes s\u00eb Shqip\u00ebris\u00eb p\u00ebr heqjen e vizave - Lajme nga Ulqini","description":"LIDHJA DEMOKRATIKE N\u00cb MAL T\u00cb ZI DEMOKRATSKI SAVEZ U CRNOJ GORI DEMOCRATIC LEAGUE IN MONTENEGRO Nr. 205 \/ 10 Tuz, m\u00eb \u00a010.11.2010 tel.\/fax (+382\u00a0 (0) 30)","robots":{"index":"index","follow":"follow","max-snippet":"max-snippet:-1","max-image-preview":"max-image-preview:large","max-video-preview":"max-video-preview:-1"},"canonical":"https:\/\/www.visit-ulcinj.com\/blog\/2010\/11\/10\/ld-ne-mz-urim-isa-mustafes-per-zgjedhjen-ne-krye-te-ldk-se-dhe-urim-udheheqjes-se-shqiperise-per-heqjen-e-vizave\/","og_locale":"en_US","og_type":"article","og_title":"LD n\u00eb MZ - Urim Isa Mustaf\u00ebs p\u00ebr zgjedhjen n\u00eb krye t\u00eb LDK-s\u00eb dhe urim udh\u00ebheqjes s\u00eb Shqip\u00ebris\u00eb p\u00ebr heqjen e vizave - Lajme nga Ulqini","og_description":"LIDHJA DEMOKRATIKE N\u00cb MAL T\u00cb ZI DEMOKRATSKI SAVEZ U CRNOJ GORI DEMOCRATIC LEAGUE IN MONTENEGRO Nr. 205 \/ 10 Tuz, m\u00eb \u00a010.11.2010 tel.\/fax (+382\u00a0 (0) 30)","og_url":"https:\/\/www.visit-ulcinj.com\/blog\/2010\/11\/10\/ld-ne-mz-urim-isa-mustafes-per-zgjedhjen-ne-krye-te-ldk-se-dhe-urim-udheheqjes-se-shqiperise-per-heqjen-e-vizave\/","og_site_name":"Lajme nga Ulqini","article_published_time":"2010-11-10T17:57:49+00:00","twitter_misc":{"Written by":"ulqini","Est. reading time":"3 minutes"},"schema":{"@context":"https:\/\/schema.org","@graph":[{"@type":"WebSite","@id":"https:\/\/www.visit-ulcinj.com\/blog\/#website","url":"https:\/\/www.visit-ulcinj.com\/blog\/","name":"Lajme nga Ulqini","description":"Lajme,Vijesti,Ulqini,Ulqin,Crna Gora,Mali i Zi","potentialAction":[{"@type":"SearchAction","target":{"@type":"EntryPoint","urlTemplate":"https:\/\/www.visit-ulcinj.com\/blog\/?s={search_term_string}"},"query-input":"required name=search_term_string"}],"inLanguage":"en-US"},{"@type":"WebPage","@id":"https:\/\/www.visit-ulcinj.com\/blog\/2010\/11\/10\/ld-ne-mz-urim-isa-mustafes-per-zgjedhjen-ne-krye-te-ldk-se-dhe-urim-udheheqjes-se-shqiperise-per-heqjen-e-vizave\/#webpage","url":"https:\/\/www.visit-ulcinj.com\/blog\/2010\/11\/10\/ld-ne-mz-urim-isa-mustafes-per-zgjedhjen-ne-krye-te-ldk-se-dhe-urim-udheheqjes-se-shqiperise-per-heqjen-e-vizave\/","name":"LD n\u00eb MZ - Urim Isa Mustaf\u00ebs p\u00ebr zgjedhjen n\u00eb krye t\u00eb LDK-s\u00eb dhe urim udh\u00ebheqjes s\u00eb Shqip\u00ebris\u00eb p\u00ebr heqjen e vizave - Lajme nga Ulqini","isPartOf":{"@id":"https:\/\/www.visit-ulcinj.com\/blog\/#website"},"datePublished":"2010-11-10T17:57:49+00:00","dateModified":"2010-11-10T17:57:49+00:00","author":{"@id":"https:\/\/www.visit-ulcinj.com\/blog\/#\/schema\/person\/dcab619c614d3038751c63bc2aadc06d"},"description":"LIDHJA DEMOKRATIKE N\u00cb MAL T\u00cb ZI DEMOKRATSKI SAVEZ U CRNOJ GORI DEMOCRATIC LEAGUE IN MONTENEGRO Nr. 205 \/ 10 Tuz, m\u00eb \u00a010.11.2010 tel.\/fax (+382\u00a0 (0) 30)","breadcrumb":{"@id":"https:\/\/www.visit-ulcinj.com\/blog\/2010\/11\/10\/ld-ne-mz-urim-isa-mustafes-per-zgjedhjen-ne-krye-te-ldk-se-dhe-urim-udheheqjes-se-shqiperise-per-heqjen-e-vizave\/#breadcrumb"},"inLanguage":"en-US","potentialAction":[{"@type":"ReadAction","target":["https:\/\/www.visit-ulcinj.com\/blog\/2010\/11\/10\/ld-ne-mz-urim-isa-mustafes-per-zgjedhjen-ne-krye-te-ldk-se-dhe-urim-udheheqjes-se-shqiperise-per-heqjen-e-vizave\/"]}]},{"@type":"BreadcrumbList","@id":"https:\/\/www.visit-ulcinj.com\/blog\/2010\/11\/10\/ld-ne-mz-urim-isa-mustafes-per-zgjedhjen-ne-krye-te-ldk-se-dhe-urim-udheheqjes-se-shqiperise-per-heqjen-e-vizave\/#breadcrumb","itemListElement":[{"@type":"ListItem","position":1,"name":"LD n\u00eb MZ &#8211; Urim Isa Mustaf\u00ebs p\u00ebr zgjedhjen n\u00eb krye t\u00eb LDK-s\u00eb dhe urim udh\u00ebheqjes s\u00eb Shqip\u00ebris\u00eb p\u00ebr heqjen e vizave"}]},{"@type":"Person","@id":"https:\/\/www.visit-ulcinj.com\/blog\/#\/schema\/person\/dcab619c614d3038751c63bc2aadc06d","name":"ulqini","sameAs":["http:\/\/www.visit-ulcinj.com"],"url":"https:\/\/www.visit-ulcinj.com\/blog\/author\/admin\/"}]}},"jetpack_featured_media_url":"","jetpack_sharing_enabled":true,"jetpack_shortlink":"https:\/\/wp.me\/pe6lTn-ahK","_links":{"self":[{"href":"https:\/\/www.visit-ulcinj.com\/blog\/wp-json\/wp\/v2\/posts\/39540"}],"collection":[{"href":"https:\/\/www.visit-ulcinj.com\/blog\/wp-json\/wp\/v2\/posts"}],"about":[{"href":"https:\/\/www.visit-ulcinj.com\/blog\/wp-json\/wp\/v2\/types\/post"}],"author":[{"embeddable":true,"href":"https:\/\/www.visit-ulcinj.com\/blog\/wp-json\/wp\/v2\/users\/1"}],"replies":[{"embeddable":true,"href":"https:\/\/www.visit-ulcinj.com\/blog\/wp-json\/wp\/v2\/comments?post=39540"}],"version-history":[{"count":1,"href":"https:\/\/www.visit-ulcinj.com\/blog\/wp-json\/wp\/v2\/posts\/39540\/revisions"}],"predecessor-version":[{"id":67820,"href":"https:\/\/www.visit-ulcinj.com\/blog\/wp-json\/wp\/v2\/posts\/39540\/revisions\/67820"}],"wp:attachment":[{"href":"https:\/\/www.visit-ulcinj.com\/blog\/wp-json\/wp\/v2\/media?parent=39540"}],"wp:term":[{"taxonomy":"category","embeddable":true,"href":"https:\/\/www.visit-ulcinj.com\/blog\/wp-json\/wp\/v2\/categories?post=39540"},{"taxonomy":"post_tag","embeddable":true,"href":"https:\/\/www.visit-ulcinj.com\/blog\/wp-json\/wp\/v2\/tags?post=39540"}],"curies":[{"name":"wp","href":"https:\/\/api.w.org\/{rel}","templated":true}]}}