{"id":39547,"date":"2010-11-11T16:26:12","date_gmt":"2010-11-11T15:26:12","guid":{"rendered":"http:\/\/www.visit-ulcinj.com\/blog\/?p=39547"},"modified":"2010-11-11T16:26:12","modified_gmt":"2010-11-11T15:26:12","slug":"ulqini-ne-veprat-e-akademikut-resuli","status":"publish","type":"post","link":"https:\/\/www.visit-ulcinj.com\/blog\/2010\/11\/11\/ulqini-ne-veprat-e-akademikut-resuli\/","title":{"rendered":"Ulqini n\u00eb veprat e akademikut Resuli"},"content":{"rendered":"<p><a href=\"http:\/\/www.visit-ulcinj.com\/blog\/wp-content\/uploads\/2010\/11\/Prof.Dr_.-KAPLLAN-RESULIakademik.jpg\"><img loading=\"lazy\" class=\"alignleft size-full wp-image-39549\" title=\"Prof.Dr. KAPLLAN RESULI,akademik\" src=\"http:\/\/www.visit-ulcinj.com\/blog\/wp-content\/uploads\/2010\/11\/Prof.Dr_.-KAPLLAN-RESULIakademik.jpg\" alt=\"\" width=\"300\" height=\"409\" \/><\/a>Ulqinaku me tradita t\u00eb shk\u00eblqyera familjare, historike, kulturore dhe politiko-shoq\u00ebrore,<strong> akademiku prof. dr. Kapllan Resulbegoviq-Buroviq,<\/strong> i mir\u00ebnjohur nga shqiptar\u00ebt me pseudonimet <strong>KALLUSHI dhe RESULI<\/strong>, me gjith\u00eb pengesat dhe sabotimet m\u00eb monstruoze, q\u00eb i jan\u00eb b\u00ebr\u00eb dhe vozhdojn\u00eb t&#8217;ia b\u00ebjn\u00eb sot e k\u00ebsaj dite, deri tash ka botuar mbi 100 libra, publicistik\u00eb, beletristik\u00eb dhe literatur\u00eb shkencore, duke trajtuar probleme m\u00eb t\u00eb ndrysme dhe t\u00eb popujve m\u00eb t\u00eb ndrysh\u00ebm, ballkanik\u00eb dhe evropian\u00eb. Ai edhe ka shkruar n\u00eb gjuh\u00eb m\u00eb t\u00eb ndryshme, duke filluar nga serbo-kroatishtja e shqipja, deri tek gjuha frenge, ruse dhe latine.<\/p>\n<p>Megjithq\u00eb p\u00ebr \u00e7do vend e \u00e7do popull ka shkruar me p\u00ebrkushtim sikur t\u00eb ishte me rr\u00ebnj\u00eb e koc nga ai vend e ai popull, Akademiku Resuli p\u00ebrkushtimin e tij m\u00eb t\u00eb madhe dhe m\u00eb t\u00eb shk\u00eblqyer e ka manifestuar ndaj vendlindjes s\u00eb tij Ulqinit dhe ulqinak\u00ebve, pa dallim race, feje dhe komb\u00ebsie, bile edhe pa dallim klase dhe ideje, ideologjie. Ai u ka dal\u00eb n\u00eb mbrojtje dhe, megjithq\u00eb tash edhe n\u00eb mosh\u00eb t\u00eb thyer e me nj\u00eb kolekcion s\u00ebmundjesh nga vuajtjet shum\u00eb dekad\u00ebshe n\u00ebper burgje e kampe internimi (vazhdon t\u00eb jetoj\u00eb n\u00eb emigracion, ku ndaj tij nuk pushuan persekutimet!), vazhdon t&#8217;u dal\u00eb ulqinak\u00ebve t\u00eb tij\u00eb n\u00eb mbrotje me guximin dhe vetmohimin e tij djaloshar e tradicional dhe me parimin ni po babu ni po stri\u010devima (duke mos mbajtur an\u00ebn e askujt, sidomos jo t\u00eb tyre q\u00eb nuk kan\u00eb t\u00eb drejt\u00eb!). Akademiku Resuli \u00ebsht\u00eb ai q\u00eb si askush tjet\u00ebr mbrojti shkoll\u00ebn shqipe n\u00eb Ulqin, t\u00eb drejtat legjitime t\u00eb diaspor\u00ebs shqiptare, n\u00eb Ulqin dhe an\u00eb e k\u00ebnd eks-Jugosllavis\u00eb, duke stigmatizuar regjimin titist si askush tjet\u00ebr, si nj\u00eb regjim social-fashist e m\u00eb kriminal. Po ky Akademik, duke mbrojtur minoritetet n\u00eb Shqip\u00ebri dhe vet\u00eb popullin e martirizuar shqiptar, t\u00eb drejtat e tyre legjitime, prap si askush tjeter, do t\u00eb stigmatizoj\u00eb me nj\u00eb heroiz\u00ebm t\u00eb pashoq, pa precedan, edhe regjimin enverist t\u00eb atjesh\u00ebm, poashtu si nj\u00eb regjim social-fashist e m\u00eb kriminal.<\/p>\n<p>Vet\u00eb shqiptar\u00ebt, bile edhe nga pozitat e tyre armiq\u00ebsore ndaj tij, e kan\u00eb shpallur p\u00ebr hero e martir, p\u00ebr Mandela t\u00eb Shqip\u00ebris\u00eb dhe nd\u00ebrgjegje t\u00eb kombit shqiptar, bile edhe p\u00ebr mbrojt\u00ebs t\u00eb popujve. Duke manifestuar nj\u00eb internacionaliz\u00ebm par excellence dhe duke u mb\u00ebshtetur mbi dokumente e fakte shkencore, ai u ka v\u00ebn\u00eb gishtin n\u00eb plag\u00eb dhe pikat mbi i shum\u00eb problemeve aktuale, nevralgjike. Dhe i ka trajtuar nga pozitat m\u00eb t\u00eb avancuara bashkohore, me nj\u00eb nd\u00ebrgjegje m\u00eb t\u00eb lart\u00eb njer\u00ebzore, me prudenc\u00eb akademike dhe akribi tejet shkencore.<\/p>\n<p>Nj\u00eb num\u00ebr i konsideruesh\u00ebm i librave t\u00eb tij\u00eb, fillim e mbarim, b\u00ebjn\u00eb fjal\u00eb p\u00ebr Ulqinin. T\u00eb tjerat kan\u00eb kapituj, artikuj e studime p\u00ebr Ulqinin e ulqinak\u00ebt. Thuajse nuk ka lib\u00ebr ku ai nuk e ka futur edhe Ulqinin. Bile edhe n\u00eb kryevepr\u00ebn e tij beletristike, romanin e famsh\u00ebm TRADH\u00cbTIA, q\u00eb vet\u00eb shqiptar\u00ebt e shpall\u00ebn p\u00ebr vep\u00ebr kapitale e p\u00ebr kryevep\u00ebr t\u00eb let\u00ebrsis\u00eb shqiptare n\u00eb proz\u00eb. P\u00ebr m\u00eb tep\u00ebr e shpall\u00ebn edhe p\u00ebr UNGJILL t\u00eb patriotizmit shqiptar.<\/p>\n<p>Ve\u00e7 veprave t\u00eb tija tashm\u00eb t\u00eb mir\u00ebnjohura edhe n\u00eb shkall\u00eb bot\u00ebrore, disa nga veprat e tija p\u00ebr Ulqinin jan\u00eb afirmuar si vepra kapitale jo vet\u00ebm n\u00eb list\u00ebn e veprave t\u00eb tija, por edhe n\u00eb list\u00ebn e veprave t\u00eb botuara deri tash p\u00ebr Ulqinin. Ato tashm\u00eb kan\u00eb hyr\u00eb edhe n\u00eb fondin e art\u00eb t\u00eb let\u00ebrsis\u00eb e t\u00eb botimeve jugosllave e malazeze, si dhe n\u00eb fondin e art\u00eb t\u00eb let\u00ebrsis\u00eb e t\u00eb botimeve shqiptare. Akademiku Resuli, pasi doli prej burgut shqiptar, u shpall AN\u00cbTAR NDERI i Akademis\u00eb s\u00eb Shkencave e t\u00eb Arteve t\u00eb Intelektual\u00ebve Shqiptar\u00eb, kurse n\u00eb vitin 1992 u fut edhe n\u00eb Programin e Ministris\u00eb s\u00eb Arsimit t\u00eb Shqip\u00ebris\u00eb p\u00ebr shkollat e t\u00eb gjitha kategorive dhe universitetet. Ai tashti figuron edhe n\u00eb WIKIPEDIA-n bot\u00ebrore (I vetmi ulqinak n\u00eb at\u00eb enciklopedi!), kurse tezat e tija shkencore lidhur me origjin\u00ebn e shqiptar\u00ebve po futen edhe n\u00eb enciklopedirat e popujve dhe po pranohen edhe nga vet\u00eb historian\u00ebt e akademik\u00ebt shqiptar\u00eb.<\/p>\n<p><strong> Ja lista e veprave t\u00eb tija p\u00ebr Ulqinin dhe ulqinak\u00ebt: <\/strong><\/p>\n<p><strong> 01. BOJANA (BUNA),-<\/strong> poem\u00eb disidente, e shkruar dhe e botuar s\u00ebrbo-kroatisht nga Sht\u00ebpia e Kultur\u00ebs n\u00eb Dubrovnik (Kroaci), 1952; ribotuar n\u00eb Beograd (gazeta Iskra N\u00b0 4\/1953) dhe n\u00eb Zagreb (revista Polet N\u00b0 4\/1953). N\u00eb konkursin e poezis\u00eb n\u00eb Beograd me 1954 i \u00ebsht\u00eb dh\u00ebn\u00eb \u00e7mimi i par\u00eb. \u00cbsht\u00eb p\u00ebrkthyer e botuar n\u00eb shum\u00eb gjuh\u00eb t\u00eb huaja nga autori dhe t\u00eb tjer\u00ebt: shqip, frengjisht, spanjollisht, sllovenisht, makedonisht e tj. Deri m\u00eb sot i jan\u00eb b\u00ebr\u00eb mbi 30 botime n\u00eb librat e ndrysh\u00ebm t\u00eb autorit, si dhe n\u00eb organe t\u00eb ndryshme shtypi e p\u00ebrmes internetit, radios, televizionit. Shqip \u00ebsht\u00eb p\u00ebrkthyer nga vet\u00eb autori qysh n\u00eb vitin 1960 dhe ka qarkulluar ilegalisht an\u00eb e k\u00ebnd Shqip\u00ebris\u00eb, bile edhe qelijave t\u00eb burgjeve. Nga pozitat e disidentit autori stigmatizon me k\u00ebt\u00eb poem\u00eb si askush deri at\u00ebher\u00eb realitetin social-fashist t\u00eb Jugosllavis\u00eb dhe t\u00eb Shqip\u00ebris\u00eb. P\u00ebr t\u00eb \u00ebsht\u00eb arrestuar e d\u00ebnuar n\u00eb Jugosllavi dhe n\u00eb Shqip\u00ebri. N\u00eb maj t\u00eb vitit 1991, e botuar n\u00eb gazet\u00ebn DEMOKRACIA e Cirihut (Zvic\u00ebr), arriti n\u00eb Tiran\u00eb dhe u shp\u00ebrnda n\u00eb gjith vendin. At\u00ebher\u00eb autorit, q\u00eb sapo kishte dal\u00eb nga burgu, i b\u00ebn\u00eb atentatin e par\u00eb. N\u00eb vitin 1992, Radio-Shkodra transmetoi radio-dramatizimin e k\u00ebsaj poeme me titull Ka 40 vite q\u00eb pena e tij akuzon!&#8230;Akuzon!!&#8230;Akuzon!!! Me k\u00ebt\u00eb poem\u00eb Kapllan Resuli \u00ebsht\u00eb afirmuar si disident Nr. 1 i Jugosllavis\u00eb dhe i Shqip\u00ebris\u00eb, bile edhe i Evrop\u00ebs dhe i bot\u00ebs. N\u00eb vitin 2005 Universiteti i New York e shpall p\u00ebr famous Albanian dissident and historien, bile edhe p\u00ebr Mandela i Shqip\u00ebris\u00eb.<\/p>\n<p><strong>02. ULCINJSKE DAIRE (DAJRET ULQINAKE),-<\/strong> p\u00ebrmbledhje k\u00ebng\u00ebsh lirike popullore. I \u00ebsht\u00eb dor\u00ebzuar p\u00ebr botim K\u00ebshillit Popullor n\u00eb Ulqin (Seksionit t\u00eb Arsimit e t\u00eb Kultures) n\u00eb ver\u00eb t\u00eb vitit 1953. \u00cbsht\u00eb persekutuar nga UDB-ja\u00a0 (Drejtoria e Sigurimit t\u00eb Shtetit Jugosllav). Shum\u00eb k\u00ebng\u00eb t\u00eb k\u00ebtij v\u00ebllimi jan\u00eb botuar nga autori n\u00eb faqet e gazetave dhe t\u00eb revistave, si Susreti, Jeta e Re, Flaka e Vllaznimit.<\/p>\n<p><strong>03. NAXHIJA,-<\/strong> roman, qysh prej vitit 1953 persekutohet n\u00eb Nd\u00ebrmarrjen Botuese Prosveta &#8211; Beograd. Dy fragmenta t\u00eb k\u00ebtij romani jan\u00eb botuar: nj\u00ebri n\u00eb gjuh\u00ebn s\u00ebrbo-kroate n\u00eb revist\u00ebn Susreti, Viti I, Nr. 4, Cetinje 1953, i dyti, n\u00eb p\u00ebrkthimin shqip nga Murteza Peza, n\u00eb gazet\u00ebn Flaka e Vllaznimit, Skopje, shtator 1954.<\/p>\n<p><strong> 04. E FEJUARA E DETARIT,-<\/strong> novel\u00eb, Prishtin\u00eb 1956 (revista Jeta e Re N\u00b0 6); botimi i dyt\u00eb, prap shqip &#8211; n\u00eb Gjenev\u00eb 1997; botimi s\u00ebrbo-kroatisht dhe makedonisht n\u00eb Gjenev\u00eb me 2004; p\u00ebrkthimi frengjisht po i persekutohet; p\u00ebrkthimi italisht &#8211; Gjenev\u00eb 2010. Trajton jet\u00ebn e familjes s\u00eb marinarit t\u00eb Ulqinit n\u00eb aspektin etik dhe psikologjik. N\u00eb saje t\u00eb k\u00ebsaj novele autori \u00ebsht\u00eb pranuar an\u00ebtar i Lidhjes s\u00eb Shkrimtar\u00ebve t\u00eb Jugosllais\u00eb dhe vepra e tij u fut n\u00eb programin e Albanologjis\u00eb pran\u00eb Universitetit t\u00eb Skopjes.<\/p>\n<p><strong>05. ZOV MORA (THIRRJA E DETIT),-<\/strong> p\u00ebrmbledhje vjershash, dor\u00ebzuar p\u00ebr botim SHB Rilindja me 1956, po intervenon UDB-a dhe k\u00ebshtu mbeti e pabotuar, pa asnj\u00ebfar\u00eb p\u00ebrgjigjeje nga SHB. Shumica e k\u00ebtyre vjershave lidhet me Ulqinin.<\/p>\n<p><strong>06. TRAMUNDANA,-<\/strong> novel\u00eb, Prishtin\u00eb 1957 (Jeta e Re N\u00b0 2). N\u00eb vitin 1959 autori ia ka dor\u00ebzuar Sht\u00ebpis\u00eb Botuese Rilindja n\u00eb Prishtin\u00eb, e cila e ka pranuar p\u00ebr botim, por autorin e burgos UDB-ja si disident. Botimi i dyt\u00eb i \u00ebsht\u00eb b\u00ebr\u00eb n\u00eb Gjenev\u00eb me 1994. Trajton jet\u00ebn e marinar\u00ebve ulqinak\u00eb n\u00eb det t\u00eb hapur, pun\u00ebn e tyre t\u00eb r\u00ebnd\u00eb dhe problemat social\u00eb.<\/p>\n<p><strong>07. VEJUSHA E DETARIT,-<\/strong> roman, Prishtin\u00eb 1956 (Jeta e Re N\u00b0 2); botimi i dyt\u00eb n\u00eb Tiran\u00eb 2003, SHB Milosao, e paguar nga autori. Trajton jet\u00ebn e nj\u00eb familjeje marinari t\u00eb Ulqinit n\u00eb aspektin etik, moral e social, p\u00ebrmes nj\u00eb dashurie t\u00eb flak\u00ebt, q\u00eb shumkujt i shkakton fatkeq\u00ebsira.<\/p>\n<p><strong>08. FANOLA,-<\/strong> roman, Prishtin\u00eb 1958 (Jeta e Re N\u00b0 3-4); botimi i dyt\u00eb n\u00eb Gjenev\u00eb me 2001. Trajton historin\u00eb e qytetit t\u00eb Ulqinit n\u00eb fund t\u00eb shekullit XVII dhe n\u00eb fillim t\u00eb shekullit XVIII. N\u00eb pjes\u00ebm m\u00eb t\u00eb madhe jet\u00ebn e pirat\u00ebve t\u00eb njohur ulqinak\u00eb dhe okupimin turk, si dhe problema etik\u00eb dhe social\u00eb.<\/p>\n<p><strong> 09. NJERIU PA NGJYR\u00cb,-<\/strong> novel\u00eb, Prishtin\u00eb 1958 (Jeta e Re N\u00b0 6). Trajton jet\u00ebm e nj\u00eb familjeje ulqinake gjat\u00eb LDB deri n\u00eb fillim t\u00eb viteve &#8217;50. Na paraqet okupacionin nazi-fashist italiano-gjerman deri n\u00eb fillimet e tradh\u00ebtis\u00eb s\u00eb Josip Broz Titos. Me 1964 i \u00ebsht\u00eb dor\u00ebzuar p\u00ebr botim si vep\u00ebr m\u00eb vete SHB N.Frash\u00ebri n\u00eb Tiran\u00eb, po n\u00eb vend t\u00eb botimit arrestuan autorin.<\/p>\n<p><strong>10. ULCINJSKI POMORCI (DETAR\u00cbT ULQINAK\u00cb),-<\/strong> p\u00ebrmbledhje tregimesh n\u00eb gjuh\u00ebn s\u00ebrbo-kroate, e aprovuar p\u00ebr botim nga SHB Rilindja n\u00eb Prishtin\u00eb me 1959, por intervenon UDB-a, arreston autorin dhe k\u00ebshtu libri mbetet i pabotuar. Disa tregime t\u00eb k\u00ebsaj p\u00ebrmbledhjeje jan\u00eb botuar qysh me koh\u00eb n\u00eb shtypin periodik, sidomos n\u00eb revist\u00ebn Susreti &#8211; Cetinje.<\/p>\n<p><strong>11. MES DY KALT\u00cbRSIRAVE,-<\/strong> p\u00ebrmbledhje tregimesh, e aprovuar p\u00ebr botim nga SHB Rilindja me 1959, por intervenon UDB-a dhe libri mbeti i pabotuar. Disa tregime t\u00eb k\u00ebtij libri jan\u00eb botuar qysh me koh\u00eb n\u00eb shtypin periodik, sidomos n\u00eb revist\u00ebn Jeta e Re &#8211; Prishtin\u00eb.<\/p>\n<p><strong> 12. BUNA,-<\/strong> p\u00ebrmbledhje vjershash. Ka qarkulluar si dor\u00ebshkrim n\u00eb t\u00eb gjitha an\u00ebt e Shqip\u00ebris\u00eb qysh prej vitit 1961, kur i dor\u00ebzohet p\u00ebr botim SHB N.Frash\u00ebri n\u00eb Tiran\u00eb, po iu persekutua nga pushteti shqiptar.<\/p>\n<p><strong>13. USHTIMA E KORABIT,-<\/strong> v\u00ebllim me tregime disidente, Tiran\u00eb 1968, SHB N.Frash\u00ebri. Disa nga tregimet e k\u00ebsaj p\u00ebrmbledhjeje jan\u00eb \u00e7muar nga kritika si m\u00eb t\u00eb bukurat e let\u00ebrsis\u00eb shqiptare. N\u00eb vitin 1992 p\u00ebrmbledhja \u00ebsht\u00eb futur n\u00eb programin e Ministris\u00eb s\u00eb Arsimit p\u00ebr shkollat e t\u00eb gjitha kategorive dhe universitetet. Trajton jet\u00ebn e popujve t\u00eb Jugosllavis\u00eb n\u00ebn terrorin social-fashist t\u00eb Titos, krimet e UDB-s\u00eb, munges\u00ebn e liris\u00eb dhe t\u00eb t\u00eb drejtave elementare njer\u00ebzore. N\u00eb tregimin Pasaporta b\u00ebhet fjal\u00eb p\u00ebr Ulqinin dhe shqiptar\u00ebt e k\u00ebtij qyteti.<\/p>\n<p><strong> 14. ZANA E ULQINIT,- <\/strong>v\u00ebllim me kang\u00eb popullore nga zona e Ulqinit. Hartuar n\u00eb Lushnje me 1968 dhe dor\u00ebzuar p\u00ebr botim Institutit t\u00eb Folklorit n\u00eb Tiran\u00eb. Persekutuar nga Sigurimi.<\/p>\n<p><strong>15. GJARP\u00cbRI,- <\/strong>novel\u00eb disidente, Tiran\u00eb 1969, SHB N.Frash\u00ebri. Botimi i dyt\u00eb po n\u00eb Tiran\u00eb, me 2001, SHB OMSCA. N\u00eb vitin1992 novela \u00ebsht\u00eb futur n\u00eb programin e Ministris\u00eb s\u00eb Arsimit p\u00ebr shkollat e t\u00eb gjitha kategorive. Ajo trajton jet\u00ebn e f\u00ebmijve n\u00eb Jugosllavi n\u00ebn terrorin social-fashist t\u00eb J.B.Titos. N\u00eb t\u00eb b\u00ebhet fjal\u00eb edhe p\u00ebr Ulqinin.<\/p>\n<p><strong>16. E FOLMJA E ULQINIT,-<\/strong> studim me t\u00eb cilin Akademiku Resuli ka mbrojtur diplom\u00ebn e dyt\u00eb n\u00eb Universtitetin e Tiran\u00ebs me 1969. Zbulimet shkencore t\u00eb autorit i ka futur menj\u00ebher\u00eb n\u00eb leksionet e tija profesori i Universtitetit t\u00eb Tiran\u00ebs Anastas Dode. N\u00eb saje t\u00eb k\u00ebtij studimi Akademikut Resuli i jan\u00eb akorduar titujt profesor dhe doktor nga Akademija e Shkencave dhe e Arteve dhe \u00ebsht\u00eb emruar sekretar i Seksionit t\u00eb Gjuh\u00ebs dhe t\u00eb Let\u00ebrsis\u00eb shqiptare t\u00eb Asaj Akademie.<\/p>\n<p><strong>17. ZEM\u00cbR PRINDI,-<\/strong> v\u00ebllim me vjersha, burgu i Burrelit (Shqip\u00ebri) 1975. Ka qarkulluar n\u00ebp\u00ebr qelijat e burgut n\u00eb dor\u00ebshkrim. Tani ruhet n\u00eb bibliotek\u00ebn e Akademikut. Me dor\u00ebshkrimet e tjera i \u00ebsht\u00eb blatuar Bibliotek\u00ebs s\u00eb Universitetit n\u00eb Gjenev\u00eb, ku tashm\u00eb jan\u00eb dor\u00ebzuar e ruhen disa nga dor\u00ebshkrimet e tija. Soneti disident i k\u00ebtij v\u00ebllimi DO TE VIJ! i ka shp\u00ebrthyer muret e Burgut t\u00eb Burrelit dhe ka arritur n\u00eb faqet e revist\u00ebs N\u00cbNTORI, organi kryesor i Lidhjes s\u00eb Shkrimtar\u00ebve t\u00eb Shqip\u00ebris\u00eb, q\u00eb i jep edhe \u00e7minin vjetor, patjet\u00ebr &#8211; me emrin e nj\u00eb shkrimtari enverist. N\u00eb k\u00ebt\u00eb v\u00ebllim ka edhe disa vjersha p\u00ebr Ulqinin dhe ulqinak\u00ebt.<\/p>\n<p><strong>18. \u0160UBARA (K\u00cbSULA BOLSHEVIKE),-<\/strong> poem\u00eb disidente, burgu i Burrelit 1975. Ka qarkulluar n\u00eb dor\u00ebshkrim n\u00ebp\u00ebr qelijat e burgut. Pas lirimit t\u00eb autorit prej burgut jan\u00eb botuar disa fragmenta. Dor\u00ebshkrimi ruhet n\u00eb bibliotek\u00ebn e Akademikut. I kushtohet ngjarjeve t\u00eb v\u00ebrteta nga Ulqini.<\/p>\n<p><strong> 19. RREZET E PARA,-<\/strong> v\u00ebllim\u00a0 me poezi, Tiran\u00eb 1991. Ka qarkulluar nga qyteti n\u00eb qytet n\u00ebp\u00ebr Shqip\u00ebri, i daktilografuar me maqin\u00eb shkrimi n\u00eb 10 kopje, pasi nuk e kan\u00eb lejuar q\u00eb ta botonte as privatisht. Nj\u00eb kopje ka arritur edhe n\u00eb duar t\u00eb dr. Ardian Marashit, tani profesor n\u00eb Sorbon\u00eb, q\u00eb disa vjersha t\u00eb k\u00ebtij v\u00ebllimi i ka p\u00ebrkthyer frengjisht dhe botuar n\u00eb revin\u00eb Lettre Internationale Nr. 35, Paris, dim\u00ebn 1992-1993. Ruhet n\u00eb bibliotek\u00ebn e Akademikut. Shum\u00eb vjersha t\u00eb k\u00ebtij v\u00ebllimi i p\u00ebrkushtohen Ulqinit.<\/p>\n<p><strong>20. RREZET E SHPRES\u00cbS,-<\/strong> v\u00ebllimi i par\u00eb me poezi disidente n\u00eb gjuh\u00ebn shqipe, Gjenev\u00eb 1992. Poezirat trajtojn\u00eb kryesisht tradhtin\u00eb dhe terrorin social-fashist t\u00eb klik\u00ebs s\u00eb Enver Hoxh\u00ebs. Nga kritika letrare \u00ebsht\u00eb pritur m\u00eb pozitivisht dhe shum\u00eb poezi jan\u00eb ribotuar n\u00ebp\u00ebr organe t\u00eb tjera shtypi, nd\u00ebrsa sonetit disident &#8220;Do t\u00eb vij!&#8221; i \u00ebsht\u00eb akorduar edhe nj\u00eb \u00e7mim i ve\u00e7ant\u00eb. Aty ribotohet poema BOJANA.<\/p>\n<p><strong>21. MORSKI VALOVI (VAL\u00cbT E DETIT),-<\/strong> v\u00ebllim me poezi disidente n\u00eb gjuh\u00ebn s\u00ebrbo-kroate, Gjenev\u00eb 1994. Me te autori stigmatizon kryesisht terrorin e Josip Broz Titos n\u00eb Jugosllavi. Ka shum\u00eb poezi q\u00eb i blatohen Ulqinit.<\/p>\n<p><strong> 22. RESULBEGOVI\u0106I (RESULBEGOVIQ\u00cbT),-<\/strong> historia familjare n\u00eb gjuh\u00ebn s\u00ebrbo-kroate, Gjenev\u00eb 1994, me t\u00eb cil\u00ebn Akademiku ngrihet kund\u00ebr luft\u00ebs v\u00ebllavras\u00ebse n\u00eb Jugosllavi dhe jep kontributin e tij t\u00eb \u00e7muar p\u00ebr rivendosjen e paqes.<\/p>\n<p><strong>23. FJALORI I T\u00cb FOLMES S\u00cb ULQINIT,- Gjenev\u00eb 1994.<\/strong><strong><\/strong><\/p>\n<p><strong>24. ULCINJ (ULQINI),-<\/strong> almanak, e vetmja revi disidente n\u00eb gjuh\u00ebs s\u00ebrbo-kroate. Themeluar nga Akademiku Resuli n\u00eb vitin 1994. Dalja e saj pas numrit t\u00eb par\u00eb u ndalua p\u00ebr shkak t\u00eb luft\u00ebs m\u00eb t\u00eb eg\u00ebr q\u00eb i b\u00ebn\u00eb titist\u00ebt dhe enverist\u00ebt.<\/p>\n<p><strong> 25. NGADH\u00cbNJIMI I SHPRES\u00cbS,-<\/strong> v\u00ebllim me poezi e poema, Gjenev\u00eb 1998. Ka shum\u00eb poezi p\u00ebr Ulqinin dhe ulqinak\u00ebt.<\/p>\n<p><strong> 26. OD ILIROMANIJE DO TERORIZMA (NGA ILIROMANIA TEK TERRORIZMI),-<\/strong> studime n\u00eb gjuh\u00ebn s\u00ebrbo-kroate, Gjenev\u00eb 2002. N\u00eb k\u00ebt\u00eb p\u00ebrmbledhje gjenden recensionet p\u00ebr veprat e 19 autor\u00ebve shqiptar\u00eb, q\u00eb t\u00eb gjith\u00eb iliroman\u00eb dhe indoktrinues t\u00eb masave shqiptare me iliromani, shoviniz\u00ebm e raciz\u00ebm. N\u00eb m\u00ebnyr\u00eb t\u00eb ve\u00e7ant\u00eb demaskohet I.Kadareja dhe vepra e tij raciste RA KY MORT E U PAME. Trajtohen edhe vepra t\u00eb autor\u00ebve ulqinak\u00eb.<\/p>\n<p><strong>27. RESULBEGOVIQ\u00cbT DHE SHQIPTAR\u00cbT,-<\/strong> publicistik\u00eb, Gjenev\u00eb 2003, me t\u00eb cil\u00ebn autori u prezanton shqiptar\u00ebve nj\u00eb ser\u00eb personalitetesh t\u00eb familjes ulqinake Resulbegoviq, t\u00eb cil\u00ebt kan\u00eb kontribuar n\u00eb historin\u00eb e popullit shqiptar, duke luajtur edhe role t\u00eb dor\u00ebs s\u00eb par\u00eb.<\/p>\n<p><strong> 28. KRIK RASPETOG (KLITHJA E T\u00cb KRYQ\u00cbZUARIT),-<\/strong> dokumenta n\u00eb gjuh\u00ebs s\u00ebrbo-kroate, Gjenev\u00eb 2003, me t\u00eb cil\u00ebt demaskohen organet qeveritare aktuale t\u00eb Jugosllavis\u00eb (S\u00ebrbis\u00eb e t\u00eb C\u00ebrna Gor\u00ebs, bile edhe t\u00eb Ulqinit).<\/p>\n<p><strong>29. LLAGAP\u00cbT E ULQINAK\u00cbVE,-<\/strong> studime etimologjike, Gjenev\u00eb 2003.<\/p>\n<p><strong> 30. BUKUROSHJA E PLAZHIT &#8211;<\/strong> novel\u00eb, Gjenev\u00eb 2005. Ngjarja, q\u00eb \u00ebsht\u00eb e v\u00ebrtet\u00eb, ka ndodhur n\u00eb plazhin e Ulqinit.<\/p>\n<p><strong> 31. D\u00cbSHMOJ,-<\/strong> v\u00ebllim me studime e artikuj, Gjenev\u00eb 2007. K\u00ebtu \u00ebsht\u00eb botuar edhe studimi Kush ka b\u00ebr\u00eb dhe b\u00ebn kulturocid n\u00eb C\u00ebrna Gor\u00eb, ku b\u00ebhet fjal\u00eb p\u00ebr Ulqinin.<\/p>\n<p><strong>32. MARTIRIZIRANO KOSOVO (KOSOVA E MARTIRIZUAR),-<\/strong> v\u00ebllim me studime e artikuj, Gjenev\u00eb 2007. Ka disa artikuj e studime p\u00ebr Ulqinin dhe ulqinak\u00ebt.<\/p>\n<p><strong>33. BUROVI\u0106I (BUROVIQ\u00cbT),-<\/strong> histori familjare n\u00eb gjuh\u00ebn s\u00ebrbo-kroate, Gjenev\u00eb 2008. K\u00ebtu ribotohet e ripunuar historia familjare e Resulbegoviq\u00ebve t\u00eb Ulqinit.<\/p>\n<p><strong> 34. NA ISTOKU NI\u0160TA NOVO! (N\u00cb LINDJE ASGJ\u00cb E RE!),- <\/strong>Tiran\u00eb, 01.VII.2009. Mafia Shqiptare e ka djegur gjith tirazhin n\u00eb shtypshkronj\u00ebn \u201eMarin Barleti\u201c, n\u00eb sy t\u00eb autorit. Nga zjarri kan\u00eb shp\u00ebtuar disa kopje. Ka shum\u00eb artikuj e studime p\u00ebr Ulqinin e ulqinak\u00ebt.<\/p>\n<p><strong> 35. ISTORIJA ULCINJA (HISTORIA E ULQINIT),-<\/strong> botuar n\u00eb Tiran\u00eb, 01.VII.2009. Mafia Shqiptare e ka djegur gjith tirazhin n\u00eb shtypshkronj\u00ebn \u201eMarin Barleti\u201c, n\u00eb sy t\u00eb autorit. Nga zjarri kan\u00eb shp\u00ebtuar disa kopje. Botimi i dyt\u00eb &#8211; Gjenev\u00eb, n\u00ebntor 2009. Kjo \u00ebsht\u00eb nj\u00eb vep\u00ebr kapitale e Akademikut dhe poashtu kapitale p\u00ebr historiografin\u00eb e Malit t\u00eb Zi.<\/p>\n<p><strong>36. NGADH\u00cbNJIMI MBI VDEKJEN,-<\/strong> Tiran\u00eb, 01.VII.2009. Mafia Shqiptare e ka djegur gjith tirazhin n\u00eb shtypshkronj\u00ebn \u201eMarin Barleti\u201c, n\u00eb sy t\u00eb autorit. Nga zjarri kan\u00eb shp\u00ebtuar disa kopje. Ka shum\u00eb artikuj e studime p\u00ebr Ulqinin e ulqinak\u00ebt.<\/p>\n<p><strong>37. ENCIKLOPEDIJA ULCINJA (ENCIKLOPEDIA E ULQINIT),-<\/strong> Ulqin 2010. Kjo \u00ebsht\u00eb nj\u00eb vep\u00ebr kapitale e Akademikut dhe poashtu kapitale p\u00ebr enciklopedin\u00eb e Malit t\u00eb Zi. Do u sh\u00ebrbej\u00eb shum\u00eb edhe atyre q\u00eb do t\u00eb hartojn\u00eb enciklopedin\u00eb e Shqip\u00ebris\u00eb.<\/p>\n<p><strong>Anton MINXALLI<\/strong><\/p>\n","protected":false},"excerpt":{"rendered":"<p>Ulqinaku me tradita t\u00eb shk\u00eblqyera familjare, historike, kulturore dhe politiko-shoq\u00ebrore, akademiku prof. dr. Kapllan Resulbegoviq-Buroviq, i mir\u00ebnjohur nga shqiptar\u00ebt me pseudonimet KALLUSHI dhe RESULI, me gjith\u00eb pengesat dhe sabotimet m\u00eb monstruoze, q\u00eb i jan\u00eb b\u00ebr\u00eb dhe vozhdojn\u00eb t&#8217;ia b\u00ebjn\u00eb sot e k\u00ebsaj dite, deri tash ka botuar mbi 100 libra, publicistik\u00eb, beletristik\u00eb dhe literatur\u00eb shkencore, [&hellip;]<\/p>\n","protected":false},"author":1,"featured_media":0,"comment_status":"open","ping_status":"closed","sticky":false,"template":"","format":"standard","meta":{"spay_email":"","jetpack_publicize_message":"","jetpack_is_tweetstorm":false,"jetpack_publicize_feature_enabled":true},"categories":[14249],"tags":[16270,49,22010,50,18],"jetpack_publicize_connections":[],"yoast_head":"<!-- This site is optimized with the Yoast SEO plugin v19.1 - https:\/\/yoast.com\/wordpress\/plugins\/seo\/ -->\n<title>Ulqini n\u00eb veprat e akademikut Resuli - Lajme nga Ulqini<\/title>\n<meta name=\"description\" content=\"Ulqinaku me tradita t\u00eb shk\u00eblqyera familjare, historike, kulturore dhe politiko-shoq\u00ebrore, akademiku prof. dr. Kapllan Resulbegoviq-Buroviq, i mir\u00ebnjohur\" \/>\n<meta name=\"robots\" content=\"index, follow, max-snippet:-1, max-image-preview:large, max-video-preview:-1\" \/>\n<link rel=\"canonical\" href=\"https:\/\/www.visit-ulcinj.com\/blog\/2010\/11\/11\/ulqini-ne-veprat-e-akademikut-resuli\/\" \/>\n<meta property=\"og:locale\" content=\"en_US\" \/>\n<meta property=\"og:type\" content=\"article\" \/>\n<meta property=\"og:title\" content=\"Ulqini n\u00eb veprat e akademikut Resuli - Lajme nga Ulqini\" \/>\n<meta property=\"og:description\" content=\"Ulqinaku me tradita t\u00eb shk\u00eblqyera familjare, historike, kulturore dhe politiko-shoq\u00ebrore, akademiku prof. dr. Kapllan Resulbegoviq-Buroviq, i mir\u00ebnjohur\" \/>\n<meta property=\"og:url\" content=\"https:\/\/www.visit-ulcinj.com\/blog\/2010\/11\/11\/ulqini-ne-veprat-e-akademikut-resuli\/\" \/>\n<meta property=\"og:site_name\" content=\"Lajme nga Ulqini\" \/>\n<meta property=\"article:published_time\" content=\"2010-11-11T15:26:12+00:00\" \/>\n<meta property=\"og:image\" content=\"http:\/\/www.visit-ulcinj.com\/blog\/wp-content\/uploads\/2010\/11\/Prof.Dr_.-KAPLLAN-RESULIakademik.jpg\" \/>\n<meta name=\"twitter:label1\" content=\"Written by\" \/>\n\t<meta name=\"twitter:data1\" content=\"ulqini\" \/>\n\t<meta name=\"twitter:label2\" content=\"Est. reading time\" \/>\n\t<meta name=\"twitter:data2\" content=\"14 minutes\" \/>\n<script type=\"application\/ld+json\" class=\"yoast-schema-graph\">{\"@context\":\"https:\/\/schema.org\",\"@graph\":[{\"@type\":\"WebSite\",\"@id\":\"https:\/\/www.visit-ulcinj.com\/blog\/#website\",\"url\":\"https:\/\/www.visit-ulcinj.com\/blog\/\",\"name\":\"Lajme nga Ulqini\",\"description\":\"Lajme,Vijesti,Ulqini,Ulqin,Crna Gora,Mali i Zi\",\"potentialAction\":[{\"@type\":\"SearchAction\",\"target\":{\"@type\":\"EntryPoint\",\"urlTemplate\":\"https:\/\/www.visit-ulcinj.com\/blog\/?s={search_term_string}\"},\"query-input\":\"required name=search_term_string\"}],\"inLanguage\":\"en-US\"},{\"@type\":\"ImageObject\",\"inLanguage\":\"en-US\",\"@id\":\"https:\/\/www.visit-ulcinj.com\/blog\/2010\/11\/11\/ulqini-ne-veprat-e-akademikut-resuli\/#primaryimage\",\"url\":\"http:\/\/www.visit-ulcinj.com\/blog\/wp-content\/uploads\/2010\/11\/Prof.Dr_.-KAPLLAN-RESULIakademik.jpg\",\"contentUrl\":\"http:\/\/www.visit-ulcinj.com\/blog\/wp-content\/uploads\/2010\/11\/Prof.Dr_.-KAPLLAN-RESULIakademik.jpg\"},{\"@type\":\"WebPage\",\"@id\":\"https:\/\/www.visit-ulcinj.com\/blog\/2010\/11\/11\/ulqini-ne-veprat-e-akademikut-resuli\/#webpage\",\"url\":\"https:\/\/www.visit-ulcinj.com\/blog\/2010\/11\/11\/ulqini-ne-veprat-e-akademikut-resuli\/\",\"name\":\"Ulqini n\u00eb veprat e akademikut Resuli - Lajme nga Ulqini\",\"isPartOf\":{\"@id\":\"https:\/\/www.visit-ulcinj.com\/blog\/#website\"},\"primaryImageOfPage\":{\"@id\":\"https:\/\/www.visit-ulcinj.com\/blog\/2010\/11\/11\/ulqini-ne-veprat-e-akademikut-resuli\/#primaryimage\"},\"datePublished\":\"2010-11-11T15:26:12+00:00\",\"dateModified\":\"2010-11-11T15:26:12+00:00\",\"author\":{\"@id\":\"https:\/\/www.visit-ulcinj.com\/blog\/#\/schema\/person\/dcab619c614d3038751c63bc2aadc06d\"},\"description\":\"Ulqinaku me tradita t\u00eb shk\u00eblqyera familjare, historike, kulturore dhe politiko-shoq\u00ebrore, akademiku prof. dr. Kapllan Resulbegoviq-Buroviq, i mir\u00ebnjohur\",\"breadcrumb\":{\"@id\":\"https:\/\/www.visit-ulcinj.com\/blog\/2010\/11\/11\/ulqini-ne-veprat-e-akademikut-resuli\/#breadcrumb\"},\"inLanguage\":\"en-US\",\"potentialAction\":[{\"@type\":\"ReadAction\",\"target\":[\"https:\/\/www.visit-ulcinj.com\/blog\/2010\/11\/11\/ulqini-ne-veprat-e-akademikut-resuli\/\"]}]},{\"@type\":\"BreadcrumbList\",\"@id\":\"https:\/\/www.visit-ulcinj.com\/blog\/2010\/11\/11\/ulqini-ne-veprat-e-akademikut-resuli\/#breadcrumb\",\"itemListElement\":[{\"@type\":\"ListItem\",\"position\":1,\"name\":\"Ulqini n\u00eb veprat e akademikut Resuli\"}]},{\"@type\":\"Person\",\"@id\":\"https:\/\/www.visit-ulcinj.com\/blog\/#\/schema\/person\/dcab619c614d3038751c63bc2aadc06d\",\"name\":\"ulqini\",\"sameAs\":[\"http:\/\/www.visit-ulcinj.com\"],\"url\":\"https:\/\/www.visit-ulcinj.com\/blog\/author\/admin\/\"}]}<\/script>\n<!-- \/ Yoast SEO plugin. -->","yoast_head_json":{"title":"Ulqini n\u00eb veprat e akademikut Resuli - Lajme nga Ulqini","description":"Ulqinaku me tradita t\u00eb shk\u00eblqyera familjare, historike, kulturore dhe politiko-shoq\u00ebrore, akademiku prof. dr. Kapllan Resulbegoviq-Buroviq, i mir\u00ebnjohur","robots":{"index":"index","follow":"follow","max-snippet":"max-snippet:-1","max-image-preview":"max-image-preview:large","max-video-preview":"max-video-preview:-1"},"canonical":"https:\/\/www.visit-ulcinj.com\/blog\/2010\/11\/11\/ulqini-ne-veprat-e-akademikut-resuli\/","og_locale":"en_US","og_type":"article","og_title":"Ulqini n\u00eb veprat e akademikut Resuli - Lajme nga Ulqini","og_description":"Ulqinaku me tradita t\u00eb shk\u00eblqyera familjare, historike, kulturore dhe politiko-shoq\u00ebrore, akademiku prof. dr. Kapllan Resulbegoviq-Buroviq, i mir\u00ebnjohur","og_url":"https:\/\/www.visit-ulcinj.com\/blog\/2010\/11\/11\/ulqini-ne-veprat-e-akademikut-resuli\/","og_site_name":"Lajme nga Ulqini","article_published_time":"2010-11-11T15:26:12+00:00","og_image":[{"url":"http:\/\/www.visit-ulcinj.com\/blog\/wp-content\/uploads\/2010\/11\/Prof.Dr_.-KAPLLAN-RESULIakademik.jpg"}],"twitter_misc":{"Written by":"ulqini","Est. reading time":"14 minutes"},"schema":{"@context":"https:\/\/schema.org","@graph":[{"@type":"WebSite","@id":"https:\/\/www.visit-ulcinj.com\/blog\/#website","url":"https:\/\/www.visit-ulcinj.com\/blog\/","name":"Lajme nga Ulqini","description":"Lajme,Vijesti,Ulqini,Ulqin,Crna Gora,Mali i Zi","potentialAction":[{"@type":"SearchAction","target":{"@type":"EntryPoint","urlTemplate":"https:\/\/www.visit-ulcinj.com\/blog\/?s={search_term_string}"},"query-input":"required name=search_term_string"}],"inLanguage":"en-US"},{"@type":"ImageObject","inLanguage":"en-US","@id":"https:\/\/www.visit-ulcinj.com\/blog\/2010\/11\/11\/ulqini-ne-veprat-e-akademikut-resuli\/#primaryimage","url":"http:\/\/www.visit-ulcinj.com\/blog\/wp-content\/uploads\/2010\/11\/Prof.Dr_.-KAPLLAN-RESULIakademik.jpg","contentUrl":"http:\/\/www.visit-ulcinj.com\/blog\/wp-content\/uploads\/2010\/11\/Prof.Dr_.-KAPLLAN-RESULIakademik.jpg"},{"@type":"WebPage","@id":"https:\/\/www.visit-ulcinj.com\/blog\/2010\/11\/11\/ulqini-ne-veprat-e-akademikut-resuli\/#webpage","url":"https:\/\/www.visit-ulcinj.com\/blog\/2010\/11\/11\/ulqini-ne-veprat-e-akademikut-resuli\/","name":"Ulqini n\u00eb veprat e akademikut Resuli - Lajme nga Ulqini","isPartOf":{"@id":"https:\/\/www.visit-ulcinj.com\/blog\/#website"},"primaryImageOfPage":{"@id":"https:\/\/www.visit-ulcinj.com\/blog\/2010\/11\/11\/ulqini-ne-veprat-e-akademikut-resuli\/#primaryimage"},"datePublished":"2010-11-11T15:26:12+00:00","dateModified":"2010-11-11T15:26:12+00:00","author":{"@id":"https:\/\/www.visit-ulcinj.com\/blog\/#\/schema\/person\/dcab619c614d3038751c63bc2aadc06d"},"description":"Ulqinaku me tradita t\u00eb shk\u00eblqyera familjare, historike, kulturore dhe politiko-shoq\u00ebrore, akademiku prof. dr. Kapllan Resulbegoviq-Buroviq, i mir\u00ebnjohur","breadcrumb":{"@id":"https:\/\/www.visit-ulcinj.com\/blog\/2010\/11\/11\/ulqini-ne-veprat-e-akademikut-resuli\/#breadcrumb"},"inLanguage":"en-US","potentialAction":[{"@type":"ReadAction","target":["https:\/\/www.visit-ulcinj.com\/blog\/2010\/11\/11\/ulqini-ne-veprat-e-akademikut-resuli\/"]}]},{"@type":"BreadcrumbList","@id":"https:\/\/www.visit-ulcinj.com\/blog\/2010\/11\/11\/ulqini-ne-veprat-e-akademikut-resuli\/#breadcrumb","itemListElement":[{"@type":"ListItem","position":1,"name":"Ulqini n\u00eb veprat e akademikut Resuli"}]},{"@type":"Person","@id":"https:\/\/www.visit-ulcinj.com\/blog\/#\/schema\/person\/dcab619c614d3038751c63bc2aadc06d","name":"ulqini","sameAs":["http:\/\/www.visit-ulcinj.com"],"url":"https:\/\/www.visit-ulcinj.com\/blog\/author\/admin\/"}]}},"jetpack_featured_media_url":"","jetpack_sharing_enabled":true,"jetpack_shortlink":"https:\/\/wp.me\/pe6lTn-ahR","_links":{"self":[{"href":"https:\/\/www.visit-ulcinj.com\/blog\/wp-json\/wp\/v2\/posts\/39547"}],"collection":[{"href":"https:\/\/www.visit-ulcinj.com\/blog\/wp-json\/wp\/v2\/posts"}],"about":[{"href":"https:\/\/www.visit-ulcinj.com\/blog\/wp-json\/wp\/v2\/types\/post"}],"author":[{"embeddable":true,"href":"https:\/\/www.visit-ulcinj.com\/blog\/wp-json\/wp\/v2\/users\/1"}],"replies":[{"embeddable":true,"href":"https:\/\/www.visit-ulcinj.com\/blog\/wp-json\/wp\/v2\/comments?post=39547"}],"version-history":[{"count":0,"href":"https:\/\/www.visit-ulcinj.com\/blog\/wp-json\/wp\/v2\/posts\/39547\/revisions"}],"wp:attachment":[{"href":"https:\/\/www.visit-ulcinj.com\/blog\/wp-json\/wp\/v2\/media?parent=39547"}],"wp:term":[{"taxonomy":"category","embeddable":true,"href":"https:\/\/www.visit-ulcinj.com\/blog\/wp-json\/wp\/v2\/categories?post=39547"},{"taxonomy":"post_tag","embeddable":true,"href":"https:\/\/www.visit-ulcinj.com\/blog\/wp-json\/wp\/v2\/tags?post=39547"}],"curies":[{"name":"wp","href":"https:\/\/api.w.org\/{rel}","templated":true}]}}