{"id":3956,"date":"2008-10-06T09:28:27","date_gmt":"2008-10-06T14:28:27","guid":{"rendered":"http:\/\/www.visit-ulcinj.com\/blog\/?p=3956"},"modified":"2008-10-17T13:32:07","modified_gmt":"2008-10-17T18:32:07","slug":"sinistaj-trazi-priznanje-kosova","status":"publish","type":"post","link":"https:\/\/www.visit-ulcinj.com\/blog\/2008\/10\/06\/sinistaj-trazi-priznanje-kosova\/","title":{"rendered":"Sini\u0161taj tra\u017ei priznanje Kosova"},"content":{"rendered":"<p><a href=\"http:\/\/www.visit-ulcinj.com\/blog\/wp-content\/uploads\/2008\/09\/vasel-sinishtaj.jpg\"><img loading=\"lazy\" class=\"alignleft size-medium wp-image-3158\" title=\"Vaselj Sini\u0161taj\" src=\"http:\/\/www.visit-ulcinj.com\/blog\/wp-content\/uploads\/2008\/09\/vasel-sinishtaj-300x237.jpg\" alt=\"\" width=\"300\" height=\"237\" srcset=\"https:\/\/www.visit-ulcinj.com\/blog\/wp-content\/uploads\/2008\/09\/vasel-sinishtaj-300x237.jpg 300w, https:\/\/www.visit-ulcinj.com\/blog\/wp-content\/uploads\/2008\/09\/vasel-sinishtaj.jpg 610w\" sizes=\"(max-width: 300px) 100vw, 300px\" \/><\/a><strong>Poslanik Albanske Alternative ulo\u017eio amandman na rezoluciju DPS-a<\/strong><br \/>\nPoslanik Albanske alternative Vaselj Sini\u0161taj podnio je amandman na rezoluciju o ubrzanju evropskih i evroatlanskih integracija ?iji su predlaga?i poslanici DPS-a i SDP-a kojim tra\u017ei da Skup\u0161tina predlo\u017ei Vladi da \u0161to prije prizna nezavisnost Kosova.Osvr?u?i se na rezoluciju, albanski poslanik je istakao da se u tom tekstu Kosovo skoro i ne pominje, kao da ni\u0161ta u tom tekstu nije re?eno, jasno i razumljivo kada su u pitanju politi?ke pozicije zvani?ne Crne Gore.<br \/>\n&#8211; Taj dokument je nejasan i \u0161to se mene ti?e, predstavlja dobro jutro na sve ?etiri strane &#8211; izjavio je Sini\u0161taj.<br \/>\nKomentari\u0161u?i Sini\u0161tajev amandman i ocjene rezolucije, poslanik DPS-a Dragan Kujovi? je izjavio da &#8220;pominjanje Kosova u rezoluciji nije nikakvo dobro jutro na ?etiri strane, kako podnosilac amandmana misli&#8221;.<br \/>\n&#8211; Nego je to u kontekstu crnogorskog puta ka evropskim integracijama. Prema tome, niti se radi o nekoj politi?koj prevari niti o nekom politi?kom egzibicionizmu, ve? jednostavno o sagledavanju cjelokupnog stanja stvari, konteksta koji Crnoj Gori obezbje?uje najkvalitetniji put prema Evropskoj Uniji &#8211; kazao je Kujovi? za Antenu M.<br \/>\nOn je podsjetio da, prema crnogorskom Ustavu, o priznavanju ili nepriznavanju nezavisnosti neke dr\u017eave odlu?uje Vlada, a ne Skup\u0161tina. Poslanik DPS-a tvrdi da parlament i Vlada i sve institucije u Crnoj Gori normalno da misle tako \u0161to ?e po?i od interesa Crne Gore i njenih gra?ana .<br \/>\n&#8211; Crna Gora mora da ugodi prvo sebi, pa onda da ne pravi nikome \u0161tetu ukoliko je to mogu?e i da nastavi da se bavi prije svega svojim interesima, da ugodi prvo sebi, svojim gra?anima i svojoj dr\u017eavi. Ne mogu da razumijem stavove onih koji ka\u017eu &#8220;mi ?emo na \u0161tetu Crne Gore uraditi to i to&#8221;. To je potpuno abnormalno, potpuno iskrivljena svijest koju, na \u017ealost, pla?a Balkan evo dugo vremena &#8211; ocijenio je Kujovi?.<br \/>\n<strong>M.V.<br \/>\nIzvan \/ Dan<\/strong><\/p>\n","protected":false},"excerpt":{"rendered":"<p>Poslanik Albanske Alternative ulo\u017eio amandman na rezoluciju DPS-a Poslanik Albanske alternative Vaselj Sini\u0161taj podnio je amandman na rezoluciju o ubrzanju evropskih i evroatlanskih integracija ?iji su predlaga?i poslanici DPS-a i SDP-a kojim tra\u017ei da Skup\u0161tina predlo\u017ei Vladi da \u0161to prije prizna nezavisnost Kosova.Osvr?u?i se na rezoluciju, albanski poslanik je istakao da se u tom tekstu [&hellip;]<\/p>\n","protected":false},"author":1,"featured_media":0,"comment_status":"open","ping_status":"closed","sticky":false,"template":"","format":"standard","meta":{"spay_email":"","jetpack_publicize_message":"","jetpack_is_tweetstorm":false,"jetpack_publicize_feature_enabled":true},"categories":[6,12],"tags":[20,4512],"jetpack_publicize_connections":[],"yoast_head":"<!-- This site is optimized with the Yoast SEO plugin v19.1 - https:\/\/yoast.com\/wordpress\/plugins\/seo\/ -->\n<title>Sini\u0161taj tra\u017ei priznanje Kosova - Lajme nga Ulqini<\/title>\n<meta name=\"description\" content=\"Poslanik Albanske Alternative ulo\u017eio amandman na rezoluciju DPS-a Poslanik Albanske alternative Vaselj Sini\u0161taj podnio je amandman na rezoluciju o\" \/>\n<meta name=\"robots\" content=\"index, follow, max-snippet:-1, max-image-preview:large, max-video-preview:-1\" \/>\n<link rel=\"canonical\" href=\"https:\/\/www.visit-ulcinj.com\/blog\/2008\/10\/06\/sinistaj-trazi-priznanje-kosova\/\" \/>\n<meta property=\"og:locale\" content=\"en_US\" \/>\n<meta property=\"og:type\" content=\"article\" \/>\n<meta property=\"og:title\" content=\"Sini\u0161taj tra\u017ei priznanje Kosova - Lajme nga Ulqini\" \/>\n<meta property=\"og:description\" content=\"Poslanik Albanske Alternative ulo\u017eio amandman na rezoluciju DPS-a Poslanik Albanske alternative Vaselj Sini\u0161taj podnio je amandman na rezoluciju o\" \/>\n<meta property=\"og:url\" content=\"https:\/\/www.visit-ulcinj.com\/blog\/2008\/10\/06\/sinistaj-trazi-priznanje-kosova\/\" \/>\n<meta property=\"og:site_name\" content=\"Lajme nga Ulqini\" \/>\n<meta property=\"article:published_time\" content=\"2008-10-06T14:28:27+00:00\" \/>\n<meta property=\"article:modified_time\" content=\"2008-10-17T18:32:07+00:00\" \/>\n<meta property=\"og:image\" content=\"http:\/\/www.visit-ulcinj.com\/blog\/wp-content\/uploads\/2008\/09\/vasel-sinishtaj-300x237.jpg\" \/>\n<meta name=\"twitter:label1\" content=\"Written by\" \/>\n\t<meta name=\"twitter:data1\" content=\"ulqini\" \/>\n\t<meta name=\"twitter:label2\" content=\"Est. reading time\" \/>\n\t<meta name=\"twitter:data2\" content=\"2 minutes\" \/>\n<script type=\"application\/ld+json\" class=\"yoast-schema-graph\">{\"@context\":\"https:\/\/schema.org\",\"@graph\":[{\"@type\":\"WebSite\",\"@id\":\"https:\/\/www.visit-ulcinj.com\/blog\/#website\",\"url\":\"https:\/\/www.visit-ulcinj.com\/blog\/\",\"name\":\"Lajme nga Ulqini\",\"description\":\"Lajme,Vijesti,Ulqini,Ulqin,Crna Gora,Mali i Zi\",\"potentialAction\":[{\"@type\":\"SearchAction\",\"target\":{\"@type\":\"EntryPoint\",\"urlTemplate\":\"https:\/\/www.visit-ulcinj.com\/blog\/?s={search_term_string}\"},\"query-input\":\"required name=search_term_string\"}],\"inLanguage\":\"en-US\"},{\"@type\":\"ImageObject\",\"inLanguage\":\"en-US\",\"@id\":\"https:\/\/www.visit-ulcinj.com\/blog\/2008\/10\/06\/sinistaj-trazi-priznanje-kosova\/#primaryimage\",\"url\":\"http:\/\/www.visit-ulcinj.com\/blog\/wp-content\/uploads\/2008\/09\/vasel-sinishtaj-300x237.jpg\",\"contentUrl\":\"http:\/\/www.visit-ulcinj.com\/blog\/wp-content\/uploads\/2008\/09\/vasel-sinishtaj-300x237.jpg\"},{\"@type\":\"WebPage\",\"@id\":\"https:\/\/www.visit-ulcinj.com\/blog\/2008\/10\/06\/sinistaj-trazi-priznanje-kosova\/#webpage\",\"url\":\"https:\/\/www.visit-ulcinj.com\/blog\/2008\/10\/06\/sinistaj-trazi-priznanje-kosova\/\",\"name\":\"Sini\u0161taj tra\u017ei priznanje Kosova - Lajme nga Ulqini\",\"isPartOf\":{\"@id\":\"https:\/\/www.visit-ulcinj.com\/blog\/#website\"},\"primaryImageOfPage\":{\"@id\":\"https:\/\/www.visit-ulcinj.com\/blog\/2008\/10\/06\/sinistaj-trazi-priznanje-kosova\/#primaryimage\"},\"datePublished\":\"2008-10-06T14:28:27+00:00\",\"dateModified\":\"2008-10-17T18:32:07+00:00\",\"author\":{\"@id\":\"https:\/\/www.visit-ulcinj.com\/blog\/#\/schema\/person\/dcab619c614d3038751c63bc2aadc06d\"},\"description\":\"Poslanik Albanske Alternative ulo\u017eio amandman na rezoluciju DPS-a Poslanik Albanske alternative Vaselj Sini\u0161taj podnio je amandman na rezoluciju o\",\"breadcrumb\":{\"@id\":\"https:\/\/www.visit-ulcinj.com\/blog\/2008\/10\/06\/sinistaj-trazi-priznanje-kosova\/#breadcrumb\"},\"inLanguage\":\"en-US\",\"potentialAction\":[{\"@type\":\"ReadAction\",\"target\":[\"https:\/\/www.visit-ulcinj.com\/blog\/2008\/10\/06\/sinistaj-trazi-priznanje-kosova\/\"]}]},{\"@type\":\"BreadcrumbList\",\"@id\":\"https:\/\/www.visit-ulcinj.com\/blog\/2008\/10\/06\/sinistaj-trazi-priznanje-kosova\/#breadcrumb\",\"itemListElement\":[{\"@type\":\"ListItem\",\"position\":1,\"name\":\"Sini\u0161taj tra\u017ei priznanje Kosova\"}]},{\"@type\":\"Person\",\"@id\":\"https:\/\/www.visit-ulcinj.com\/blog\/#\/schema\/person\/dcab619c614d3038751c63bc2aadc06d\",\"name\":\"ulqini\",\"sameAs\":[\"http:\/\/www.visit-ulcinj.com\"],\"url\":\"https:\/\/www.visit-ulcinj.com\/blog\/author\/admin\/\"}]}<\/script>\n<!-- \/ Yoast SEO plugin. -->","yoast_head_json":{"title":"Sini\u0161taj tra\u017ei priznanje Kosova - Lajme nga Ulqini","description":"Poslanik Albanske Alternative ulo\u017eio amandman na rezoluciju DPS-a Poslanik Albanske alternative Vaselj Sini\u0161taj podnio je amandman na rezoluciju o","robots":{"index":"index","follow":"follow","max-snippet":"max-snippet:-1","max-image-preview":"max-image-preview:large","max-video-preview":"max-video-preview:-1"},"canonical":"https:\/\/www.visit-ulcinj.com\/blog\/2008\/10\/06\/sinistaj-trazi-priznanje-kosova\/","og_locale":"en_US","og_type":"article","og_title":"Sini\u0161taj tra\u017ei priznanje Kosova - Lajme nga Ulqini","og_description":"Poslanik Albanske Alternative ulo\u017eio amandman na rezoluciju DPS-a Poslanik Albanske alternative Vaselj Sini\u0161taj podnio je amandman na rezoluciju o","og_url":"https:\/\/www.visit-ulcinj.com\/blog\/2008\/10\/06\/sinistaj-trazi-priznanje-kosova\/","og_site_name":"Lajme nga Ulqini","article_published_time":"2008-10-06T14:28:27+00:00","article_modified_time":"2008-10-17T18:32:07+00:00","og_image":[{"url":"http:\/\/www.visit-ulcinj.com\/blog\/wp-content\/uploads\/2008\/09\/vasel-sinishtaj-300x237.jpg"}],"twitter_misc":{"Written by":"ulqini","Est. reading time":"2 minutes"},"schema":{"@context":"https:\/\/schema.org","@graph":[{"@type":"WebSite","@id":"https:\/\/www.visit-ulcinj.com\/blog\/#website","url":"https:\/\/www.visit-ulcinj.com\/blog\/","name":"Lajme nga Ulqini","description":"Lajme,Vijesti,Ulqini,Ulqin,Crna Gora,Mali i Zi","potentialAction":[{"@type":"SearchAction","target":{"@type":"EntryPoint","urlTemplate":"https:\/\/www.visit-ulcinj.com\/blog\/?s={search_term_string}"},"query-input":"required name=search_term_string"}],"inLanguage":"en-US"},{"@type":"ImageObject","inLanguage":"en-US","@id":"https:\/\/www.visit-ulcinj.com\/blog\/2008\/10\/06\/sinistaj-trazi-priznanje-kosova\/#primaryimage","url":"http:\/\/www.visit-ulcinj.com\/blog\/wp-content\/uploads\/2008\/09\/vasel-sinishtaj-300x237.jpg","contentUrl":"http:\/\/www.visit-ulcinj.com\/blog\/wp-content\/uploads\/2008\/09\/vasel-sinishtaj-300x237.jpg"},{"@type":"WebPage","@id":"https:\/\/www.visit-ulcinj.com\/blog\/2008\/10\/06\/sinistaj-trazi-priznanje-kosova\/#webpage","url":"https:\/\/www.visit-ulcinj.com\/blog\/2008\/10\/06\/sinistaj-trazi-priznanje-kosova\/","name":"Sini\u0161taj tra\u017ei priznanje Kosova - Lajme nga Ulqini","isPartOf":{"@id":"https:\/\/www.visit-ulcinj.com\/blog\/#website"},"primaryImageOfPage":{"@id":"https:\/\/www.visit-ulcinj.com\/blog\/2008\/10\/06\/sinistaj-trazi-priznanje-kosova\/#primaryimage"},"datePublished":"2008-10-06T14:28:27+00:00","dateModified":"2008-10-17T18:32:07+00:00","author":{"@id":"https:\/\/www.visit-ulcinj.com\/blog\/#\/schema\/person\/dcab619c614d3038751c63bc2aadc06d"},"description":"Poslanik Albanske Alternative ulo\u017eio amandman na rezoluciju DPS-a Poslanik Albanske alternative Vaselj Sini\u0161taj podnio je amandman na rezoluciju o","breadcrumb":{"@id":"https:\/\/www.visit-ulcinj.com\/blog\/2008\/10\/06\/sinistaj-trazi-priznanje-kosova\/#breadcrumb"},"inLanguage":"en-US","potentialAction":[{"@type":"ReadAction","target":["https:\/\/www.visit-ulcinj.com\/blog\/2008\/10\/06\/sinistaj-trazi-priznanje-kosova\/"]}]},{"@type":"BreadcrumbList","@id":"https:\/\/www.visit-ulcinj.com\/blog\/2008\/10\/06\/sinistaj-trazi-priznanje-kosova\/#breadcrumb","itemListElement":[{"@type":"ListItem","position":1,"name":"Sini\u0161taj tra\u017ei priznanje Kosova"}]},{"@type":"Person","@id":"https:\/\/www.visit-ulcinj.com\/blog\/#\/schema\/person\/dcab619c614d3038751c63bc2aadc06d","name":"ulqini","sameAs":["http:\/\/www.visit-ulcinj.com"],"url":"https:\/\/www.visit-ulcinj.com\/blog\/author\/admin\/"}]}},"jetpack_featured_media_url":"","jetpack_sharing_enabled":true,"jetpack_shortlink":"https:\/\/wp.me\/pe6lTn-11O","_links":{"self":[{"href":"https:\/\/www.visit-ulcinj.com\/blog\/wp-json\/wp\/v2\/posts\/3956"}],"collection":[{"href":"https:\/\/www.visit-ulcinj.com\/blog\/wp-json\/wp\/v2\/posts"}],"about":[{"href":"https:\/\/www.visit-ulcinj.com\/blog\/wp-json\/wp\/v2\/types\/post"}],"author":[{"embeddable":true,"href":"https:\/\/www.visit-ulcinj.com\/blog\/wp-json\/wp\/v2\/users\/1"}],"replies":[{"embeddable":true,"href":"https:\/\/www.visit-ulcinj.com\/blog\/wp-json\/wp\/v2\/comments?post=3956"}],"version-history":[{"count":0,"href":"https:\/\/www.visit-ulcinj.com\/blog\/wp-json\/wp\/v2\/posts\/3956\/revisions"}],"wp:attachment":[{"href":"https:\/\/www.visit-ulcinj.com\/blog\/wp-json\/wp\/v2\/media?parent=3956"}],"wp:term":[{"taxonomy":"category","embeddable":true,"href":"https:\/\/www.visit-ulcinj.com\/blog\/wp-json\/wp\/v2\/categories?post=3956"},{"taxonomy":"post_tag","embeddable":true,"href":"https:\/\/www.visit-ulcinj.com\/blog\/wp-json\/wp\/v2\/tags?post=3956"}],"curies":[{"name":"wp","href":"https:\/\/api.w.org\/{rel}","templated":true}]}}