{"id":39562,"date":"2010-11-12T09:19:17","date_gmt":"2010-11-12T08:19:17","guid":{"rendered":"http:\/\/www.visit-ulcinj.com\/blog\/?p=39562"},"modified":"2010-11-15T13:39:08","modified_gmt":"2010-11-15T12:39:08","slug":"dhuna-ne-familje-shenon-rritje-ne-te-gjitha-institucionet-relevante","status":"publish","type":"post","link":"https:\/\/www.visit-ulcinj.com\/blog\/2010\/11\/12\/dhuna-ne-familje-shenon-rritje-ne-te-gjitha-institucionet-relevante\/","title":{"rendered":"Dhuna n\u00eb familje sh\u00ebnon rritje n\u00eb t\u00eb gjitha institucionet relevante &#8211; Video"},"content":{"rendered":"<p><strong><a href=\"http:\/\/www.visit-ulcinj.com\/blog\/wp-content\/uploads\/2010\/11\/Hatixhe-Nelaj_ulqin.jpg\"><img loading=\"lazy\" class=\"alignleft size-medium wp-image-39563\" title=\"Hatixhe Nelaj_ulqin\" src=\"http:\/\/www.visit-ulcinj.com\/blog\/wp-content\/uploads\/2010\/11\/Hatixhe-Nelaj_ulqin-224x300.jpg\" alt=\"\" width=\"300\" height=\"520\" \/><\/a>Ulqin,11.10.2010<\/strong><\/p>\n<p>N\u00eb Komun\u00ebn e Ulqinit \u00ebsht\u00eb e pranishme dhuna n\u00eb familje dhe kjo dukuri shqet\u00ebsuesee cila nga drejt\u00ebsia konsiderohet\u00a0\u00a0vep\u00ebr penale,\u00a0\u00a0vazhdon t\u00eb jet\u00eb mister dhe\u00a0\u00a0tem\u00eb tabu, u tha n\u00eb konferenc\u00ebn e sotme p\u00ebr shtyp, organizuar nga SOS\u00a0Telefoni p\u00ebr femra dhe f\u00ebmij\u00eb viktim\u00eb t\u00eb dhun\u00ebs\u00a0\u00a0n\u00eb Ulqin. Zbutja e k\u00ebtij fenomeni negativ t\u00eb shoq\u00ebris\u00eb son\u00eb mendohet t\u00eb arrihet\u00a0\u00a0n\u00ebp\u00ebrmjet realizimit t\u00eb projektit nj\u00ebvje\u00e7ar \u201c\u00a0\u00a0P\u00ebrkrahja e viktimave t\u00eb dhun\u00ebs dhe p\u00ebrmir\u00ebsimi i gjendjes s\u00eb tyre\u201d, i cili financohet nga Fondacioni p\u00ebr Shoq\u00ebri t\u00eb Hapur \u201c Fakt\u201d.<\/p>\n<p>Koordinatorja\u00a0\u00a0e projektit\u00a0\u00a0n\u00eb fjal\u00eb\u00a0\u00a0Hatixhe Nelaj n\u00eb takimin e sot\u00ebm me gazetar\u00eb\u00a0\u00a0konfirmoi se\u00a0\u00a0\u00a0dhuna n\u00eb familje \u00ebsht\u00eb e pranishme edhe n\u00eb komun\u00ebn e Ulqinit dhe shtoi se kjo dukuri shqet\u00ebsuese e shoq\u00ebris\u00eb son\u00eb cila nga drejt\u00ebsia\u00a0\u00a0vler\u00ebsohet\u00a0\u00a0vep\u00ebr penale,\u00a0\u00a0vazhdon t\u00eb jet\u00eb mister dhe tem\u00eb tabu , p\u00ebr shkak t\u00eb ,\u00a0\u00a0si\u00e7 n\u00ebnvizoi ajo,\u00a0\u00a0frik\u00ebs q\u00eb kan\u00eb grat\u00eb\u00a0\u00a0\u00a0se do t\u00eb akuzohen nga rrethi ose do t\u00eb keqkuptohen apo injorohen nga m\u00eb t\u00eb af\u00ebrmit e tyre.<\/p>\n<p>Nelaj pohoi se\u00a0\u00a0\u00a0nga thirrjet\u00a0\u00a0dhe kontaktet e dretp\u00ebrdrejta q\u00eb kan\u00eb patur sivjet me grat\u00eb viktima t\u00eb dhun\u00ebs\u00a0\u00a045 p\u00ebr qind e tyre kan\u00eb th\u00ebn\u00eb se\u00a0\u00a0ndaj tyre \u00ebsht\u00eb ushtruar dhun\u00eb fizike, 15 p\u00ebr qind jan\u00eb ankuar se jan\u00eb abuzuar n\u00eb vende t\u00eb pun\u00ebs, 12 p\u00ebr qind\u00a0\u00a0\u00a0se i kan\u00eb keqtrajtuar seksualisht , kusre 10 p\u00ebr qind se kan\u00eb p\u00ebrjetuar dhun\u00eb ekonomike. Sipas\u00a0\u00a0zonj\u00ebs Nelaj\u00a0\u00a0\u00a0shum\u00eb pak femra\u00a0\u00a0viktim\u00eb e dhun\u00ebs n\u00eb familje i\u00a0denoncojn\u00eb rastet n\u00eb polici. Ajo , u shpreh e bindur,\u00a0\u00a0\u00a0se me pun\u00ebn e p\u00ebrbashk\u00ebt t\u00eb tyre dhe angazhimin e insitucioneve p\u00ebrkat\u00ebse shtet\u00ebrore do\u00a0\u00a0t\u00eb arrijn\u00eb t\u00eb zvog\u00eblojn\u00eb dhun\u00ebn n\u00eb familje n\u00eb zonat malore dhe\u00a0\u00a0t\u00eb qytetit.<\/p>\n<p>P\u00ebr t&#8217; ia arritur k\u00ebtij synimi\u00a0\u00a0\u00a0ekipin projketues t\u00eb projektit\u00a0\u00a0t\u00eb p\u00ebrmendur\u00a0\u00a0prej 7 an\u00ebtar\u00ebsh\u00a0\u00a0do ta ndihmojn\u00eb\u00a0\u00a0Gjykata Themelore e Ulqinit, Zyra e Siguris\u00eb, Komuna, Sht\u00ebpia e Sh\u00ebndetit dhe Qendra p\u00ebr Pun\u00eb Sociale me t\u00eb cilat kan\u00eb n\u00ebnshkruar nj\u00eb\u00a0\u00a0memorandum bashk\u00ebpunimi, theksoi Nelaj dhe shtoi se realizimin\u00a0\u00a0e projektit e mund\u00ebson\u00a0\u00a0Fondacioni p\u00ebr Shoq\u00ebri t\u00eb Hapur \u201c Fakt.<\/p>\n<p><strong>Hatixhe Nelaj gazetare n\u00eb TV Teuta<\/strong><br \/>\n<!--YouTube Error: bad URL entered--><\/p>\n","protected":false},"excerpt":{"rendered":"<p>Ulqin,11.10.2010 N\u00eb Komun\u00ebn e Ulqinit \u00ebsht\u00eb e pranishme dhuna n\u00eb familje dhe kjo dukuri shqet\u00ebsuesee cila nga drejt\u00ebsia konsiderohet\u00a0\u00a0vep\u00ebr penale,\u00a0\u00a0vazhdon t\u00eb jet\u00eb mister dhe\u00a0\u00a0tem\u00eb tabu, u tha n\u00eb konferenc\u00ebn e sotme p\u00ebr shtyp, organizuar nga SOS\u00a0Telefoni p\u00ebr femra dhe f\u00ebmij\u00eb viktim\u00eb t\u00eb dhun\u00ebs\u00a0\u00a0n\u00eb Ulqin. Zbutja e k\u00ebtij fenomeni negativ t\u00eb shoq\u00ebris\u00eb son\u00eb mendohet t\u00eb arrihet\u00a0\u00a0n\u00ebp\u00ebrmjet [&hellip;]<\/p>\n","protected":false},"author":1,"featured_media":0,"comment_status":"open","ping_status":"closed","sticky":false,"template":"","format":"standard","meta":{"spay_email":"","jetpack_publicize_message":"","jetpack_is_tweetstorm":false,"jetpack_publicize_feature_enabled":true},"categories":[13],"tags":[16351,16349,16347,16350,16354,2041,8338,16353,16275,16352,5688,16348,2088,19,200,18],"jetpack_publicize_connections":[],"yoast_head":"<!-- This site is optimized with the Yoast SEO plugin v19.1 - https:\/\/yoast.com\/wordpress\/plugins\/seo\/ -->\n<title>Dhuna n\u00eb familje sh\u00ebnon rritje n\u00eb t\u00eb gjitha institucionet relevante - Video - Lajme nga Ulqini<\/title>\n<meta name=\"description\" content=\"Ulqin,11.10.2010 N\u00eb Komun\u00ebn e Ulqinit \u00ebsht\u00eb e pranishme dhuna n\u00eb familje dhe kjo dukuri shqet\u00ebsuesee cila nga drejt\u00ebsia konsiderohet\u00a0\u00a0vep\u00ebr\" \/>\n<meta name=\"robots\" content=\"index, follow, max-snippet:-1, max-image-preview:large, max-video-preview:-1\" \/>\n<link rel=\"canonical\" href=\"https:\/\/www.visit-ulcinj.com\/blog\/2010\/11\/12\/dhuna-ne-familje-shenon-rritje-ne-te-gjitha-institucionet-relevante\/\" \/>\n<meta property=\"og:locale\" content=\"en_US\" \/>\n<meta property=\"og:type\" content=\"article\" \/>\n<meta property=\"og:title\" content=\"Dhuna n\u00eb familje sh\u00ebnon rritje n\u00eb t\u00eb gjitha institucionet relevante - Video - Lajme nga Ulqini\" \/>\n<meta property=\"og:description\" content=\"Ulqin,11.10.2010 N\u00eb Komun\u00ebn e Ulqinit \u00ebsht\u00eb e pranishme dhuna n\u00eb familje dhe kjo dukuri shqet\u00ebsuesee cila nga drejt\u00ebsia konsiderohet\u00a0\u00a0vep\u00ebr\" \/>\n<meta property=\"og:url\" content=\"https:\/\/www.visit-ulcinj.com\/blog\/2010\/11\/12\/dhuna-ne-familje-shenon-rritje-ne-te-gjitha-institucionet-relevante\/\" \/>\n<meta property=\"og:site_name\" content=\"Lajme nga Ulqini\" \/>\n<meta property=\"article:published_time\" content=\"2010-11-12T08:19:17+00:00\" \/>\n<meta property=\"article:modified_time\" content=\"2010-11-15T12:39:08+00:00\" \/>\n<meta property=\"og:image\" content=\"http:\/\/www.visit-ulcinj.com\/blog\/wp-content\/uploads\/2010\/11\/Hatixhe-Nelaj_ulqin-224x300.jpg\" \/>\n<meta name=\"twitter:label1\" content=\"Written by\" \/>\n\t<meta name=\"twitter:data1\" content=\"ulqini\" \/>\n\t<meta name=\"twitter:label2\" content=\"Est. reading time\" \/>\n\t<meta name=\"twitter:data2\" content=\"2 minutes\" \/>\n<script type=\"application\/ld+json\" class=\"yoast-schema-graph\">{\"@context\":\"https:\/\/schema.org\",\"@graph\":[{\"@type\":\"WebSite\",\"@id\":\"https:\/\/www.visit-ulcinj.com\/blog\/#website\",\"url\":\"https:\/\/www.visit-ulcinj.com\/blog\/\",\"name\":\"Lajme nga Ulqini\",\"description\":\"Lajme,Vijesti,Ulqini,Ulqin,Crna Gora,Mali i Zi\",\"potentialAction\":[{\"@type\":\"SearchAction\",\"target\":{\"@type\":\"EntryPoint\",\"urlTemplate\":\"https:\/\/www.visit-ulcinj.com\/blog\/?s={search_term_string}\"},\"query-input\":\"required name=search_term_string\"}],\"inLanguage\":\"en-US\"},{\"@type\":\"ImageObject\",\"inLanguage\":\"en-US\",\"@id\":\"https:\/\/www.visit-ulcinj.com\/blog\/2010\/11\/12\/dhuna-ne-familje-shenon-rritje-ne-te-gjitha-institucionet-relevante\/#primaryimage\",\"url\":\"https:\/\/www.visit-ulcinj.com\/blog\/wp-content\/uploads\/2010\/11\/Hatixhe-Nelaj_ulqin.jpg\",\"contentUrl\":\"https:\/\/www.visit-ulcinj.com\/blog\/wp-content\/uploads\/2010\/11\/Hatixhe-Nelaj_ulqin.jpg\",\"width\":\"749\",\"height\":\"999\"},{\"@type\":\"WebPage\",\"@id\":\"https:\/\/www.visit-ulcinj.com\/blog\/2010\/11\/12\/dhuna-ne-familje-shenon-rritje-ne-te-gjitha-institucionet-relevante\/#webpage\",\"url\":\"https:\/\/www.visit-ulcinj.com\/blog\/2010\/11\/12\/dhuna-ne-familje-shenon-rritje-ne-te-gjitha-institucionet-relevante\/\",\"name\":\"Dhuna n\u00eb familje sh\u00ebnon rritje n\u00eb t\u00eb gjitha institucionet relevante - Video - Lajme nga Ulqini\",\"isPartOf\":{\"@id\":\"https:\/\/www.visit-ulcinj.com\/blog\/#website\"},\"primaryImageOfPage\":{\"@id\":\"https:\/\/www.visit-ulcinj.com\/blog\/2010\/11\/12\/dhuna-ne-familje-shenon-rritje-ne-te-gjitha-institucionet-relevante\/#primaryimage\"},\"datePublished\":\"2010-11-12T08:19:17+00:00\",\"dateModified\":\"2010-11-15T12:39:08+00:00\",\"author\":{\"@id\":\"https:\/\/www.visit-ulcinj.com\/blog\/#\/schema\/person\/dcab619c614d3038751c63bc2aadc06d\"},\"description\":\"Ulqin,11.10.2010 N\u00eb Komun\u00ebn e Ulqinit \u00ebsht\u00eb e pranishme dhuna n\u00eb familje dhe kjo dukuri shqet\u00ebsuesee cila nga drejt\u00ebsia konsiderohet\u00a0\u00a0vep\u00ebr\",\"breadcrumb\":{\"@id\":\"https:\/\/www.visit-ulcinj.com\/blog\/2010\/11\/12\/dhuna-ne-familje-shenon-rritje-ne-te-gjitha-institucionet-relevante\/#breadcrumb\"},\"inLanguage\":\"en-US\",\"potentialAction\":[{\"@type\":\"ReadAction\",\"target\":[\"https:\/\/www.visit-ulcinj.com\/blog\/2010\/11\/12\/dhuna-ne-familje-shenon-rritje-ne-te-gjitha-institucionet-relevante\/\"]}]},{\"@type\":\"BreadcrumbList\",\"@id\":\"https:\/\/www.visit-ulcinj.com\/blog\/2010\/11\/12\/dhuna-ne-familje-shenon-rritje-ne-te-gjitha-institucionet-relevante\/#breadcrumb\",\"itemListElement\":[{\"@type\":\"ListItem\",\"position\":1,\"name\":\"Dhuna n\u00eb familje sh\u00ebnon rritje n\u00eb t\u00eb gjitha institucionet relevante &#8211; Video\"}]},{\"@type\":\"Person\",\"@id\":\"https:\/\/www.visit-ulcinj.com\/blog\/#\/schema\/person\/dcab619c614d3038751c63bc2aadc06d\",\"name\":\"ulqini\",\"sameAs\":[\"http:\/\/www.visit-ulcinj.com\"],\"url\":\"https:\/\/www.visit-ulcinj.com\/blog\/author\/admin\/\"}]}<\/script>\n<!-- \/ Yoast SEO plugin. -->","yoast_head_json":{"title":"Dhuna n\u00eb familje sh\u00ebnon rritje n\u00eb t\u00eb gjitha institucionet relevante - Video - Lajme nga Ulqini","description":"Ulqin,11.10.2010 N\u00eb Komun\u00ebn e Ulqinit \u00ebsht\u00eb e pranishme dhuna n\u00eb familje dhe kjo dukuri shqet\u00ebsuesee cila nga drejt\u00ebsia konsiderohet\u00a0\u00a0vep\u00ebr","robots":{"index":"index","follow":"follow","max-snippet":"max-snippet:-1","max-image-preview":"max-image-preview:large","max-video-preview":"max-video-preview:-1"},"canonical":"https:\/\/www.visit-ulcinj.com\/blog\/2010\/11\/12\/dhuna-ne-familje-shenon-rritje-ne-te-gjitha-institucionet-relevante\/","og_locale":"en_US","og_type":"article","og_title":"Dhuna n\u00eb familje sh\u00ebnon rritje n\u00eb t\u00eb gjitha institucionet relevante - Video - Lajme nga Ulqini","og_description":"Ulqin,11.10.2010 N\u00eb Komun\u00ebn e Ulqinit \u00ebsht\u00eb e pranishme dhuna n\u00eb familje dhe kjo dukuri shqet\u00ebsuesee cila nga drejt\u00ebsia konsiderohet\u00a0\u00a0vep\u00ebr","og_url":"https:\/\/www.visit-ulcinj.com\/blog\/2010\/11\/12\/dhuna-ne-familje-shenon-rritje-ne-te-gjitha-institucionet-relevante\/","og_site_name":"Lajme nga Ulqini","article_published_time":"2010-11-12T08:19:17+00:00","article_modified_time":"2010-11-15T12:39:08+00:00","og_image":[{"url":"http:\/\/www.visit-ulcinj.com\/blog\/wp-content\/uploads\/2010\/11\/Hatixhe-Nelaj_ulqin-224x300.jpg"}],"twitter_misc":{"Written by":"ulqini","Est. reading time":"2 minutes"},"schema":{"@context":"https:\/\/schema.org","@graph":[{"@type":"WebSite","@id":"https:\/\/www.visit-ulcinj.com\/blog\/#website","url":"https:\/\/www.visit-ulcinj.com\/blog\/","name":"Lajme nga Ulqini","description":"Lajme,Vijesti,Ulqini,Ulqin,Crna Gora,Mali i Zi","potentialAction":[{"@type":"SearchAction","target":{"@type":"EntryPoint","urlTemplate":"https:\/\/www.visit-ulcinj.com\/blog\/?s={search_term_string}"},"query-input":"required name=search_term_string"}],"inLanguage":"en-US"},{"@type":"ImageObject","inLanguage":"en-US","@id":"https:\/\/www.visit-ulcinj.com\/blog\/2010\/11\/12\/dhuna-ne-familje-shenon-rritje-ne-te-gjitha-institucionet-relevante\/#primaryimage","url":"https:\/\/www.visit-ulcinj.com\/blog\/wp-content\/uploads\/2010\/11\/Hatixhe-Nelaj_ulqin.jpg","contentUrl":"https:\/\/www.visit-ulcinj.com\/blog\/wp-content\/uploads\/2010\/11\/Hatixhe-Nelaj_ulqin.jpg","width":"749","height":"999"},{"@type":"WebPage","@id":"https:\/\/www.visit-ulcinj.com\/blog\/2010\/11\/12\/dhuna-ne-familje-shenon-rritje-ne-te-gjitha-institucionet-relevante\/#webpage","url":"https:\/\/www.visit-ulcinj.com\/blog\/2010\/11\/12\/dhuna-ne-familje-shenon-rritje-ne-te-gjitha-institucionet-relevante\/","name":"Dhuna n\u00eb familje sh\u00ebnon rritje n\u00eb t\u00eb gjitha institucionet relevante - Video - Lajme nga Ulqini","isPartOf":{"@id":"https:\/\/www.visit-ulcinj.com\/blog\/#website"},"primaryImageOfPage":{"@id":"https:\/\/www.visit-ulcinj.com\/blog\/2010\/11\/12\/dhuna-ne-familje-shenon-rritje-ne-te-gjitha-institucionet-relevante\/#primaryimage"},"datePublished":"2010-11-12T08:19:17+00:00","dateModified":"2010-11-15T12:39:08+00:00","author":{"@id":"https:\/\/www.visit-ulcinj.com\/blog\/#\/schema\/person\/dcab619c614d3038751c63bc2aadc06d"},"description":"Ulqin,11.10.2010 N\u00eb Komun\u00ebn e Ulqinit \u00ebsht\u00eb e pranishme dhuna n\u00eb familje dhe kjo dukuri shqet\u00ebsuesee cila nga drejt\u00ebsia konsiderohet\u00a0\u00a0vep\u00ebr","breadcrumb":{"@id":"https:\/\/www.visit-ulcinj.com\/blog\/2010\/11\/12\/dhuna-ne-familje-shenon-rritje-ne-te-gjitha-institucionet-relevante\/#breadcrumb"},"inLanguage":"en-US","potentialAction":[{"@type":"ReadAction","target":["https:\/\/www.visit-ulcinj.com\/blog\/2010\/11\/12\/dhuna-ne-familje-shenon-rritje-ne-te-gjitha-institucionet-relevante\/"]}]},{"@type":"BreadcrumbList","@id":"https:\/\/www.visit-ulcinj.com\/blog\/2010\/11\/12\/dhuna-ne-familje-shenon-rritje-ne-te-gjitha-institucionet-relevante\/#breadcrumb","itemListElement":[{"@type":"ListItem","position":1,"name":"Dhuna n\u00eb familje sh\u00ebnon rritje n\u00eb t\u00eb gjitha institucionet relevante &#8211; Video"}]},{"@type":"Person","@id":"https:\/\/www.visit-ulcinj.com\/blog\/#\/schema\/person\/dcab619c614d3038751c63bc2aadc06d","name":"ulqini","sameAs":["http:\/\/www.visit-ulcinj.com"],"url":"https:\/\/www.visit-ulcinj.com\/blog\/author\/admin\/"}]}},"jetpack_featured_media_url":"","jetpack_sharing_enabled":true,"jetpack_shortlink":"https:\/\/wp.me\/pe6lTn-ai6","_links":{"self":[{"href":"https:\/\/www.visit-ulcinj.com\/blog\/wp-json\/wp\/v2\/posts\/39562"}],"collection":[{"href":"https:\/\/www.visit-ulcinj.com\/blog\/wp-json\/wp\/v2\/posts"}],"about":[{"href":"https:\/\/www.visit-ulcinj.com\/blog\/wp-json\/wp\/v2\/types\/post"}],"author":[{"embeddable":true,"href":"https:\/\/www.visit-ulcinj.com\/blog\/wp-json\/wp\/v2\/users\/1"}],"replies":[{"embeddable":true,"href":"https:\/\/www.visit-ulcinj.com\/blog\/wp-json\/wp\/v2\/comments?post=39562"}],"version-history":[{"count":0,"href":"https:\/\/www.visit-ulcinj.com\/blog\/wp-json\/wp\/v2\/posts\/39562\/revisions"}],"wp:attachment":[{"href":"https:\/\/www.visit-ulcinj.com\/blog\/wp-json\/wp\/v2\/media?parent=39562"}],"wp:term":[{"taxonomy":"category","embeddable":true,"href":"https:\/\/www.visit-ulcinj.com\/blog\/wp-json\/wp\/v2\/categories?post=39562"},{"taxonomy":"post_tag","embeddable":true,"href":"https:\/\/www.visit-ulcinj.com\/blog\/wp-json\/wp\/v2\/tags?post=39562"}],"curies":[{"name":"wp","href":"https:\/\/api.w.org\/{rel}","templated":true}]}}