{"id":39565,"date":"2010-11-12T16:59:53","date_gmt":"2010-11-12T15:59:53","guid":{"rendered":"http:\/\/www.visit-ulcinj.com\/blog\/?p=39565"},"modified":"2010-11-15T14:25:17","modified_gmt":"2010-11-15T13:25:17","slug":"shqiptaret-s%e2%80%99merren-vesh-ulqini-pa-pushtet","status":"publish","type":"post","link":"https:\/\/www.visit-ulcinj.com\/blog\/2010\/11\/12\/shqiptaret-s%e2%80%99merren-vesh-ulqini-pa-pushtet\/","title":{"rendered":"Shqiptar\u00ebt s\u2019merren vesh, Ulqini pa pushtet"},"content":{"rendered":"<p><a href=\"http:\/\/www.visit-ulcinj.com\/blog\/wp-content\/uploads\/2010\/11\/Ulqini-pa-pushtet.jpg\"><img loading=\"lazy\" class=\"alignleft size-full wp-image-39566\" title=\"Ulqini pa pushtet\" src=\"http:\/\/www.visit-ulcinj.com\/blog\/wp-content\/uploads\/2010\/11\/Ulqini-pa-pushtet.jpg\" alt=\"\" width=\"490\" height=\"380\" \/><\/a>\u00cbsht\u00eb pritur se pas 17 tetorit, kur u mbajt\u00ebn zgjedhjet e p\u00ebrs\u00ebritura vendore do t\u00eb nisin, pa pritur shum\u00eb, negociatat p\u00ebr t\u00eb formuar qeverisjen n\u00eb Ulqin, duke pasur parasysh d\u00ebshtimin e bisedimeve tremujore pas zgjedhjeve lokale t\u00eb 23 majit.<\/p>\n<p>Nga selia e Forc\u00ebs s\u00eb Re Demokratike, e cila ka siguruar 11 k\u00ebshilltar\u00eb, si dhe nga Koalicioni Unioni Demokratik i Shqiptar\u00ebve \u2013 Partia e Prosperitetit Demokratik \u201cS\u00eb bashku p\u00ebr t\u00eb ardhmen\u201d me 10 mandate, dhe Partia Demokratike e\u00a0 Socialist\u00ebve 7 k\u00ebshilltar\u00eb.<br \/>\nNuk kan\u00eb asnj\u00eb p\u00ebrgjigje n\u00eb pyetjen e KosovaLive se kur do t\u00eb nisin negociatat p\u00ebr t\u00eb krijuar garnitur\u00ebn q\u00eb do t\u00eb qeveris\u00eb me Ulqinin n\u00eb kat\u00ebr vitet e ardhshme.<\/p>\n<p>Jozyrtarisht KosovaLive m\u00ebson se kreu i Partis\u00eb Demokratike t\u00eb Socialist\u00ebve (PDS) , Luigj Shkreli ndodhet n\u00eb nj\u00eb udh\u00ebtim jasht\u00eb vendit edhe ai pritet p\u00ebr t\u00eb filluar procesin e negociatave.<\/p>\n<p>Kryesia e PDS jav\u00ebn e kaluar n\u00eb Podgoric\u00eb ka autorizuar K\u00ebshillin komunal n\u00eb Ulqin q\u00eb t\u00eb b\u00ebj\u00eb negociata me partnerin e deritash\u00ebm, Unionin Demokratik t\u00eb Shqiptar\u00ebve (UDSH), por \u201cnuk do t\u00eb lihen anash as partit\u00eb tjera nacionale shqiptare\u201d.<\/p>\n<p>N\u00eb UDSH thon\u00eb se me PDS tashm\u00eb \u00ebsht\u00eb harmonizuar marr\u00ebveshja e koalicionit bashk\u00ebqeverises, nd\u00ebrkaq i pari i opozit\u00ebs s\u00eb Ulqinit, Forc\u00ebs s\u00eb Re Demokratike, Nazif Cungu thot\u00eb se \u201cedhe ndonj\u00eb dit\u00eb do t\u00eb kemi p\u00ebrgjigjen e qart\u00eb rreth negociatave me PDS.\u201d<\/p>\n<p>Njoh\u00ebsit e rrethanave politike n\u00eb Ulqin i quajn\u00eb paksa t\u00eb habitshme pritjet e UDSH dhe t\u00eb Forc\u00ebs p\u00ebr negociatat me PDS me 7 k\u00ebshilltar\u00eb, p\u00ebr t\u00eb krijuar shumic\u00ebn parlamentare, dhe nuk kan\u00eb guxim q\u00eb dy subjektet nacionale shqiptare t\u00eb sfidojn\u00eb p\u00ebr\u00e7arjet dhe armiq\u00ebsit\u00eb reciproke personale p\u00ebr t\u00eb themeluar qeverisjen lokale n\u00eb k\u00ebt\u00eb qytet me 25 mij\u00eb banor\u00eb, me shumic\u00eb absolute shqiptare.<\/p>\n<p><strong>Koha Net<\/strong><\/p>\n","protected":false},"excerpt":{"rendered":"<p>\u00cbsht\u00eb pritur se pas 17 tetorit, kur u mbajt\u00ebn zgjedhjet e p\u00ebrs\u00ebritura vendore do t\u00eb nisin, pa pritur shum\u00eb, negociatat p\u00ebr t\u00eb formuar qeverisjen n\u00eb Ulqin, duke pasur parasysh d\u00ebshtimin e bisedimeve tremujore pas zgjedhjeve lokale t\u00eb 23 majit. Nga selia e Forc\u00ebs s\u00eb Re Demokratike, e cila ka siguruar 11 k\u00ebshilltar\u00eb, si dhe nga [&hellip;]<\/p>\n","protected":false},"author":1,"featured_media":0,"comment_status":"open","ping_status":"closed","sticky":false,"template":"","format":"standard","meta":{"spay_email":"","jetpack_publicize_message":"","jetpack_is_tweetstorm":false,"jetpack_publicize_feature_enabled":true},"categories":[12],"tags":[16276,200,18],"jetpack_publicize_connections":[],"yoast_head":"<!-- This site is optimized with the Yoast SEO plugin v19.1 - https:\/\/yoast.com\/wordpress\/plugins\/seo\/ -->\n<title>Shqiptar\u00ebt s\u2019merren vesh, Ulqini pa pushtet - Lajme nga Ulqini<\/title>\n<meta name=\"description\" content=\"\u00cbsht\u00eb pritur se pas 17 tetorit, kur u mbajt\u00ebn zgjedhjet e p\u00ebrs\u00ebritura vendore do t\u00eb nisin, pa pritur shum\u00eb, negociatat p\u00ebr t\u00eb formuar qeverisjen n\u00eb Ulqin,\" \/>\n<meta name=\"robots\" content=\"index, follow, max-snippet:-1, max-image-preview:large, max-video-preview:-1\" \/>\n<link rel=\"canonical\" href=\"https:\/\/www.visit-ulcinj.com\/blog\/2010\/11\/12\/shqiptaret-s\u2019merren-vesh-ulqini-pa-pushtet\/\" \/>\n<meta property=\"og:locale\" content=\"en_US\" \/>\n<meta property=\"og:type\" content=\"article\" \/>\n<meta property=\"og:title\" content=\"Shqiptar\u00ebt s\u2019merren vesh, Ulqini pa pushtet - Lajme nga Ulqini\" \/>\n<meta property=\"og:description\" content=\"\u00cbsht\u00eb pritur se pas 17 tetorit, kur u mbajt\u00ebn zgjedhjet e p\u00ebrs\u00ebritura vendore do t\u00eb nisin, pa pritur shum\u00eb, negociatat p\u00ebr t\u00eb formuar qeverisjen n\u00eb Ulqin,\" \/>\n<meta property=\"og:url\" content=\"https:\/\/www.visit-ulcinj.com\/blog\/2010\/11\/12\/shqiptaret-s\u2019merren-vesh-ulqini-pa-pushtet\/\" \/>\n<meta property=\"og:site_name\" content=\"Lajme nga Ulqini\" \/>\n<meta property=\"article:published_time\" content=\"2010-11-12T15:59:53+00:00\" \/>\n<meta property=\"article:modified_time\" content=\"2010-11-15T13:25:17+00:00\" \/>\n<meta property=\"og:image\" content=\"http:\/\/www.visit-ulcinj.com\/blog\/wp-content\/uploads\/2010\/11\/Ulqini-pa-pushtet.jpg\" \/>\n<meta name=\"twitter:label1\" content=\"Written by\" \/>\n\t<meta name=\"twitter:data1\" content=\"ulqini\" \/>\n\t<meta name=\"twitter:label2\" content=\"Est. reading time\" \/>\n\t<meta name=\"twitter:data2\" content=\"2 minutes\" \/>\n<script type=\"application\/ld+json\" class=\"yoast-schema-graph\">{\"@context\":\"https:\/\/schema.org\",\"@graph\":[{\"@type\":\"WebSite\",\"@id\":\"https:\/\/www.visit-ulcinj.com\/blog\/#website\",\"url\":\"https:\/\/www.visit-ulcinj.com\/blog\/\",\"name\":\"Lajme nga Ulqini\",\"description\":\"Lajme,Vijesti,Ulqini,Ulqin,Crna Gora,Mali i Zi\",\"potentialAction\":[{\"@type\":\"SearchAction\",\"target\":{\"@type\":\"EntryPoint\",\"urlTemplate\":\"https:\/\/www.visit-ulcinj.com\/blog\/?s={search_term_string}\"},\"query-input\":\"required name=search_term_string\"}],\"inLanguage\":\"en-US\"},{\"@type\":\"ImageObject\",\"inLanguage\":\"en-US\",\"@id\":\"https:\/\/www.visit-ulcinj.com\/blog\/2010\/11\/12\/shqiptaret-s%e2%80%99merren-vesh-ulqini-pa-pushtet\/#primaryimage\",\"url\":\"https:\/\/www.visit-ulcinj.com\/blog\/wp-content\/uploads\/2010\/11\/Ulqini-pa-pushtet.jpg\",\"contentUrl\":\"https:\/\/www.visit-ulcinj.com\/blog\/wp-content\/uploads\/2010\/11\/Ulqini-pa-pushtet.jpg\",\"width\":\"604\",\"height\":\"425\"},{\"@type\":\"WebPage\",\"@id\":\"https:\/\/www.visit-ulcinj.com\/blog\/2010\/11\/12\/shqiptaret-s%e2%80%99merren-vesh-ulqini-pa-pushtet\/#webpage\",\"url\":\"https:\/\/www.visit-ulcinj.com\/blog\/2010\/11\/12\/shqiptaret-s%e2%80%99merren-vesh-ulqini-pa-pushtet\/\",\"name\":\"Shqiptar\u00ebt s\u2019merren vesh, Ulqini pa pushtet - Lajme nga Ulqini\",\"isPartOf\":{\"@id\":\"https:\/\/www.visit-ulcinj.com\/blog\/#website\"},\"primaryImageOfPage\":{\"@id\":\"https:\/\/www.visit-ulcinj.com\/blog\/2010\/11\/12\/shqiptaret-s%e2%80%99merren-vesh-ulqini-pa-pushtet\/#primaryimage\"},\"datePublished\":\"2010-11-12T15:59:53+00:00\",\"dateModified\":\"2010-11-15T13:25:17+00:00\",\"author\":{\"@id\":\"https:\/\/www.visit-ulcinj.com\/blog\/#\/schema\/person\/dcab619c614d3038751c63bc2aadc06d\"},\"description\":\"\u00cbsht\u00eb pritur se pas 17 tetorit, kur u mbajt\u00ebn zgjedhjet e p\u00ebrs\u00ebritura vendore do t\u00eb nisin, pa pritur shum\u00eb, negociatat p\u00ebr t\u00eb formuar qeverisjen n\u00eb Ulqin,\",\"breadcrumb\":{\"@id\":\"https:\/\/www.visit-ulcinj.com\/blog\/2010\/11\/12\/shqiptaret-s%e2%80%99merren-vesh-ulqini-pa-pushtet\/#breadcrumb\"},\"inLanguage\":\"en-US\",\"potentialAction\":[{\"@type\":\"ReadAction\",\"target\":[\"https:\/\/www.visit-ulcinj.com\/blog\/2010\/11\/12\/shqiptaret-s%e2%80%99merren-vesh-ulqini-pa-pushtet\/\"]}]},{\"@type\":\"BreadcrumbList\",\"@id\":\"https:\/\/www.visit-ulcinj.com\/blog\/2010\/11\/12\/shqiptaret-s%e2%80%99merren-vesh-ulqini-pa-pushtet\/#breadcrumb\",\"itemListElement\":[{\"@type\":\"ListItem\",\"position\":1,\"name\":\"Shqiptar\u00ebt s\u2019merren vesh, Ulqini pa pushtet\"}]},{\"@type\":\"Person\",\"@id\":\"https:\/\/www.visit-ulcinj.com\/blog\/#\/schema\/person\/dcab619c614d3038751c63bc2aadc06d\",\"name\":\"ulqini\",\"sameAs\":[\"http:\/\/www.visit-ulcinj.com\"],\"url\":\"https:\/\/www.visit-ulcinj.com\/blog\/author\/admin\/\"}]}<\/script>\n<!-- \/ Yoast SEO plugin. -->","yoast_head_json":{"title":"Shqiptar\u00ebt s\u2019merren vesh, Ulqini pa pushtet - Lajme nga Ulqini","description":"\u00cbsht\u00eb pritur se pas 17 tetorit, kur u mbajt\u00ebn zgjedhjet e p\u00ebrs\u00ebritura vendore do t\u00eb nisin, pa pritur shum\u00eb, negociatat p\u00ebr t\u00eb formuar qeverisjen n\u00eb Ulqin,","robots":{"index":"index","follow":"follow","max-snippet":"max-snippet:-1","max-image-preview":"max-image-preview:large","max-video-preview":"max-video-preview:-1"},"canonical":"https:\/\/www.visit-ulcinj.com\/blog\/2010\/11\/12\/shqiptaret-s\u2019merren-vesh-ulqini-pa-pushtet\/","og_locale":"en_US","og_type":"article","og_title":"Shqiptar\u00ebt s\u2019merren vesh, Ulqini pa pushtet - Lajme nga Ulqini","og_description":"\u00cbsht\u00eb pritur se pas 17 tetorit, kur u mbajt\u00ebn zgjedhjet e p\u00ebrs\u00ebritura vendore do t\u00eb nisin, pa pritur shum\u00eb, negociatat p\u00ebr t\u00eb formuar qeverisjen n\u00eb Ulqin,","og_url":"https:\/\/www.visit-ulcinj.com\/blog\/2010\/11\/12\/shqiptaret-s\u2019merren-vesh-ulqini-pa-pushtet\/","og_site_name":"Lajme nga Ulqini","article_published_time":"2010-11-12T15:59:53+00:00","article_modified_time":"2010-11-15T13:25:17+00:00","og_image":[{"url":"http:\/\/www.visit-ulcinj.com\/blog\/wp-content\/uploads\/2010\/11\/Ulqini-pa-pushtet.jpg"}],"twitter_misc":{"Written by":"ulqini","Est. reading time":"2 minutes"},"schema":{"@context":"https:\/\/schema.org","@graph":[{"@type":"WebSite","@id":"https:\/\/www.visit-ulcinj.com\/blog\/#website","url":"https:\/\/www.visit-ulcinj.com\/blog\/","name":"Lajme nga Ulqini","description":"Lajme,Vijesti,Ulqini,Ulqin,Crna Gora,Mali i Zi","potentialAction":[{"@type":"SearchAction","target":{"@type":"EntryPoint","urlTemplate":"https:\/\/www.visit-ulcinj.com\/blog\/?s={search_term_string}"},"query-input":"required name=search_term_string"}],"inLanguage":"en-US"},{"@type":"ImageObject","inLanguage":"en-US","@id":"https:\/\/www.visit-ulcinj.com\/blog\/2010\/11\/12\/shqiptaret-s%e2%80%99merren-vesh-ulqini-pa-pushtet\/#primaryimage","url":"https:\/\/www.visit-ulcinj.com\/blog\/wp-content\/uploads\/2010\/11\/Ulqini-pa-pushtet.jpg","contentUrl":"https:\/\/www.visit-ulcinj.com\/blog\/wp-content\/uploads\/2010\/11\/Ulqini-pa-pushtet.jpg","width":"604","height":"425"},{"@type":"WebPage","@id":"https:\/\/www.visit-ulcinj.com\/blog\/2010\/11\/12\/shqiptaret-s%e2%80%99merren-vesh-ulqini-pa-pushtet\/#webpage","url":"https:\/\/www.visit-ulcinj.com\/blog\/2010\/11\/12\/shqiptaret-s%e2%80%99merren-vesh-ulqini-pa-pushtet\/","name":"Shqiptar\u00ebt s\u2019merren vesh, Ulqini pa pushtet - Lajme nga Ulqini","isPartOf":{"@id":"https:\/\/www.visit-ulcinj.com\/blog\/#website"},"primaryImageOfPage":{"@id":"https:\/\/www.visit-ulcinj.com\/blog\/2010\/11\/12\/shqiptaret-s%e2%80%99merren-vesh-ulqini-pa-pushtet\/#primaryimage"},"datePublished":"2010-11-12T15:59:53+00:00","dateModified":"2010-11-15T13:25:17+00:00","author":{"@id":"https:\/\/www.visit-ulcinj.com\/blog\/#\/schema\/person\/dcab619c614d3038751c63bc2aadc06d"},"description":"\u00cbsht\u00eb pritur se pas 17 tetorit, kur u mbajt\u00ebn zgjedhjet e p\u00ebrs\u00ebritura vendore do t\u00eb nisin, pa pritur shum\u00eb, negociatat p\u00ebr t\u00eb formuar qeverisjen n\u00eb Ulqin,","breadcrumb":{"@id":"https:\/\/www.visit-ulcinj.com\/blog\/2010\/11\/12\/shqiptaret-s%e2%80%99merren-vesh-ulqini-pa-pushtet\/#breadcrumb"},"inLanguage":"en-US","potentialAction":[{"@type":"ReadAction","target":["https:\/\/www.visit-ulcinj.com\/blog\/2010\/11\/12\/shqiptaret-s%e2%80%99merren-vesh-ulqini-pa-pushtet\/"]}]},{"@type":"BreadcrumbList","@id":"https:\/\/www.visit-ulcinj.com\/blog\/2010\/11\/12\/shqiptaret-s%e2%80%99merren-vesh-ulqini-pa-pushtet\/#breadcrumb","itemListElement":[{"@type":"ListItem","position":1,"name":"Shqiptar\u00ebt s\u2019merren vesh, Ulqini pa pushtet"}]},{"@type":"Person","@id":"https:\/\/www.visit-ulcinj.com\/blog\/#\/schema\/person\/dcab619c614d3038751c63bc2aadc06d","name":"ulqini","sameAs":["http:\/\/www.visit-ulcinj.com"],"url":"https:\/\/www.visit-ulcinj.com\/blog\/author\/admin\/"}]}},"jetpack_featured_media_url":"","jetpack_sharing_enabled":true,"jetpack_shortlink":"https:\/\/wp.me\/pe6lTn-ai9","_links":{"self":[{"href":"https:\/\/www.visit-ulcinj.com\/blog\/wp-json\/wp\/v2\/posts\/39565"}],"collection":[{"href":"https:\/\/www.visit-ulcinj.com\/blog\/wp-json\/wp\/v2\/posts"}],"about":[{"href":"https:\/\/www.visit-ulcinj.com\/blog\/wp-json\/wp\/v2\/types\/post"}],"author":[{"embeddable":true,"href":"https:\/\/www.visit-ulcinj.com\/blog\/wp-json\/wp\/v2\/users\/1"}],"replies":[{"embeddable":true,"href":"https:\/\/www.visit-ulcinj.com\/blog\/wp-json\/wp\/v2\/comments?post=39565"}],"version-history":[{"count":0,"href":"https:\/\/www.visit-ulcinj.com\/blog\/wp-json\/wp\/v2\/posts\/39565\/revisions"}],"wp:attachment":[{"href":"https:\/\/www.visit-ulcinj.com\/blog\/wp-json\/wp\/v2\/media?parent=39565"}],"wp:term":[{"taxonomy":"category","embeddable":true,"href":"https:\/\/www.visit-ulcinj.com\/blog\/wp-json\/wp\/v2\/categories?post=39565"},{"taxonomy":"post_tag","embeddable":true,"href":"https:\/\/www.visit-ulcinj.com\/blog\/wp-json\/wp\/v2\/tags?post=39565"}],"curies":[{"name":"wp","href":"https:\/\/api.w.org\/{rel}","templated":true}]}}