{"id":39576,"date":"2010-11-12T18:16:50","date_gmt":"2010-11-12T17:16:50","guid":{"rendered":"http:\/\/www.visit-ulcinj.com\/blog\/?p=39576"},"modified":"2010-11-12T18:16:50","modified_gmt":"2010-11-12T17:16:50","slug":"permbytjet-mbyllin-rruget-mes-shqiperise-e-malit-te-zi","status":"publish","type":"post","link":"https:\/\/www.visit-ulcinj.com\/blog\/2010\/11\/12\/permbytjet-mbyllin-rruget-mes-shqiperise-e-malit-te-zi\/","title":{"rendered":"P\u00ebrmbytjet mbyllin rrug\u00ebt mes Shqip\u00ebris\u00eb e Malit t\u00eb Zi"},"content":{"rendered":"<p><a href=\"http:\/\/www.visit-ulcinj.com\/blog\/wp-content\/uploads\/2010\/11\/D\u00ebmtohet-rruga-Shkod\u00ebr-Hani-i-Hotit.jpg\"><img loading=\"lazy\" class=\"alignleft size-full wp-image-39577\" title=\"D\u00ebmtohet rruga Shkod\u00ebr-Hani i Hotit\" src=\"http:\/\/www.visit-ulcinj.com\/blog\/wp-content\/uploads\/2010\/11\/D\u00ebmtohet-rruga-Shkod\u00ebr-Hani-i-Hotit.jpg\" alt=\"\" width=\"490\" height=\"370\" \/><\/a>Ulqin, 11 n\u00ebntor &#8211; Lidhja Auto-moto e Malit t\u00eb Zi (LAMZ), b\u00ebn t\u00eb ditur KosovaLive, ka njoftuar t\u00eb enjte se p\u00ebr shkak t\u00eb p\u00ebrmbytjeve n\u00eb Shqip\u00ebri, konkretisht n\u00eb aksin rrugor Shkod\u00ebr- Hani i Hotit, ky vendkalim mes Malit t\u00eb Zi e Shqip\u00ebris\u00eb \u00ebsht\u00eb p\u00ebrkoh\u00ebsisht i mbyllur nga ana shqiptare.<\/p>\n<p>Vozit\u00ebsve t\u00eb cil\u00ebt kan\u00eb p\u00ebr q\u00ebllim q\u00eb t\u00eb udh\u00ebtojn\u00eb n\u00eb Shqip\u00ebri, u rekomandohet q\u00eb k\u00ebt\u00eb ta b\u00ebjn\u00eb n\u00ebp\u00ebrmjet pik\u00ebs kufitare mes Ulqinit e Shkodr\u00ebs &#8211; Sukubin\/Muriqan.<\/p>\n<p>Kjo organizat\u00eb njofton po ashtu se n\u00eb aksin e magjistrales Podgoric\u00eb\u2013Kollashin \u00ebsht\u00eb duke u sanuar tuneli nr. 6 dhe mbi k\u00ebto baza \u00ebsht\u00eb i ndaluar qarkullimi i t\u00eb gjitha kategorive t\u00eb automjeteve, nga ora 9 deri n\u00eb 11 dhe nga 13:00 deri n\u00eb 15:00, si dhe nga ora 1 deri n\u00eb or\u00ebn 5 t\u00eb m\u00ebngjesit.<\/p>\n<p><strong>KOHA NET<br \/>\n<!--YouTube Error: bad URL entered--><\/strong><\/p>\n","protected":false},"excerpt":{"rendered":"<p>Ulqin, 11 n\u00ebntor &#8211; Lidhja Auto-moto e Malit t\u00eb Zi (LAMZ), b\u00ebn t\u00eb ditur KosovaLive, ka njoftuar t\u00eb enjte se p\u00ebr shkak t\u00eb p\u00ebrmbytjeve n\u00eb Shqip\u00ebri, konkretisht n\u00eb aksin rrugor Shkod\u00ebr- Hani i Hotit, ky vendkalim mes Malit t\u00eb Zi e Shqip\u00ebris\u00eb \u00ebsht\u00eb p\u00ebrkoh\u00ebsisht i mbyllur nga ana shqiptare. Vozit\u00ebsve t\u00eb cil\u00ebt kan\u00eb p\u00ebr q\u00ebllim [&hellip;]<\/p>\n","protected":false},"author":1,"featured_media":0,"comment_status":"open","ping_status":"closed","sticky":false,"template":"","format":"standard","meta":{"spay_email":"","jetpack_publicize_message":"","jetpack_is_tweetstorm":false,"jetpack_publicize_feature_enabled":true},"categories":[6950],"tags":[95,15931,3946],"jetpack_publicize_connections":[],"yoast_head":"<!-- This site is optimized with the Yoast SEO plugin v19.1 - https:\/\/yoast.com\/wordpress\/plugins\/seo\/ -->\n<title>P\u00ebrmbytjet mbyllin rrug\u00ebt mes Shqip\u00ebris\u00eb e Malit t\u00eb Zi - Lajme nga Ulqini<\/title>\n<meta name=\"description\" content=\"Ulqin, 11 n\u00ebntor - Lidhja Auto-moto e Malit t\u00eb Zi (LAMZ), b\u00ebn t\u00eb ditur KosovaLive, ka njoftuar t\u00eb enjte se p\u00ebr shkak t\u00eb p\u00ebrmbytjeve n\u00eb Shqip\u00ebri,\" \/>\n<meta name=\"robots\" content=\"index, follow, max-snippet:-1, max-image-preview:large, max-video-preview:-1\" \/>\n<link rel=\"canonical\" href=\"https:\/\/www.visit-ulcinj.com\/blog\/2010\/11\/12\/permbytjet-mbyllin-rruget-mes-shqiperise-e-malit-te-zi\/\" \/>\n<meta property=\"og:locale\" content=\"en_US\" \/>\n<meta property=\"og:type\" content=\"article\" \/>\n<meta property=\"og:title\" content=\"P\u00ebrmbytjet mbyllin rrug\u00ebt mes Shqip\u00ebris\u00eb e Malit t\u00eb Zi - Lajme nga Ulqini\" \/>\n<meta property=\"og:description\" content=\"Ulqin, 11 n\u00ebntor - Lidhja Auto-moto e Malit t\u00eb Zi (LAMZ), b\u00ebn t\u00eb ditur KosovaLive, ka njoftuar t\u00eb enjte se p\u00ebr shkak t\u00eb p\u00ebrmbytjeve n\u00eb Shqip\u00ebri,\" \/>\n<meta property=\"og:url\" content=\"https:\/\/www.visit-ulcinj.com\/blog\/2010\/11\/12\/permbytjet-mbyllin-rruget-mes-shqiperise-e-malit-te-zi\/\" \/>\n<meta property=\"og:site_name\" content=\"Lajme nga Ulqini\" \/>\n<meta property=\"article:published_time\" content=\"2010-11-12T17:16:50+00:00\" \/>\n<meta name=\"twitter:label1\" content=\"Written by\" \/>\n\t<meta name=\"twitter:data1\" content=\"ulqini\" \/>\n\t<meta name=\"twitter:label2\" content=\"Est. reading time\" \/>\n\t<meta name=\"twitter:data2\" content=\"1 minute\" \/>\n<script type=\"application\/ld+json\" class=\"yoast-schema-graph\">{\"@context\":\"https:\/\/schema.org\",\"@graph\":[{\"@type\":\"WebSite\",\"@id\":\"https:\/\/www.visit-ulcinj.com\/blog\/#website\",\"url\":\"https:\/\/www.visit-ulcinj.com\/blog\/\",\"name\":\"Lajme nga Ulqini\",\"description\":\"Lajme,Vijesti,Ulqini,Ulqin,Crna Gora,Mali i Zi\",\"potentialAction\":[{\"@type\":\"SearchAction\",\"target\":{\"@type\":\"EntryPoint\",\"urlTemplate\":\"https:\/\/www.visit-ulcinj.com\/blog\/?s={search_term_string}\"},\"query-input\":\"required name=search_term_string\"}],\"inLanguage\":\"en-US\"},{\"@type\":\"WebPage\",\"@id\":\"https:\/\/www.visit-ulcinj.com\/blog\/2010\/11\/12\/permbytjet-mbyllin-rruget-mes-shqiperise-e-malit-te-zi\/#webpage\",\"url\":\"https:\/\/www.visit-ulcinj.com\/blog\/2010\/11\/12\/permbytjet-mbyllin-rruget-mes-shqiperise-e-malit-te-zi\/\",\"name\":\"P\u00ebrmbytjet mbyllin rrug\u00ebt mes Shqip\u00ebris\u00eb e Malit t\u00eb Zi - Lajme nga Ulqini\",\"isPartOf\":{\"@id\":\"https:\/\/www.visit-ulcinj.com\/blog\/#website\"},\"datePublished\":\"2010-11-12T17:16:50+00:00\",\"dateModified\":\"2010-11-12T17:16:50+00:00\",\"author\":{\"@id\":\"https:\/\/www.visit-ulcinj.com\/blog\/#\/schema\/person\/dcab619c614d3038751c63bc2aadc06d\"},\"description\":\"Ulqin, 11 n\u00ebntor - Lidhja Auto-moto e Malit t\u00eb Zi (LAMZ), b\u00ebn t\u00eb ditur KosovaLive, ka njoftuar t\u00eb enjte se p\u00ebr shkak t\u00eb p\u00ebrmbytjeve n\u00eb Shqip\u00ebri,\",\"breadcrumb\":{\"@id\":\"https:\/\/www.visit-ulcinj.com\/blog\/2010\/11\/12\/permbytjet-mbyllin-rruget-mes-shqiperise-e-malit-te-zi\/#breadcrumb\"},\"inLanguage\":\"en-US\",\"potentialAction\":[{\"@type\":\"ReadAction\",\"target\":[\"https:\/\/www.visit-ulcinj.com\/blog\/2010\/11\/12\/permbytjet-mbyllin-rruget-mes-shqiperise-e-malit-te-zi\/\"]}]},{\"@type\":\"BreadcrumbList\",\"@id\":\"https:\/\/www.visit-ulcinj.com\/blog\/2010\/11\/12\/permbytjet-mbyllin-rruget-mes-shqiperise-e-malit-te-zi\/#breadcrumb\",\"itemListElement\":[{\"@type\":\"ListItem\",\"position\":1,\"name\":\"P\u00ebrmbytjet mbyllin rrug\u00ebt mes Shqip\u00ebris\u00eb e Malit t\u00eb Zi\"}]},{\"@type\":\"Person\",\"@id\":\"https:\/\/www.visit-ulcinj.com\/blog\/#\/schema\/person\/dcab619c614d3038751c63bc2aadc06d\",\"name\":\"ulqini\",\"sameAs\":[\"http:\/\/www.visit-ulcinj.com\"],\"url\":\"https:\/\/www.visit-ulcinj.com\/blog\/author\/admin\/\"}]}<\/script>\n<!-- \/ Yoast SEO plugin. -->","yoast_head_json":{"title":"P\u00ebrmbytjet mbyllin rrug\u00ebt mes Shqip\u00ebris\u00eb e Malit t\u00eb Zi - Lajme nga Ulqini","description":"Ulqin, 11 n\u00ebntor - Lidhja Auto-moto e Malit t\u00eb Zi (LAMZ), b\u00ebn t\u00eb ditur KosovaLive, ka njoftuar t\u00eb enjte se p\u00ebr shkak t\u00eb p\u00ebrmbytjeve n\u00eb Shqip\u00ebri,","robots":{"index":"index","follow":"follow","max-snippet":"max-snippet:-1","max-image-preview":"max-image-preview:large","max-video-preview":"max-video-preview:-1"},"canonical":"https:\/\/www.visit-ulcinj.com\/blog\/2010\/11\/12\/permbytjet-mbyllin-rruget-mes-shqiperise-e-malit-te-zi\/","og_locale":"en_US","og_type":"article","og_title":"P\u00ebrmbytjet mbyllin rrug\u00ebt mes Shqip\u00ebris\u00eb e Malit t\u00eb Zi - Lajme nga Ulqini","og_description":"Ulqin, 11 n\u00ebntor - Lidhja Auto-moto e Malit t\u00eb Zi (LAMZ), b\u00ebn t\u00eb ditur KosovaLive, ka njoftuar t\u00eb enjte se p\u00ebr shkak t\u00eb p\u00ebrmbytjeve n\u00eb Shqip\u00ebri,","og_url":"https:\/\/www.visit-ulcinj.com\/blog\/2010\/11\/12\/permbytjet-mbyllin-rruget-mes-shqiperise-e-malit-te-zi\/","og_site_name":"Lajme nga Ulqini","article_published_time":"2010-11-12T17:16:50+00:00","twitter_misc":{"Written by":"ulqini","Est. reading time":"1 minute"},"schema":{"@context":"https:\/\/schema.org","@graph":[{"@type":"WebSite","@id":"https:\/\/www.visit-ulcinj.com\/blog\/#website","url":"https:\/\/www.visit-ulcinj.com\/blog\/","name":"Lajme nga Ulqini","description":"Lajme,Vijesti,Ulqini,Ulqin,Crna Gora,Mali i Zi","potentialAction":[{"@type":"SearchAction","target":{"@type":"EntryPoint","urlTemplate":"https:\/\/www.visit-ulcinj.com\/blog\/?s={search_term_string}"},"query-input":"required name=search_term_string"}],"inLanguage":"en-US"},{"@type":"WebPage","@id":"https:\/\/www.visit-ulcinj.com\/blog\/2010\/11\/12\/permbytjet-mbyllin-rruget-mes-shqiperise-e-malit-te-zi\/#webpage","url":"https:\/\/www.visit-ulcinj.com\/blog\/2010\/11\/12\/permbytjet-mbyllin-rruget-mes-shqiperise-e-malit-te-zi\/","name":"P\u00ebrmbytjet mbyllin rrug\u00ebt mes Shqip\u00ebris\u00eb e Malit t\u00eb Zi - Lajme nga Ulqini","isPartOf":{"@id":"https:\/\/www.visit-ulcinj.com\/blog\/#website"},"datePublished":"2010-11-12T17:16:50+00:00","dateModified":"2010-11-12T17:16:50+00:00","author":{"@id":"https:\/\/www.visit-ulcinj.com\/blog\/#\/schema\/person\/dcab619c614d3038751c63bc2aadc06d"},"description":"Ulqin, 11 n\u00ebntor - Lidhja Auto-moto e Malit t\u00eb Zi (LAMZ), b\u00ebn t\u00eb ditur KosovaLive, ka njoftuar t\u00eb enjte se p\u00ebr shkak t\u00eb p\u00ebrmbytjeve n\u00eb Shqip\u00ebri,","breadcrumb":{"@id":"https:\/\/www.visit-ulcinj.com\/blog\/2010\/11\/12\/permbytjet-mbyllin-rruget-mes-shqiperise-e-malit-te-zi\/#breadcrumb"},"inLanguage":"en-US","potentialAction":[{"@type":"ReadAction","target":["https:\/\/www.visit-ulcinj.com\/blog\/2010\/11\/12\/permbytjet-mbyllin-rruget-mes-shqiperise-e-malit-te-zi\/"]}]},{"@type":"BreadcrumbList","@id":"https:\/\/www.visit-ulcinj.com\/blog\/2010\/11\/12\/permbytjet-mbyllin-rruget-mes-shqiperise-e-malit-te-zi\/#breadcrumb","itemListElement":[{"@type":"ListItem","position":1,"name":"P\u00ebrmbytjet mbyllin rrug\u00ebt mes Shqip\u00ebris\u00eb e Malit t\u00eb Zi"}]},{"@type":"Person","@id":"https:\/\/www.visit-ulcinj.com\/blog\/#\/schema\/person\/dcab619c614d3038751c63bc2aadc06d","name":"ulqini","sameAs":["http:\/\/www.visit-ulcinj.com"],"url":"https:\/\/www.visit-ulcinj.com\/blog\/author\/admin\/"}]}},"jetpack_featured_media_url":"","jetpack_sharing_enabled":true,"jetpack_shortlink":"https:\/\/wp.me\/pe6lTn-aik","_links":{"self":[{"href":"https:\/\/www.visit-ulcinj.com\/blog\/wp-json\/wp\/v2\/posts\/39576"}],"collection":[{"href":"https:\/\/www.visit-ulcinj.com\/blog\/wp-json\/wp\/v2\/posts"}],"about":[{"href":"https:\/\/www.visit-ulcinj.com\/blog\/wp-json\/wp\/v2\/types\/post"}],"author":[{"embeddable":true,"href":"https:\/\/www.visit-ulcinj.com\/blog\/wp-json\/wp\/v2\/users\/1"}],"replies":[{"embeddable":true,"href":"https:\/\/www.visit-ulcinj.com\/blog\/wp-json\/wp\/v2\/comments?post=39576"}],"version-history":[{"count":0,"href":"https:\/\/www.visit-ulcinj.com\/blog\/wp-json\/wp\/v2\/posts\/39576\/revisions"}],"wp:attachment":[{"href":"https:\/\/www.visit-ulcinj.com\/blog\/wp-json\/wp\/v2\/media?parent=39576"}],"wp:term":[{"taxonomy":"category","embeddable":true,"href":"https:\/\/www.visit-ulcinj.com\/blog\/wp-json\/wp\/v2\/categories?post=39576"},{"taxonomy":"post_tag","embeddable":true,"href":"https:\/\/www.visit-ulcinj.com\/blog\/wp-json\/wp\/v2\/tags?post=39576"}],"curies":[{"name":"wp","href":"https:\/\/api.w.org\/{rel}","templated":true}]}}