{"id":39580,"date":"2010-11-12T19:18:52","date_gmt":"2010-11-12T18:18:52","guid":{"rendered":"http:\/\/www.visit-ulcinj.com\/blog\/?p=39580"},"modified":"2010-11-12T19:18:52","modified_gmt":"2010-11-12T18:18:52","slug":"sad-i-djeca-biju","status":"publish","type":"post","link":"https:\/\/www.visit-ulcinj.com\/blog\/2010\/11\/12\/sad-i-djeca-biju\/","title":{"rendered":"Sad i djeca biju"},"content":{"rendered":"<p><strong><a href=\"http:\/\/www.visit-ulcinj.com\/blog\/wp-content\/uploads\/2010\/11\/Hatidza-Neljaj_SOS-telefon_Ulcinj.jpg\"><img loading=\"lazy\" class=\"alignleft size-full wp-image-39581\" title=\"Hatidza Neljaj_SOS telefon_Ulcinj\" src=\"http:\/\/www.visit-ulcinj.com\/blog\/wp-content\/uploads\/2010\/11\/Hatidza-Neljaj_SOS-telefon_Ulcinj.jpg\" alt=\"\" width=\"490\" height=\"620\" \/><\/a>Zabrinjavaju\u0107i podaci projekta o podr\u0161ci \u017ertvama nasilja u ulcinju<\/strong><br \/>\nUlcinj &#8211; Od kada se u Krivi\u010dnom zakonu nasilje u porodici tretira kao krivi\u010dno djelo, u proteklih sedam godina u Osnovnom sudu u Ulcinju pokrenuto je vi\u0161e desetina krivi\u010dnih postupaka, a na\u0161oj organizaciji se obra\u0107a sve vi\u0161e \u017eena ugro\u017eenih od mu\u017eeva nasilnika, o\u010deva, bra\u0107e i, \u0161to je interesanto, od sopstvene mu\u0161ke djece\u201d, kazala je Hatid\u017ea Neljaj, koordinatorka projekta \u201ePodr\u0161ka \u017ertvama porodi\u010dnog nasilja i pobolj\u0161anje njihovog polo\u017eaja\u201d, \u010dija je prezentacija odr\u017eana ju\u010de u Ulcinju.<\/p>\n<p>Ljuljaj je kazala da se od 115 poziva, koliko ih je ukupno bilo pro\u0161le godine, njih 45 odsto odnosilo na fizi\u010dko nasilje, 15 odsto na psihi\u010dko, isto toliko zbog zlostavljanja na radnom mjestu, dok se 12 odsto poziva odnosilo na nasilje u \u0161kolama i seksualno uznemiravanje.<br \/>\n\u201cPorodi\u010dno nasilje je oduvijek postajalo i od osnivanja SOS telefona u Ulcinju imali smo dosta poziva i kontakta sa \u017eenama \u017ertvama nasilja, ali je rijetko koja od njih imala hrabrosti da prijavi slu\u010daj policiji, prevashodno zbog straha da \u0107e biti usu\u0111ena od ove patrijarhalne sredine, da ne\u0107e imati razumijevanja i da \u0107e biti odba\u010dena i od najbli\u017eih\u201d, kazala je Neljaj.<\/p>\n<p>Iskustva SOS telefona, kazala je, pokazuju da se \u017eene, koje su somosvjesnije, mnogo prije odlu\u010duju da iza\u0111u iz kruga pakla i da im je mnogo manje va\u017eno da li \u0107e neko u okru\u017eenju znati da li one imaju problem ili ne.<br \/>\n\u201cNasilje se jednako bilje\u017ei u siroma\u0161nim i bogatim porodicama, ali evidentno je, prema na\u0161im iskustvima, da su ekonomski situirane \u017eene spremnije da iza\u0111u iz pakla. Svjesne smo da pojava nasilja u porodici ne\u0107e nestati za godinu ili dvije i da ne mo\u017eemo preko no\u0107i promijeniti ne\u0161to \u0161to je uvrije\u017eeno vjekovima, \u0161to je od mitova, stereotipa i predrasuda preraslo \u010dak u zakone, ali smo uvjerene da \u0107emo zajedni\u010dkim radom i zalaganjem svih institucija smanjiti nasilje na najmanju mogu\u0107u mjeru\u201d, kazala je Neljaj.<\/p>\n<p>Neljaj je istakla da je projekat finansijski podr\u017eao Fond za aktivno gra\u0111anstvo, te da \u0107e njegova realizacija trajati godinu.<br \/>\nOsim Neljaj, na realizaji projekta bi\u0107e anga\u017eovan projektni tim kojeg \u010dine Hatid\u017ea \u0110oni kao menad\u017eer projekta, gineokolog Zulfije Duraku, psiholog Linda Kurti, dr Mirlina Red\u017ea i advokat Loro Marki\u0107, koji \u0107e imati ulogu pravnog savjetnika i zastupnika.<br \/>\nRealizaciju projekta prati\u0107e multidiciplinarni tim u kome \u0107e, ispred Osnovnog suda, ispostave policije, Op\u0161tine Ulcinj, Doma zdravlja i Centra za socijalni rad, u narednih godinu biti Kata Do\u010di\u0107, Adnan Be\u0107iragi\u0107, Angjelina Le\u0161i, Nora Kova\u010di i Amir Elezaga. Konsultant i supervizor projekta je Biljana Zekovi\u0107, izvr\u0161na direktorica \u201cSOS Podgorica\u201d i \u010dlanica upravnog odbora SOS Ulcinj.<\/p>\n<p><strong>S.A.<br \/>\n<a href=\"http:\/\/www.vijesti.me\/\" target=\"_blank\">Vijesti<\/a><\/strong><\/p>\n","protected":false},"excerpt":{"rendered":"<p>Zabrinjavaju\u0107i podaci projekta o podr\u0161ci \u017ertvama nasilja u ulcinju Ulcinj &#8211; Od kada se u Krivi\u010dnom zakonu nasilje u porodici tretira kao krivi\u010dno djelo, u proteklih sedam godina u Osnovnom sudu u Ulcinju pokrenuto je vi\u0161e desetina krivi\u010dnih postupaka, a na\u0161oj organizaciji se obra\u0107a sve vi\u0161e \u017eena ugro\u017eenih od mu\u017eeva nasilnika, o\u010deva, bra\u0107e i, \u0161to [&hellip;]<\/p>\n","protected":false},"author":1,"featured_media":0,"comment_status":"open","ping_status":"closed","sticky":false,"template":"","format":"standard","meta":{"spay_email":"","jetpack_publicize_message":"","jetpack_is_tweetstorm":false,"jetpack_publicize_feature_enabled":true},"categories":[8337],"tags":[16280,16282,16281,16283,16278,16279,14396,2189,19],"jetpack_publicize_connections":[],"yoast_head":"<!-- This site is optimized with the Yoast SEO plugin v19.1 - https:\/\/yoast.com\/wordpress\/plugins\/seo\/ -->\n<title>Sad i djeca biju - Lajme nga Ulqini<\/title>\n<meta name=\"description\" content=\"Zabrinjavaju\u0107i podaci projekta o podr\u0161ci \u017ertvama nasilja u ulcinju Ulcinj - Od kada se u Krivi\u010dnom zakonu nasilje u porodici tretira kao krivi\u010dno djelo, u\" \/>\n<meta name=\"robots\" content=\"index, follow, max-snippet:-1, max-image-preview:large, max-video-preview:-1\" \/>\n<link rel=\"canonical\" href=\"https:\/\/www.visit-ulcinj.com\/blog\/2010\/11\/12\/sad-i-djeca-biju\/\" \/>\n<meta property=\"og:locale\" content=\"en_US\" \/>\n<meta property=\"og:type\" content=\"article\" \/>\n<meta property=\"og:title\" content=\"Sad i djeca biju - Lajme nga Ulqini\" \/>\n<meta property=\"og:description\" content=\"Zabrinjavaju\u0107i podaci projekta o podr\u0161ci \u017ertvama nasilja u ulcinju Ulcinj - Od kada se u Krivi\u010dnom zakonu nasilje u porodici tretira kao krivi\u010dno djelo, u\" \/>\n<meta property=\"og:url\" content=\"https:\/\/www.visit-ulcinj.com\/blog\/2010\/11\/12\/sad-i-djeca-biju\/\" \/>\n<meta property=\"og:site_name\" content=\"Lajme nga Ulqini\" \/>\n<meta property=\"article:published_time\" content=\"2010-11-12T18:18:52+00:00\" \/>\n<meta property=\"og:image\" content=\"http:\/\/www.visit-ulcinj.com\/blog\/wp-content\/uploads\/2010\/11\/Hatidza-Neljaj_SOS-telefon_Ulcinj.jpg\" \/>\n<meta name=\"twitter:label1\" content=\"Written by\" \/>\n\t<meta name=\"twitter:data1\" content=\"ulqini\" \/>\n\t<meta name=\"twitter:label2\" content=\"Est. reading time\" \/>\n\t<meta name=\"twitter:data2\" content=\"2 minutes\" \/>\n<script type=\"application\/ld+json\" class=\"yoast-schema-graph\">{\"@context\":\"https:\/\/schema.org\",\"@graph\":[{\"@type\":\"WebSite\",\"@id\":\"https:\/\/www.visit-ulcinj.com\/blog\/#website\",\"url\":\"https:\/\/www.visit-ulcinj.com\/blog\/\",\"name\":\"Lajme nga Ulqini\",\"description\":\"Lajme,Vijesti,Ulqini,Ulqin,Crna Gora,Mali i Zi\",\"potentialAction\":[{\"@type\":\"SearchAction\",\"target\":{\"@type\":\"EntryPoint\",\"urlTemplate\":\"https:\/\/www.visit-ulcinj.com\/blog\/?s={search_term_string}\"},\"query-input\":\"required name=search_term_string\"}],\"inLanguage\":\"en-US\"},{\"@type\":\"ImageObject\",\"inLanguage\":\"en-US\",\"@id\":\"https:\/\/www.visit-ulcinj.com\/blog\/2010\/11\/12\/sad-i-djeca-biju\/#primaryimage\",\"url\":\"https:\/\/www.visit-ulcinj.com\/blog\/wp-content\/uploads\/2010\/11\/Hatidza-Neljaj_SOS-telefon_Ulcinj.jpg\",\"contentUrl\":\"https:\/\/www.visit-ulcinj.com\/blog\/wp-content\/uploads\/2010\/11\/Hatidza-Neljaj_SOS-telefon_Ulcinj.jpg\",\"width\":\"819\",\"height\":\"1092\"},{\"@type\":\"WebPage\",\"@id\":\"https:\/\/www.visit-ulcinj.com\/blog\/2010\/11\/12\/sad-i-djeca-biju\/#webpage\",\"url\":\"https:\/\/www.visit-ulcinj.com\/blog\/2010\/11\/12\/sad-i-djeca-biju\/\",\"name\":\"Sad i djeca biju - Lajme nga Ulqini\",\"isPartOf\":{\"@id\":\"https:\/\/www.visit-ulcinj.com\/blog\/#website\"},\"primaryImageOfPage\":{\"@id\":\"https:\/\/www.visit-ulcinj.com\/blog\/2010\/11\/12\/sad-i-djeca-biju\/#primaryimage\"},\"datePublished\":\"2010-11-12T18:18:52+00:00\",\"dateModified\":\"2010-11-12T18:18:52+00:00\",\"author\":{\"@id\":\"https:\/\/www.visit-ulcinj.com\/blog\/#\/schema\/person\/dcab619c614d3038751c63bc2aadc06d\"},\"description\":\"Zabrinjavaju\u0107i podaci projekta o podr\u0161ci \u017ertvama nasilja u ulcinju Ulcinj - Od kada se u Krivi\u010dnom zakonu nasilje u porodici tretira kao krivi\u010dno djelo, u\",\"breadcrumb\":{\"@id\":\"https:\/\/www.visit-ulcinj.com\/blog\/2010\/11\/12\/sad-i-djeca-biju\/#breadcrumb\"},\"inLanguage\":\"en-US\",\"potentialAction\":[{\"@type\":\"ReadAction\",\"target\":[\"https:\/\/www.visit-ulcinj.com\/blog\/2010\/11\/12\/sad-i-djeca-biju\/\"]}]},{\"@type\":\"BreadcrumbList\",\"@id\":\"https:\/\/www.visit-ulcinj.com\/blog\/2010\/11\/12\/sad-i-djeca-biju\/#breadcrumb\",\"itemListElement\":[{\"@type\":\"ListItem\",\"position\":1,\"name\":\"Sad i djeca biju\"}]},{\"@type\":\"Person\",\"@id\":\"https:\/\/www.visit-ulcinj.com\/blog\/#\/schema\/person\/dcab619c614d3038751c63bc2aadc06d\",\"name\":\"ulqini\",\"sameAs\":[\"http:\/\/www.visit-ulcinj.com\"],\"url\":\"https:\/\/www.visit-ulcinj.com\/blog\/author\/admin\/\"}]}<\/script>\n<!-- \/ Yoast SEO plugin. -->","yoast_head_json":{"title":"Sad i djeca biju - Lajme nga Ulqini","description":"Zabrinjavaju\u0107i podaci projekta o podr\u0161ci \u017ertvama nasilja u ulcinju Ulcinj - Od kada se u Krivi\u010dnom zakonu nasilje u porodici tretira kao krivi\u010dno djelo, u","robots":{"index":"index","follow":"follow","max-snippet":"max-snippet:-1","max-image-preview":"max-image-preview:large","max-video-preview":"max-video-preview:-1"},"canonical":"https:\/\/www.visit-ulcinj.com\/blog\/2010\/11\/12\/sad-i-djeca-biju\/","og_locale":"en_US","og_type":"article","og_title":"Sad i djeca biju - Lajme nga Ulqini","og_description":"Zabrinjavaju\u0107i podaci projekta o podr\u0161ci \u017ertvama nasilja u ulcinju Ulcinj - Od kada se u Krivi\u010dnom zakonu nasilje u porodici tretira kao krivi\u010dno djelo, u","og_url":"https:\/\/www.visit-ulcinj.com\/blog\/2010\/11\/12\/sad-i-djeca-biju\/","og_site_name":"Lajme nga Ulqini","article_published_time":"2010-11-12T18:18:52+00:00","og_image":[{"url":"http:\/\/www.visit-ulcinj.com\/blog\/wp-content\/uploads\/2010\/11\/Hatidza-Neljaj_SOS-telefon_Ulcinj.jpg"}],"twitter_misc":{"Written by":"ulqini","Est. reading time":"2 minutes"},"schema":{"@context":"https:\/\/schema.org","@graph":[{"@type":"WebSite","@id":"https:\/\/www.visit-ulcinj.com\/blog\/#website","url":"https:\/\/www.visit-ulcinj.com\/blog\/","name":"Lajme nga Ulqini","description":"Lajme,Vijesti,Ulqini,Ulqin,Crna Gora,Mali i Zi","potentialAction":[{"@type":"SearchAction","target":{"@type":"EntryPoint","urlTemplate":"https:\/\/www.visit-ulcinj.com\/blog\/?s={search_term_string}"},"query-input":"required name=search_term_string"}],"inLanguage":"en-US"},{"@type":"ImageObject","inLanguage":"en-US","@id":"https:\/\/www.visit-ulcinj.com\/blog\/2010\/11\/12\/sad-i-djeca-biju\/#primaryimage","url":"https:\/\/www.visit-ulcinj.com\/blog\/wp-content\/uploads\/2010\/11\/Hatidza-Neljaj_SOS-telefon_Ulcinj.jpg","contentUrl":"https:\/\/www.visit-ulcinj.com\/blog\/wp-content\/uploads\/2010\/11\/Hatidza-Neljaj_SOS-telefon_Ulcinj.jpg","width":"819","height":"1092"},{"@type":"WebPage","@id":"https:\/\/www.visit-ulcinj.com\/blog\/2010\/11\/12\/sad-i-djeca-biju\/#webpage","url":"https:\/\/www.visit-ulcinj.com\/blog\/2010\/11\/12\/sad-i-djeca-biju\/","name":"Sad i djeca biju - Lajme nga Ulqini","isPartOf":{"@id":"https:\/\/www.visit-ulcinj.com\/blog\/#website"},"primaryImageOfPage":{"@id":"https:\/\/www.visit-ulcinj.com\/blog\/2010\/11\/12\/sad-i-djeca-biju\/#primaryimage"},"datePublished":"2010-11-12T18:18:52+00:00","dateModified":"2010-11-12T18:18:52+00:00","author":{"@id":"https:\/\/www.visit-ulcinj.com\/blog\/#\/schema\/person\/dcab619c614d3038751c63bc2aadc06d"},"description":"Zabrinjavaju\u0107i podaci projekta o podr\u0161ci \u017ertvama nasilja u ulcinju Ulcinj - Od kada se u Krivi\u010dnom zakonu nasilje u porodici tretira kao krivi\u010dno djelo, u","breadcrumb":{"@id":"https:\/\/www.visit-ulcinj.com\/blog\/2010\/11\/12\/sad-i-djeca-biju\/#breadcrumb"},"inLanguage":"en-US","potentialAction":[{"@type":"ReadAction","target":["https:\/\/www.visit-ulcinj.com\/blog\/2010\/11\/12\/sad-i-djeca-biju\/"]}]},{"@type":"BreadcrumbList","@id":"https:\/\/www.visit-ulcinj.com\/blog\/2010\/11\/12\/sad-i-djeca-biju\/#breadcrumb","itemListElement":[{"@type":"ListItem","position":1,"name":"Sad i djeca biju"}]},{"@type":"Person","@id":"https:\/\/www.visit-ulcinj.com\/blog\/#\/schema\/person\/dcab619c614d3038751c63bc2aadc06d","name":"ulqini","sameAs":["http:\/\/www.visit-ulcinj.com"],"url":"https:\/\/www.visit-ulcinj.com\/blog\/author\/admin\/"}]}},"jetpack_featured_media_url":"","jetpack_sharing_enabled":true,"jetpack_shortlink":"https:\/\/wp.me\/pe6lTn-aio","_links":{"self":[{"href":"https:\/\/www.visit-ulcinj.com\/blog\/wp-json\/wp\/v2\/posts\/39580"}],"collection":[{"href":"https:\/\/www.visit-ulcinj.com\/blog\/wp-json\/wp\/v2\/posts"}],"about":[{"href":"https:\/\/www.visit-ulcinj.com\/blog\/wp-json\/wp\/v2\/types\/post"}],"author":[{"embeddable":true,"href":"https:\/\/www.visit-ulcinj.com\/blog\/wp-json\/wp\/v2\/users\/1"}],"replies":[{"embeddable":true,"href":"https:\/\/www.visit-ulcinj.com\/blog\/wp-json\/wp\/v2\/comments?post=39580"}],"version-history":[{"count":0,"href":"https:\/\/www.visit-ulcinj.com\/blog\/wp-json\/wp\/v2\/posts\/39580\/revisions"}],"wp:attachment":[{"href":"https:\/\/www.visit-ulcinj.com\/blog\/wp-json\/wp\/v2\/media?parent=39580"}],"wp:term":[{"taxonomy":"category","embeddable":true,"href":"https:\/\/www.visit-ulcinj.com\/blog\/wp-json\/wp\/v2\/categories?post=39580"},{"taxonomy":"post_tag","embeddable":true,"href":"https:\/\/www.visit-ulcinj.com\/blog\/wp-json\/wp\/v2\/tags?post=39580"}],"curies":[{"name":"wp","href":"https:\/\/api.w.org\/{rel}","templated":true}]}}