{"id":39586,"date":"2010-11-13T10:42:39","date_gmt":"2010-11-13T09:42:39","guid":{"rendered":"http:\/\/www.visit-ulcinj.com\/blog\/?p=39586"},"modified":"2010-11-13T10:43:16","modified_gmt":"2010-11-13T09:43:16","slug":"dafina-rexhepi-me-dafina-zeqirin-jemi-dy-bote-te-ku","status":"publish","type":"post","link":"https:\/\/www.visit-ulcinj.com\/blog\/2010\/11\/13\/dafina-rexhepi-me-dafina-zeqirin-jemi-dy-bote-te-ku\/","title":{"rendered":"Dafina Rexhepi: Me Dafina Zeqirin jemi dy bot\u00eb t\u00eb ku"},"content":{"rendered":"<p>Mund t\u00eb jet\u00eb lodhur gjat\u00eb t\u00eb dep\u00ebrtoj\u00eb n\u00eb muzik\u00eb, mir\u00ebpo mjaftoi vet\u00ebm nj\u00eb rast\u00ebsi e fatit q\u00eb njohu producentin dhe reperin Genc Prelvukaj, i cili i krijoi asaj kontaktet e duhura. Kush \u00ebsht\u00eb k\u00ebng\u00ebtarja Dafina Rexhepi, \u00e7far\u00eb \u00ebsht\u00eb karriera e saj prej k\u00ebng\u00ebtare, ku jeton e shum\u00eb t\u00eb tjera, m\u00ebsojm\u00eb nga intervista.<\/p>\n<p><a href=\"http:\/\/www.visit-ulcinj.com\/blog\/wp-content\/uploads\/2010\/11\/Dafina-Rexhepi-14.jpg\"><img loading=\"lazy\" class=\"alignleft size-full wp-image-39587\" title=\"Dafina-Rexhepi-14\" src=\"http:\/\/www.visit-ulcinj.com\/blog\/wp-content\/uploads\/2010\/11\/Dafina-Rexhepi-14.jpg\" alt=\"\" width=\"508\" height=\"339\" \/><\/a><\/p>\n<p><strong>Elife Kurteshi<\/strong><\/p>\n<p><strong>Dafin\u00eb, n\u00eb tregun muzikor dal\u00ebngadal\u00eb je duke krijuar nj\u00eb imazh t\u00eb mir\u00eb. N\u00eb t\u00eb v\u00ebrtet\u00eb, sa p\u00ebrputhet kjo me at\u00eb \u00e7ka je duke u p\u00ebrballur?<\/strong><\/p>\n<p>P\u00ebr t\u00eb krijuar nj\u00eb imazh t\u00eb mir\u00eb \u00ebsht\u00eb shum\u00eb normale q\u00eb duhet t\u00eb p\u00ebrballesh me sfida t\u00eb ndryshme, lodhje etj. Megjithat\u00eb, fal\u00eb ndihm\u00ebs s\u00eb miqve kam arritur t\u00eb p\u00ebrballoj \u00e7do gj\u00eb.<\/p>\n<p><strong>Cila \u00ebsht\u00eb strategjia jote p\u00ebr t\u00eb r\u00ebn\u00eb m\u00eb shum\u00eb n\u00eb sy kundrejt k\u00ebng\u00ebtareve t\u00eb tjera?<\/strong><\/p>\n<p>Gjithmon\u00eb kam pasur q\u00ebllim t\u00eb krijoj di\u00e7ka origjinale, duke filluar nga m\u00ebnyra e sjelljes e deri te drejtimi muzikor. Jan\u00eb disa detaje n\u00eb jet\u00eb q\u00eb, ndoshta, edhe pa dashur t\u00eb b\u00ebjn\u00eb t\u00eb dukesh m\u00eb ndryshe nga t\u00eb tjer\u00ebt. Sidoqoft\u00eb, fakti q\u00eb punoj shum\u00eb me veten, angazhohem jasht\u00ebzakonisht n\u00eb pun\u00eb, kam p\u00ebrkushtim t\u00eb madh p\u00ebr gjith\u00e7ka q\u00eb ka t\u00eb b\u00ebj\u00eb me mua dhe k\u00ebng\u00ebt m\u00eb b\u00ebjn\u00eb ndryshe.<\/p>\n<p><strong>Sipas teje, \u00e7far\u00eb duhet t\u00eb ket\u00eb patjet\u00ebr nj\u00eb k\u00ebng\u00ebtare?<\/strong><\/p>\n<p>-Z\u00eb, karakter t\u00eb fort\u00eb, besim dhe p\u00ebrkushtim maksimal ndaj pun\u00ebs.<\/p>\n<p><strong>Je k\u00ebng\u00ebtare e re. Si u b\u00eb q\u00eb fillove bashk\u00ebpunim me Genc Prelvukajn?<\/strong><\/p>\n<p>Me Genc Prelvukajn m\u00eb njoftoi aktori Blerim Destani, i cili \u00ebsht\u00eb, nj\u00ebkoh\u00ebsisht, edhe mik i af\u00ebrt i familjes sime. Ai m\u00eb sugjeroi t\u00eb punoja me t\u00eb dhe jam e bindur q\u00eb kam b\u00ebr\u00eb zgjidhje t\u00eb duhur.<\/p>\n<p><strong>P\u00ebrve\u00e7 k\u00ebndimit, natyrisht, nevojitet edhe ngritje intelektuale. Je lindur dhe rritur n\u00eb Gjermani. Cili \u00ebsht\u00eb niveli i shkollimit t\u00ebnd?<\/strong><\/p>\n<p>Jam n\u00eb shkoll\u00ebn e mesme n\u00eb Shtutgart t\u00eb Gjermanis\u00eb dhe mendoj q\u00eb n\u00eb vitet e ardhshme t\u00b4i filloj studimet p\u00ebr menaxhment.<\/p>\n<p><a href=\"http:\/\/www.visit-ulcinj.com\/blog\/wp-content\/uploads\/2010\/11\/Dafina-Rexhepi-8.jpg\"><img loading=\"lazy\" class=\"alignleft size-full wp-image-39588\" title=\"Dafina-Rexhepi-8\" src=\"http:\/\/www.visit-ulcinj.com\/blog\/wp-content\/uploads\/2010\/11\/Dafina-Rexhepi-8.jpg\" alt=\"\" width=\"508\" height=\"339\" \/><\/a><\/p>\n<p><strong>Sa her\u00eb q\u00eb del nj\u00eb k\u00ebng\u00ebtare e re e suksesshme, normale \u00ebsht\u00eb q\u00eb t\u00eb priten dhe krahasimet e para. Thon\u00eb se ka ngjashm\u00ebri mes teje dhe k\u00ebng\u00ebtares Dafina Zeqiri, meq\u00eb edhe ajo ka filluar hapat e par\u00eb duke bashk\u00ebpunuar me Gencin. Sa \u00ebsht\u00eb reale kjo q\u00eb thuhet?<\/strong><\/p>\n<p>Mendoj se p\u00ebrve\u00e7 emrit, gjinis\u00eb dhe llojit t\u00eb muzik\u00ebs, s\u2019kemi gj\u00ebra tjera t\u00eb p\u00ebrbashk\u00ebta. Mendoj q\u00eb jemi dy bot\u00eb t\u00eb kund\u00ebrta.<\/p>\n<p><strong>Si jan\u00eb marr\u00ebdh\u00ebniet me t\u00eb? A mund ta kesh mike dhe konkurrente n\u00eb t\u00eb nj\u00ebjt\u00ebn koh\u00eb?<\/strong><\/p>\n<p>Marr\u00ebdh\u00ebniet me t\u00eb do t\u00eb provoj t\u00b4i kem t\u00eb mira kur t\u00eb vjen koha t\u00eb njihem me t\u00eb personalisht. Nuk kam pasur rastin ta takoj. Nuk \u00ebsht\u00eb e drejt\u00eb t\u00eb m\u00eb shohin si konkurrente t\u00eb saj. Muzika \u00ebsht\u00eb treg i gjer\u00eb dhe ka vend edhe p\u00ebr dy Dafina, pa e rrezikuar nj\u00ebra tjetr\u00ebn.<\/p>\n<p><strong>Ka jet\u00eb personale n\u00eb k\u00ebng\u00ebt tua?<\/strong><\/p>\n<p>Pjes\u00ebrisht.<\/p>\n<p><strong>Cilat jan\u00eb ato elemente q\u00eb do t\u00eb duash t\u2019i nd\u00ebrthur\u00ebsh n\u00eb k\u00ebng\u00ebt tua?<\/strong><\/p>\n<p>Albumi \u00ebsht\u00eb n\u00eb shitje qe disa dit\u00eb dhe ata q\u00eb do ta ken\u00eb rastin ta d\u00ebgjojn\u00eb do t\u00eb v\u00ebrejn\u00eb dallimin<br \/>\nnga projektet tjera.<\/p>\n<p><strong>Nj\u00eb vajze t\u00eb re, t\u00eb bukur dhe k\u00ebng\u00ebtare, sigurisht nuk i mungojn\u00eb edhe ofertat. Ndonj\u00eb sekret?<\/strong><\/p>\n<p>T\u00eb gjitha ofertat profesionale filtrohen dhe p\u00ebrpunohen nga GR Entertainment. P\u00ebr gj\u00ebra private flasim herave t\u00eb tjera.<\/p>\n<p><strong>T\u00eb bezdis fakti q\u00eb mediet fillojn\u00eb t\u00eb interesohen p\u00ebr jet\u00ebn t\u00ebnde private?<\/strong><\/p>\n<p>Pak.<\/p>\n<p><a href=\"http:\/\/www.visit-ulcinj.com\/blog\/wp-content\/uploads\/2010\/11\/Dafina-Rexhepi-12.jpg\"><img loading=\"lazy\" class=\"alignleft size-full wp-image-39589\" title=\"Dafina-Rexhepi-12\" src=\"http:\/\/www.visit-ulcinj.com\/blog\/wp-content\/uploads\/2010\/11\/Dafina-Rexhepi-12.jpg\" alt=\"\" width=\"508\" height=\"339\" \/><\/a><\/p>\n<p><strong>Mendon se sa m\u00eb pak t\u00eb tregosh p\u00ebr jet\u00ebn t\u00ebnde private aq m\u00eb interesante b\u00ebhesh p\u00ebr publikun?<\/strong><\/p>\n<p>Mendoj se edhe publiku, s\u00eb pari, \u00ebsht\u00eb i interesuar t\u00eb di p\u00ebr an\u00ebn profesionale, e pastaj p\u00ebr gj\u00ebra private.<\/p>\n<!--YouTube Error: bad URL entered-->\n","protected":false},"excerpt":{"rendered":"<p>Mund t\u00eb jet\u00eb lodhur gjat\u00eb t\u00eb dep\u00ebrtoj\u00eb n\u00eb muzik\u00eb, mir\u00ebpo mjaftoi vet\u00ebm nj\u00eb rast\u00ebsi e fatit q\u00eb njohu producentin dhe reperin Genc Prelvukaj, i cili i krijoi asaj kontaktet e duhura. Kush \u00ebsht\u00eb k\u00ebng\u00ebtarja Dafina Rexhepi, \u00e7far\u00eb \u00ebsht\u00eb karriera e saj prej k\u00ebng\u00ebtare, ku jeton e shum\u00eb t\u00eb tjera, m\u00ebsojm\u00eb nga intervista. Elife Kurteshi Dafin\u00eb, [&hellip;]<\/p>\n","protected":false},"author":1,"featured_media":0,"comment_status":"open","ping_status":"closed","sticky":false,"template":"","format":"standard","meta":{"spay_email":"","jetpack_publicize_message":"","jetpack_is_tweetstorm":false,"jetpack_publicize_feature_enabled":true},"categories":[1],"tags":[15375,4926,16284,16286,16285],"jetpack_publicize_connections":[],"yoast_head":"<!-- This site is optimized with the Yoast SEO plugin v19.1 - https:\/\/yoast.com\/wordpress\/plugins\/seo\/ -->\n<title>Dafina Rexhepi: Me Dafina Zeqirin jemi dy bot\u00eb t\u00eb ku - Lajme nga Ulqini<\/title>\n<meta name=\"description\" content=\"Mund t\u00eb jet\u00eb lodhur gjat\u00eb t\u00eb dep\u00ebrtoj\u00eb n\u00eb muzik\u00eb, mir\u00ebpo mjaftoi vet\u00ebm nj\u00eb rast\u00ebsi e fatit q\u00eb njohu producentin dhe reperin Genc Prelvukaj, i cili i\" \/>\n<meta name=\"robots\" content=\"index, follow, max-snippet:-1, max-image-preview:large, max-video-preview:-1\" \/>\n<link rel=\"canonical\" href=\"https:\/\/www.visit-ulcinj.com\/blog\/2010\/11\/13\/dafina-rexhepi-me-dafina-zeqirin-jemi-dy-bote-te-ku\/\" \/>\n<meta property=\"og:locale\" content=\"en_US\" \/>\n<meta property=\"og:type\" content=\"article\" \/>\n<meta property=\"og:title\" content=\"Dafina Rexhepi: Me Dafina Zeqirin jemi dy bot\u00eb t\u00eb ku - Lajme nga Ulqini\" \/>\n<meta property=\"og:description\" content=\"Mund t\u00eb jet\u00eb lodhur gjat\u00eb t\u00eb dep\u00ebrtoj\u00eb n\u00eb muzik\u00eb, mir\u00ebpo mjaftoi vet\u00ebm nj\u00eb rast\u00ebsi e fatit q\u00eb njohu producentin dhe reperin Genc Prelvukaj, i cili i\" \/>\n<meta property=\"og:url\" content=\"https:\/\/www.visit-ulcinj.com\/blog\/2010\/11\/13\/dafina-rexhepi-me-dafina-zeqirin-jemi-dy-bote-te-ku\/\" \/>\n<meta property=\"og:site_name\" content=\"Lajme nga Ulqini\" \/>\n<meta property=\"article:published_time\" content=\"2010-11-13T09:42:39+00:00\" \/>\n<meta property=\"article:modified_time\" content=\"2010-11-13T09:43:16+00:00\" \/>\n<meta property=\"og:image\" content=\"http:\/\/www.visit-ulcinj.com\/blog\/wp-content\/uploads\/2010\/11\/Dafina-Rexhepi-14.jpg\" \/>\n<meta name=\"twitter:label1\" content=\"Written by\" \/>\n\t<meta name=\"twitter:data1\" content=\"ulqini\" \/>\n\t<meta name=\"twitter:label2\" content=\"Est. reading time\" \/>\n\t<meta name=\"twitter:data2\" content=\"3 minutes\" \/>\n<script type=\"application\/ld+json\" class=\"yoast-schema-graph\">{\"@context\":\"https:\/\/schema.org\",\"@graph\":[{\"@type\":\"WebSite\",\"@id\":\"https:\/\/www.visit-ulcinj.com\/blog\/#website\",\"url\":\"https:\/\/www.visit-ulcinj.com\/blog\/\",\"name\":\"Lajme nga Ulqini\",\"description\":\"Lajme,Vijesti,Ulqini,Ulqin,Crna Gora,Mali i Zi\",\"potentialAction\":[{\"@type\":\"SearchAction\",\"target\":{\"@type\":\"EntryPoint\",\"urlTemplate\":\"https:\/\/www.visit-ulcinj.com\/blog\/?s={search_term_string}\"},\"query-input\":\"required name=search_term_string\"}],\"inLanguage\":\"en-US\"},{\"@type\":\"ImageObject\",\"inLanguage\":\"en-US\",\"@id\":\"https:\/\/www.visit-ulcinj.com\/blog\/2010\/11\/13\/dafina-rexhepi-me-dafina-zeqirin-jemi-dy-bote-te-ku\/#primaryimage\",\"url\":\"http:\/\/www.visit-ulcinj.com\/blog\/wp-content\/uploads\/2010\/11\/Dafina-Rexhepi-14.jpg\",\"contentUrl\":\"http:\/\/www.visit-ulcinj.com\/blog\/wp-content\/uploads\/2010\/11\/Dafina-Rexhepi-14.jpg\"},{\"@type\":\"WebPage\",\"@id\":\"https:\/\/www.visit-ulcinj.com\/blog\/2010\/11\/13\/dafina-rexhepi-me-dafina-zeqirin-jemi-dy-bote-te-ku\/#webpage\",\"url\":\"https:\/\/www.visit-ulcinj.com\/blog\/2010\/11\/13\/dafina-rexhepi-me-dafina-zeqirin-jemi-dy-bote-te-ku\/\",\"name\":\"Dafina Rexhepi: Me Dafina Zeqirin jemi dy bot\u00eb t\u00eb ku - Lajme nga Ulqini\",\"isPartOf\":{\"@id\":\"https:\/\/www.visit-ulcinj.com\/blog\/#website\"},\"primaryImageOfPage\":{\"@id\":\"https:\/\/www.visit-ulcinj.com\/blog\/2010\/11\/13\/dafina-rexhepi-me-dafina-zeqirin-jemi-dy-bote-te-ku\/#primaryimage\"},\"datePublished\":\"2010-11-13T09:42:39+00:00\",\"dateModified\":\"2010-11-13T09:43:16+00:00\",\"author\":{\"@id\":\"https:\/\/www.visit-ulcinj.com\/blog\/#\/schema\/person\/dcab619c614d3038751c63bc2aadc06d\"},\"description\":\"Mund t\u00eb jet\u00eb lodhur gjat\u00eb t\u00eb dep\u00ebrtoj\u00eb n\u00eb muzik\u00eb, mir\u00ebpo mjaftoi vet\u00ebm nj\u00eb rast\u00ebsi e fatit q\u00eb njohu producentin dhe reperin Genc Prelvukaj, i cili i\",\"breadcrumb\":{\"@id\":\"https:\/\/www.visit-ulcinj.com\/blog\/2010\/11\/13\/dafina-rexhepi-me-dafina-zeqirin-jemi-dy-bote-te-ku\/#breadcrumb\"},\"inLanguage\":\"en-US\",\"potentialAction\":[{\"@type\":\"ReadAction\",\"target\":[\"https:\/\/www.visit-ulcinj.com\/blog\/2010\/11\/13\/dafina-rexhepi-me-dafina-zeqirin-jemi-dy-bote-te-ku\/\"]}]},{\"@type\":\"BreadcrumbList\",\"@id\":\"https:\/\/www.visit-ulcinj.com\/blog\/2010\/11\/13\/dafina-rexhepi-me-dafina-zeqirin-jemi-dy-bote-te-ku\/#breadcrumb\",\"itemListElement\":[{\"@type\":\"ListItem\",\"position\":1,\"name\":\"Dafina Rexhepi: Me Dafina Zeqirin jemi dy bot\u00eb t\u00eb ku\"}]},{\"@type\":\"Person\",\"@id\":\"https:\/\/www.visit-ulcinj.com\/blog\/#\/schema\/person\/dcab619c614d3038751c63bc2aadc06d\",\"name\":\"ulqini\",\"sameAs\":[\"http:\/\/www.visit-ulcinj.com\"],\"url\":\"https:\/\/www.visit-ulcinj.com\/blog\/author\/admin\/\"}]}<\/script>\n<!-- \/ Yoast SEO plugin. -->","yoast_head_json":{"title":"Dafina Rexhepi: Me Dafina Zeqirin jemi dy bot\u00eb t\u00eb ku - Lajme nga Ulqini","description":"Mund t\u00eb jet\u00eb lodhur gjat\u00eb t\u00eb dep\u00ebrtoj\u00eb n\u00eb muzik\u00eb, mir\u00ebpo mjaftoi vet\u00ebm nj\u00eb rast\u00ebsi e fatit q\u00eb njohu producentin dhe reperin Genc Prelvukaj, i cili i","robots":{"index":"index","follow":"follow","max-snippet":"max-snippet:-1","max-image-preview":"max-image-preview:large","max-video-preview":"max-video-preview:-1"},"canonical":"https:\/\/www.visit-ulcinj.com\/blog\/2010\/11\/13\/dafina-rexhepi-me-dafina-zeqirin-jemi-dy-bote-te-ku\/","og_locale":"en_US","og_type":"article","og_title":"Dafina Rexhepi: Me Dafina Zeqirin jemi dy bot\u00eb t\u00eb ku - Lajme nga Ulqini","og_description":"Mund t\u00eb jet\u00eb lodhur gjat\u00eb t\u00eb dep\u00ebrtoj\u00eb n\u00eb muzik\u00eb, mir\u00ebpo mjaftoi vet\u00ebm nj\u00eb rast\u00ebsi e fatit q\u00eb njohu producentin dhe reperin Genc Prelvukaj, i cili i","og_url":"https:\/\/www.visit-ulcinj.com\/blog\/2010\/11\/13\/dafina-rexhepi-me-dafina-zeqirin-jemi-dy-bote-te-ku\/","og_site_name":"Lajme nga Ulqini","article_published_time":"2010-11-13T09:42:39+00:00","article_modified_time":"2010-11-13T09:43:16+00:00","og_image":[{"url":"http:\/\/www.visit-ulcinj.com\/blog\/wp-content\/uploads\/2010\/11\/Dafina-Rexhepi-14.jpg"}],"twitter_misc":{"Written by":"ulqini","Est. reading time":"3 minutes"},"schema":{"@context":"https:\/\/schema.org","@graph":[{"@type":"WebSite","@id":"https:\/\/www.visit-ulcinj.com\/blog\/#website","url":"https:\/\/www.visit-ulcinj.com\/blog\/","name":"Lajme nga Ulqini","description":"Lajme,Vijesti,Ulqini,Ulqin,Crna Gora,Mali i Zi","potentialAction":[{"@type":"SearchAction","target":{"@type":"EntryPoint","urlTemplate":"https:\/\/www.visit-ulcinj.com\/blog\/?s={search_term_string}"},"query-input":"required name=search_term_string"}],"inLanguage":"en-US"},{"@type":"ImageObject","inLanguage":"en-US","@id":"https:\/\/www.visit-ulcinj.com\/blog\/2010\/11\/13\/dafina-rexhepi-me-dafina-zeqirin-jemi-dy-bote-te-ku\/#primaryimage","url":"http:\/\/www.visit-ulcinj.com\/blog\/wp-content\/uploads\/2010\/11\/Dafina-Rexhepi-14.jpg","contentUrl":"http:\/\/www.visit-ulcinj.com\/blog\/wp-content\/uploads\/2010\/11\/Dafina-Rexhepi-14.jpg"},{"@type":"WebPage","@id":"https:\/\/www.visit-ulcinj.com\/blog\/2010\/11\/13\/dafina-rexhepi-me-dafina-zeqirin-jemi-dy-bote-te-ku\/#webpage","url":"https:\/\/www.visit-ulcinj.com\/blog\/2010\/11\/13\/dafina-rexhepi-me-dafina-zeqirin-jemi-dy-bote-te-ku\/","name":"Dafina Rexhepi: Me Dafina Zeqirin jemi dy bot\u00eb t\u00eb ku - Lajme nga Ulqini","isPartOf":{"@id":"https:\/\/www.visit-ulcinj.com\/blog\/#website"},"primaryImageOfPage":{"@id":"https:\/\/www.visit-ulcinj.com\/blog\/2010\/11\/13\/dafina-rexhepi-me-dafina-zeqirin-jemi-dy-bote-te-ku\/#primaryimage"},"datePublished":"2010-11-13T09:42:39+00:00","dateModified":"2010-11-13T09:43:16+00:00","author":{"@id":"https:\/\/www.visit-ulcinj.com\/blog\/#\/schema\/person\/dcab619c614d3038751c63bc2aadc06d"},"description":"Mund t\u00eb jet\u00eb lodhur gjat\u00eb t\u00eb dep\u00ebrtoj\u00eb n\u00eb muzik\u00eb, mir\u00ebpo mjaftoi vet\u00ebm nj\u00eb rast\u00ebsi e fatit q\u00eb njohu producentin dhe reperin Genc Prelvukaj, i cili i","breadcrumb":{"@id":"https:\/\/www.visit-ulcinj.com\/blog\/2010\/11\/13\/dafina-rexhepi-me-dafina-zeqirin-jemi-dy-bote-te-ku\/#breadcrumb"},"inLanguage":"en-US","potentialAction":[{"@type":"ReadAction","target":["https:\/\/www.visit-ulcinj.com\/blog\/2010\/11\/13\/dafina-rexhepi-me-dafina-zeqirin-jemi-dy-bote-te-ku\/"]}]},{"@type":"BreadcrumbList","@id":"https:\/\/www.visit-ulcinj.com\/blog\/2010\/11\/13\/dafina-rexhepi-me-dafina-zeqirin-jemi-dy-bote-te-ku\/#breadcrumb","itemListElement":[{"@type":"ListItem","position":1,"name":"Dafina Rexhepi: Me Dafina Zeqirin jemi dy bot\u00eb t\u00eb ku"}]},{"@type":"Person","@id":"https:\/\/www.visit-ulcinj.com\/blog\/#\/schema\/person\/dcab619c614d3038751c63bc2aadc06d","name":"ulqini","sameAs":["http:\/\/www.visit-ulcinj.com"],"url":"https:\/\/www.visit-ulcinj.com\/blog\/author\/admin\/"}]}},"jetpack_featured_media_url":"","jetpack_sharing_enabled":true,"jetpack_shortlink":"https:\/\/wp.me\/pe6lTn-aiu","_links":{"self":[{"href":"https:\/\/www.visit-ulcinj.com\/blog\/wp-json\/wp\/v2\/posts\/39586"}],"collection":[{"href":"https:\/\/www.visit-ulcinj.com\/blog\/wp-json\/wp\/v2\/posts"}],"about":[{"href":"https:\/\/www.visit-ulcinj.com\/blog\/wp-json\/wp\/v2\/types\/post"}],"author":[{"embeddable":true,"href":"https:\/\/www.visit-ulcinj.com\/blog\/wp-json\/wp\/v2\/users\/1"}],"replies":[{"embeddable":true,"href":"https:\/\/www.visit-ulcinj.com\/blog\/wp-json\/wp\/v2\/comments?post=39586"}],"version-history":[{"count":0,"href":"https:\/\/www.visit-ulcinj.com\/blog\/wp-json\/wp\/v2\/posts\/39586\/revisions"}],"wp:attachment":[{"href":"https:\/\/www.visit-ulcinj.com\/blog\/wp-json\/wp\/v2\/media?parent=39586"}],"wp:term":[{"taxonomy":"category","embeddable":true,"href":"https:\/\/www.visit-ulcinj.com\/blog\/wp-json\/wp\/v2\/categories?post=39586"},{"taxonomy":"post_tag","embeddable":true,"href":"https:\/\/www.visit-ulcinj.com\/blog\/wp-json\/wp\/v2\/tags?post=39586"}],"curies":[{"name":"wp","href":"https:\/\/api.w.org\/{rel}","templated":true}]}}