{"id":39598,"date":"2010-11-13T13:48:43","date_gmt":"2010-11-13T12:48:43","guid":{"rendered":"http:\/\/www.visit-ulcinj.com\/blog\/?p=39598"},"modified":"2010-11-13T13:48:43","modified_gmt":"2010-11-13T12:48:43","slug":"ciljeta-kendon-ne-pub-me-marselin-zbulimin-e-aureles","status":"publish","type":"post","link":"https:\/\/www.visit-ulcinj.com\/blog\/2010\/11\/13\/ciljeta-kendon-ne-pub-me-marselin-zbulimin-e-aureles\/","title":{"rendered":"\u00c7iljeta k\u00ebndon n\u00eb Pub me Marselin, zbulimin e Aurel\u00ebs"},"content":{"rendered":"<p><a href=\"http:\/\/www.visit-ulcinj.com\/blog\/wp-content\/uploads\/2010\/11\/Ciljeta-me-Marselin.jpg\"><img loading=\"lazy\" class=\"alignleft size-full wp-image-39599\" title=\"Ciljeta-me-Marselin\" src=\"http:\/\/www.visit-ulcinj.com\/blog\/wp-content\/uploads\/2010\/11\/Ciljeta-me-Marselin.jpg\" alt=\"\" width=\"300\" height=\"224\" \/><\/a>Me nj\u00eb k\u00ebng\u00eb q\u00eb arriti deri n\u00eb tre milion\u00eb klikime brenda ver\u00ebs, Aurela Ga\u00e7e vulosi p\u00ebrfundimisht superhitin e k\u00ebtij viti, me k\u00ebng\u00ebn \u201cOrigjinale\u201d. Megjith\u00ebse \u00ebsht\u00eb nj\u00eb k\u00ebng\u00ebtare e madhe, nuk duhet mohuar se ishte Marseli, nj\u00eb risi e muzik\u00ebs son\u00eb q\u00eb e b\u00ebri akoma m\u00eb t\u00eb ve\u00e7ant\u00eb k\u00ebt\u00eb k\u00ebng\u00eb.<\/p>\n<p>Nd\u00ebrkoh\u00eb, t\u00eb gjith\u00eb ata q\u00eb e p\u00eblqejn\u00eb, ky djalosh q\u00eb nuk i ka mbushur akoma 15 vje\u00e7, k\u00ebndon n\u00eb nj\u00eb nga lokalet e nat\u00ebs n\u00eb fundjav\u00eb, natyrisht repertorin e tij, q\u00eb \u00ebsht\u00eb kryesisht muzika popullore. Duket se gjetja e repertorit, por edhe e k\u00ebng\u00ebtarit, ka b\u00ebr\u00eb q\u00eb n\u00eb fundjav\u00eb n\u00eb k\u00ebt\u00eb pub t\u00eb mos gjesh vende p\u00ebr t\u2019u ulur.<\/p>\n<p>Madje, nga Marseli \u00ebsht\u00eb joshur edhe \u00c7iljeta, e cila fundjav\u00ebn e kaluar jo vet\u00ebm q\u00eb ka qen\u00eb si kliente n\u00eb k\u00ebt\u00eb lokal, por nuk i ka rezistuar tundimit q\u00eb t\u00eb k\u00ebndoj\u00eb nj\u00eb k\u00ebng\u00eb s\u00eb bashku me Marselin. Mbase po mendon q\u00eb tani q\u00eb edhe ajo si Aurela t\u00eb b\u00ebj\u00eb nj\u00eb bashk\u00ebpunim me t\u00eb n\u00eb t\u00eb ardhmen?<\/p>\n<!--YouTube Error: bad URL entered-->\n","protected":false},"excerpt":{"rendered":"<p>Me nj\u00eb k\u00ebng\u00eb q\u00eb arriti deri n\u00eb tre milion\u00eb klikime brenda ver\u00ebs, Aurela Ga\u00e7e vulosi p\u00ebrfundimisht superhitin e k\u00ebtij viti, me k\u00ebng\u00ebn \u201cOrigjinale\u201d. Megjith\u00ebse \u00ebsht\u00eb nj\u00eb k\u00ebng\u00ebtare e madhe, nuk duhet mohuar se ishte Marseli, nj\u00eb risi e muzik\u00ebs son\u00eb q\u00eb e b\u00ebri akoma m\u00eb t\u00eb ve\u00e7ant\u00eb k\u00ebt\u00eb k\u00ebng\u00eb. Nd\u00ebrkoh\u00eb, t\u00eb gjith\u00eb ata q\u00eb e [&hellip;]<\/p>\n","protected":false},"author":1,"featured_media":0,"comment_status":"open","ping_status":"closed","sticky":false,"template":"","format":"standard","meta":{"spay_email":"","jetpack_publicize_message":"","jetpack_is_tweetstorm":false,"jetpack_publicize_feature_enabled":true},"categories":[1],"tags":[5088,5456,16289,9382],"jetpack_publicize_connections":[],"yoast_head":"<!-- This site is optimized with the Yoast SEO plugin v19.1 - https:\/\/yoast.com\/wordpress\/plugins\/seo\/ -->\n<title>\u00c7iljeta k\u00ebndon n\u00eb Pub me Marselin, zbulimin e Aurel\u00ebs - Lajme nga Ulqini<\/title>\n<meta name=\"description\" content=\"Me nj\u00eb k\u00ebng\u00eb q\u00eb arriti deri n\u00eb tre milion\u00eb klikime brenda ver\u00ebs, Aurela Ga\u00e7e vulosi p\u00ebrfundimisht superhitin e k\u00ebtij viti, me k\u00ebng\u00ebn \u201cOrigjinale\u201d.\" \/>\n<meta name=\"robots\" content=\"index, follow, max-snippet:-1, max-image-preview:large, max-video-preview:-1\" \/>\n<link rel=\"canonical\" href=\"https:\/\/www.visit-ulcinj.com\/blog\/2010\/11\/13\/ciljeta-kendon-ne-pub-me-marselin-zbulimin-e-aureles\/\" \/>\n<meta property=\"og:locale\" content=\"en_US\" \/>\n<meta property=\"og:type\" content=\"article\" \/>\n<meta property=\"og:title\" content=\"\u00c7iljeta k\u00ebndon n\u00eb Pub me Marselin, zbulimin e Aurel\u00ebs - Lajme nga Ulqini\" \/>\n<meta property=\"og:description\" content=\"Me nj\u00eb k\u00ebng\u00eb q\u00eb arriti deri n\u00eb tre milion\u00eb klikime brenda ver\u00ebs, Aurela Ga\u00e7e vulosi p\u00ebrfundimisht superhitin e k\u00ebtij viti, me k\u00ebng\u00ebn \u201cOrigjinale\u201d.\" \/>\n<meta property=\"og:url\" content=\"https:\/\/www.visit-ulcinj.com\/blog\/2010\/11\/13\/ciljeta-kendon-ne-pub-me-marselin-zbulimin-e-aureles\/\" \/>\n<meta property=\"og:site_name\" content=\"Lajme nga Ulqini\" \/>\n<meta property=\"article:published_time\" content=\"2010-11-13T12:48:43+00:00\" \/>\n<meta property=\"og:image\" content=\"http:\/\/www.visit-ulcinj.com\/blog\/wp-content\/uploads\/2010\/11\/Ciljeta-me-Marselin.jpg\" \/>\n<meta name=\"twitter:label1\" content=\"Written by\" \/>\n\t<meta name=\"twitter:data1\" content=\"ulqini\" \/>\n\t<meta name=\"twitter:label2\" content=\"Est. reading time\" \/>\n\t<meta name=\"twitter:data2\" content=\"1 minute\" \/>\n<script type=\"application\/ld+json\" class=\"yoast-schema-graph\">{\"@context\":\"https:\/\/schema.org\",\"@graph\":[{\"@type\":\"WebSite\",\"@id\":\"https:\/\/www.visit-ulcinj.com\/blog\/#website\",\"url\":\"https:\/\/www.visit-ulcinj.com\/blog\/\",\"name\":\"Lajme nga Ulqini\",\"description\":\"Lajme,Vijesti,Ulqini,Ulqin,Crna Gora,Mali i Zi\",\"potentialAction\":[{\"@type\":\"SearchAction\",\"target\":{\"@type\":\"EntryPoint\",\"urlTemplate\":\"https:\/\/www.visit-ulcinj.com\/blog\/?s={search_term_string}\"},\"query-input\":\"required name=search_term_string\"}],\"inLanguage\":\"en-US\"},{\"@type\":\"ImageObject\",\"inLanguage\":\"en-US\",\"@id\":\"https:\/\/www.visit-ulcinj.com\/blog\/2010\/11\/13\/ciljeta-kendon-ne-pub-me-marselin-zbulimin-e-aureles\/#primaryimage\",\"url\":\"http:\/\/www.visit-ulcinj.com\/blog\/wp-content\/uploads\/2010\/11\/Ciljeta-me-Marselin.jpg\",\"contentUrl\":\"http:\/\/www.visit-ulcinj.com\/blog\/wp-content\/uploads\/2010\/11\/Ciljeta-me-Marselin.jpg\"},{\"@type\":\"WebPage\",\"@id\":\"https:\/\/www.visit-ulcinj.com\/blog\/2010\/11\/13\/ciljeta-kendon-ne-pub-me-marselin-zbulimin-e-aureles\/#webpage\",\"url\":\"https:\/\/www.visit-ulcinj.com\/blog\/2010\/11\/13\/ciljeta-kendon-ne-pub-me-marselin-zbulimin-e-aureles\/\",\"name\":\"\u00c7iljeta k\u00ebndon n\u00eb Pub me Marselin, zbulimin e Aurel\u00ebs - Lajme nga Ulqini\",\"isPartOf\":{\"@id\":\"https:\/\/www.visit-ulcinj.com\/blog\/#website\"},\"primaryImageOfPage\":{\"@id\":\"https:\/\/www.visit-ulcinj.com\/blog\/2010\/11\/13\/ciljeta-kendon-ne-pub-me-marselin-zbulimin-e-aureles\/#primaryimage\"},\"datePublished\":\"2010-11-13T12:48:43+00:00\",\"dateModified\":\"2010-11-13T12:48:43+00:00\",\"author\":{\"@id\":\"https:\/\/www.visit-ulcinj.com\/blog\/#\/schema\/person\/dcab619c614d3038751c63bc2aadc06d\"},\"description\":\"Me nj\u00eb k\u00ebng\u00eb q\u00eb arriti deri n\u00eb tre milion\u00eb klikime brenda ver\u00ebs, Aurela Ga\u00e7e vulosi p\u00ebrfundimisht superhitin e k\u00ebtij viti, me k\u00ebng\u00ebn \u201cOrigjinale\u201d.\",\"breadcrumb\":{\"@id\":\"https:\/\/www.visit-ulcinj.com\/blog\/2010\/11\/13\/ciljeta-kendon-ne-pub-me-marselin-zbulimin-e-aureles\/#breadcrumb\"},\"inLanguage\":\"en-US\",\"potentialAction\":[{\"@type\":\"ReadAction\",\"target\":[\"https:\/\/www.visit-ulcinj.com\/blog\/2010\/11\/13\/ciljeta-kendon-ne-pub-me-marselin-zbulimin-e-aureles\/\"]}]},{\"@type\":\"BreadcrumbList\",\"@id\":\"https:\/\/www.visit-ulcinj.com\/blog\/2010\/11\/13\/ciljeta-kendon-ne-pub-me-marselin-zbulimin-e-aureles\/#breadcrumb\",\"itemListElement\":[{\"@type\":\"ListItem\",\"position\":1,\"name\":\"\u00c7iljeta k\u00ebndon n\u00eb Pub me Marselin, zbulimin e Aurel\u00ebs\"}]},{\"@type\":\"Person\",\"@id\":\"https:\/\/www.visit-ulcinj.com\/blog\/#\/schema\/person\/dcab619c614d3038751c63bc2aadc06d\",\"name\":\"ulqini\",\"sameAs\":[\"http:\/\/www.visit-ulcinj.com\"],\"url\":\"https:\/\/www.visit-ulcinj.com\/blog\/author\/admin\/\"}]}<\/script>\n<!-- \/ Yoast SEO plugin. -->","yoast_head_json":{"title":"\u00c7iljeta k\u00ebndon n\u00eb Pub me Marselin, zbulimin e Aurel\u00ebs - Lajme nga Ulqini","description":"Me nj\u00eb k\u00ebng\u00eb q\u00eb arriti deri n\u00eb tre milion\u00eb klikime brenda ver\u00ebs, Aurela Ga\u00e7e vulosi p\u00ebrfundimisht superhitin e k\u00ebtij viti, me k\u00ebng\u00ebn \u201cOrigjinale\u201d.","robots":{"index":"index","follow":"follow","max-snippet":"max-snippet:-1","max-image-preview":"max-image-preview:large","max-video-preview":"max-video-preview:-1"},"canonical":"https:\/\/www.visit-ulcinj.com\/blog\/2010\/11\/13\/ciljeta-kendon-ne-pub-me-marselin-zbulimin-e-aureles\/","og_locale":"en_US","og_type":"article","og_title":"\u00c7iljeta k\u00ebndon n\u00eb Pub me Marselin, zbulimin e Aurel\u00ebs - Lajme nga Ulqini","og_description":"Me nj\u00eb k\u00ebng\u00eb q\u00eb arriti deri n\u00eb tre milion\u00eb klikime brenda ver\u00ebs, Aurela Ga\u00e7e vulosi p\u00ebrfundimisht superhitin e k\u00ebtij viti, me k\u00ebng\u00ebn \u201cOrigjinale\u201d.","og_url":"https:\/\/www.visit-ulcinj.com\/blog\/2010\/11\/13\/ciljeta-kendon-ne-pub-me-marselin-zbulimin-e-aureles\/","og_site_name":"Lajme nga Ulqini","article_published_time":"2010-11-13T12:48:43+00:00","og_image":[{"url":"http:\/\/www.visit-ulcinj.com\/blog\/wp-content\/uploads\/2010\/11\/Ciljeta-me-Marselin.jpg"}],"twitter_misc":{"Written by":"ulqini","Est. reading time":"1 minute"},"schema":{"@context":"https:\/\/schema.org","@graph":[{"@type":"WebSite","@id":"https:\/\/www.visit-ulcinj.com\/blog\/#website","url":"https:\/\/www.visit-ulcinj.com\/blog\/","name":"Lajme nga Ulqini","description":"Lajme,Vijesti,Ulqini,Ulqin,Crna Gora,Mali i Zi","potentialAction":[{"@type":"SearchAction","target":{"@type":"EntryPoint","urlTemplate":"https:\/\/www.visit-ulcinj.com\/blog\/?s={search_term_string}"},"query-input":"required name=search_term_string"}],"inLanguage":"en-US"},{"@type":"ImageObject","inLanguage":"en-US","@id":"https:\/\/www.visit-ulcinj.com\/blog\/2010\/11\/13\/ciljeta-kendon-ne-pub-me-marselin-zbulimin-e-aureles\/#primaryimage","url":"http:\/\/www.visit-ulcinj.com\/blog\/wp-content\/uploads\/2010\/11\/Ciljeta-me-Marselin.jpg","contentUrl":"http:\/\/www.visit-ulcinj.com\/blog\/wp-content\/uploads\/2010\/11\/Ciljeta-me-Marselin.jpg"},{"@type":"WebPage","@id":"https:\/\/www.visit-ulcinj.com\/blog\/2010\/11\/13\/ciljeta-kendon-ne-pub-me-marselin-zbulimin-e-aureles\/#webpage","url":"https:\/\/www.visit-ulcinj.com\/blog\/2010\/11\/13\/ciljeta-kendon-ne-pub-me-marselin-zbulimin-e-aureles\/","name":"\u00c7iljeta k\u00ebndon n\u00eb Pub me Marselin, zbulimin e Aurel\u00ebs - Lajme nga Ulqini","isPartOf":{"@id":"https:\/\/www.visit-ulcinj.com\/blog\/#website"},"primaryImageOfPage":{"@id":"https:\/\/www.visit-ulcinj.com\/blog\/2010\/11\/13\/ciljeta-kendon-ne-pub-me-marselin-zbulimin-e-aureles\/#primaryimage"},"datePublished":"2010-11-13T12:48:43+00:00","dateModified":"2010-11-13T12:48:43+00:00","author":{"@id":"https:\/\/www.visit-ulcinj.com\/blog\/#\/schema\/person\/dcab619c614d3038751c63bc2aadc06d"},"description":"Me nj\u00eb k\u00ebng\u00eb q\u00eb arriti deri n\u00eb tre milion\u00eb klikime brenda ver\u00ebs, Aurela Ga\u00e7e vulosi p\u00ebrfundimisht superhitin e k\u00ebtij viti, me k\u00ebng\u00ebn \u201cOrigjinale\u201d.","breadcrumb":{"@id":"https:\/\/www.visit-ulcinj.com\/blog\/2010\/11\/13\/ciljeta-kendon-ne-pub-me-marselin-zbulimin-e-aureles\/#breadcrumb"},"inLanguage":"en-US","potentialAction":[{"@type":"ReadAction","target":["https:\/\/www.visit-ulcinj.com\/blog\/2010\/11\/13\/ciljeta-kendon-ne-pub-me-marselin-zbulimin-e-aureles\/"]}]},{"@type":"BreadcrumbList","@id":"https:\/\/www.visit-ulcinj.com\/blog\/2010\/11\/13\/ciljeta-kendon-ne-pub-me-marselin-zbulimin-e-aureles\/#breadcrumb","itemListElement":[{"@type":"ListItem","position":1,"name":"\u00c7iljeta k\u00ebndon n\u00eb Pub me Marselin, zbulimin e Aurel\u00ebs"}]},{"@type":"Person","@id":"https:\/\/www.visit-ulcinj.com\/blog\/#\/schema\/person\/dcab619c614d3038751c63bc2aadc06d","name":"ulqini","sameAs":["http:\/\/www.visit-ulcinj.com"],"url":"https:\/\/www.visit-ulcinj.com\/blog\/author\/admin\/"}]}},"jetpack_featured_media_url":"","jetpack_sharing_enabled":true,"jetpack_shortlink":"https:\/\/wp.me\/pe6lTn-aiG","_links":{"self":[{"href":"https:\/\/www.visit-ulcinj.com\/blog\/wp-json\/wp\/v2\/posts\/39598"}],"collection":[{"href":"https:\/\/www.visit-ulcinj.com\/blog\/wp-json\/wp\/v2\/posts"}],"about":[{"href":"https:\/\/www.visit-ulcinj.com\/blog\/wp-json\/wp\/v2\/types\/post"}],"author":[{"embeddable":true,"href":"https:\/\/www.visit-ulcinj.com\/blog\/wp-json\/wp\/v2\/users\/1"}],"replies":[{"embeddable":true,"href":"https:\/\/www.visit-ulcinj.com\/blog\/wp-json\/wp\/v2\/comments?post=39598"}],"version-history":[{"count":0,"href":"https:\/\/www.visit-ulcinj.com\/blog\/wp-json\/wp\/v2\/posts\/39598\/revisions"}],"wp:attachment":[{"href":"https:\/\/www.visit-ulcinj.com\/blog\/wp-json\/wp\/v2\/media?parent=39598"}],"wp:term":[{"taxonomy":"category","embeddable":true,"href":"https:\/\/www.visit-ulcinj.com\/blog\/wp-json\/wp\/v2\/categories?post=39598"},{"taxonomy":"post_tag","embeddable":true,"href":"https:\/\/www.visit-ulcinj.com\/blog\/wp-json\/wp\/v2\/tags?post=39598"}],"curies":[{"name":"wp","href":"https:\/\/api.w.org\/{rel}","templated":true}]}}