{"id":39601,"date":"2010-11-13T18:52:42","date_gmt":"2010-11-13T17:52:42","guid":{"rendered":"http:\/\/www.visit-ulcinj.com\/blog\/?p=39601"},"modified":"2010-11-13T18:52:42","modified_gmt":"2010-11-13T17:52:42","slug":"cungudinosha-s%e2%80%99kemi-pasur-perfaqesues-ne-themelimin-e-listes-per-shqiperine-natyrale","status":"publish","type":"post","link":"https:\/\/www.visit-ulcinj.com\/blog\/2010\/11\/13\/cungudinosha-s%e2%80%99kemi-pasur-perfaqesues-ne-themelimin-e-listes-per-shqiperine-natyrale\/","title":{"rendered":"Cungu\/Dinosha: S\u2019kemi pasur p\u00ebrfaq\u00ebsues n\u00eb themelimin e List\u00ebs p\u00ebr Shqip\u00ebrin\u00eb Natyrale"},"content":{"rendered":"<p><a href=\"http:\/\/www.visit-ulcinj.com\/blog\/wp-content\/uploads\/2010\/11\/Cungu-Dinosha_-Skemi-pasur-perfaqesues-ne-themelimin-e-Listes-p\u00ebr-Shqiperin-Natyrale.jpg\"><img loading=\"lazy\" class=\"alignleft size-full wp-image-39602\" title=\"Cungu-Dinosha_ Skemi pasur perfaqesues ne themelimin e Listes p\u00ebr Shqiperin Natyrale\" src=\"http:\/\/www.visit-ulcinj.com\/blog\/wp-content\/uploads\/2010\/11\/Cungu-Dinosha_-Skemi-pasur-perfaqesues-ne-themelimin-e-Listes-p\u00ebr-Shqiperin-Natyrale.jpg\" alt=\"\" width=\"320\" height=\"520\" \/><\/a>Ulqin\/Podgoric\u00eb, 13 n\u00ebntor &#8211;\u00a0 Lider\u00ebt e dy partive shqiptare n\u00eb Malin e Zi kan\u00eb mohuar t\u00eb ken\u00eb pasur ndonj\u00eb p\u00ebrfaq\u00ebsues t\u00eb vetin n\u00eb themelimin e List\u00ebs p\u00ebr Shqip\u00ebrin\u00eb Natyrale s\u00eb Ko\u00e7o Danajt.<br \/>\nN\u00eb nj\u00eb prononcim t\u00eb shtun\u00ebn, p\u00ebr KosovaLive kryetari i Forc\u00ebs s\u00eb Re Demokratike, partis\u00eb m\u00eb t\u00eb madhe t\u00eb shqiptar\u00ebve n\u00eb Ulqin, Nazif Cungu, ka deklaruar se askush nga p\u00ebrfaq\u00ebsuesit tan\u00eb nuk ka qen\u00eb n\u00eb Tiran\u00eb n\u00eb aktin e themelimit t\u00eb List\u00ebs p\u00ebr Shqip\u00ebrin\u00eb Natyrale, q\u00eb e p\u00ebrfaq\u00ebson Ko\u00e7o Danajn, t\u00eb cilin ai thot se e nuk e njeh.<\/p>\n<p>\u201cA ka shkuar dikush me vet\u00ebiniciativ\u00eb, kjo \u00ebsht\u00eb \u00e7\u00ebshtje tjet\u00ebr, por e di se askush nga p\u00ebrfaq\u00ebsuesit tan\u00eb nuk ka qen\u00eb atje, pohon Cungu.<br \/>\nEdhe Ferhat Dinosha, kryetar i Unionit Demokratik t\u00eb Shqiptar\u00ebve,aktualisht minist\u00ebr mbi t\u00eb drejtat e njeriut dhe t\u00eb pakicave n\u00eb qeverin\u00eb malazeze, citohet t\u00eb ket\u00eb deklaruar ngjash\u00ebm.<br \/>\nPohimet e kryetarit t\u00eb List\u00ebs p\u00ebr Shqip\u00ebrin\u00eb Natyrale, Ko\u00e7o Danaj se, gjoja n\u00eb kuvendin themelues n\u00eb Tiran\u00eb kan\u00eb marr\u00eb pjes\u00eb 45 shqiptar\u00eb nga Mali i Zi, nga Ulqini,Tuzi, Podgorica, Plava dhe Gucia \u201cdhe ndonj\u00ebri prej tyre \u00ebsht\u00eb i angazhuar n\u00eb UDSH dhe n\u00eb Forca\u201d, Dinosha i quan \u201cdiletantiz\u00ebm politik\u201d, nd\u00ebrsa lideri i Forc\u00ebs, Nazif Cungu \u201cspekulim politik\u201d.<br \/>\nKo\u00e7o Danaj nga mediat e Podgoric\u00ebs citohet t\u00eb shtun\u00ebn t\u00eb ket\u00eb th\u00ebn\u00eb se sa i p\u00ebrket legalizimit t\u00eb tyre n\u00eb Mlain e Zi, shum\u00eb shpejt ithtar\u00ebt e tyre do t\u00eb themelojn\u00eb shoqat\u00ebn kulturore \u201cShqip\u00ebria natyrale\u201d.<br \/>\nSi\u00e7 \u00ebsht\u00eb kumtuar, Lista p\u00ebr Shqip\u00ebrin\u00eb Natyrale angazhohet p\u00ebr themelimin e shtetit t\u00eb p\u00ebrbashk\u00ebt shqiptar, t\u00eb cilin do ta p\u00ebrb\u00ebnin p\u00ebrve\u00e7 Shqip\u00ebris\u00eb dhe Kosov\u00ebs, edhe trojet shqiptare n\u00eb Malin e Zi,Serbi, Maqedoni dhe Greqi.<br \/>\nN\u00eb kuvendin themelues t\u00eb List\u00ebs s\u00eb Shqip\u00ebris\u00eb Natyrale pohohet t\u00eb jet\u00eb d\u00ebgjuar q\u00eb \u00e7\u00ebshtja shqiptare n\u00eb Ballkan do t\u00eb duhej t\u00eb zgjidhej deri n\u00eb fund t\u00eb vitit 2013 me formimin e shtetit t\u00eb p\u00ebrbashk\u00ebt, ku do t\u00eb p\u00ebrfshiheshin t\u00eb gjitha trojet n\u00eb t\u00eb cilat jetojn\u00eb shqiptar\u00ebt.<br \/>\n\u00c7\u00ebshtjen e List\u00ebs s\u00eb Shqip\u00ebris\u00eb Natyrale mediat malazeze po e trajtojn\u00eb duksh\u00ebm.<br \/>\nPresident\u00ebt e Malit t\u00eb Zi dhe Maqedonis\u00eb, Filip Vujanovic dhe George Ivanov, jan\u00eb dakorduar dit\u00eb m\u00eb par\u00eb n\u00eb Podgoric\u00eb se ideja e Shqip\u00ebris\u00eb natyrale nuk \u00ebsht\u00eb reale dhe nuk mund t\u00eb ket\u00eb p\u00ebrkrahje, dhe se p\u00ebrdoret vet\u00ebm p\u00ebr retorik\u00ebn zgjedhore si dhe p\u00ebr mobilizimin politik.<\/p>\n<p><strong>Koha Net<\/strong><\/p>\n","protected":false},"excerpt":{"rendered":"<p>Ulqin\/Podgoric\u00eb, 13 n\u00ebntor &#8211;\u00a0 Lider\u00ebt e dy partive shqiptare n\u00eb Malin e Zi kan\u00eb mohuar t\u00eb ken\u00eb pasur ndonj\u00eb p\u00ebrfaq\u00ebsues t\u00eb vetin n\u00eb themelimin e List\u00ebs p\u00ebr Shqip\u00ebrin\u00eb Natyrale s\u00eb Ko\u00e7o Danajt. N\u00eb nj\u00eb prononcim t\u00eb shtun\u00ebn, p\u00ebr KosovaLive kryetari i Forc\u00ebs s\u00eb Re Demokratike, partis\u00eb m\u00eb t\u00eb madhe t\u00eb shqiptar\u00ebve n\u00eb Ulqin, Nazif Cungu, [&hellip;]<\/p>\n","protected":false},"author":1,"featured_media":0,"comment_status":"open","ping_status":"closed","sticky":false,"template":"","format":"standard","meta":{"spay_email":"","jetpack_publicize_message":"","jetpack_is_tweetstorm":false,"jetpack_publicize_feature_enabled":true},"categories":[6],"tags":[97,93,16293,10997,16291,49,16292,5185,16290,3085,3945,118,195,4644,10897],"jetpack_publicize_connections":[],"yoast_head":"<!-- This site is optimized with the Yoast SEO plugin v19.1 - https:\/\/yoast.com\/wordpress\/plugins\/seo\/ -->\n<title>Cungu\/Dinosha: S\u2019kemi pasur p\u00ebrfaq\u00ebsues n\u00eb themelimin e List\u00ebs p\u00ebr Shqip\u00ebrin\u00eb Natyrale - Lajme nga Ulqini<\/title>\n<meta name=\"description\" content=\"Ulqin\/Podgoric\u00eb, 13 n\u00ebntor -\u00a0 Lider\u00ebt e dy partive shqiptare n\u00eb Malin e Zi kan\u00eb mohuar t\u00eb ken\u00eb pasur ndonj\u00eb p\u00ebrfaq\u00ebsues t\u00eb vetin n\u00eb themelimin e List\u00ebs\" \/>\n<meta name=\"robots\" content=\"index, follow, max-snippet:-1, max-image-preview:large, max-video-preview:-1\" \/>\n<link rel=\"canonical\" href=\"https:\/\/www.visit-ulcinj.com\/blog\/2010\/11\/13\/cungudinosha-s\u2019kemi-pasur-perfaqesues-ne-themelimin-e-listes-per-shqiperine-natyrale\/\" \/>\n<meta property=\"og:locale\" content=\"en_US\" \/>\n<meta property=\"og:type\" content=\"article\" \/>\n<meta property=\"og:title\" content=\"Cungu\/Dinosha: S\u2019kemi pasur p\u00ebrfaq\u00ebsues n\u00eb themelimin e List\u00ebs p\u00ebr Shqip\u00ebrin\u00eb Natyrale - Lajme nga Ulqini\" \/>\n<meta property=\"og:description\" content=\"Ulqin\/Podgoric\u00eb, 13 n\u00ebntor -\u00a0 Lider\u00ebt e dy partive shqiptare n\u00eb Malin e Zi kan\u00eb mohuar t\u00eb ken\u00eb pasur ndonj\u00eb p\u00ebrfaq\u00ebsues t\u00eb vetin n\u00eb themelimin e List\u00ebs\" \/>\n<meta property=\"og:url\" content=\"https:\/\/www.visit-ulcinj.com\/blog\/2010\/11\/13\/cungudinosha-s\u2019kemi-pasur-perfaqesues-ne-themelimin-e-listes-per-shqiperine-natyrale\/\" \/>\n<meta property=\"og:site_name\" content=\"Lajme nga Ulqini\" \/>\n<meta property=\"article:published_time\" content=\"2010-11-13T17:52:42+00:00\" \/>\n<meta name=\"twitter:label1\" content=\"Written by\" \/>\n\t<meta name=\"twitter:data1\" content=\"ulqini\" \/>\n\t<meta name=\"twitter:label2\" content=\"Est. reading time\" \/>\n\t<meta name=\"twitter:data2\" content=\"2 minutes\" \/>\n<script type=\"application\/ld+json\" class=\"yoast-schema-graph\">{\"@context\":\"https:\/\/schema.org\",\"@graph\":[{\"@type\":\"WebSite\",\"@id\":\"https:\/\/www.visit-ulcinj.com\/blog\/#website\",\"url\":\"https:\/\/www.visit-ulcinj.com\/blog\/\",\"name\":\"Lajme nga Ulqini\",\"description\":\"Lajme,Vijesti,Ulqini,Ulqin,Crna Gora,Mali i Zi\",\"potentialAction\":[{\"@type\":\"SearchAction\",\"target\":{\"@type\":\"EntryPoint\",\"urlTemplate\":\"https:\/\/www.visit-ulcinj.com\/blog\/?s={search_term_string}\"},\"query-input\":\"required name=search_term_string\"}],\"inLanguage\":\"en-US\"},{\"@type\":\"WebPage\",\"@id\":\"https:\/\/www.visit-ulcinj.com\/blog\/2010\/11\/13\/cungudinosha-s%e2%80%99kemi-pasur-perfaqesues-ne-themelimin-e-listes-per-shqiperine-natyrale\/#webpage\",\"url\":\"https:\/\/www.visit-ulcinj.com\/blog\/2010\/11\/13\/cungudinosha-s%e2%80%99kemi-pasur-perfaqesues-ne-themelimin-e-listes-per-shqiperine-natyrale\/\",\"name\":\"Cungu\/Dinosha: S\u2019kemi pasur p\u00ebrfaq\u00ebsues n\u00eb themelimin e List\u00ebs p\u00ebr Shqip\u00ebrin\u00eb Natyrale - Lajme nga Ulqini\",\"isPartOf\":{\"@id\":\"https:\/\/www.visit-ulcinj.com\/blog\/#website\"},\"datePublished\":\"2010-11-13T17:52:42+00:00\",\"dateModified\":\"2010-11-13T17:52:42+00:00\",\"author\":{\"@id\":\"https:\/\/www.visit-ulcinj.com\/blog\/#\/schema\/person\/dcab619c614d3038751c63bc2aadc06d\"},\"description\":\"Ulqin\/Podgoric\u00eb, 13 n\u00ebntor -\u00a0 Lider\u00ebt e dy partive shqiptare n\u00eb Malin e Zi kan\u00eb mohuar t\u00eb ken\u00eb pasur ndonj\u00eb p\u00ebrfaq\u00ebsues t\u00eb vetin n\u00eb themelimin e List\u00ebs\",\"breadcrumb\":{\"@id\":\"https:\/\/www.visit-ulcinj.com\/blog\/2010\/11\/13\/cungudinosha-s%e2%80%99kemi-pasur-perfaqesues-ne-themelimin-e-listes-per-shqiperine-natyrale\/#breadcrumb\"},\"inLanguage\":\"en-US\",\"potentialAction\":[{\"@type\":\"ReadAction\",\"target\":[\"https:\/\/www.visit-ulcinj.com\/blog\/2010\/11\/13\/cungudinosha-s%e2%80%99kemi-pasur-perfaqesues-ne-themelimin-e-listes-per-shqiperine-natyrale\/\"]}]},{\"@type\":\"BreadcrumbList\",\"@id\":\"https:\/\/www.visit-ulcinj.com\/blog\/2010\/11\/13\/cungudinosha-s%e2%80%99kemi-pasur-perfaqesues-ne-themelimin-e-listes-per-shqiperine-natyrale\/#breadcrumb\",\"itemListElement\":[{\"@type\":\"ListItem\",\"position\":1,\"name\":\"Cungu\/Dinosha: S\u2019kemi pasur p\u00ebrfaq\u00ebsues n\u00eb themelimin e List\u00ebs p\u00ebr Shqip\u00ebrin\u00eb Natyrale\"}]},{\"@type\":\"Person\",\"@id\":\"https:\/\/www.visit-ulcinj.com\/blog\/#\/schema\/person\/dcab619c614d3038751c63bc2aadc06d\",\"name\":\"ulqini\",\"sameAs\":[\"http:\/\/www.visit-ulcinj.com\"],\"url\":\"https:\/\/www.visit-ulcinj.com\/blog\/author\/admin\/\"}]}<\/script>\n<!-- \/ Yoast SEO plugin. -->","yoast_head_json":{"title":"Cungu\/Dinosha: S\u2019kemi pasur p\u00ebrfaq\u00ebsues n\u00eb themelimin e List\u00ebs p\u00ebr Shqip\u00ebrin\u00eb Natyrale - Lajme nga Ulqini","description":"Ulqin\/Podgoric\u00eb, 13 n\u00ebntor -\u00a0 Lider\u00ebt e dy partive shqiptare n\u00eb Malin e Zi kan\u00eb mohuar t\u00eb ken\u00eb pasur ndonj\u00eb p\u00ebrfaq\u00ebsues t\u00eb vetin n\u00eb themelimin e List\u00ebs","robots":{"index":"index","follow":"follow","max-snippet":"max-snippet:-1","max-image-preview":"max-image-preview:large","max-video-preview":"max-video-preview:-1"},"canonical":"https:\/\/www.visit-ulcinj.com\/blog\/2010\/11\/13\/cungudinosha-s\u2019kemi-pasur-perfaqesues-ne-themelimin-e-listes-per-shqiperine-natyrale\/","og_locale":"en_US","og_type":"article","og_title":"Cungu\/Dinosha: S\u2019kemi pasur p\u00ebrfaq\u00ebsues n\u00eb themelimin e List\u00ebs p\u00ebr Shqip\u00ebrin\u00eb Natyrale - Lajme nga Ulqini","og_description":"Ulqin\/Podgoric\u00eb, 13 n\u00ebntor -\u00a0 Lider\u00ebt e dy partive shqiptare n\u00eb Malin e Zi kan\u00eb mohuar t\u00eb ken\u00eb pasur ndonj\u00eb p\u00ebrfaq\u00ebsues t\u00eb vetin n\u00eb themelimin e List\u00ebs","og_url":"https:\/\/www.visit-ulcinj.com\/blog\/2010\/11\/13\/cungudinosha-s\u2019kemi-pasur-perfaqesues-ne-themelimin-e-listes-per-shqiperine-natyrale\/","og_site_name":"Lajme nga Ulqini","article_published_time":"2010-11-13T17:52:42+00:00","twitter_misc":{"Written by":"ulqini","Est. reading time":"2 minutes"},"schema":{"@context":"https:\/\/schema.org","@graph":[{"@type":"WebSite","@id":"https:\/\/www.visit-ulcinj.com\/blog\/#website","url":"https:\/\/www.visit-ulcinj.com\/blog\/","name":"Lajme nga Ulqini","description":"Lajme,Vijesti,Ulqini,Ulqin,Crna Gora,Mali i Zi","potentialAction":[{"@type":"SearchAction","target":{"@type":"EntryPoint","urlTemplate":"https:\/\/www.visit-ulcinj.com\/blog\/?s={search_term_string}"},"query-input":"required name=search_term_string"}],"inLanguage":"en-US"},{"@type":"WebPage","@id":"https:\/\/www.visit-ulcinj.com\/blog\/2010\/11\/13\/cungudinosha-s%e2%80%99kemi-pasur-perfaqesues-ne-themelimin-e-listes-per-shqiperine-natyrale\/#webpage","url":"https:\/\/www.visit-ulcinj.com\/blog\/2010\/11\/13\/cungudinosha-s%e2%80%99kemi-pasur-perfaqesues-ne-themelimin-e-listes-per-shqiperine-natyrale\/","name":"Cungu\/Dinosha: S\u2019kemi pasur p\u00ebrfaq\u00ebsues n\u00eb themelimin e List\u00ebs p\u00ebr Shqip\u00ebrin\u00eb Natyrale - Lajme nga Ulqini","isPartOf":{"@id":"https:\/\/www.visit-ulcinj.com\/blog\/#website"},"datePublished":"2010-11-13T17:52:42+00:00","dateModified":"2010-11-13T17:52:42+00:00","author":{"@id":"https:\/\/www.visit-ulcinj.com\/blog\/#\/schema\/person\/dcab619c614d3038751c63bc2aadc06d"},"description":"Ulqin\/Podgoric\u00eb, 13 n\u00ebntor -\u00a0 Lider\u00ebt e dy partive shqiptare n\u00eb Malin e Zi kan\u00eb mohuar t\u00eb ken\u00eb pasur ndonj\u00eb p\u00ebrfaq\u00ebsues t\u00eb vetin n\u00eb themelimin e List\u00ebs","breadcrumb":{"@id":"https:\/\/www.visit-ulcinj.com\/blog\/2010\/11\/13\/cungudinosha-s%e2%80%99kemi-pasur-perfaqesues-ne-themelimin-e-listes-per-shqiperine-natyrale\/#breadcrumb"},"inLanguage":"en-US","potentialAction":[{"@type":"ReadAction","target":["https:\/\/www.visit-ulcinj.com\/blog\/2010\/11\/13\/cungudinosha-s%e2%80%99kemi-pasur-perfaqesues-ne-themelimin-e-listes-per-shqiperine-natyrale\/"]}]},{"@type":"BreadcrumbList","@id":"https:\/\/www.visit-ulcinj.com\/blog\/2010\/11\/13\/cungudinosha-s%e2%80%99kemi-pasur-perfaqesues-ne-themelimin-e-listes-per-shqiperine-natyrale\/#breadcrumb","itemListElement":[{"@type":"ListItem","position":1,"name":"Cungu\/Dinosha: S\u2019kemi pasur p\u00ebrfaq\u00ebsues n\u00eb themelimin e List\u00ebs p\u00ebr Shqip\u00ebrin\u00eb Natyrale"}]},{"@type":"Person","@id":"https:\/\/www.visit-ulcinj.com\/blog\/#\/schema\/person\/dcab619c614d3038751c63bc2aadc06d","name":"ulqini","sameAs":["http:\/\/www.visit-ulcinj.com"],"url":"https:\/\/www.visit-ulcinj.com\/blog\/author\/admin\/"}]}},"jetpack_featured_media_url":"","jetpack_sharing_enabled":true,"jetpack_shortlink":"https:\/\/wp.me\/pe6lTn-aiJ","_links":{"self":[{"href":"https:\/\/www.visit-ulcinj.com\/blog\/wp-json\/wp\/v2\/posts\/39601"}],"collection":[{"href":"https:\/\/www.visit-ulcinj.com\/blog\/wp-json\/wp\/v2\/posts"}],"about":[{"href":"https:\/\/www.visit-ulcinj.com\/blog\/wp-json\/wp\/v2\/types\/post"}],"author":[{"embeddable":true,"href":"https:\/\/www.visit-ulcinj.com\/blog\/wp-json\/wp\/v2\/users\/1"}],"replies":[{"embeddable":true,"href":"https:\/\/www.visit-ulcinj.com\/blog\/wp-json\/wp\/v2\/comments?post=39601"}],"version-history":[{"count":0,"href":"https:\/\/www.visit-ulcinj.com\/blog\/wp-json\/wp\/v2\/posts\/39601\/revisions"}],"wp:attachment":[{"href":"https:\/\/www.visit-ulcinj.com\/blog\/wp-json\/wp\/v2\/media?parent=39601"}],"wp:term":[{"taxonomy":"category","embeddable":true,"href":"https:\/\/www.visit-ulcinj.com\/blog\/wp-json\/wp\/v2\/categories?post=39601"},{"taxonomy":"post_tag","embeddable":true,"href":"https:\/\/www.visit-ulcinj.com\/blog\/wp-json\/wp\/v2\/tags?post=39601"}],"curies":[{"name":"wp","href":"https:\/\/api.w.org\/{rel}","templated":true}]}}