{"id":3961,"date":"2008-10-06T10:43:44","date_gmt":"2008-10-06T15:43:44","guid":{"rendered":"http:\/\/www.visit-ulcinj.com\/blog\/?p=3961"},"modified":"2008-10-17T13:31:37","modified_gmt":"2008-10-17T18:31:37","slug":"nemacka-ostaje-najveci-donator-crne-gore","status":"publish","type":"post","link":"https:\/\/www.visit-ulcinj.com\/blog\/2008\/10\/06\/nemacka-ostaje-najveci-donator-crne-gore\/","title":{"rendered":"Nema?ka ostaje najve?i donator Crne Gore"},"content":{"rendered":"<p><a href=\"http:\/\/www.seebiz.eu\/files\/img\/2007\/11\/14\/vujica-lazovic.jpg\"><img loading=\"lazy\" class=\"alignleft\" src=\"http:\/\/www.seebiz.eu\/files\/img\/2007\/11\/14\/vujica-lazovic.jpg\" alt=\"\" width=\"293\" height=\"203\" \/><\/a>Nema?ka je najve?i bilateralni donator Crne Gore, a, sude?i po najavama nema?kih zvani?nika, to ?e i ostati. U Podgorici je pro\u0161le sedmice potpisan godi\u0161nji Protokol o privrednoj saradnji Nema?ke i Crne Gore.<br \/>\nOd 2000. godine vlada u Berlinu je za razne projekte, uglavnom infrastrukturne, odobrila je Crnoj Gori oko 200 miliona evra, dok ?e ove godine suma odobrenih sredstava pre?i 50 miliona evra.<br \/>\nAko se ima u vidu i ?injenica da je zna?ajan i nema?ki udeo u sredstvima koje Crna Gora dobija iz evropskih fondova, onda je jasno da je Nema?ka strate\u0161ki partner Crne Gore. Nema?ka ambasada u Podgorici izrazila je spremnost za &#8220;pru\u017eanje podr\u0161ke svim reformskim naporima i volju da zajedno sa proevropskim snagama u Crnoj Gori uklanja prepreke koje se budu na\u0161le na putu evropskih integracija ove zemlje\u201c.<br \/>\nUzima a ni\u0161ta ne daje<br \/>\nIzra\u017eavaju?i zadovoljstvo potpisivanjem novog protokola o ekonomskoj saradnji dveju zemalja, potpredsednik crnogorske vlade Vujica Lazovi? je kazao: &#8220;Nisu u pitanju samo zna?ajna finansijska sredstva koliko su zna?ajni prostori koji se obezbje?uju kroz ekspertsku saradnju i saradnju sa jednom od najmo?nijih zemalja Evropske unije.\u201c<br \/>\nAli, osim zvani?nog optimizma i visokih donacija, ?injenica je da ima i nesuglasica u odnosima izme?u Crne Gore i Nema?ke. Na neke od njih u izjavi za Radio Doj?e vele ukazuje predsednik Crnogorsko-nema?kog dru\u0161tva Vuka\u0161in ?ulafi?:<br \/>\n&#8220;Nema?ka mnogo vi\u0161e pru\u017ea nama nego \u0161to mi, eventualno, na bilo koji drugi na?in, pru\u017eamo Nemcima. Do sada na velikim tenderima nema?ke kompanije nisu dobijale poslove u Crnoj Gori, i drugo, ja sam veoma nesre?an, \u0161to smo mi, Crnogorci, bukvalno \u2019proterali\u2019 nema?ke turiste, odnosno \u0161to smo ostali bez prvaka sveta u putovanjima. A tamo gde Nemci zaka\u017eu, u nekoj turisti?koj regiji, zaka\u017ee i turizam. To bi se moglo uklopiti u pri?u o na\u0161oj ovogodi\u0161njoj turisti?koj  sezoni.\u201c<br \/>\n<strong>Mustafa Canka<br \/>\nIzvor \/ Deutsche Welle<\/strong><\/p>\n","protected":false},"excerpt":{"rendered":"<p>Nema?ka je najve?i bilateralni donator Crne Gore, a, sude?i po najavama nema?kih zvani?nika, to ?e i ostati. U Podgorici je pro\u0161le sedmice potpisan godi\u0161nji Protokol o privrednoj saradnji Nema?ke i Crne Gore. Od 2000. godine vlada u Berlinu je za razne projekte, uglavnom infrastrukturne, odobrila je Crnoj Gori oko 200 miliona evra, dok ?e ove [&hellip;]<\/p>\n","protected":false},"author":1,"featured_media":0,"comment_status":"open","ping_status":"closed","sticky":false,"template":"","format":"standard","meta":{"spay_email":"","jetpack_publicize_message":"","jetpack_is_tweetstorm":false,"jetpack_publicize_feature_enabled":true},"categories":[10,12],"tags":[20,19],"jetpack_publicize_connections":[],"yoast_head":"<!-- This site is optimized with the Yoast SEO plugin v19.1 - https:\/\/yoast.com\/wordpress\/plugins\/seo\/ -->\n<title>Nema?ka ostaje najve?i donator Crne Gore - Lajme nga Ulqini<\/title>\n<meta name=\"description\" content=\"Nema?ka je najve?i bilateralni donator Crne Gore, a, sude?i po najavama nema?kih zvani?nika, to ?e i ostati. U Podgorici je pro\u0161le sedmice potpisan\" \/>\n<meta name=\"robots\" content=\"index, follow, max-snippet:-1, max-image-preview:large, max-video-preview:-1\" \/>\n<link rel=\"canonical\" href=\"https:\/\/www.visit-ulcinj.com\/blog\/2008\/10\/06\/nemacka-ostaje-najveci-donator-crne-gore\/\" \/>\n<meta property=\"og:locale\" content=\"en_US\" \/>\n<meta property=\"og:type\" content=\"article\" \/>\n<meta property=\"og:title\" content=\"Nema?ka ostaje najve?i donator Crne Gore - Lajme nga Ulqini\" \/>\n<meta property=\"og:description\" content=\"Nema?ka je najve?i bilateralni donator Crne Gore, a, sude?i po najavama nema?kih zvani?nika, to ?e i ostati. U Podgorici je pro\u0161le sedmice potpisan\" \/>\n<meta property=\"og:url\" content=\"https:\/\/www.visit-ulcinj.com\/blog\/2008\/10\/06\/nemacka-ostaje-najveci-donator-crne-gore\/\" \/>\n<meta property=\"og:site_name\" content=\"Lajme nga Ulqini\" \/>\n<meta property=\"article:published_time\" content=\"2008-10-06T15:43:44+00:00\" \/>\n<meta property=\"article:modified_time\" content=\"2008-10-17T18:31:37+00:00\" \/>\n<meta property=\"og:image\" content=\"http:\/\/www.seebiz.eu\/files\/img\/2007\/11\/14\/vujica-lazovic.jpg\" \/>\n<meta name=\"twitter:label1\" content=\"Written by\" \/>\n\t<meta name=\"twitter:data1\" content=\"ulqini\" \/>\n\t<meta name=\"twitter:label2\" content=\"Est. reading time\" \/>\n\t<meta name=\"twitter:data2\" content=\"2 minutes\" \/>\n<script type=\"application\/ld+json\" class=\"yoast-schema-graph\">{\"@context\":\"https:\/\/schema.org\",\"@graph\":[{\"@type\":\"WebSite\",\"@id\":\"https:\/\/www.visit-ulcinj.com\/blog\/#website\",\"url\":\"https:\/\/www.visit-ulcinj.com\/blog\/\",\"name\":\"Lajme nga Ulqini\",\"description\":\"Lajme,Vijesti,Ulqini,Ulqin,Crna Gora,Mali i Zi\",\"potentialAction\":[{\"@type\":\"SearchAction\",\"target\":{\"@type\":\"EntryPoint\",\"urlTemplate\":\"https:\/\/www.visit-ulcinj.com\/blog\/?s={search_term_string}\"},\"query-input\":\"required name=search_term_string\"}],\"inLanguage\":\"en-US\"},{\"@type\":\"ImageObject\",\"inLanguage\":\"en-US\",\"@id\":\"https:\/\/www.visit-ulcinj.com\/blog\/2008\/10\/06\/nemacka-ostaje-najveci-donator-crne-gore\/#primaryimage\",\"url\":\"http:\/\/www.seebiz.eu\/files\/img\/2007\/11\/14\/vujica-lazovic.jpg\",\"contentUrl\":\"http:\/\/www.seebiz.eu\/files\/img\/2007\/11\/14\/vujica-lazovic.jpg\"},{\"@type\":\"WebPage\",\"@id\":\"https:\/\/www.visit-ulcinj.com\/blog\/2008\/10\/06\/nemacka-ostaje-najveci-donator-crne-gore\/#webpage\",\"url\":\"https:\/\/www.visit-ulcinj.com\/blog\/2008\/10\/06\/nemacka-ostaje-najveci-donator-crne-gore\/\",\"name\":\"Nema?ka ostaje najve?i donator Crne Gore - Lajme nga Ulqini\",\"isPartOf\":{\"@id\":\"https:\/\/www.visit-ulcinj.com\/blog\/#website\"},\"primaryImageOfPage\":{\"@id\":\"https:\/\/www.visit-ulcinj.com\/blog\/2008\/10\/06\/nemacka-ostaje-najveci-donator-crne-gore\/#primaryimage\"},\"datePublished\":\"2008-10-06T15:43:44+00:00\",\"dateModified\":\"2008-10-17T18:31:37+00:00\",\"author\":{\"@id\":\"https:\/\/www.visit-ulcinj.com\/blog\/#\/schema\/person\/dcab619c614d3038751c63bc2aadc06d\"},\"description\":\"Nema?ka je najve?i bilateralni donator Crne Gore, a, sude?i po najavama nema?kih zvani?nika, to ?e i ostati. U Podgorici je pro\u0161le sedmice potpisan\",\"breadcrumb\":{\"@id\":\"https:\/\/www.visit-ulcinj.com\/blog\/2008\/10\/06\/nemacka-ostaje-najveci-donator-crne-gore\/#breadcrumb\"},\"inLanguage\":\"en-US\",\"potentialAction\":[{\"@type\":\"ReadAction\",\"target\":[\"https:\/\/www.visit-ulcinj.com\/blog\/2008\/10\/06\/nemacka-ostaje-najveci-donator-crne-gore\/\"]}]},{\"@type\":\"BreadcrumbList\",\"@id\":\"https:\/\/www.visit-ulcinj.com\/blog\/2008\/10\/06\/nemacka-ostaje-najveci-donator-crne-gore\/#breadcrumb\",\"itemListElement\":[{\"@type\":\"ListItem\",\"position\":1,\"name\":\"Nema?ka ostaje najve?i donator Crne Gore\"}]},{\"@type\":\"Person\",\"@id\":\"https:\/\/www.visit-ulcinj.com\/blog\/#\/schema\/person\/dcab619c614d3038751c63bc2aadc06d\",\"name\":\"ulqini\",\"sameAs\":[\"http:\/\/www.visit-ulcinj.com\"],\"url\":\"https:\/\/www.visit-ulcinj.com\/blog\/author\/admin\/\"}]}<\/script>\n<!-- \/ Yoast SEO plugin. -->","yoast_head_json":{"title":"Nema?ka ostaje najve?i donator Crne Gore - Lajme nga Ulqini","description":"Nema?ka je najve?i bilateralni donator Crne Gore, a, sude?i po najavama nema?kih zvani?nika, to ?e i ostati. U Podgorici je pro\u0161le sedmice potpisan","robots":{"index":"index","follow":"follow","max-snippet":"max-snippet:-1","max-image-preview":"max-image-preview:large","max-video-preview":"max-video-preview:-1"},"canonical":"https:\/\/www.visit-ulcinj.com\/blog\/2008\/10\/06\/nemacka-ostaje-najveci-donator-crne-gore\/","og_locale":"en_US","og_type":"article","og_title":"Nema?ka ostaje najve?i donator Crne Gore - Lajme nga Ulqini","og_description":"Nema?ka je najve?i bilateralni donator Crne Gore, a, sude?i po najavama nema?kih zvani?nika, to ?e i ostati. U Podgorici je pro\u0161le sedmice potpisan","og_url":"https:\/\/www.visit-ulcinj.com\/blog\/2008\/10\/06\/nemacka-ostaje-najveci-donator-crne-gore\/","og_site_name":"Lajme nga Ulqini","article_published_time":"2008-10-06T15:43:44+00:00","article_modified_time":"2008-10-17T18:31:37+00:00","og_image":[{"url":"http:\/\/www.seebiz.eu\/files\/img\/2007\/11\/14\/vujica-lazovic.jpg"}],"twitter_misc":{"Written by":"ulqini","Est. reading time":"2 minutes"},"schema":{"@context":"https:\/\/schema.org","@graph":[{"@type":"WebSite","@id":"https:\/\/www.visit-ulcinj.com\/blog\/#website","url":"https:\/\/www.visit-ulcinj.com\/blog\/","name":"Lajme nga Ulqini","description":"Lajme,Vijesti,Ulqini,Ulqin,Crna Gora,Mali i Zi","potentialAction":[{"@type":"SearchAction","target":{"@type":"EntryPoint","urlTemplate":"https:\/\/www.visit-ulcinj.com\/blog\/?s={search_term_string}"},"query-input":"required name=search_term_string"}],"inLanguage":"en-US"},{"@type":"ImageObject","inLanguage":"en-US","@id":"https:\/\/www.visit-ulcinj.com\/blog\/2008\/10\/06\/nemacka-ostaje-najveci-donator-crne-gore\/#primaryimage","url":"http:\/\/www.seebiz.eu\/files\/img\/2007\/11\/14\/vujica-lazovic.jpg","contentUrl":"http:\/\/www.seebiz.eu\/files\/img\/2007\/11\/14\/vujica-lazovic.jpg"},{"@type":"WebPage","@id":"https:\/\/www.visit-ulcinj.com\/blog\/2008\/10\/06\/nemacka-ostaje-najveci-donator-crne-gore\/#webpage","url":"https:\/\/www.visit-ulcinj.com\/blog\/2008\/10\/06\/nemacka-ostaje-najveci-donator-crne-gore\/","name":"Nema?ka ostaje najve?i donator Crne Gore - Lajme nga Ulqini","isPartOf":{"@id":"https:\/\/www.visit-ulcinj.com\/blog\/#website"},"primaryImageOfPage":{"@id":"https:\/\/www.visit-ulcinj.com\/blog\/2008\/10\/06\/nemacka-ostaje-najveci-donator-crne-gore\/#primaryimage"},"datePublished":"2008-10-06T15:43:44+00:00","dateModified":"2008-10-17T18:31:37+00:00","author":{"@id":"https:\/\/www.visit-ulcinj.com\/blog\/#\/schema\/person\/dcab619c614d3038751c63bc2aadc06d"},"description":"Nema?ka je najve?i bilateralni donator Crne Gore, a, sude?i po najavama nema?kih zvani?nika, to ?e i ostati. U Podgorici je pro\u0161le sedmice potpisan","breadcrumb":{"@id":"https:\/\/www.visit-ulcinj.com\/blog\/2008\/10\/06\/nemacka-ostaje-najveci-donator-crne-gore\/#breadcrumb"},"inLanguage":"en-US","potentialAction":[{"@type":"ReadAction","target":["https:\/\/www.visit-ulcinj.com\/blog\/2008\/10\/06\/nemacka-ostaje-najveci-donator-crne-gore\/"]}]},{"@type":"BreadcrumbList","@id":"https:\/\/www.visit-ulcinj.com\/blog\/2008\/10\/06\/nemacka-ostaje-najveci-donator-crne-gore\/#breadcrumb","itemListElement":[{"@type":"ListItem","position":1,"name":"Nema?ka ostaje najve?i donator Crne Gore"}]},{"@type":"Person","@id":"https:\/\/www.visit-ulcinj.com\/blog\/#\/schema\/person\/dcab619c614d3038751c63bc2aadc06d","name":"ulqini","sameAs":["http:\/\/www.visit-ulcinj.com"],"url":"https:\/\/www.visit-ulcinj.com\/blog\/author\/admin\/"}]}},"jetpack_featured_media_url":"","jetpack_sharing_enabled":true,"jetpack_shortlink":"https:\/\/wp.me\/pe6lTn-11T","_links":{"self":[{"href":"https:\/\/www.visit-ulcinj.com\/blog\/wp-json\/wp\/v2\/posts\/3961"}],"collection":[{"href":"https:\/\/www.visit-ulcinj.com\/blog\/wp-json\/wp\/v2\/posts"}],"about":[{"href":"https:\/\/www.visit-ulcinj.com\/blog\/wp-json\/wp\/v2\/types\/post"}],"author":[{"embeddable":true,"href":"https:\/\/www.visit-ulcinj.com\/blog\/wp-json\/wp\/v2\/users\/1"}],"replies":[{"embeddable":true,"href":"https:\/\/www.visit-ulcinj.com\/blog\/wp-json\/wp\/v2\/comments?post=3961"}],"version-history":[{"count":0,"href":"https:\/\/www.visit-ulcinj.com\/blog\/wp-json\/wp\/v2\/posts\/3961\/revisions"}],"wp:attachment":[{"href":"https:\/\/www.visit-ulcinj.com\/blog\/wp-json\/wp\/v2\/media?parent=3961"}],"wp:term":[{"taxonomy":"category","embeddable":true,"href":"https:\/\/www.visit-ulcinj.com\/blog\/wp-json\/wp\/v2\/categories?post=3961"},{"taxonomy":"post_tag","embeddable":true,"href":"https:\/\/www.visit-ulcinj.com\/blog\/wp-json\/wp\/v2\/tags?post=3961"}],"curies":[{"name":"wp","href":"https:\/\/api.w.org\/{rel}","templated":true}]}}