{"id":3963,"date":"2008-10-06T11:19:14","date_gmt":"2008-10-06T16:19:14","guid":{"rendered":"http:\/\/www.visit-ulcinj.com\/blog\/?p=3963"},"modified":"2008-10-17T13:31:21","modified_gmt":"2008-10-17T18:31:21","slug":"beogradi-paralajmeron-podgoricen-se-njohja-e-kosoves-eshte-thike-pas-shpine-per-serbine","status":"publish","type":"post","link":"https:\/\/www.visit-ulcinj.com\/blog\/2008\/10\/06\/beogradi-paralajmeron-podgoricen-se-njohja-e-kosoves-eshte-thike-pas-shpine-per-serbine\/","title":{"rendered":"Beogradi paralajm\u00ebron Podgoric\u00ebn se njohja e Kosov\u00ebs \u00ebsht\u00eb thik\u00eb pas shpine p\u00ebr Serbin\u00eb"},"content":{"rendered":"<p><a href=\"http:\/\/www.visit-ulcinj.com\/blog\/wp-content\/uploads\/2008\/10\/vuk-jeremic.jpg\"><img loading=\"lazy\" class=\"alignleft size-medium wp-image-3964\" title=\"vuk-jeremic\" src=\"http:\/\/www.visit-ulcinj.com\/blog\/wp-content\/uploads\/2008\/10\/vuk-jeremic-300x200.jpg\" alt=\"\" width=\"300\" height=\"200\" srcset=\"https:\/\/www.visit-ulcinj.com\/blog\/wp-content\/uploads\/2008\/10\/vuk-jeremic-300x200.jpg 300w, https:\/\/www.visit-ulcinj.com\/blog\/wp-content\/uploads\/2008\/10\/vuk-jeremic.jpg 480w\" sizes=\"(max-width: 300px) 100vw, 300px\" \/><\/a>Beograd, 6 tetor &#8211; Beogradi seriozisht paralajm\u00ebron Podgoric\u00ebn q\u00eb nj\u00eb vendim eventual i Malit t\u00eb Zi p\u00ebr t\u00eb njohur Kosov\u00ebs, do t\u00eb ishte &#8220;thik\u00eb pas shpine&#8221; jo vet\u00ebm ndaj Serbis\u00eb, por edhe ndaj p\u00ebrpjekjeve diplomatike p\u00ebr zgjidhjen e statusit t\u00eb ardhsh\u00ebm t\u00eb Kosov\u00ebs, tha shefi i diplomacis\u00eb serbe, Vuk Jeremiq. N\u00ebse n\u00eb k\u00ebt\u00eb moment Mali i Zi do t\u00eb njihte pavar\u00ebsin\u00eb e Kosov\u00ebs, &#8220;Serbia p\u00ebr k\u00ebt\u00eb nuk do t\u00eb kishte kurrfar\u00eb mir\u00ebkuptimi dhe kjo do t\u00eb ishte thik\u00eb pas shpine, jo vet\u00ebm t\u00eb Serbis\u00eb, por edhe p\u00ebrpjekjeve tona diplomatike q\u00eb n\u00eb m\u00ebnyr\u00eb paq\u00ebsore t\u00eb zgjidhet \u00e7\u00ebshtja e statusit t\u00eb Kosov\u00ebs&#8221;, ka th\u00ebn\u00eb Jeremiq, pas takimit me ministrin e Jasht\u00ebm t\u00eb Estonis\u00eb, Urmas Paeta &#8220;Kjo nuk mund t\u00eb jet\u00eb pa pasoja, sidomos n\u00eb k\u00ebt\u00eb koh\u00eb. Ne nuk duam t&#8217;i d\u00ebrgojm\u00eb kurrfar\u00eb k\u00ebrc\u00ebnimi askujt, ndon\u00ebse t\u00eb gjith\u00eb n\u00eb rajon e dijn\u00eb \u00e7&#8217;do thot\u00eb kjo. Qeveria malezez \u00ebsht\u00eb e vet\u00ebdijshme&#8221;, tha Jeremiq.<br \/>\n<strong>Burimi \/ QIK<\/strong><\/p>\n","protected":false},"excerpt":{"rendered":"<p>Beograd, 6 tetor &#8211; Beogradi seriozisht paralajm\u00ebron Podgoric\u00ebn q\u00eb nj\u00eb vendim eventual i Malit t\u00eb Zi p\u00ebr t\u00eb njohur Kosov\u00ebs, do t\u00eb ishte &#8220;thik\u00eb pas shpine&#8221; jo vet\u00ebm ndaj Serbis\u00eb, por edhe ndaj p\u00ebrpjekjeve diplomatike p\u00ebr zgjidhjen e statusit t\u00eb ardhsh\u00ebm t\u00eb Kosov\u00ebs, tha shefi i diplomacis\u00eb serbe, Vuk Jeremiq. N\u00ebse n\u00eb k\u00ebt\u00eb moment Mali [&hellip;]<\/p>\n","protected":false},"author":1,"featured_media":0,"comment_status":"open","ping_status":"closed","sticky":false,"template":"","format":"standard","meta":{"spay_email":"","jetpack_publicize_message":"","jetpack_is_tweetstorm":false,"jetpack_publicize_feature_enabled":true},"categories":[6,12],"tags":[95,4638],"jetpack_publicize_connections":[],"yoast_head":"<!-- This site is optimized with the Yoast SEO plugin v19.1 - https:\/\/yoast.com\/wordpress\/plugins\/seo\/ -->\n<title>Beogradi paralajm\u00ebron Podgoric\u00ebn se njohja e Kosov\u00ebs \u00ebsht\u00eb thik\u00eb pas shpine p\u00ebr Serbin\u00eb - Lajme nga Ulqini<\/title>\n<meta name=\"description\" content=\"Beograd, 6 tetor - Beogradi seriozisht paralajm\u00ebron Podgoric\u00ebn q\u00eb nj\u00eb vendim eventual i Malit t\u00eb Zi p\u00ebr t\u00eb njohur Kosov\u00ebs, do t\u00eb ishte &quot;thik\u00eb pas shpine&quot;\" \/>\n<meta name=\"robots\" content=\"index, follow, max-snippet:-1, max-image-preview:large, max-video-preview:-1\" \/>\n<link rel=\"canonical\" href=\"https:\/\/www.visit-ulcinj.com\/blog\/2008\/10\/06\/beogradi-paralajmeron-podgoricen-se-njohja-e-kosoves-eshte-thike-pas-shpine-per-serbine\/\" \/>\n<meta property=\"og:locale\" content=\"en_US\" \/>\n<meta property=\"og:type\" content=\"article\" \/>\n<meta property=\"og:title\" content=\"Beogradi paralajm\u00ebron Podgoric\u00ebn se njohja e Kosov\u00ebs \u00ebsht\u00eb thik\u00eb pas shpine p\u00ebr Serbin\u00eb - Lajme nga Ulqini\" \/>\n<meta property=\"og:description\" content=\"Beograd, 6 tetor - Beogradi seriozisht paralajm\u00ebron Podgoric\u00ebn q\u00eb nj\u00eb vendim eventual i Malit t\u00eb Zi p\u00ebr t\u00eb njohur Kosov\u00ebs, do t\u00eb ishte &quot;thik\u00eb pas shpine&quot;\" \/>\n<meta property=\"og:url\" content=\"https:\/\/www.visit-ulcinj.com\/blog\/2008\/10\/06\/beogradi-paralajmeron-podgoricen-se-njohja-e-kosoves-eshte-thike-pas-shpine-per-serbine\/\" \/>\n<meta property=\"og:site_name\" content=\"Lajme nga Ulqini\" \/>\n<meta property=\"article:published_time\" content=\"2008-10-06T16:19:14+00:00\" \/>\n<meta property=\"article:modified_time\" content=\"2008-10-17T18:31:21+00:00\" \/>\n<meta property=\"og:image\" content=\"http:\/\/www.visit-ulcinj.com\/blog\/wp-content\/uploads\/2008\/10\/vuk-jeremic-300x200.jpg\" \/>\n<meta name=\"twitter:label1\" content=\"Written by\" \/>\n\t<meta name=\"twitter:data1\" content=\"ulqini\" \/>\n\t<meta name=\"twitter:label2\" content=\"Est. reading time\" \/>\n\t<meta name=\"twitter:data2\" content=\"1 minute\" \/>\n<script type=\"application\/ld+json\" class=\"yoast-schema-graph\">{\"@context\":\"https:\/\/schema.org\",\"@graph\":[{\"@type\":\"WebSite\",\"@id\":\"https:\/\/www.visit-ulcinj.com\/blog\/#website\",\"url\":\"https:\/\/www.visit-ulcinj.com\/blog\/\",\"name\":\"Lajme nga Ulqini\",\"description\":\"Lajme,Vijesti,Ulqini,Ulqin,Crna Gora,Mali i Zi\",\"potentialAction\":[{\"@type\":\"SearchAction\",\"target\":{\"@type\":\"EntryPoint\",\"urlTemplate\":\"https:\/\/www.visit-ulcinj.com\/blog\/?s={search_term_string}\"},\"query-input\":\"required name=search_term_string\"}],\"inLanguage\":\"en-US\"},{\"@type\":\"ImageObject\",\"inLanguage\":\"en-US\",\"@id\":\"https:\/\/www.visit-ulcinj.com\/blog\/2008\/10\/06\/beogradi-paralajmeron-podgoricen-se-njohja-e-kosoves-eshte-thike-pas-shpine-per-serbine\/#primaryimage\",\"url\":\"http:\/\/www.visit-ulcinj.com\/blog\/wp-content\/uploads\/2008\/10\/vuk-jeremic-300x200.jpg\",\"contentUrl\":\"http:\/\/www.visit-ulcinj.com\/blog\/wp-content\/uploads\/2008\/10\/vuk-jeremic-300x200.jpg\"},{\"@type\":\"WebPage\",\"@id\":\"https:\/\/www.visit-ulcinj.com\/blog\/2008\/10\/06\/beogradi-paralajmeron-podgoricen-se-njohja-e-kosoves-eshte-thike-pas-shpine-per-serbine\/#webpage\",\"url\":\"https:\/\/www.visit-ulcinj.com\/blog\/2008\/10\/06\/beogradi-paralajmeron-podgoricen-se-njohja-e-kosoves-eshte-thike-pas-shpine-per-serbine\/\",\"name\":\"Beogradi paralajm\u00ebron Podgoric\u00ebn se njohja e Kosov\u00ebs \u00ebsht\u00eb thik\u00eb pas shpine p\u00ebr Serbin\u00eb - Lajme nga Ulqini\",\"isPartOf\":{\"@id\":\"https:\/\/www.visit-ulcinj.com\/blog\/#website\"},\"primaryImageOfPage\":{\"@id\":\"https:\/\/www.visit-ulcinj.com\/blog\/2008\/10\/06\/beogradi-paralajmeron-podgoricen-se-njohja-e-kosoves-eshte-thike-pas-shpine-per-serbine\/#primaryimage\"},\"datePublished\":\"2008-10-06T16:19:14+00:00\",\"dateModified\":\"2008-10-17T18:31:21+00:00\",\"author\":{\"@id\":\"https:\/\/www.visit-ulcinj.com\/blog\/#\/schema\/person\/dcab619c614d3038751c63bc2aadc06d\"},\"description\":\"Beograd, 6 tetor - Beogradi seriozisht paralajm\u00ebron Podgoric\u00ebn q\u00eb nj\u00eb vendim eventual i Malit t\u00eb Zi p\u00ebr t\u00eb njohur Kosov\u00ebs, do t\u00eb ishte \\\"thik\u00eb pas shpine\\\"\",\"breadcrumb\":{\"@id\":\"https:\/\/www.visit-ulcinj.com\/blog\/2008\/10\/06\/beogradi-paralajmeron-podgoricen-se-njohja-e-kosoves-eshte-thike-pas-shpine-per-serbine\/#breadcrumb\"},\"inLanguage\":\"en-US\",\"potentialAction\":[{\"@type\":\"ReadAction\",\"target\":[\"https:\/\/www.visit-ulcinj.com\/blog\/2008\/10\/06\/beogradi-paralajmeron-podgoricen-se-njohja-e-kosoves-eshte-thike-pas-shpine-per-serbine\/\"]}]},{\"@type\":\"BreadcrumbList\",\"@id\":\"https:\/\/www.visit-ulcinj.com\/blog\/2008\/10\/06\/beogradi-paralajmeron-podgoricen-se-njohja-e-kosoves-eshte-thike-pas-shpine-per-serbine\/#breadcrumb\",\"itemListElement\":[{\"@type\":\"ListItem\",\"position\":1,\"name\":\"Beogradi paralajm\u00ebron Podgoric\u00ebn se njohja e Kosov\u00ebs \u00ebsht\u00eb thik\u00eb pas shpine p\u00ebr Serbin\u00eb\"}]},{\"@type\":\"Person\",\"@id\":\"https:\/\/www.visit-ulcinj.com\/blog\/#\/schema\/person\/dcab619c614d3038751c63bc2aadc06d\",\"name\":\"ulqini\",\"sameAs\":[\"http:\/\/www.visit-ulcinj.com\"],\"url\":\"https:\/\/www.visit-ulcinj.com\/blog\/author\/admin\/\"}]}<\/script>\n<!-- \/ Yoast SEO plugin. -->","yoast_head_json":{"title":"Beogradi paralajm\u00ebron Podgoric\u00ebn se njohja e Kosov\u00ebs \u00ebsht\u00eb thik\u00eb pas shpine p\u00ebr Serbin\u00eb - Lajme nga Ulqini","description":"Beograd, 6 tetor - Beogradi seriozisht paralajm\u00ebron Podgoric\u00ebn q\u00eb nj\u00eb vendim eventual i Malit t\u00eb Zi p\u00ebr t\u00eb njohur Kosov\u00ebs, do t\u00eb ishte \"thik\u00eb pas shpine\"","robots":{"index":"index","follow":"follow","max-snippet":"max-snippet:-1","max-image-preview":"max-image-preview:large","max-video-preview":"max-video-preview:-1"},"canonical":"https:\/\/www.visit-ulcinj.com\/blog\/2008\/10\/06\/beogradi-paralajmeron-podgoricen-se-njohja-e-kosoves-eshte-thike-pas-shpine-per-serbine\/","og_locale":"en_US","og_type":"article","og_title":"Beogradi paralajm\u00ebron Podgoric\u00ebn se njohja e Kosov\u00ebs \u00ebsht\u00eb thik\u00eb pas shpine p\u00ebr Serbin\u00eb - Lajme nga Ulqini","og_description":"Beograd, 6 tetor - Beogradi seriozisht paralajm\u00ebron Podgoric\u00ebn q\u00eb nj\u00eb vendim eventual i Malit t\u00eb Zi p\u00ebr t\u00eb njohur Kosov\u00ebs, do t\u00eb ishte \"thik\u00eb pas shpine\"","og_url":"https:\/\/www.visit-ulcinj.com\/blog\/2008\/10\/06\/beogradi-paralajmeron-podgoricen-se-njohja-e-kosoves-eshte-thike-pas-shpine-per-serbine\/","og_site_name":"Lajme nga Ulqini","article_published_time":"2008-10-06T16:19:14+00:00","article_modified_time":"2008-10-17T18:31:21+00:00","og_image":[{"url":"http:\/\/www.visit-ulcinj.com\/blog\/wp-content\/uploads\/2008\/10\/vuk-jeremic-300x200.jpg"}],"twitter_misc":{"Written by":"ulqini","Est. reading time":"1 minute"},"schema":{"@context":"https:\/\/schema.org","@graph":[{"@type":"WebSite","@id":"https:\/\/www.visit-ulcinj.com\/blog\/#website","url":"https:\/\/www.visit-ulcinj.com\/blog\/","name":"Lajme nga Ulqini","description":"Lajme,Vijesti,Ulqini,Ulqin,Crna Gora,Mali i Zi","potentialAction":[{"@type":"SearchAction","target":{"@type":"EntryPoint","urlTemplate":"https:\/\/www.visit-ulcinj.com\/blog\/?s={search_term_string}"},"query-input":"required name=search_term_string"}],"inLanguage":"en-US"},{"@type":"ImageObject","inLanguage":"en-US","@id":"https:\/\/www.visit-ulcinj.com\/blog\/2008\/10\/06\/beogradi-paralajmeron-podgoricen-se-njohja-e-kosoves-eshte-thike-pas-shpine-per-serbine\/#primaryimage","url":"http:\/\/www.visit-ulcinj.com\/blog\/wp-content\/uploads\/2008\/10\/vuk-jeremic-300x200.jpg","contentUrl":"http:\/\/www.visit-ulcinj.com\/blog\/wp-content\/uploads\/2008\/10\/vuk-jeremic-300x200.jpg"},{"@type":"WebPage","@id":"https:\/\/www.visit-ulcinj.com\/blog\/2008\/10\/06\/beogradi-paralajmeron-podgoricen-se-njohja-e-kosoves-eshte-thike-pas-shpine-per-serbine\/#webpage","url":"https:\/\/www.visit-ulcinj.com\/blog\/2008\/10\/06\/beogradi-paralajmeron-podgoricen-se-njohja-e-kosoves-eshte-thike-pas-shpine-per-serbine\/","name":"Beogradi paralajm\u00ebron Podgoric\u00ebn se njohja e Kosov\u00ebs \u00ebsht\u00eb thik\u00eb pas shpine p\u00ebr Serbin\u00eb - Lajme nga Ulqini","isPartOf":{"@id":"https:\/\/www.visit-ulcinj.com\/blog\/#website"},"primaryImageOfPage":{"@id":"https:\/\/www.visit-ulcinj.com\/blog\/2008\/10\/06\/beogradi-paralajmeron-podgoricen-se-njohja-e-kosoves-eshte-thike-pas-shpine-per-serbine\/#primaryimage"},"datePublished":"2008-10-06T16:19:14+00:00","dateModified":"2008-10-17T18:31:21+00:00","author":{"@id":"https:\/\/www.visit-ulcinj.com\/blog\/#\/schema\/person\/dcab619c614d3038751c63bc2aadc06d"},"description":"Beograd, 6 tetor - Beogradi seriozisht paralajm\u00ebron Podgoric\u00ebn q\u00eb nj\u00eb vendim eventual i Malit t\u00eb Zi p\u00ebr t\u00eb njohur Kosov\u00ebs, do t\u00eb ishte \"thik\u00eb pas shpine\"","breadcrumb":{"@id":"https:\/\/www.visit-ulcinj.com\/blog\/2008\/10\/06\/beogradi-paralajmeron-podgoricen-se-njohja-e-kosoves-eshte-thike-pas-shpine-per-serbine\/#breadcrumb"},"inLanguage":"en-US","potentialAction":[{"@type":"ReadAction","target":["https:\/\/www.visit-ulcinj.com\/blog\/2008\/10\/06\/beogradi-paralajmeron-podgoricen-se-njohja-e-kosoves-eshte-thike-pas-shpine-per-serbine\/"]}]},{"@type":"BreadcrumbList","@id":"https:\/\/www.visit-ulcinj.com\/blog\/2008\/10\/06\/beogradi-paralajmeron-podgoricen-se-njohja-e-kosoves-eshte-thike-pas-shpine-per-serbine\/#breadcrumb","itemListElement":[{"@type":"ListItem","position":1,"name":"Beogradi paralajm\u00ebron Podgoric\u00ebn se njohja e Kosov\u00ebs \u00ebsht\u00eb thik\u00eb pas shpine p\u00ebr Serbin\u00eb"}]},{"@type":"Person","@id":"https:\/\/www.visit-ulcinj.com\/blog\/#\/schema\/person\/dcab619c614d3038751c63bc2aadc06d","name":"ulqini","sameAs":["http:\/\/www.visit-ulcinj.com"],"url":"https:\/\/www.visit-ulcinj.com\/blog\/author\/admin\/"}]}},"jetpack_featured_media_url":"","jetpack_sharing_enabled":true,"jetpack_shortlink":"https:\/\/wp.me\/pe6lTn-11V","_links":{"self":[{"href":"https:\/\/www.visit-ulcinj.com\/blog\/wp-json\/wp\/v2\/posts\/3963"}],"collection":[{"href":"https:\/\/www.visit-ulcinj.com\/blog\/wp-json\/wp\/v2\/posts"}],"about":[{"href":"https:\/\/www.visit-ulcinj.com\/blog\/wp-json\/wp\/v2\/types\/post"}],"author":[{"embeddable":true,"href":"https:\/\/www.visit-ulcinj.com\/blog\/wp-json\/wp\/v2\/users\/1"}],"replies":[{"embeddable":true,"href":"https:\/\/www.visit-ulcinj.com\/blog\/wp-json\/wp\/v2\/comments?post=3963"}],"version-history":[{"count":0,"href":"https:\/\/www.visit-ulcinj.com\/blog\/wp-json\/wp\/v2\/posts\/3963\/revisions"}],"wp:attachment":[{"href":"https:\/\/www.visit-ulcinj.com\/blog\/wp-json\/wp\/v2\/media?parent=3963"}],"wp:term":[{"taxonomy":"category","embeddable":true,"href":"https:\/\/www.visit-ulcinj.com\/blog\/wp-json\/wp\/v2\/categories?post=3963"},{"taxonomy":"post_tag","embeddable":true,"href":"https:\/\/www.visit-ulcinj.com\/blog\/wp-json\/wp\/v2\/tags?post=3963"}],"curies":[{"name":"wp","href":"https:\/\/api.w.org\/{rel}","templated":true}]}}