{"id":39632,"date":"2010-11-14T08:11:34","date_gmt":"2010-11-14T07:11:34","guid":{"rendered":"http:\/\/www.visit-ulcinj.com\/blog\/?p=39632"},"modified":"2010-11-14T08:11:34","modified_gmt":"2010-11-14T07:11:34","slug":"bashkepunim-i-mire-ndermjet-tiranes-dhe-podgorices","status":"publish","type":"post","link":"https:\/\/www.visit-ulcinj.com\/blog\/2010\/11\/14\/bashkepunim-i-mire-ndermjet-tiranes-dhe-podgorices\/","title":{"rendered":"Bashk\u00ebpunim i mir\u00eb nd\u00ebrmjet Tiran\u00ebs dhe Podgoric\u00ebs"},"content":{"rendered":"<p>Ministri i Pun\u00ebve t\u00eb Jashtme t\u00eb Shqip\u00ebris\u00eb, Edmond Haxhinasto, u takua sot me Ministrin p\u00ebr t\u00eb Drejtat e Njeriut dhe Minoriteteve t\u00eb Malit t\u00eb Zi, Ferhat Dinosha, p\u00ebr t\u00eb diskutuar mbi marr\u00ebdh\u00ebniet mes Shqip\u00ebris\u00eb dhe Malit t\u00eb Zi si dhe p\u00ebr t\u00eb eksploruar mund\u00ebsi t\u00eb reja p\u00ebr intensifikimin e tyre.<\/p>\n<p><a href=\"http:\/\/www.visit-ulcinj.com\/blog\/wp-content\/uploads\/2010\/11\/haxhinasto-dinosha-hajdinaga.jpg\"><img loading=\"lazy\" class=\"alignleft size-full wp-image-39634\" title=\"haxhinasto-dinosha-hajdinaga\" src=\"http:\/\/www.visit-ulcinj.com\/blog\/wp-content\/uploads\/2010\/11\/haxhinasto-dinosha-hajdinaga.jpg\" alt=\"\" width=\"490\" height=\"380\" \/><\/a>Pas takimit, Ministri i Pun\u00ebve t\u00eb Jashtme t\u00eb Shqip\u00ebris\u00eb, Edmond Haxhinasto u shpreh: \u201cIshte nj\u00eb k\u00ebnaq\u00ebsi e ve\u00e7ant\u00eb p\u00ebr mua q\u00eb takohem me Ministrin p\u00ebr t\u00eb Drejtat e Njeriut dhe Minoriteteve t\u00eb Malit t\u00eb Zi, Ferhat Dinosha, kryetarin e komun\u00ebs s\u00eb Ulqinit, G\u00ebzim Hajdinaga dhe ambasadorin e Malit t\u00eb Zi n\u00eb Tiran\u00eb, Zeljko Peroviq.<\/p>\n<p>Gjat\u00eb k\u00ebtij takimi vler\u00ebsuam se marr\u00ebdh\u00ebniet midis Shqip\u00ebris\u00eb dhe Malit t\u00eb Zi jan\u00eb t\u00eb shk\u00eblqyera dhe nj\u00eb model p\u00ebr t\u00eb gjith\u00eb vendet e rajonit. Ne identifikuam disa \u00e7\u00ebshtje ku mund t\u00eb b\u00ebjm\u00eb progres dhe hapa konkret\u00eb, ve\u00e7an\u00ebrisht n\u00eb drejtim t\u00eb projekteve t\u00eb p\u00ebrbashk\u00ebta t\u00eb infrastruktur\u00ebs, t\u00eb njohjes reciproke t\u00eb diplomave dhe t\u00eb l\u00ebvizjes s\u00eb lir\u00eb t\u00eb qytetar\u00ebve n\u00eb t\u00eb dy an\u00ebt e kufirit, duke p\u00ebrdorur vet\u00ebm dokumente identifikimi.<br \/>\n<a href=\"http:\/\/www.visit-ulcinj.com\/blog\/wp-content\/uploads\/2010\/11\/Ministri-Edmond-Haxhinasto-_Ferhat-Dinosha.jpg\"><img loading=\"lazy\" class=\"alignleft size-full wp-image-39633\" title=\"Ministri Edmond Haxhinasto _Ferhat Dinosha\" src=\"http:\/\/www.visit-ulcinj.com\/blog\/wp-content\/uploads\/2010\/11\/Ministri-Edmond-Haxhinasto-_Ferhat-Dinosha.jpg\" alt=\"\" width=\"490\" height=\"380\" \/><\/a>Gjithashtu fol\u00ebm p\u00ebr rolin e shqiptar\u00ebve n\u00eb rajon dhe ndajm\u00eb t\u00eb nj\u00ebjtin vler\u00ebsim se shqiptar\u00ebt do t\u00eb bashkohen mes tyre n\u00eb Bruksel. Me k\u00ebt\u00eb vizion ne arrijm\u00eb t\u00eb krijojm\u00eb nj\u00eb shpejt\u00ebsi t\u00eb re n\u00eb proceset integruese n\u00eb t\u00eb gjith\u00eb rajonin e Ballkanit.<\/p>\n<p>Sigurisht q\u00eb un\u00eb vler\u00ebsova n\u00eb m\u00ebnyr\u00eb t\u00eb ve\u00e7ant\u00eb kontributin q\u00eb jep zoti Dinosha dhe partia e tij n\u00eb proceset reformuese n\u00eb Malin e Zi dhe reformat q\u00eb zhvillohen atje p\u00ebr integrimin evropian.<\/p>\n<p>N\u00eb p\u00ebrfundim i urova ata p\u00ebr marrjen e statusit t\u00eb vendit kandidat q\u00eb na g\u00ebzon pa mas\u00eb, pasi d\u00ebshirojm\u00eb q\u00eb fqinj\u00ebt tan\u00eb t\u00eb jen\u00eb sa m\u00eb shpejt an\u00ebtar t\u00eb BE-s\u00eb\u201d, tha Haxhinasto.<\/p>\n<p>Nd\u00ebrsa, ministrit p\u00ebr t\u00eb Drejtat e Njeriut dhe Minoriteteve t\u00eb Malit t\u00eb Zi, Ferhat Dinosha, tha: \u201cFal\u00ebnderoj zotin Haxhinasto p\u00ebr takimin e p\u00ebrzem\u00ebrt dhe miq\u00ebsor, n\u00eb t\u00eb cilin kemi k\u00ebmbyer mendime dhe kemi shprehur vullnetin e mir\u00eb p\u00ebr t\u00eb vazhduar bashk\u00ebpunimin mes Podgoric\u00ebs dhe Tiran\u00ebs.<\/p>\n<p>Shpreh k\u00ebnaq\u00ebsin\u00eb time p\u00ebr gatishm\u00ebrin\u00eb e rikonfirmuar nga Ministri Haxhinasto, p\u00ebr t\u00eb intensifikuar bashk\u00ebpunimin n\u00eb t\u00eb gjitha fushat me Malin e Zi. P\u00ebr k\u00ebt\u00eb gj\u00eb m\u00eb vjen mir\u00eb si Minist\u00ebr i Qeveris\u00eb s\u00eb Malit te Zi, si shqiptar, edhe si kryetar i partis\u00eb m\u00eb t\u00eb fort\u00eb t\u00eb shqiptar\u00ebve atje, q\u00eb \u00ebsht\u00eb Unioni Demokratik i Shqiptar\u00ebve.<\/p>\n<p>Shqiptar\u00ebt, n\u00eb t\u00eb gjith\u00eb shtetet ku jetojn\u00eb jan\u00eb t\u00eb angazhuar p\u00ebr integrimin evropian dhe euroatlantik t\u00eb rajonit. Shtetet tona tashm\u00eb tregojn\u00eb gatishm\u00ebri p\u00ebr t\u00eb vazhduar k\u00ebt\u00eb rrug\u00eb p\u00ebr integrimin e shqiptar\u00ebve mes tyre dhe n\u00eb Evrop\u00eb\u201d, tha Dinosha.<\/p>\n<p><strong>Bota Sot<\/strong><\/p>\n","protected":false},"excerpt":{"rendered":"<p>Ministri i Pun\u00ebve t\u00eb Jashtme t\u00eb Shqip\u00ebris\u00eb, Edmond Haxhinasto, u takua sot me Ministrin p\u00ebr t\u00eb Drejtat e Njeriut dhe Minoriteteve t\u00eb Malit t\u00eb Zi, Ferhat Dinosha, p\u00ebr t\u00eb diskutuar mbi marr\u00ebdh\u00ebniet mes Shqip\u00ebris\u00eb dhe Malit t\u00eb Zi si dhe p\u00ebr t\u00eb eksploruar mund\u00ebsi t\u00eb reja p\u00ebr intensifikimin e tyre. Pas takimit, Ministri i Pun\u00ebve [&hellip;]<\/p>\n","protected":false},"author":1,"featured_media":0,"comment_status":"open","ping_status":"closed","sticky":false,"template":"","format":"standard","meta":{"spay_email":"","jetpack_publicize_message":"","jetpack_is_tweetstorm":false,"jetpack_publicize_feature_enabled":true},"categories":[6],"tags":[15491,97,222,2515,16330,16331],"jetpack_publicize_connections":[],"yoast_head":"<!-- This site is optimized with the Yoast SEO plugin v19.1 - https:\/\/yoast.com\/wordpress\/plugins\/seo\/ -->\n<title>Bashk\u00ebpunim i mir\u00eb nd\u00ebrmjet Tiran\u00ebs dhe Podgoric\u00ebs - Lajme nga Ulqini<\/title>\n<meta name=\"description\" content=\"Ministri i Pun\u00ebve t\u00eb Jashtme t\u00eb Shqip\u00ebris\u00eb, Edmond Haxhinasto, u takua sot me Ministrin p\u00ebr t\u00eb Drejtat e Njeriut dhe Minoriteteve t\u00eb Malit t\u00eb Zi, Ferhat\" \/>\n<meta name=\"robots\" content=\"index, follow, max-snippet:-1, max-image-preview:large, max-video-preview:-1\" \/>\n<link rel=\"canonical\" href=\"https:\/\/www.visit-ulcinj.com\/blog\/2010\/11\/14\/bashkepunim-i-mire-ndermjet-tiranes-dhe-podgorices\/\" \/>\n<meta property=\"og:locale\" content=\"en_US\" \/>\n<meta property=\"og:type\" content=\"article\" \/>\n<meta property=\"og:title\" content=\"Bashk\u00ebpunim i mir\u00eb nd\u00ebrmjet Tiran\u00ebs dhe Podgoric\u00ebs - Lajme nga Ulqini\" \/>\n<meta property=\"og:description\" content=\"Ministri i Pun\u00ebve t\u00eb Jashtme t\u00eb Shqip\u00ebris\u00eb, Edmond Haxhinasto, u takua sot me Ministrin p\u00ebr t\u00eb Drejtat e Njeriut dhe Minoriteteve t\u00eb Malit t\u00eb Zi, Ferhat\" \/>\n<meta property=\"og:url\" content=\"https:\/\/www.visit-ulcinj.com\/blog\/2010\/11\/14\/bashkepunim-i-mire-ndermjet-tiranes-dhe-podgorices\/\" \/>\n<meta property=\"og:site_name\" content=\"Lajme nga Ulqini\" \/>\n<meta property=\"article:published_time\" content=\"2010-11-14T07:11:34+00:00\" \/>\n<meta property=\"og:image\" content=\"http:\/\/www.visit-ulcinj.com\/blog\/wp-content\/uploads\/2010\/11\/haxhinasto-dinosha-hajdinaga.jpg\" \/>\n<meta name=\"twitter:label1\" content=\"Written by\" \/>\n\t<meta name=\"twitter:data1\" content=\"ulqini\" \/>\n\t<meta name=\"twitter:label2\" content=\"Est. reading time\" \/>\n\t<meta name=\"twitter:data2\" content=\"3 minutes\" \/>\n<script type=\"application\/ld+json\" class=\"yoast-schema-graph\">{\"@context\":\"https:\/\/schema.org\",\"@graph\":[{\"@type\":\"WebSite\",\"@id\":\"https:\/\/www.visit-ulcinj.com\/blog\/#website\",\"url\":\"https:\/\/www.visit-ulcinj.com\/blog\/\",\"name\":\"Lajme nga Ulqini\",\"description\":\"Lajme,Vijesti,Ulqini,Ulqin,Crna Gora,Mali i Zi\",\"potentialAction\":[{\"@type\":\"SearchAction\",\"target\":{\"@type\":\"EntryPoint\",\"urlTemplate\":\"https:\/\/www.visit-ulcinj.com\/blog\/?s={search_term_string}\"},\"query-input\":\"required name=search_term_string\"}],\"inLanguage\":\"en-US\"},{\"@type\":\"ImageObject\",\"inLanguage\":\"en-US\",\"@id\":\"https:\/\/www.visit-ulcinj.com\/blog\/2010\/11\/14\/bashkepunim-i-mire-ndermjet-tiranes-dhe-podgorices\/#primaryimage\",\"url\":\"https:\/\/www.visit-ulcinj.com\/blog\/wp-content\/uploads\/2010\/11\/haxhinasto-dinosha-hajdinaga.jpg\",\"contentUrl\":\"https:\/\/www.visit-ulcinj.com\/blog\/wp-content\/uploads\/2010\/11\/haxhinasto-dinosha-hajdinaga.jpg\",\"width\":\"640\",\"height\":\"480\"},{\"@type\":\"WebPage\",\"@id\":\"https:\/\/www.visit-ulcinj.com\/blog\/2010\/11\/14\/bashkepunim-i-mire-ndermjet-tiranes-dhe-podgorices\/#webpage\",\"url\":\"https:\/\/www.visit-ulcinj.com\/blog\/2010\/11\/14\/bashkepunim-i-mire-ndermjet-tiranes-dhe-podgorices\/\",\"name\":\"Bashk\u00ebpunim i mir\u00eb nd\u00ebrmjet Tiran\u00ebs dhe Podgoric\u00ebs - Lajme nga Ulqini\",\"isPartOf\":{\"@id\":\"https:\/\/www.visit-ulcinj.com\/blog\/#website\"},\"primaryImageOfPage\":{\"@id\":\"https:\/\/www.visit-ulcinj.com\/blog\/2010\/11\/14\/bashkepunim-i-mire-ndermjet-tiranes-dhe-podgorices\/#primaryimage\"},\"datePublished\":\"2010-11-14T07:11:34+00:00\",\"dateModified\":\"2010-11-14T07:11:34+00:00\",\"author\":{\"@id\":\"https:\/\/www.visit-ulcinj.com\/blog\/#\/schema\/person\/dcab619c614d3038751c63bc2aadc06d\"},\"description\":\"Ministri i Pun\u00ebve t\u00eb Jashtme t\u00eb Shqip\u00ebris\u00eb, Edmond Haxhinasto, u takua sot me Ministrin p\u00ebr t\u00eb Drejtat e Njeriut dhe Minoriteteve t\u00eb Malit t\u00eb Zi, Ferhat\",\"breadcrumb\":{\"@id\":\"https:\/\/www.visit-ulcinj.com\/blog\/2010\/11\/14\/bashkepunim-i-mire-ndermjet-tiranes-dhe-podgorices\/#breadcrumb\"},\"inLanguage\":\"en-US\",\"potentialAction\":[{\"@type\":\"ReadAction\",\"target\":[\"https:\/\/www.visit-ulcinj.com\/blog\/2010\/11\/14\/bashkepunim-i-mire-ndermjet-tiranes-dhe-podgorices\/\"]}]},{\"@type\":\"BreadcrumbList\",\"@id\":\"https:\/\/www.visit-ulcinj.com\/blog\/2010\/11\/14\/bashkepunim-i-mire-ndermjet-tiranes-dhe-podgorices\/#breadcrumb\",\"itemListElement\":[{\"@type\":\"ListItem\",\"position\":1,\"name\":\"Bashk\u00ebpunim i mir\u00eb nd\u00ebrmjet Tiran\u00ebs dhe Podgoric\u00ebs\"}]},{\"@type\":\"Person\",\"@id\":\"https:\/\/www.visit-ulcinj.com\/blog\/#\/schema\/person\/dcab619c614d3038751c63bc2aadc06d\",\"name\":\"ulqini\",\"sameAs\":[\"http:\/\/www.visit-ulcinj.com\"],\"url\":\"https:\/\/www.visit-ulcinj.com\/blog\/author\/admin\/\"}]}<\/script>\n<!-- \/ Yoast SEO plugin. -->","yoast_head_json":{"title":"Bashk\u00ebpunim i mir\u00eb nd\u00ebrmjet Tiran\u00ebs dhe Podgoric\u00ebs - Lajme nga Ulqini","description":"Ministri i Pun\u00ebve t\u00eb Jashtme t\u00eb Shqip\u00ebris\u00eb, Edmond Haxhinasto, u takua sot me Ministrin p\u00ebr t\u00eb Drejtat e Njeriut dhe Minoriteteve t\u00eb Malit t\u00eb Zi, Ferhat","robots":{"index":"index","follow":"follow","max-snippet":"max-snippet:-1","max-image-preview":"max-image-preview:large","max-video-preview":"max-video-preview:-1"},"canonical":"https:\/\/www.visit-ulcinj.com\/blog\/2010\/11\/14\/bashkepunim-i-mire-ndermjet-tiranes-dhe-podgorices\/","og_locale":"en_US","og_type":"article","og_title":"Bashk\u00ebpunim i mir\u00eb nd\u00ebrmjet Tiran\u00ebs dhe Podgoric\u00ebs - Lajme nga Ulqini","og_description":"Ministri i Pun\u00ebve t\u00eb Jashtme t\u00eb Shqip\u00ebris\u00eb, Edmond Haxhinasto, u takua sot me Ministrin p\u00ebr t\u00eb Drejtat e Njeriut dhe Minoriteteve t\u00eb Malit t\u00eb Zi, Ferhat","og_url":"https:\/\/www.visit-ulcinj.com\/blog\/2010\/11\/14\/bashkepunim-i-mire-ndermjet-tiranes-dhe-podgorices\/","og_site_name":"Lajme nga Ulqini","article_published_time":"2010-11-14T07:11:34+00:00","og_image":[{"url":"http:\/\/www.visit-ulcinj.com\/blog\/wp-content\/uploads\/2010\/11\/haxhinasto-dinosha-hajdinaga.jpg"}],"twitter_misc":{"Written by":"ulqini","Est. reading time":"3 minutes"},"schema":{"@context":"https:\/\/schema.org","@graph":[{"@type":"WebSite","@id":"https:\/\/www.visit-ulcinj.com\/blog\/#website","url":"https:\/\/www.visit-ulcinj.com\/blog\/","name":"Lajme nga Ulqini","description":"Lajme,Vijesti,Ulqini,Ulqin,Crna Gora,Mali i Zi","potentialAction":[{"@type":"SearchAction","target":{"@type":"EntryPoint","urlTemplate":"https:\/\/www.visit-ulcinj.com\/blog\/?s={search_term_string}"},"query-input":"required name=search_term_string"}],"inLanguage":"en-US"},{"@type":"ImageObject","inLanguage":"en-US","@id":"https:\/\/www.visit-ulcinj.com\/blog\/2010\/11\/14\/bashkepunim-i-mire-ndermjet-tiranes-dhe-podgorices\/#primaryimage","url":"https:\/\/www.visit-ulcinj.com\/blog\/wp-content\/uploads\/2010\/11\/haxhinasto-dinosha-hajdinaga.jpg","contentUrl":"https:\/\/www.visit-ulcinj.com\/blog\/wp-content\/uploads\/2010\/11\/haxhinasto-dinosha-hajdinaga.jpg","width":"640","height":"480"},{"@type":"WebPage","@id":"https:\/\/www.visit-ulcinj.com\/blog\/2010\/11\/14\/bashkepunim-i-mire-ndermjet-tiranes-dhe-podgorices\/#webpage","url":"https:\/\/www.visit-ulcinj.com\/blog\/2010\/11\/14\/bashkepunim-i-mire-ndermjet-tiranes-dhe-podgorices\/","name":"Bashk\u00ebpunim i mir\u00eb nd\u00ebrmjet Tiran\u00ebs dhe Podgoric\u00ebs - Lajme nga Ulqini","isPartOf":{"@id":"https:\/\/www.visit-ulcinj.com\/blog\/#website"},"primaryImageOfPage":{"@id":"https:\/\/www.visit-ulcinj.com\/blog\/2010\/11\/14\/bashkepunim-i-mire-ndermjet-tiranes-dhe-podgorices\/#primaryimage"},"datePublished":"2010-11-14T07:11:34+00:00","dateModified":"2010-11-14T07:11:34+00:00","author":{"@id":"https:\/\/www.visit-ulcinj.com\/blog\/#\/schema\/person\/dcab619c614d3038751c63bc2aadc06d"},"description":"Ministri i Pun\u00ebve t\u00eb Jashtme t\u00eb Shqip\u00ebris\u00eb, Edmond Haxhinasto, u takua sot me Ministrin p\u00ebr t\u00eb Drejtat e Njeriut dhe Minoriteteve t\u00eb Malit t\u00eb Zi, Ferhat","breadcrumb":{"@id":"https:\/\/www.visit-ulcinj.com\/blog\/2010\/11\/14\/bashkepunim-i-mire-ndermjet-tiranes-dhe-podgorices\/#breadcrumb"},"inLanguage":"en-US","potentialAction":[{"@type":"ReadAction","target":["https:\/\/www.visit-ulcinj.com\/blog\/2010\/11\/14\/bashkepunim-i-mire-ndermjet-tiranes-dhe-podgorices\/"]}]},{"@type":"BreadcrumbList","@id":"https:\/\/www.visit-ulcinj.com\/blog\/2010\/11\/14\/bashkepunim-i-mire-ndermjet-tiranes-dhe-podgorices\/#breadcrumb","itemListElement":[{"@type":"ListItem","position":1,"name":"Bashk\u00ebpunim i mir\u00eb nd\u00ebrmjet Tiran\u00ebs dhe Podgoric\u00ebs"}]},{"@type":"Person","@id":"https:\/\/www.visit-ulcinj.com\/blog\/#\/schema\/person\/dcab619c614d3038751c63bc2aadc06d","name":"ulqini","sameAs":["http:\/\/www.visit-ulcinj.com"],"url":"https:\/\/www.visit-ulcinj.com\/blog\/author\/admin\/"}]}},"jetpack_featured_media_url":"","jetpack_sharing_enabled":true,"jetpack_shortlink":"https:\/\/wp.me\/pe6lTn-aje","_links":{"self":[{"href":"https:\/\/www.visit-ulcinj.com\/blog\/wp-json\/wp\/v2\/posts\/39632"}],"collection":[{"href":"https:\/\/www.visit-ulcinj.com\/blog\/wp-json\/wp\/v2\/posts"}],"about":[{"href":"https:\/\/www.visit-ulcinj.com\/blog\/wp-json\/wp\/v2\/types\/post"}],"author":[{"embeddable":true,"href":"https:\/\/www.visit-ulcinj.com\/blog\/wp-json\/wp\/v2\/users\/1"}],"replies":[{"embeddable":true,"href":"https:\/\/www.visit-ulcinj.com\/blog\/wp-json\/wp\/v2\/comments?post=39632"}],"version-history":[{"count":0,"href":"https:\/\/www.visit-ulcinj.com\/blog\/wp-json\/wp\/v2\/posts\/39632\/revisions"}],"wp:attachment":[{"href":"https:\/\/www.visit-ulcinj.com\/blog\/wp-json\/wp\/v2\/media?parent=39632"}],"wp:term":[{"taxonomy":"category","embeddable":true,"href":"https:\/\/www.visit-ulcinj.com\/blog\/wp-json\/wp\/v2\/categories?post=39632"},{"taxonomy":"post_tag","embeddable":true,"href":"https:\/\/www.visit-ulcinj.com\/blog\/wp-json\/wp\/v2\/tags?post=39632"}],"curies":[{"name":"wp","href":"https:\/\/api.w.org\/{rel}","templated":true}]}}