{"id":39637,"date":"2010-11-14T08:45:07","date_gmt":"2010-11-14T07:45:07","guid":{"rendered":"http:\/\/www.visit-ulcinj.com\/blog\/?p=39637"},"modified":"2010-11-14T08:45:07","modified_gmt":"2010-11-14T07:45:07","slug":"kosovaret-kerkojne-nenshtetesine-shqiptare","status":"publish","type":"post","link":"https:\/\/www.visit-ulcinj.com\/blog\/2010\/11\/14\/kosovaret-kerkojne-nenshtetesine-shqiptare\/","title":{"rendered":"Kosovar\u00ebt k\u00ebrkojn\u00eb n\u00ebnshtet\u00ebsin\u00eb shqiptare"},"content":{"rendered":"<p><strong><a href=\"http:\/\/www.visit-ulcinj.com\/blog\/wp-content\/uploads\/2010\/11\/nenshtetsija-shqiptare.jpg\"><img loading=\"lazy\" class=\"alignleft size-full wp-image-39638\" title=\"nenshtetsija shqiptare\" src=\"http:\/\/www.visit-ulcinj.com\/blog\/wp-content\/uploads\/2010\/11\/nenshtetsija-shqiptare.jpg\" alt=\"\" width=\"320\" height=\"147\" srcset=\"https:\/\/www.visit-ulcinj.com\/blog\/wp-content\/uploads\/2010\/11\/nenshtetsija-shqiptare.jpg 320w, https:\/\/www.visit-ulcinj.com\/blog\/wp-content\/uploads\/2010\/11\/nenshtetsija-shqiptare-300x137.jpg 300w\" sizes=\"(max-width: 320px) 100vw, 320px\" \/><\/a>Vendimi p\u00ebr liberalizimin e vizave me Shqiperin\u00eb dhe fakti tjeter q\u00eb Kosova tashme ka mbetur i vetmi vend i rajonit i izoluar ka b\u00ebr\u00eb q\u00eb kosovar\u00ebt t\u2019i drejtohen shtetit am\u00eb.<br \/>\n<\/strong><br \/>\nD\u00ebshira p\u00ebr t\u00eb l\u00ebvizur lirsh\u00ebm n\u00eb Europ\u00eb duket se shkon p\u00ebrtej\u00a0 d\u00ebshir\u00ebs p\u00ebr t\u2019u pajisur me nj\u00eb pasaport\u00eb shqiptare thjesht\u00eb p\u00ebr \u00e7\u00ebshtje patriotizmi. Numri i shqiptar\u00ebve nga Kosova t\u00eb cil\u00ebt k\u00ebrkojn\u00eb n\u00ebnshtet\u00ebsi shqiptare \u00ebsht\u00eb rritur pas hyrjes s\u00eb Shqip\u00ebris\u00eb n\u00eb zon\u00ebn Shengen.<\/p>\n<p>Ambasadori i Shqip\u00ebris\u00eb n\u00eb Kosov\u00eb Islam Lauka tha se legjislacioni n\u00eb fuqi e njeh t\u00eb drejt\u00ebn e n\u00ebnshtet\u00ebsis\u00eb p\u00ebr t\u00eb huajt, por ky fakt nuk do t\u00eb thot\u00eb q\u00eb t\u00eb gjith\u00eb mund ta ken\u00eb at\u00eb. Kjo p\u00ebr shkak se p\u00ebr k\u00ebt\u00eb duhen plot\u00ebsuar nj\u00eb varg kriteresh.<\/p>\n<p>\u201cTe pakten tete dokumente, apo kritere qe duhet te plotesohen, eshte shume e rendesishme qe te sigurohet dokumenti per qendrim rezident per te gjithe shtetasit e huaj minimum 5 vjete, per shtetasit kosovare eshte 3 vjet, edhe te ky afat 3- vjecar ka qe e lehetson kush eshte i martuar me shtetas te Shqiperise, qendrimi nje vjecar i dokumentuar nga Ministrine e Brendshme te Shqiperise\u201d, tha Lauka.,<\/p>\n<p>P\u00ebrve\u00e7\u00a0 k\u00ebtyre kritereve, aplikuesi paraprakisht duhet t\u2019i drejtohet me k\u00ebrkes\u00eb presidentit t\u00eb Shqip\u00ebris\u00eb ku duhet t\u00eb paraqes arsyet e aplikimit. D\u00ebshmia e pron\u00ebsis\u00eb s\u00eb banes\u00ebs n\u00eb Shqip\u00ebri \u00ebsht\u00eb e domosdoshme e po k\u00ebshtu\u00a0 edhe d\u00ebshmia e penalitetit nga Ministria e Drejt\u00ebsis\u00eb e Shqip\u00ebris\u00eb si dhe nga shteti q\u00eb vjen. N\u00eb raste t\u00eb ve\u00e7anta shteti shqiptar \u00ebsht\u00eb m\u00eb dor\u00ebleshuar, shtet\u00ebsin\u00eb shqiptare pa ndonj\u00eb problem mund ta fitojn\u00eb kryesisht personalitete te shquara me merita t\u00eb ve\u00e7anta. Kjo b\u00ebhet me rekomandim t\u00eb akademis\u00eb s\u00eb shkencave apo ndonj\u00eb institucioni tjet\u00ebr t\u00eb r\u00ebnd\u00ebsish\u00ebm.<\/p>\n<p>L\u00ebvizja e lir\u00eb n\u00eb Europ\u00eb ka detyruar shqiptar\u00ebt e Kosov\u00ebs q\u00eb n\u00eb rrug\u00eb ilegale t\u00eb k\u00ebrkojn\u00eb n\u00ebnshtet\u00ebsi serbe, maqedonase e malazeze, shtete k\u00ebto q\u00eb u liberalizuan para nj\u00eb viti.<\/p>\n<p><strong>Top Channel<br \/>\n[flv width=&#8221;490&#8243; height=&#8221;390&#8243;]http:\/\/video1.top-channel.tv\/18754796\/flv\/kronika\/KOSOVEPASAPORTA.flv[\/flv]<\/strong><\/p>\n","protected":false},"excerpt":{"rendered":"<p>Vendimi p\u00ebr liberalizimin e vizave me Shqiperin\u00eb dhe fakti tjeter q\u00eb Kosova tashme ka mbetur i vetmi vend i rajonit i izoluar ka b\u00ebr\u00eb q\u00eb kosovar\u00ebt t\u2019i drejtohen shtetit am\u00eb. D\u00ebshira p\u00ebr t\u00eb l\u00ebvizur lirsh\u00ebm n\u00eb Europ\u00eb duket se shkon p\u00ebrtej\u00a0 d\u00ebshir\u00ebs p\u00ebr t\u2019u pajisur me nj\u00eb pasaport\u00eb shqiptare thjesht\u00eb p\u00ebr \u00e7\u00ebshtje patriotizmi. Numri i [&hellip;]<\/p>\n","protected":false},"author":1,"featured_media":0,"comment_status":"open","ping_status":"closed","sticky":false,"template":"","format":"standard","meta":{"spay_email":"","jetpack_publicize_message":"","jetpack_is_tweetstorm":false,"jetpack_publicize_feature_enabled":true},"categories":[14],"tags":[4242,16332],"jetpack_publicize_connections":[],"yoast_head":"<!-- This site is optimized with the Yoast SEO plugin v19.1 - https:\/\/yoast.com\/wordpress\/plugins\/seo\/ -->\n<title>Kosovar\u00ebt k\u00ebrkojn\u00eb n\u00ebnshtet\u00ebsin\u00eb shqiptare - Lajme nga Ulqini<\/title>\n<meta name=\"description\" content=\"Vendimi p\u00ebr liberalizimin e vizave me Shqiperin\u00eb dhe fakti tjeter q\u00eb Kosova tashme ka mbetur i vetmi vend i rajonit i izoluar ka b\u00ebr\u00eb q\u00eb kosovar\u00ebt t\u2019i\" \/>\n<meta name=\"robots\" content=\"index, follow, max-snippet:-1, max-image-preview:large, max-video-preview:-1\" \/>\n<link rel=\"canonical\" href=\"https:\/\/www.visit-ulcinj.com\/blog\/2010\/11\/14\/kosovaret-kerkojne-nenshtetesine-shqiptare\/\" \/>\n<meta property=\"og:locale\" content=\"en_US\" \/>\n<meta property=\"og:type\" content=\"article\" \/>\n<meta property=\"og:title\" content=\"Kosovar\u00ebt k\u00ebrkojn\u00eb n\u00ebnshtet\u00ebsin\u00eb shqiptare - Lajme nga Ulqini\" \/>\n<meta property=\"og:description\" content=\"Vendimi p\u00ebr liberalizimin e vizave me Shqiperin\u00eb dhe fakti tjeter q\u00eb Kosova tashme ka mbetur i vetmi vend i rajonit i izoluar ka b\u00ebr\u00eb q\u00eb kosovar\u00ebt t\u2019i\" \/>\n<meta property=\"og:url\" content=\"https:\/\/www.visit-ulcinj.com\/blog\/2010\/11\/14\/kosovaret-kerkojne-nenshtetesine-shqiptare\/\" \/>\n<meta property=\"og:site_name\" content=\"Lajme nga Ulqini\" \/>\n<meta property=\"article:published_time\" content=\"2010-11-14T07:45:07+00:00\" \/>\n<meta property=\"og:image\" content=\"http:\/\/www.visit-ulcinj.com\/blog\/wp-content\/uploads\/2010\/11\/nenshtetsija-shqiptare.jpg\" \/>\n<meta name=\"twitter:label1\" content=\"Written by\" \/>\n\t<meta name=\"twitter:data1\" content=\"ulqini\" \/>\n\t<meta name=\"twitter:label2\" content=\"Est. reading time\" \/>\n\t<meta name=\"twitter:data2\" content=\"2 minutes\" \/>\n<script type=\"application\/ld+json\" class=\"yoast-schema-graph\">{\"@context\":\"https:\/\/schema.org\",\"@graph\":[{\"@type\":\"WebSite\",\"@id\":\"https:\/\/www.visit-ulcinj.com\/blog\/#website\",\"url\":\"https:\/\/www.visit-ulcinj.com\/blog\/\",\"name\":\"Lajme nga Ulqini\",\"description\":\"Lajme,Vijesti,Ulqini,Ulqin,Crna Gora,Mali i Zi\",\"potentialAction\":[{\"@type\":\"SearchAction\",\"target\":{\"@type\":\"EntryPoint\",\"urlTemplate\":\"https:\/\/www.visit-ulcinj.com\/blog\/?s={search_term_string}\"},\"query-input\":\"required name=search_term_string\"}],\"inLanguage\":\"en-US\"},{\"@type\":\"ImageObject\",\"inLanguage\":\"en-US\",\"@id\":\"https:\/\/www.visit-ulcinj.com\/blog\/2010\/11\/14\/kosovaret-kerkojne-nenshtetesine-shqiptare\/#primaryimage\",\"url\":\"https:\/\/www.visit-ulcinj.com\/blog\/wp-content\/uploads\/2010\/11\/nenshtetsija-shqiptare.jpg\",\"contentUrl\":\"https:\/\/www.visit-ulcinj.com\/blog\/wp-content\/uploads\/2010\/11\/nenshtetsija-shqiptare.jpg\",\"width\":\"320\",\"height\":\"147\"},{\"@type\":\"WebPage\",\"@id\":\"https:\/\/www.visit-ulcinj.com\/blog\/2010\/11\/14\/kosovaret-kerkojne-nenshtetesine-shqiptare\/#webpage\",\"url\":\"https:\/\/www.visit-ulcinj.com\/blog\/2010\/11\/14\/kosovaret-kerkojne-nenshtetesine-shqiptare\/\",\"name\":\"Kosovar\u00ebt k\u00ebrkojn\u00eb n\u00ebnshtet\u00ebsin\u00eb shqiptare - Lajme nga Ulqini\",\"isPartOf\":{\"@id\":\"https:\/\/www.visit-ulcinj.com\/blog\/#website\"},\"primaryImageOfPage\":{\"@id\":\"https:\/\/www.visit-ulcinj.com\/blog\/2010\/11\/14\/kosovaret-kerkojne-nenshtetesine-shqiptare\/#primaryimage\"},\"datePublished\":\"2010-11-14T07:45:07+00:00\",\"dateModified\":\"2010-11-14T07:45:07+00:00\",\"author\":{\"@id\":\"https:\/\/www.visit-ulcinj.com\/blog\/#\/schema\/person\/dcab619c614d3038751c63bc2aadc06d\"},\"description\":\"Vendimi p\u00ebr liberalizimin e vizave me Shqiperin\u00eb dhe fakti tjeter q\u00eb Kosova tashme ka mbetur i vetmi vend i rajonit i izoluar ka b\u00ebr\u00eb q\u00eb kosovar\u00ebt t\u2019i\",\"breadcrumb\":{\"@id\":\"https:\/\/www.visit-ulcinj.com\/blog\/2010\/11\/14\/kosovaret-kerkojne-nenshtetesine-shqiptare\/#breadcrumb\"},\"inLanguage\":\"en-US\",\"potentialAction\":[{\"@type\":\"ReadAction\",\"target\":[\"https:\/\/www.visit-ulcinj.com\/blog\/2010\/11\/14\/kosovaret-kerkojne-nenshtetesine-shqiptare\/\"]}]},{\"@type\":\"BreadcrumbList\",\"@id\":\"https:\/\/www.visit-ulcinj.com\/blog\/2010\/11\/14\/kosovaret-kerkojne-nenshtetesine-shqiptare\/#breadcrumb\",\"itemListElement\":[{\"@type\":\"ListItem\",\"position\":1,\"name\":\"Kosovar\u00ebt k\u00ebrkojn\u00eb n\u00ebnshtet\u00ebsin\u00eb shqiptare\"}]},{\"@type\":\"Person\",\"@id\":\"https:\/\/www.visit-ulcinj.com\/blog\/#\/schema\/person\/dcab619c614d3038751c63bc2aadc06d\",\"name\":\"ulqini\",\"sameAs\":[\"http:\/\/www.visit-ulcinj.com\"],\"url\":\"https:\/\/www.visit-ulcinj.com\/blog\/author\/admin\/\"}]}<\/script>\n<!-- \/ Yoast SEO plugin. -->","yoast_head_json":{"title":"Kosovar\u00ebt k\u00ebrkojn\u00eb n\u00ebnshtet\u00ebsin\u00eb shqiptare - Lajme nga Ulqini","description":"Vendimi p\u00ebr liberalizimin e vizave me Shqiperin\u00eb dhe fakti tjeter q\u00eb Kosova tashme ka mbetur i vetmi vend i rajonit i izoluar ka b\u00ebr\u00eb q\u00eb kosovar\u00ebt t\u2019i","robots":{"index":"index","follow":"follow","max-snippet":"max-snippet:-1","max-image-preview":"max-image-preview:large","max-video-preview":"max-video-preview:-1"},"canonical":"https:\/\/www.visit-ulcinj.com\/blog\/2010\/11\/14\/kosovaret-kerkojne-nenshtetesine-shqiptare\/","og_locale":"en_US","og_type":"article","og_title":"Kosovar\u00ebt k\u00ebrkojn\u00eb n\u00ebnshtet\u00ebsin\u00eb shqiptare - Lajme nga Ulqini","og_description":"Vendimi p\u00ebr liberalizimin e vizave me Shqiperin\u00eb dhe fakti tjeter q\u00eb Kosova tashme ka mbetur i vetmi vend i rajonit i izoluar ka b\u00ebr\u00eb q\u00eb kosovar\u00ebt t\u2019i","og_url":"https:\/\/www.visit-ulcinj.com\/blog\/2010\/11\/14\/kosovaret-kerkojne-nenshtetesine-shqiptare\/","og_site_name":"Lajme nga Ulqini","article_published_time":"2010-11-14T07:45:07+00:00","og_image":[{"url":"http:\/\/www.visit-ulcinj.com\/blog\/wp-content\/uploads\/2010\/11\/nenshtetsija-shqiptare.jpg"}],"twitter_misc":{"Written by":"ulqini","Est. reading time":"2 minutes"},"schema":{"@context":"https:\/\/schema.org","@graph":[{"@type":"WebSite","@id":"https:\/\/www.visit-ulcinj.com\/blog\/#website","url":"https:\/\/www.visit-ulcinj.com\/blog\/","name":"Lajme nga Ulqini","description":"Lajme,Vijesti,Ulqini,Ulqin,Crna Gora,Mali i Zi","potentialAction":[{"@type":"SearchAction","target":{"@type":"EntryPoint","urlTemplate":"https:\/\/www.visit-ulcinj.com\/blog\/?s={search_term_string}"},"query-input":"required name=search_term_string"}],"inLanguage":"en-US"},{"@type":"ImageObject","inLanguage":"en-US","@id":"https:\/\/www.visit-ulcinj.com\/blog\/2010\/11\/14\/kosovaret-kerkojne-nenshtetesine-shqiptare\/#primaryimage","url":"https:\/\/www.visit-ulcinj.com\/blog\/wp-content\/uploads\/2010\/11\/nenshtetsija-shqiptare.jpg","contentUrl":"https:\/\/www.visit-ulcinj.com\/blog\/wp-content\/uploads\/2010\/11\/nenshtetsija-shqiptare.jpg","width":"320","height":"147"},{"@type":"WebPage","@id":"https:\/\/www.visit-ulcinj.com\/blog\/2010\/11\/14\/kosovaret-kerkojne-nenshtetesine-shqiptare\/#webpage","url":"https:\/\/www.visit-ulcinj.com\/blog\/2010\/11\/14\/kosovaret-kerkojne-nenshtetesine-shqiptare\/","name":"Kosovar\u00ebt k\u00ebrkojn\u00eb n\u00ebnshtet\u00ebsin\u00eb shqiptare - Lajme nga Ulqini","isPartOf":{"@id":"https:\/\/www.visit-ulcinj.com\/blog\/#website"},"primaryImageOfPage":{"@id":"https:\/\/www.visit-ulcinj.com\/blog\/2010\/11\/14\/kosovaret-kerkojne-nenshtetesine-shqiptare\/#primaryimage"},"datePublished":"2010-11-14T07:45:07+00:00","dateModified":"2010-11-14T07:45:07+00:00","author":{"@id":"https:\/\/www.visit-ulcinj.com\/blog\/#\/schema\/person\/dcab619c614d3038751c63bc2aadc06d"},"description":"Vendimi p\u00ebr liberalizimin e vizave me Shqiperin\u00eb dhe fakti tjeter q\u00eb Kosova tashme ka mbetur i vetmi vend i rajonit i izoluar ka b\u00ebr\u00eb q\u00eb kosovar\u00ebt t\u2019i","breadcrumb":{"@id":"https:\/\/www.visit-ulcinj.com\/blog\/2010\/11\/14\/kosovaret-kerkojne-nenshtetesine-shqiptare\/#breadcrumb"},"inLanguage":"en-US","potentialAction":[{"@type":"ReadAction","target":["https:\/\/www.visit-ulcinj.com\/blog\/2010\/11\/14\/kosovaret-kerkojne-nenshtetesine-shqiptare\/"]}]},{"@type":"BreadcrumbList","@id":"https:\/\/www.visit-ulcinj.com\/blog\/2010\/11\/14\/kosovaret-kerkojne-nenshtetesine-shqiptare\/#breadcrumb","itemListElement":[{"@type":"ListItem","position":1,"name":"Kosovar\u00ebt k\u00ebrkojn\u00eb n\u00ebnshtet\u00ebsin\u00eb shqiptare"}]},{"@type":"Person","@id":"https:\/\/www.visit-ulcinj.com\/blog\/#\/schema\/person\/dcab619c614d3038751c63bc2aadc06d","name":"ulqini","sameAs":["http:\/\/www.visit-ulcinj.com"],"url":"https:\/\/www.visit-ulcinj.com\/blog\/author\/admin\/"}]}},"jetpack_featured_media_url":"","jetpack_sharing_enabled":true,"jetpack_shortlink":"https:\/\/wp.me\/pe6lTn-ajj","_links":{"self":[{"href":"https:\/\/www.visit-ulcinj.com\/blog\/wp-json\/wp\/v2\/posts\/39637"}],"collection":[{"href":"https:\/\/www.visit-ulcinj.com\/blog\/wp-json\/wp\/v2\/posts"}],"about":[{"href":"https:\/\/www.visit-ulcinj.com\/blog\/wp-json\/wp\/v2\/types\/post"}],"author":[{"embeddable":true,"href":"https:\/\/www.visit-ulcinj.com\/blog\/wp-json\/wp\/v2\/users\/1"}],"replies":[{"embeddable":true,"href":"https:\/\/www.visit-ulcinj.com\/blog\/wp-json\/wp\/v2\/comments?post=39637"}],"version-history":[{"count":0,"href":"https:\/\/www.visit-ulcinj.com\/blog\/wp-json\/wp\/v2\/posts\/39637\/revisions"}],"wp:attachment":[{"href":"https:\/\/www.visit-ulcinj.com\/blog\/wp-json\/wp\/v2\/media?parent=39637"}],"wp:term":[{"taxonomy":"category","embeddable":true,"href":"https:\/\/www.visit-ulcinj.com\/blog\/wp-json\/wp\/v2\/categories?post=39637"},{"taxonomy":"post_tag","embeddable":true,"href":"https:\/\/www.visit-ulcinj.com\/blog\/wp-json\/wp\/v2\/tags?post=39637"}],"curies":[{"name":"wp","href":"https:\/\/api.w.org\/{rel}","templated":true}]}}