{"id":3966,"date":"2008-10-06T13:29:57","date_gmt":"2008-10-06T18:29:57","guid":{"rendered":"http:\/\/www.visit-ulcinj.com\/blog\/?p=3966"},"modified":"2008-10-17T13:30:29","modified_gmt":"2008-10-17T18:30:29","slug":"crna-gora-bez-viza-do-sredine-2009","status":"publish","type":"post","link":"https:\/\/www.visit-ulcinj.com\/blog\/2008\/10\/06\/crna-gora-bez-viza-do-sredine-2009\/","title":{"rendered":"Crna Gora bez viza do sredine 2009"},"content":{"rendered":"<p><a href=\"http:\/\/www.visit-ulcinj.com\/blog\/wp-content\/uploads\/2008\/10\/slavica-milacic_baroso.jpg\"><img loading=\"lazy\" class=\"alignleft size-medium wp-image-3968\" title=\"H.E. Ambassador Slavica Milacic, Montenegro, on the right, and J\" src=\"http:\/\/www.visit-ulcinj.com\/blog\/wp-content\/uploads\/2008\/10\/slavica-milacic_baroso-300x198.jpg\" alt=\"\" width=\"300\" height=\"198\" \/><\/a><strong>Ambasadorka pri EU optimista<\/strong><br \/>\nPodgorica \u2013 Crnogorska ambasadorka pri Evropskoj uniji Slavica Mila?i? najavila je da bi proces liberalizacije viznog re\u017eima mogao da bude zavr\u0161en tokom ?e\u0161kog predsjedavanja EU, koje po?inje prvog januara 2009.<br \/>\nOna je Televiziji IN saop\u0161tila da Crna Gora spada u dr\u017eave koje imaju sve uslove da budu me?u prvima sa kojima ?e EU uspostaviti bezvizni re\u017eim i najavila da Evropska komisija do sredine novembra treba da uradi prvu procjenu spremnosti Crne Gore o uspostavljanju bezviznog re\u017eima.<br \/>\n\u201eRealno je o?ekivati da se proces liberalizacije viznog re\u017eima sa dr\u017eavama Zapadnog Balkana dobije puni zamah tokom ?e\u0161kog predsjedavanja. Mislim da su realne procjene, a ponovi?u da je nezahvalno govoriti o rokovima, da bi se to moglo desiti tokom, odnosno krajem ?e\u0161kog predsjedavanja\u201c, kazala je Mila?i?.<br \/>\nFrancuska je trenutno na ?elu EU, kada ?e tu ulogu, na po?etku sljede?e godine, preuzeti ?e\u0161ka.<br \/>\nPredsjedavanje \u201eelitnim klubom\u201c traje pola godine.<br \/>\n<strong>D. M.<br \/>\nIzvor \/ Vijesti<\/strong><\/p>\n","protected":false},"excerpt":{"rendered":"<p>Ambasadorka pri EU optimista Podgorica \u2013 Crnogorska ambasadorka pri Evropskoj uniji Slavica Mila?i? najavila je da bi proces liberalizacije viznog re\u017eima mogao da bude zavr\u0161en tokom ?e\u0161kog predsjedavanja EU, koje po?inje prvog januara 2009. Ona je Televiziji IN saop\u0161tila da Crna Gora spada u dr\u017eave koje imaju sve uslove da budu me?u prvima sa kojima [&hellip;]<\/p>\n","protected":false},"author":1,"featured_media":0,"comment_status":"open","ping_status":"closed","sticky":false,"template":"","format":"standard","meta":{"spay_email":"","jetpack_publicize_message":"","jetpack_is_tweetstorm":false,"jetpack_publicize_feature_enabled":true},"categories":[6,12],"tags":[20],"jetpack_publicize_connections":[],"yoast_head":"<!-- This site is optimized with the Yoast SEO plugin v19.1 - https:\/\/yoast.com\/wordpress\/plugins\/seo\/ -->\n<title>Crna Gora bez viza do sredine 2009 - Lajme nga Ulqini<\/title>\n<meta name=\"description\" content=\"Ambasadorka pri EU optimista Podgorica \u2013 Crnogorska ambasadorka pri Evropskoj uniji Slavica Mila?i? najavila je da bi proces liberalizacije viznog re\u017eima\" \/>\n<meta name=\"robots\" content=\"index, follow, max-snippet:-1, max-image-preview:large, max-video-preview:-1\" \/>\n<link rel=\"canonical\" href=\"https:\/\/www.visit-ulcinj.com\/blog\/2008\/10\/06\/crna-gora-bez-viza-do-sredine-2009\/\" \/>\n<meta property=\"og:locale\" content=\"en_US\" \/>\n<meta property=\"og:type\" content=\"article\" \/>\n<meta property=\"og:title\" content=\"Crna Gora bez viza do sredine 2009 - Lajme nga Ulqini\" \/>\n<meta property=\"og:description\" content=\"Ambasadorka pri EU optimista Podgorica \u2013 Crnogorska ambasadorka pri Evropskoj uniji Slavica Mila?i? najavila je da bi proces liberalizacije viznog re\u017eima\" \/>\n<meta property=\"og:url\" content=\"https:\/\/www.visit-ulcinj.com\/blog\/2008\/10\/06\/crna-gora-bez-viza-do-sredine-2009\/\" \/>\n<meta property=\"og:site_name\" content=\"Lajme nga Ulqini\" \/>\n<meta property=\"article:published_time\" content=\"2008-10-06T18:29:57+00:00\" \/>\n<meta property=\"article:modified_time\" content=\"2008-10-17T18:30:29+00:00\" \/>\n<meta property=\"og:image\" content=\"http:\/\/www.visit-ulcinj.com\/blog\/wp-content\/uploads\/2008\/10\/slavica-milacic_baroso-300x198.jpg\" \/>\n<meta name=\"twitter:label1\" content=\"Written by\" \/>\n\t<meta name=\"twitter:data1\" content=\"ulqini\" \/>\n\t<meta name=\"twitter:label2\" content=\"Est. reading time\" \/>\n\t<meta name=\"twitter:data2\" content=\"1 minute\" \/>\n<script type=\"application\/ld+json\" class=\"yoast-schema-graph\">{\"@context\":\"https:\/\/schema.org\",\"@graph\":[{\"@type\":\"WebSite\",\"@id\":\"https:\/\/www.visit-ulcinj.com\/blog\/#website\",\"url\":\"https:\/\/www.visit-ulcinj.com\/blog\/\",\"name\":\"Lajme nga Ulqini\",\"description\":\"Lajme,Vijesti,Ulqini,Ulqin,Crna Gora,Mali i Zi\",\"potentialAction\":[{\"@type\":\"SearchAction\",\"target\":{\"@type\":\"EntryPoint\",\"urlTemplate\":\"https:\/\/www.visit-ulcinj.com\/blog\/?s={search_term_string}\"},\"query-input\":\"required name=search_term_string\"}],\"inLanguage\":\"en-US\"},{\"@type\":\"ImageObject\",\"inLanguage\":\"en-US\",\"@id\":\"https:\/\/www.visit-ulcinj.com\/blog\/2008\/10\/06\/crna-gora-bez-viza-do-sredine-2009\/#primaryimage\",\"url\":\"http:\/\/www.visit-ulcinj.com\/blog\/wp-content\/uploads\/2008\/10\/slavica-milacic_baroso-300x198.jpg\",\"contentUrl\":\"http:\/\/www.visit-ulcinj.com\/blog\/wp-content\/uploads\/2008\/10\/slavica-milacic_baroso-300x198.jpg\"},{\"@type\":\"WebPage\",\"@id\":\"https:\/\/www.visit-ulcinj.com\/blog\/2008\/10\/06\/crna-gora-bez-viza-do-sredine-2009\/#webpage\",\"url\":\"https:\/\/www.visit-ulcinj.com\/blog\/2008\/10\/06\/crna-gora-bez-viza-do-sredine-2009\/\",\"name\":\"Crna Gora bez viza do sredine 2009 - Lajme nga Ulqini\",\"isPartOf\":{\"@id\":\"https:\/\/www.visit-ulcinj.com\/blog\/#website\"},\"primaryImageOfPage\":{\"@id\":\"https:\/\/www.visit-ulcinj.com\/blog\/2008\/10\/06\/crna-gora-bez-viza-do-sredine-2009\/#primaryimage\"},\"datePublished\":\"2008-10-06T18:29:57+00:00\",\"dateModified\":\"2008-10-17T18:30:29+00:00\",\"author\":{\"@id\":\"https:\/\/www.visit-ulcinj.com\/blog\/#\/schema\/person\/dcab619c614d3038751c63bc2aadc06d\"},\"description\":\"Ambasadorka pri EU optimista Podgorica \u2013 Crnogorska ambasadorka pri Evropskoj uniji Slavica Mila?i? najavila je da bi proces liberalizacije viznog re\u017eima\",\"breadcrumb\":{\"@id\":\"https:\/\/www.visit-ulcinj.com\/blog\/2008\/10\/06\/crna-gora-bez-viza-do-sredine-2009\/#breadcrumb\"},\"inLanguage\":\"en-US\",\"potentialAction\":[{\"@type\":\"ReadAction\",\"target\":[\"https:\/\/www.visit-ulcinj.com\/blog\/2008\/10\/06\/crna-gora-bez-viza-do-sredine-2009\/\"]}]},{\"@type\":\"BreadcrumbList\",\"@id\":\"https:\/\/www.visit-ulcinj.com\/blog\/2008\/10\/06\/crna-gora-bez-viza-do-sredine-2009\/#breadcrumb\",\"itemListElement\":[{\"@type\":\"ListItem\",\"position\":1,\"name\":\"Crna Gora bez viza do sredine 2009\"}]},{\"@type\":\"Person\",\"@id\":\"https:\/\/www.visit-ulcinj.com\/blog\/#\/schema\/person\/dcab619c614d3038751c63bc2aadc06d\",\"name\":\"ulqini\",\"sameAs\":[\"http:\/\/www.visit-ulcinj.com\"],\"url\":\"https:\/\/www.visit-ulcinj.com\/blog\/author\/admin\/\"}]}<\/script>\n<!-- \/ Yoast SEO plugin. -->","yoast_head_json":{"title":"Crna Gora bez viza do sredine 2009 - Lajme nga Ulqini","description":"Ambasadorka pri EU optimista Podgorica \u2013 Crnogorska ambasadorka pri Evropskoj uniji Slavica Mila?i? najavila je da bi proces liberalizacije viznog re\u017eima","robots":{"index":"index","follow":"follow","max-snippet":"max-snippet:-1","max-image-preview":"max-image-preview:large","max-video-preview":"max-video-preview:-1"},"canonical":"https:\/\/www.visit-ulcinj.com\/blog\/2008\/10\/06\/crna-gora-bez-viza-do-sredine-2009\/","og_locale":"en_US","og_type":"article","og_title":"Crna Gora bez viza do sredine 2009 - Lajme nga Ulqini","og_description":"Ambasadorka pri EU optimista Podgorica \u2013 Crnogorska ambasadorka pri Evropskoj uniji Slavica Mila?i? najavila je da bi proces liberalizacije viznog re\u017eima","og_url":"https:\/\/www.visit-ulcinj.com\/blog\/2008\/10\/06\/crna-gora-bez-viza-do-sredine-2009\/","og_site_name":"Lajme nga Ulqini","article_published_time":"2008-10-06T18:29:57+00:00","article_modified_time":"2008-10-17T18:30:29+00:00","og_image":[{"url":"http:\/\/www.visit-ulcinj.com\/blog\/wp-content\/uploads\/2008\/10\/slavica-milacic_baroso-300x198.jpg"}],"twitter_misc":{"Written by":"ulqini","Est. reading time":"1 minute"},"schema":{"@context":"https:\/\/schema.org","@graph":[{"@type":"WebSite","@id":"https:\/\/www.visit-ulcinj.com\/blog\/#website","url":"https:\/\/www.visit-ulcinj.com\/blog\/","name":"Lajme nga Ulqini","description":"Lajme,Vijesti,Ulqini,Ulqin,Crna Gora,Mali i Zi","potentialAction":[{"@type":"SearchAction","target":{"@type":"EntryPoint","urlTemplate":"https:\/\/www.visit-ulcinj.com\/blog\/?s={search_term_string}"},"query-input":"required name=search_term_string"}],"inLanguage":"en-US"},{"@type":"ImageObject","inLanguage":"en-US","@id":"https:\/\/www.visit-ulcinj.com\/blog\/2008\/10\/06\/crna-gora-bez-viza-do-sredine-2009\/#primaryimage","url":"http:\/\/www.visit-ulcinj.com\/blog\/wp-content\/uploads\/2008\/10\/slavica-milacic_baroso-300x198.jpg","contentUrl":"http:\/\/www.visit-ulcinj.com\/blog\/wp-content\/uploads\/2008\/10\/slavica-milacic_baroso-300x198.jpg"},{"@type":"WebPage","@id":"https:\/\/www.visit-ulcinj.com\/blog\/2008\/10\/06\/crna-gora-bez-viza-do-sredine-2009\/#webpage","url":"https:\/\/www.visit-ulcinj.com\/blog\/2008\/10\/06\/crna-gora-bez-viza-do-sredine-2009\/","name":"Crna Gora bez viza do sredine 2009 - Lajme nga Ulqini","isPartOf":{"@id":"https:\/\/www.visit-ulcinj.com\/blog\/#website"},"primaryImageOfPage":{"@id":"https:\/\/www.visit-ulcinj.com\/blog\/2008\/10\/06\/crna-gora-bez-viza-do-sredine-2009\/#primaryimage"},"datePublished":"2008-10-06T18:29:57+00:00","dateModified":"2008-10-17T18:30:29+00:00","author":{"@id":"https:\/\/www.visit-ulcinj.com\/blog\/#\/schema\/person\/dcab619c614d3038751c63bc2aadc06d"},"description":"Ambasadorka pri EU optimista Podgorica \u2013 Crnogorska ambasadorka pri Evropskoj uniji Slavica Mila?i? najavila je da bi proces liberalizacije viznog re\u017eima","breadcrumb":{"@id":"https:\/\/www.visit-ulcinj.com\/blog\/2008\/10\/06\/crna-gora-bez-viza-do-sredine-2009\/#breadcrumb"},"inLanguage":"en-US","potentialAction":[{"@type":"ReadAction","target":["https:\/\/www.visit-ulcinj.com\/blog\/2008\/10\/06\/crna-gora-bez-viza-do-sredine-2009\/"]}]},{"@type":"BreadcrumbList","@id":"https:\/\/www.visit-ulcinj.com\/blog\/2008\/10\/06\/crna-gora-bez-viza-do-sredine-2009\/#breadcrumb","itemListElement":[{"@type":"ListItem","position":1,"name":"Crna Gora bez viza do sredine 2009"}]},{"@type":"Person","@id":"https:\/\/www.visit-ulcinj.com\/blog\/#\/schema\/person\/dcab619c614d3038751c63bc2aadc06d","name":"ulqini","sameAs":["http:\/\/www.visit-ulcinj.com"],"url":"https:\/\/www.visit-ulcinj.com\/blog\/author\/admin\/"}]}},"jetpack_featured_media_url":"","jetpack_sharing_enabled":true,"jetpack_shortlink":"https:\/\/wp.me\/pe6lTn-11Y","_links":{"self":[{"href":"https:\/\/www.visit-ulcinj.com\/blog\/wp-json\/wp\/v2\/posts\/3966"}],"collection":[{"href":"https:\/\/www.visit-ulcinj.com\/blog\/wp-json\/wp\/v2\/posts"}],"about":[{"href":"https:\/\/www.visit-ulcinj.com\/blog\/wp-json\/wp\/v2\/types\/post"}],"author":[{"embeddable":true,"href":"https:\/\/www.visit-ulcinj.com\/blog\/wp-json\/wp\/v2\/users\/1"}],"replies":[{"embeddable":true,"href":"https:\/\/www.visit-ulcinj.com\/blog\/wp-json\/wp\/v2\/comments?post=3966"}],"version-history":[{"count":0,"href":"https:\/\/www.visit-ulcinj.com\/blog\/wp-json\/wp\/v2\/posts\/3966\/revisions"}],"wp:attachment":[{"href":"https:\/\/www.visit-ulcinj.com\/blog\/wp-json\/wp\/v2\/media?parent=3966"}],"wp:term":[{"taxonomy":"category","embeddable":true,"href":"https:\/\/www.visit-ulcinj.com\/blog\/wp-json\/wp\/v2\/categories?post=3966"},{"taxonomy":"post_tag","embeddable":true,"href":"https:\/\/www.visit-ulcinj.com\/blog\/wp-json\/wp\/v2\/tags?post=3966"}],"curies":[{"name":"wp","href":"https:\/\/api.w.org\/{rel}","templated":true}]}}