{"id":39664,"date":"2010-11-14T13:05:33","date_gmt":"2010-11-14T12:05:33","guid":{"rendered":"http:\/\/www.visit-ulcinj.com\/blog\/?p=39664"},"modified":"2010-11-14T13:08:11","modified_gmt":"2010-11-14T12:08:11","slug":"vesa-luma-publikon-lidhjen-6-muajshe-me-arkitektin-kreshnik-zalli","status":"publish","type":"post","link":"https:\/\/www.visit-ulcinj.com\/blog\/2010\/11\/14\/vesa-luma-publikon-lidhjen-6-muajshe-me-arkitektin-kreshnik-zalli\/","title":{"rendered":"Vesa Luma publikon lidhjen 6 muajshe me arkitektin Kreshnik Zalli"},"content":{"rendered":"<p><a href=\"http:\/\/www.visit-ulcinj.com\/blog\/wp-content\/uploads\/2010\/11\/Vesa-Luma-shume-sexy.jpg\"><img loading=\"lazy\" class=\"alignleft size-full wp-image-39665\" title=\"Vesa Luma - shume sexy\" src=\"http:\/\/www.visit-ulcinj.com\/blog\/wp-content\/uploads\/2010\/11\/Vesa-Luma-shume-sexy.jpg\" alt=\"\" width=\"320\" height=\"225\" \/><\/a>Nuk kaloi as nj\u00eb jav\u00eb q\u00eb kur publikuam historin\u00eb e fejes\u00ebs s\u00eb ish t\u00eb dashurit t\u00eb Vesa Lum\u00ebs, regjisorit Genc Dobroshi, dhe k\u00ebng\u00ebtarja reagon, duke vendosur t\u00eb b\u00ebj\u00eb publike lidhjen e re. E gjendur n\u00eb nj\u00eb lokal n\u00eb Prishtin\u00eb, nd\u00ebrsa televizioni \u201cKlan Kosova\u201d xhironte nj\u00eb emision arg\u00ebtues, k\u00ebng\u00ebtarja nuk kishte pasur mund\u00ebsi t\u00eb ik\u00eb nga syri i kamer\u00ebs. Ajo ishte e shoq\u00ebruar nga disa miq dhe nga i dashuri i ri, arkitekti Kreshnik Zalli. Po kush \u00ebsht\u00eb Kreshniku, djali q\u00eb ka rr\u00ebmbyer zemr\u00ebn e k\u00ebng\u00ebtares? \u00cbsht\u00eb nga Kosova, por nj\u00eb koh\u00eb t\u00eb gjat\u00eb ka jetuar n\u00eb Brooklyn &#8211; New York. Ai \u00ebsht\u00eb 28 vje\u00e7ar dhe n\u00eb vitin 2007 ka mbaruar studimet \u201cCity College of New York\u201d p\u00ebr arkitektur\u00eb. Nga ajo q\u00eb mund\u00ebm t\u00eb m\u00ebsojm\u00eb, Kreshniku, pasi ka studiuar p\u00ebr arkitektur\u00eb, i \u00ebsht\u00eb p\u00ebrkushtuar majft edhe hobit t\u00eb tij p\u00ebr sende dhe nd\u00ebrtesa antike. Jo rast\u00ebsisht n\u00eb profilin e tij n\u00eb facebook ka t\u00eb vendosura shum\u00eb imazhe t\u00eb fotografuara gjat\u00eb udh\u00ebtimeve t\u00eb tij n\u00ebp\u00ebr shum\u00eb vende t\u00eb bot\u00ebs si n\u00eb: Austri, Turqi, Rusi, Egjipt, Dubai, Indi, Kin\u00eb, Malajzi, Singapur, Japoni e shum\u00eb vende t\u00eb tjera. Sipas Ves\u00ebs, ajo \u00ebsht\u00eb n\u00eb lidhje me Kreshnikun prej 6 muajsh.<\/p>\n<p><strong>Panorama Plus<br \/>\n<br \/>\n<\/strong><br \/>\n<!--YouTube Error: bad URL entered--><\/p>\n","protected":false},"excerpt":{"rendered":"<p>Nuk kaloi as nj\u00eb jav\u00eb q\u00eb kur publikuam historin\u00eb e fejes\u00ebs s\u00eb ish t\u00eb dashurit t\u00eb Vesa Lum\u00ebs, regjisorit Genc Dobroshi, dhe k\u00ebng\u00ebtarja reagon, duke vendosur t\u00eb b\u00ebj\u00eb publike lidhjen e re. E gjendur n\u00eb nj\u00eb lokal n\u00eb Prishtin\u00eb, nd\u00ebrsa televizioni \u201cKlan Kosova\u201d xhironte nj\u00eb emision arg\u00ebtues, k\u00ebng\u00ebtarja nuk kishte pasur mund\u00ebsi t\u00eb ik\u00eb nga [&hellip;]<\/p>\n","protected":false},"author":1,"featured_media":0,"comment_status":"open","ping_status":"closed","sticky":false,"template":"","format":"standard","meta":{"spay_email":"","jetpack_publicize_message":"","jetpack_is_tweetstorm":false,"jetpack_publicize_feature_enabled":true},"categories":[1],"tags":[5017],"jetpack_publicize_connections":[],"yoast_head":"<!-- This site is optimized with the Yoast SEO plugin v19.1 - https:\/\/yoast.com\/wordpress\/plugins\/seo\/ -->\n<title>Vesa Luma publikon lidhjen 6 muajshe me arkitektin Kreshnik Zalli - Lajme nga Ulqini<\/title>\n<meta name=\"description\" content=\"Nuk kaloi as nj\u00eb jav\u00eb q\u00eb kur publikuam historin\u00eb e fejes\u00ebs s\u00eb ish t\u00eb dashurit t\u00eb Vesa Lum\u00ebs, regjisorit Genc Dobroshi, dhe k\u00ebng\u00ebtarja reagon, duke\" \/>\n<meta name=\"robots\" content=\"index, follow, max-snippet:-1, max-image-preview:large, max-video-preview:-1\" \/>\n<link rel=\"canonical\" href=\"https:\/\/www.visit-ulcinj.com\/blog\/2010\/11\/14\/vesa-luma-publikon-lidhjen-6-muajshe-me-arkitektin-kreshnik-zalli\/\" \/>\n<meta property=\"og:locale\" content=\"en_US\" \/>\n<meta property=\"og:type\" content=\"article\" \/>\n<meta property=\"og:title\" content=\"Vesa Luma publikon lidhjen 6 muajshe me arkitektin Kreshnik Zalli - Lajme nga Ulqini\" \/>\n<meta property=\"og:description\" content=\"Nuk kaloi as nj\u00eb jav\u00eb q\u00eb kur publikuam historin\u00eb e fejes\u00ebs s\u00eb ish t\u00eb dashurit t\u00eb Vesa Lum\u00ebs, regjisorit Genc Dobroshi, dhe k\u00ebng\u00ebtarja reagon, duke\" \/>\n<meta property=\"og:url\" content=\"https:\/\/www.visit-ulcinj.com\/blog\/2010\/11\/14\/vesa-luma-publikon-lidhjen-6-muajshe-me-arkitektin-kreshnik-zalli\/\" \/>\n<meta property=\"og:site_name\" content=\"Lajme nga Ulqini\" \/>\n<meta property=\"article:published_time\" content=\"2010-11-14T12:05:33+00:00\" \/>\n<meta property=\"article:modified_time\" content=\"2010-11-14T12:08:11+00:00\" \/>\n<meta property=\"og:image\" content=\"https:\/\/www.visit-ulcinj.com\/blog\/wp-content\/uploads\/2010\/11\/Vesa-Luma-shume-sexy-150x150.jpg\" \/>\n<meta name=\"twitter:label1\" content=\"Written by\" \/>\n\t<meta name=\"twitter:data1\" content=\"ulqini\" \/>\n\t<meta name=\"twitter:label2\" content=\"Est. reading time\" \/>\n\t<meta name=\"twitter:data2\" content=\"1 minute\" \/>\n<script type=\"application\/ld+json\" class=\"yoast-schema-graph\">{\"@context\":\"https:\/\/schema.org\",\"@graph\":[{\"@type\":\"WebSite\",\"@id\":\"https:\/\/www.visit-ulcinj.com\/blog\/#website\",\"url\":\"https:\/\/www.visit-ulcinj.com\/blog\/\",\"name\":\"Lajme nga Ulqini\",\"description\":\"Lajme,Vijesti,Ulqini,Ulqin,Crna Gora,Mali i Zi\",\"potentialAction\":[{\"@type\":\"SearchAction\",\"target\":{\"@type\":\"EntryPoint\",\"urlTemplate\":\"https:\/\/www.visit-ulcinj.com\/blog\/?s={search_term_string}\"},\"query-input\":\"required name=search_term_string\"}],\"inLanguage\":\"en-US\"},{\"@type\":\"ImageObject\",\"inLanguage\":\"en-US\",\"@id\":\"https:\/\/www.visit-ulcinj.com\/blog\/2010\/11\/14\/vesa-luma-publikon-lidhjen-6-muajshe-me-arkitektin-kreshnik-zalli\/#primaryimage\",\"url\":\"http:\/\/www.visit-ulcinj.com\/blog\/wp-content\/uploads\/2010\/11\/Vesa-Luma-shume-sexy.jpg\",\"contentUrl\":\"http:\/\/www.visit-ulcinj.com\/blog\/wp-content\/uploads\/2010\/11\/Vesa-Luma-shume-sexy.jpg\"},{\"@type\":\"WebPage\",\"@id\":\"https:\/\/www.visit-ulcinj.com\/blog\/2010\/11\/14\/vesa-luma-publikon-lidhjen-6-muajshe-me-arkitektin-kreshnik-zalli\/#webpage\",\"url\":\"https:\/\/www.visit-ulcinj.com\/blog\/2010\/11\/14\/vesa-luma-publikon-lidhjen-6-muajshe-me-arkitektin-kreshnik-zalli\/\",\"name\":\"Vesa Luma publikon lidhjen 6 muajshe me arkitektin Kreshnik Zalli - Lajme nga Ulqini\",\"isPartOf\":{\"@id\":\"https:\/\/www.visit-ulcinj.com\/blog\/#website\"},\"primaryImageOfPage\":{\"@id\":\"https:\/\/www.visit-ulcinj.com\/blog\/2010\/11\/14\/vesa-luma-publikon-lidhjen-6-muajshe-me-arkitektin-kreshnik-zalli\/#primaryimage\"},\"datePublished\":\"2010-11-14T12:05:33+00:00\",\"dateModified\":\"2010-11-14T12:08:11+00:00\",\"author\":{\"@id\":\"https:\/\/www.visit-ulcinj.com\/blog\/#\/schema\/person\/dcab619c614d3038751c63bc2aadc06d\"},\"description\":\"Nuk kaloi as nj\u00eb jav\u00eb q\u00eb kur publikuam historin\u00eb e fejes\u00ebs s\u00eb ish t\u00eb dashurit t\u00eb Vesa Lum\u00ebs, regjisorit Genc Dobroshi, dhe k\u00ebng\u00ebtarja reagon, duke\",\"breadcrumb\":{\"@id\":\"https:\/\/www.visit-ulcinj.com\/blog\/2010\/11\/14\/vesa-luma-publikon-lidhjen-6-muajshe-me-arkitektin-kreshnik-zalli\/#breadcrumb\"},\"inLanguage\":\"en-US\",\"potentialAction\":[{\"@type\":\"ReadAction\",\"target\":[\"https:\/\/www.visit-ulcinj.com\/blog\/2010\/11\/14\/vesa-luma-publikon-lidhjen-6-muajshe-me-arkitektin-kreshnik-zalli\/\"]}]},{\"@type\":\"BreadcrumbList\",\"@id\":\"https:\/\/www.visit-ulcinj.com\/blog\/2010\/11\/14\/vesa-luma-publikon-lidhjen-6-muajshe-me-arkitektin-kreshnik-zalli\/#breadcrumb\",\"itemListElement\":[{\"@type\":\"ListItem\",\"position\":1,\"name\":\"Vesa Luma publikon lidhjen 6 muajshe me arkitektin Kreshnik Zalli\"}]},{\"@type\":\"Person\",\"@id\":\"https:\/\/www.visit-ulcinj.com\/blog\/#\/schema\/person\/dcab619c614d3038751c63bc2aadc06d\",\"name\":\"ulqini\",\"sameAs\":[\"http:\/\/www.visit-ulcinj.com\"],\"url\":\"https:\/\/www.visit-ulcinj.com\/blog\/author\/admin\/\"}]}<\/script>\n<!-- \/ Yoast SEO plugin. -->","yoast_head_json":{"title":"Vesa Luma publikon lidhjen 6 muajshe me arkitektin Kreshnik Zalli - Lajme nga Ulqini","description":"Nuk kaloi as nj\u00eb jav\u00eb q\u00eb kur publikuam historin\u00eb e fejes\u00ebs s\u00eb ish t\u00eb dashurit t\u00eb Vesa Lum\u00ebs, regjisorit Genc Dobroshi, dhe k\u00ebng\u00ebtarja reagon, duke","robots":{"index":"index","follow":"follow","max-snippet":"max-snippet:-1","max-image-preview":"max-image-preview:large","max-video-preview":"max-video-preview:-1"},"canonical":"https:\/\/www.visit-ulcinj.com\/blog\/2010\/11\/14\/vesa-luma-publikon-lidhjen-6-muajshe-me-arkitektin-kreshnik-zalli\/","og_locale":"en_US","og_type":"article","og_title":"Vesa Luma publikon lidhjen 6 muajshe me arkitektin Kreshnik Zalli - Lajme nga Ulqini","og_description":"Nuk kaloi as nj\u00eb jav\u00eb q\u00eb kur publikuam historin\u00eb e fejes\u00ebs s\u00eb ish t\u00eb dashurit t\u00eb Vesa Lum\u00ebs, regjisorit Genc Dobroshi, dhe k\u00ebng\u00ebtarja reagon, duke","og_url":"https:\/\/www.visit-ulcinj.com\/blog\/2010\/11\/14\/vesa-luma-publikon-lidhjen-6-muajshe-me-arkitektin-kreshnik-zalli\/","og_site_name":"Lajme nga Ulqini","article_published_time":"2010-11-14T12:05:33+00:00","article_modified_time":"2010-11-14T12:08:11+00:00","og_image":[{"url":"https:\/\/www.visit-ulcinj.com\/blog\/wp-content\/uploads\/2010\/11\/Vesa-Luma-shume-sexy-150x150.jpg"}],"twitter_misc":{"Written by":"ulqini","Est. reading time":"1 minute"},"schema":{"@context":"https:\/\/schema.org","@graph":[{"@type":"WebSite","@id":"https:\/\/www.visit-ulcinj.com\/blog\/#website","url":"https:\/\/www.visit-ulcinj.com\/blog\/","name":"Lajme nga Ulqini","description":"Lajme,Vijesti,Ulqini,Ulqin,Crna Gora,Mali i Zi","potentialAction":[{"@type":"SearchAction","target":{"@type":"EntryPoint","urlTemplate":"https:\/\/www.visit-ulcinj.com\/blog\/?s={search_term_string}"},"query-input":"required name=search_term_string"}],"inLanguage":"en-US"},{"@type":"ImageObject","inLanguage":"en-US","@id":"https:\/\/www.visit-ulcinj.com\/blog\/2010\/11\/14\/vesa-luma-publikon-lidhjen-6-muajshe-me-arkitektin-kreshnik-zalli\/#primaryimage","url":"http:\/\/www.visit-ulcinj.com\/blog\/wp-content\/uploads\/2010\/11\/Vesa-Luma-shume-sexy.jpg","contentUrl":"http:\/\/www.visit-ulcinj.com\/blog\/wp-content\/uploads\/2010\/11\/Vesa-Luma-shume-sexy.jpg"},{"@type":"WebPage","@id":"https:\/\/www.visit-ulcinj.com\/blog\/2010\/11\/14\/vesa-luma-publikon-lidhjen-6-muajshe-me-arkitektin-kreshnik-zalli\/#webpage","url":"https:\/\/www.visit-ulcinj.com\/blog\/2010\/11\/14\/vesa-luma-publikon-lidhjen-6-muajshe-me-arkitektin-kreshnik-zalli\/","name":"Vesa Luma publikon lidhjen 6 muajshe me arkitektin Kreshnik Zalli - Lajme nga Ulqini","isPartOf":{"@id":"https:\/\/www.visit-ulcinj.com\/blog\/#website"},"primaryImageOfPage":{"@id":"https:\/\/www.visit-ulcinj.com\/blog\/2010\/11\/14\/vesa-luma-publikon-lidhjen-6-muajshe-me-arkitektin-kreshnik-zalli\/#primaryimage"},"datePublished":"2010-11-14T12:05:33+00:00","dateModified":"2010-11-14T12:08:11+00:00","author":{"@id":"https:\/\/www.visit-ulcinj.com\/blog\/#\/schema\/person\/dcab619c614d3038751c63bc2aadc06d"},"description":"Nuk kaloi as nj\u00eb jav\u00eb q\u00eb kur publikuam historin\u00eb e fejes\u00ebs s\u00eb ish t\u00eb dashurit t\u00eb Vesa Lum\u00ebs, regjisorit Genc Dobroshi, dhe k\u00ebng\u00ebtarja reagon, duke","breadcrumb":{"@id":"https:\/\/www.visit-ulcinj.com\/blog\/2010\/11\/14\/vesa-luma-publikon-lidhjen-6-muajshe-me-arkitektin-kreshnik-zalli\/#breadcrumb"},"inLanguage":"en-US","potentialAction":[{"@type":"ReadAction","target":["https:\/\/www.visit-ulcinj.com\/blog\/2010\/11\/14\/vesa-luma-publikon-lidhjen-6-muajshe-me-arkitektin-kreshnik-zalli\/"]}]},{"@type":"BreadcrumbList","@id":"https:\/\/www.visit-ulcinj.com\/blog\/2010\/11\/14\/vesa-luma-publikon-lidhjen-6-muajshe-me-arkitektin-kreshnik-zalli\/#breadcrumb","itemListElement":[{"@type":"ListItem","position":1,"name":"Vesa Luma publikon lidhjen 6 muajshe me arkitektin Kreshnik Zalli"}]},{"@type":"Person","@id":"https:\/\/www.visit-ulcinj.com\/blog\/#\/schema\/person\/dcab619c614d3038751c63bc2aadc06d","name":"ulqini","sameAs":["http:\/\/www.visit-ulcinj.com"],"url":"https:\/\/www.visit-ulcinj.com\/blog\/author\/admin\/"}]}},"jetpack_featured_media_url":"","jetpack_sharing_enabled":true,"jetpack_shortlink":"https:\/\/wp.me\/pe6lTn-ajK","_links":{"self":[{"href":"https:\/\/www.visit-ulcinj.com\/blog\/wp-json\/wp\/v2\/posts\/39664"}],"collection":[{"href":"https:\/\/www.visit-ulcinj.com\/blog\/wp-json\/wp\/v2\/posts"}],"about":[{"href":"https:\/\/www.visit-ulcinj.com\/blog\/wp-json\/wp\/v2\/types\/post"}],"author":[{"embeddable":true,"href":"https:\/\/www.visit-ulcinj.com\/blog\/wp-json\/wp\/v2\/users\/1"}],"replies":[{"embeddable":true,"href":"https:\/\/www.visit-ulcinj.com\/blog\/wp-json\/wp\/v2\/comments?post=39664"}],"version-history":[{"count":0,"href":"https:\/\/www.visit-ulcinj.com\/blog\/wp-json\/wp\/v2\/posts\/39664\/revisions"}],"wp:attachment":[{"href":"https:\/\/www.visit-ulcinj.com\/blog\/wp-json\/wp\/v2\/media?parent=39664"}],"wp:term":[{"taxonomy":"category","embeddable":true,"href":"https:\/\/www.visit-ulcinj.com\/blog\/wp-json\/wp\/v2\/categories?post=39664"},{"taxonomy":"post_tag","embeddable":true,"href":"https:\/\/www.visit-ulcinj.com\/blog\/wp-json\/wp\/v2\/tags?post=39664"}],"curies":[{"name":"wp","href":"https:\/\/api.w.org\/{rel}","templated":true}]}}