{"id":39678,"date":"2010-11-14T18:22:28","date_gmt":"2010-11-14T17:22:28","guid":{"rendered":"http:\/\/www.visit-ulcinj.com\/blog\/?p=39678"},"modified":"2010-11-14T18:22:28","modified_gmt":"2010-11-14T17:22:28","slug":"dinosaneostvariva-inicijativa","status":"publish","type":"post","link":"https:\/\/www.visit-ulcinj.com\/blog\/2010\/11\/14\/dinosaneostvariva-inicijativa\/","title":{"rendered":"Dino\u0161a:Neostvariva inicijativa"},"content":{"rendered":"<p><a href=\"http:\/\/www.visit-ulcinj.com\/blog\/wp-content\/uploads\/2010\/11\/Ministri-Edmond-Haxhinasto-_Ferhat-Dinosha1.jpg\"><img loading=\"lazy\" class=\"alignleft size-full wp-image-39679\" title=\"Ministri Edmond Haxhinasto _Ferhat Dinosha,Dino\u0161a:Neostvariva inicijativa \" src=\"http:\/\/www.visit-ulcinj.com\/blog\/wp-content\/uploads\/2010\/11\/Ministri-Edmond-Haxhinasto-_Ferhat-Dinosha1.jpg\" alt=\"\" width=\"640\" height=\"480\" srcset=\"https:\/\/www.visit-ulcinj.com\/blog\/wp-content\/uploads\/2010\/11\/Ministri-Edmond-Haxhinasto-_Ferhat-Dinosha1.jpg 640w, https:\/\/www.visit-ulcinj.com\/blog\/wp-content\/uploads\/2010\/11\/Ministri-Edmond-Haxhinasto-_Ferhat-Dinosha1-300x225.jpg 300w\" sizes=\"(max-width: 640px) 100vw, 640px\" \/><\/a>Inicijativa za formiranje Liste za prirodnu Albaniju je neozbiljna, \u0161tetna i neostvariva, ocijenili su albanski ministar vanjskih poslova Edmond Had\u017einasto i crnogorski ministar za ljudska i manjinska prava Ferhat Dino\u0161a. &#8220;Ta inicijativa je, u prvom redu, usmjerena protiv interesa Albanaca u regionu&#8221;, smatraju Had\u017einasto i Dino\u0161a, koji su razgovarali u Tirani.<\/p>\n<p>Prema njihovim rije\u010dima, prirodna Albanija bi\u0107e ona koja \u0107e imati dobru saradnju sa Briselom i Va\u0161ingtonom, kao i sa svim susjedima.<\/p>\n<p>IZ crnogorske Vlade je saop\u0161teno da su Had\u017einasto i Dino\u0161a razmijenili mi\u0161ljenja o aktuelnim prilikama u dvijema dr\u017eavama i u regionu zapadnog Balkana, sa posebnim osvrtom na bilateralnu saradnju Crne Gore i Albanije.<\/p>\n<p>&#8220;Oni su istakli spremnost svojih drzava da intenziviraju saradnju, posebno u oblastima privrede, turizma kulture i obrazovanja, \u0161to bi bilo od obostrane koristi i posluzilo kao primjer dobrosusjetske saradnje&#8221;, ka\u017ee se u saop\u0161tenju.<\/p>\n<p><a href=\"http:\/\/www.rtcg.me\/vijesti\/politika\/aktuelno\/34401-dinoa-neostvariva-inicijativa.html\" target=\"_blank\"><strong>TVCG<\/strong><\/a><\/p>\n","protected":false},"excerpt":{"rendered":"<p>Inicijativa za formiranje Liste za prirodnu Albaniju je neozbiljna, \u0161tetna i neostvariva, ocijenili su albanski ministar vanjskih poslova Edmond Had\u017einasto i crnogorski ministar za ljudska i manjinska prava Ferhat Dino\u0161a. &#8220;Ta inicijativa je, u prvom redu, usmjerena protiv interesa Albanaca u regionu&#8221;, smatraju Had\u017einasto i Dino\u0161a, koji su razgovarali u Tirani. Prema njihovim rije\u010dima, prirodna [&hellip;]<\/p>\n","protected":false},"author":1,"featured_media":0,"comment_status":"open","ping_status":"closed","sticky":false,"template":"","format":"standard","meta":{"spay_email":"","jetpack_publicize_message":"","jetpack_is_tweetstorm":false,"jetpack_publicize_feature_enabled":true},"categories":[8337],"tags":[16343,88],"jetpack_publicize_connections":[],"yoast_head":"<!-- This site is optimized with the Yoast SEO plugin v19.1 - https:\/\/yoast.com\/wordpress\/plugins\/seo\/ -->\n<title>Dino\u0161a:Neostvariva inicijativa - Lajme nga Ulqini<\/title>\n<meta name=\"description\" content=\"Inicijativa za formiranje Liste za prirodnu Albaniju je neozbiljna, \u0161tetna i neostvariva, ocijenili su albanski ministar vanjskih poslova Edmond\" \/>\n<meta name=\"robots\" content=\"index, follow, max-snippet:-1, max-image-preview:large, max-video-preview:-1\" \/>\n<link rel=\"canonical\" href=\"https:\/\/www.visit-ulcinj.com\/blog\/2010\/11\/14\/dinosaneostvariva-inicijativa\/\" \/>\n<meta property=\"og:locale\" content=\"en_US\" \/>\n<meta property=\"og:type\" content=\"article\" \/>\n<meta property=\"og:title\" content=\"Dino\u0161a:Neostvariva inicijativa - Lajme nga Ulqini\" \/>\n<meta property=\"og:description\" content=\"Inicijativa za formiranje Liste za prirodnu Albaniju je neozbiljna, \u0161tetna i neostvariva, ocijenili su albanski ministar vanjskih poslova Edmond\" \/>\n<meta property=\"og:url\" content=\"https:\/\/www.visit-ulcinj.com\/blog\/2010\/11\/14\/dinosaneostvariva-inicijativa\/\" \/>\n<meta property=\"og:site_name\" content=\"Lajme nga Ulqini\" \/>\n<meta property=\"article:published_time\" content=\"2010-11-14T17:22:28+00:00\" \/>\n<meta property=\"og:image\" content=\"http:\/\/www.visit-ulcinj.com\/blog\/wp-content\/uploads\/2010\/11\/Ministri-Edmond-Haxhinasto-_Ferhat-Dinosha1.jpg\" \/>\n<meta name=\"twitter:label1\" content=\"Written by\" \/>\n\t<meta name=\"twitter:data1\" content=\"ulqini\" \/>\n\t<meta name=\"twitter:label2\" content=\"Est. reading time\" \/>\n\t<meta name=\"twitter:data2\" content=\"1 minute\" \/>\n<script type=\"application\/ld+json\" class=\"yoast-schema-graph\">{\"@context\":\"https:\/\/schema.org\",\"@graph\":[{\"@type\":\"WebSite\",\"@id\":\"https:\/\/www.visit-ulcinj.com\/blog\/#website\",\"url\":\"https:\/\/www.visit-ulcinj.com\/blog\/\",\"name\":\"Lajme nga Ulqini\",\"description\":\"Lajme,Vijesti,Ulqini,Ulqin,Crna Gora,Mali i Zi\",\"potentialAction\":[{\"@type\":\"SearchAction\",\"target\":{\"@type\":\"EntryPoint\",\"urlTemplate\":\"https:\/\/www.visit-ulcinj.com\/blog\/?s={search_term_string}\"},\"query-input\":\"required name=search_term_string\"}],\"inLanguage\":\"en-US\"},{\"@type\":\"ImageObject\",\"inLanguage\":\"en-US\",\"@id\":\"https:\/\/www.visit-ulcinj.com\/blog\/2010\/11\/14\/dinosaneostvariva-inicijativa\/#primaryimage\",\"url\":\"https:\/\/www.visit-ulcinj.com\/blog\/wp-content\/uploads\/2010\/11\/Ministri-Edmond-Haxhinasto-_Ferhat-Dinosha1.jpg\",\"contentUrl\":\"https:\/\/www.visit-ulcinj.com\/blog\/wp-content\/uploads\/2010\/11\/Ministri-Edmond-Haxhinasto-_Ferhat-Dinosha1.jpg\",\"width\":\"640\",\"height\":\"480\"},{\"@type\":\"WebPage\",\"@id\":\"https:\/\/www.visit-ulcinj.com\/blog\/2010\/11\/14\/dinosaneostvariva-inicijativa\/#webpage\",\"url\":\"https:\/\/www.visit-ulcinj.com\/blog\/2010\/11\/14\/dinosaneostvariva-inicijativa\/\",\"name\":\"Dino\u0161a:Neostvariva inicijativa - Lajme nga Ulqini\",\"isPartOf\":{\"@id\":\"https:\/\/www.visit-ulcinj.com\/blog\/#website\"},\"primaryImageOfPage\":{\"@id\":\"https:\/\/www.visit-ulcinj.com\/blog\/2010\/11\/14\/dinosaneostvariva-inicijativa\/#primaryimage\"},\"datePublished\":\"2010-11-14T17:22:28+00:00\",\"dateModified\":\"2010-11-14T17:22:28+00:00\",\"author\":{\"@id\":\"https:\/\/www.visit-ulcinj.com\/blog\/#\/schema\/person\/dcab619c614d3038751c63bc2aadc06d\"},\"description\":\"Inicijativa za formiranje Liste za prirodnu Albaniju je neozbiljna, \u0161tetna i neostvariva, ocijenili su albanski ministar vanjskih poslova Edmond\",\"breadcrumb\":{\"@id\":\"https:\/\/www.visit-ulcinj.com\/blog\/2010\/11\/14\/dinosaneostvariva-inicijativa\/#breadcrumb\"},\"inLanguage\":\"en-US\",\"potentialAction\":[{\"@type\":\"ReadAction\",\"target\":[\"https:\/\/www.visit-ulcinj.com\/blog\/2010\/11\/14\/dinosaneostvariva-inicijativa\/\"]}]},{\"@type\":\"BreadcrumbList\",\"@id\":\"https:\/\/www.visit-ulcinj.com\/blog\/2010\/11\/14\/dinosaneostvariva-inicijativa\/#breadcrumb\",\"itemListElement\":[{\"@type\":\"ListItem\",\"position\":1,\"name\":\"Dino\u0161a:Neostvariva inicijativa\"}]},{\"@type\":\"Person\",\"@id\":\"https:\/\/www.visit-ulcinj.com\/blog\/#\/schema\/person\/dcab619c614d3038751c63bc2aadc06d\",\"name\":\"ulqini\",\"sameAs\":[\"http:\/\/www.visit-ulcinj.com\"],\"url\":\"https:\/\/www.visit-ulcinj.com\/blog\/author\/admin\/\"}]}<\/script>\n<!-- \/ Yoast SEO plugin. -->","yoast_head_json":{"title":"Dino\u0161a:Neostvariva inicijativa - Lajme nga Ulqini","description":"Inicijativa za formiranje Liste za prirodnu Albaniju je neozbiljna, \u0161tetna i neostvariva, ocijenili su albanski ministar vanjskih poslova Edmond","robots":{"index":"index","follow":"follow","max-snippet":"max-snippet:-1","max-image-preview":"max-image-preview:large","max-video-preview":"max-video-preview:-1"},"canonical":"https:\/\/www.visit-ulcinj.com\/blog\/2010\/11\/14\/dinosaneostvariva-inicijativa\/","og_locale":"en_US","og_type":"article","og_title":"Dino\u0161a:Neostvariva inicijativa - Lajme nga Ulqini","og_description":"Inicijativa za formiranje Liste za prirodnu Albaniju je neozbiljna, \u0161tetna i neostvariva, ocijenili su albanski ministar vanjskih poslova Edmond","og_url":"https:\/\/www.visit-ulcinj.com\/blog\/2010\/11\/14\/dinosaneostvariva-inicijativa\/","og_site_name":"Lajme nga Ulqini","article_published_time":"2010-11-14T17:22:28+00:00","og_image":[{"url":"http:\/\/www.visit-ulcinj.com\/blog\/wp-content\/uploads\/2010\/11\/Ministri-Edmond-Haxhinasto-_Ferhat-Dinosha1.jpg"}],"twitter_misc":{"Written by":"ulqini","Est. reading time":"1 minute"},"schema":{"@context":"https:\/\/schema.org","@graph":[{"@type":"WebSite","@id":"https:\/\/www.visit-ulcinj.com\/blog\/#website","url":"https:\/\/www.visit-ulcinj.com\/blog\/","name":"Lajme nga Ulqini","description":"Lajme,Vijesti,Ulqini,Ulqin,Crna Gora,Mali i Zi","potentialAction":[{"@type":"SearchAction","target":{"@type":"EntryPoint","urlTemplate":"https:\/\/www.visit-ulcinj.com\/blog\/?s={search_term_string}"},"query-input":"required name=search_term_string"}],"inLanguage":"en-US"},{"@type":"ImageObject","inLanguage":"en-US","@id":"https:\/\/www.visit-ulcinj.com\/blog\/2010\/11\/14\/dinosaneostvariva-inicijativa\/#primaryimage","url":"https:\/\/www.visit-ulcinj.com\/blog\/wp-content\/uploads\/2010\/11\/Ministri-Edmond-Haxhinasto-_Ferhat-Dinosha1.jpg","contentUrl":"https:\/\/www.visit-ulcinj.com\/blog\/wp-content\/uploads\/2010\/11\/Ministri-Edmond-Haxhinasto-_Ferhat-Dinosha1.jpg","width":"640","height":"480"},{"@type":"WebPage","@id":"https:\/\/www.visit-ulcinj.com\/blog\/2010\/11\/14\/dinosaneostvariva-inicijativa\/#webpage","url":"https:\/\/www.visit-ulcinj.com\/blog\/2010\/11\/14\/dinosaneostvariva-inicijativa\/","name":"Dino\u0161a:Neostvariva inicijativa - Lajme nga Ulqini","isPartOf":{"@id":"https:\/\/www.visit-ulcinj.com\/blog\/#website"},"primaryImageOfPage":{"@id":"https:\/\/www.visit-ulcinj.com\/blog\/2010\/11\/14\/dinosaneostvariva-inicijativa\/#primaryimage"},"datePublished":"2010-11-14T17:22:28+00:00","dateModified":"2010-11-14T17:22:28+00:00","author":{"@id":"https:\/\/www.visit-ulcinj.com\/blog\/#\/schema\/person\/dcab619c614d3038751c63bc2aadc06d"},"description":"Inicijativa za formiranje Liste za prirodnu Albaniju je neozbiljna, \u0161tetna i neostvariva, ocijenili su albanski ministar vanjskih poslova Edmond","breadcrumb":{"@id":"https:\/\/www.visit-ulcinj.com\/blog\/2010\/11\/14\/dinosaneostvariva-inicijativa\/#breadcrumb"},"inLanguage":"en-US","potentialAction":[{"@type":"ReadAction","target":["https:\/\/www.visit-ulcinj.com\/blog\/2010\/11\/14\/dinosaneostvariva-inicijativa\/"]}]},{"@type":"BreadcrumbList","@id":"https:\/\/www.visit-ulcinj.com\/blog\/2010\/11\/14\/dinosaneostvariva-inicijativa\/#breadcrumb","itemListElement":[{"@type":"ListItem","position":1,"name":"Dino\u0161a:Neostvariva inicijativa"}]},{"@type":"Person","@id":"https:\/\/www.visit-ulcinj.com\/blog\/#\/schema\/person\/dcab619c614d3038751c63bc2aadc06d","name":"ulqini","sameAs":["http:\/\/www.visit-ulcinj.com"],"url":"https:\/\/www.visit-ulcinj.com\/blog\/author\/admin\/"}]}},"jetpack_featured_media_url":"","jetpack_sharing_enabled":true,"jetpack_shortlink":"https:\/\/wp.me\/pe6lTn-ajY","_links":{"self":[{"href":"https:\/\/www.visit-ulcinj.com\/blog\/wp-json\/wp\/v2\/posts\/39678"}],"collection":[{"href":"https:\/\/www.visit-ulcinj.com\/blog\/wp-json\/wp\/v2\/posts"}],"about":[{"href":"https:\/\/www.visit-ulcinj.com\/blog\/wp-json\/wp\/v2\/types\/post"}],"author":[{"embeddable":true,"href":"https:\/\/www.visit-ulcinj.com\/blog\/wp-json\/wp\/v2\/users\/1"}],"replies":[{"embeddable":true,"href":"https:\/\/www.visit-ulcinj.com\/blog\/wp-json\/wp\/v2\/comments?post=39678"}],"version-history":[{"count":0,"href":"https:\/\/www.visit-ulcinj.com\/blog\/wp-json\/wp\/v2\/posts\/39678\/revisions"}],"wp:attachment":[{"href":"https:\/\/www.visit-ulcinj.com\/blog\/wp-json\/wp\/v2\/media?parent=39678"}],"wp:term":[{"taxonomy":"category","embeddable":true,"href":"https:\/\/www.visit-ulcinj.com\/blog\/wp-json\/wp\/v2\/categories?post=39678"},{"taxonomy":"post_tag","embeddable":true,"href":"https:\/\/www.visit-ulcinj.com\/blog\/wp-json\/wp\/v2\/tags?post=39678"}],"curies":[{"name":"wp","href":"https:\/\/api.w.org\/{rel}","templated":true}]}}