{"id":39682,"date":"2010-11-14T19:15:02","date_gmt":"2010-11-14T18:15:02","guid":{"rendered":"http:\/\/www.visit-ulcinj.com\/blog\/?p=39682"},"modified":"2010-11-14T19:15:02","modified_gmt":"2010-11-14T18:15:02","slug":"jeta-e-re-e-ledina-celos","status":"publish","type":"post","link":"https:\/\/www.visit-ulcinj.com\/blog\/2010\/11\/14\/jeta-e-re-e-ledina-celos\/","title":{"rendered":"Jeta e re e Ledina \u00c7elos"},"content":{"rendered":"<p><a href=\"http:\/\/www.visit-ulcinj.com\/blog\/wp-content\/uploads\/2010\/11\/Ledina-Celo.jpg\"><img loading=\"lazy\" class=\"alignleft size-full wp-image-39683\" title=\"Ledina Celo\" src=\"http:\/\/www.visit-ulcinj.com\/blog\/wp-content\/uploads\/2010\/11\/Ledina-Celo.jpg\" alt=\"\" width=\"490\" height=\"620\" \/><\/a>Tiran\u00eb, 14 n\u00ebntor &#8211; Vet\u00ebm pak koh\u00eb m\u00eb par\u00eb kemi m\u00ebsuar se k\u00ebng\u00ebtarja Ledina \u00c7elo \u00ebsht\u00eb n\u00eb pritje t\u00eb nj\u00eb bebeje dhe se momentalisht gj\u00ebrat p\u00ebr t\u00eb jan\u00eb t\u00eb l\u00ebna pezull. Gjith\u00e7ka do t\u00eb vij\u00eb me koh\u00ebn kur Ledina t\u00eb jet\u00eb stabilizuar n\u00eb jet\u00ebn e saj t\u00eb re familjare. Por, ja q\u00eb s\u00eb fundmi p\u00ebr t\u00eb gjith\u00eb fansat e saj n\u00eb Facebook, Ledina ka hedhur nj\u00eb foto t\u00eb re, nj\u00eb imazh q\u00eb t\u00eb gjith\u00eb e krahasojn\u00eb me nj\u00eb mbret\u00ebresh\u00eb, e cila ka jet\u00ebn e saj t\u00eb bukur si n\u00eb p\u00ebrrall\u00eb. Si\u00e7 edhe mund ta shihni n\u00eb k\u00ebt\u00eb foto q\u00eb po publikojm\u00eb n\u00eb \u2018Bluetooth\u2019, Ledina i mban flok\u00ebt e mbledhur si modeli i dekadave m\u00eb par\u00eb, duke pir\u00eb cigare e duke u shikuar\u00a0 n\u00eb pasqyr\u00eb.<\/p>\n<p><strong>Koha Net<br \/>\n<!--YouTube Error: bad URL entered--><\/strong><\/p>\n","protected":false},"excerpt":{"rendered":"<p>Tiran\u00eb, 14 n\u00ebntor &#8211; Vet\u00ebm pak koh\u00eb m\u00eb par\u00eb kemi m\u00ebsuar se k\u00ebng\u00ebtarja Ledina \u00c7elo \u00ebsht\u00eb n\u00eb pritje t\u00eb nj\u00eb bebeje dhe se momentalisht gj\u00ebrat p\u00ebr t\u00eb jan\u00eb t\u00eb l\u00ebna pezull. Gjith\u00e7ka do t\u00eb vij\u00eb me koh\u00ebn kur Ledina t\u00eb jet\u00eb stabilizuar n\u00eb jet\u00ebn e saj t\u00eb re familjare. Por, ja q\u00eb s\u00eb fundmi p\u00ebr [&hellip;]<\/p>\n","protected":false},"author":1,"featured_media":0,"comment_status":"open","ping_status":"closed","sticky":false,"template":"","format":"standard","meta":{"spay_email":"","jetpack_publicize_message":"","jetpack_is_tweetstorm":false,"jetpack_publicize_feature_enabled":true},"categories":[1],"tags":[13519],"jetpack_publicize_connections":[],"yoast_head":"<!-- This site is optimized with the Yoast SEO plugin v19.1 - https:\/\/yoast.com\/wordpress\/plugins\/seo\/ -->\n<title>Jeta e re e Ledina \u00c7elos - Lajme nga Ulqini<\/title>\n<meta name=\"description\" content=\"Tiran\u00eb, 14 n\u00ebntor - Vet\u00ebm pak koh\u00eb m\u00eb par\u00eb kemi m\u00ebsuar se k\u00ebng\u00ebtarja Ledina \u00c7elo \u00ebsht\u00eb n\u00eb pritje t\u00eb nj\u00eb bebeje dhe se momentalisht gj\u00ebrat p\u00ebr t\u00eb jan\u00eb t\u00eb\" \/>\n<meta name=\"robots\" content=\"index, follow, max-snippet:-1, max-image-preview:large, max-video-preview:-1\" \/>\n<link rel=\"canonical\" href=\"https:\/\/www.visit-ulcinj.com\/blog\/2010\/11\/14\/jeta-e-re-e-ledina-celos\/\" \/>\n<meta property=\"og:locale\" content=\"en_US\" \/>\n<meta property=\"og:type\" content=\"article\" \/>\n<meta property=\"og:title\" content=\"Jeta e re e Ledina \u00c7elos - Lajme nga Ulqini\" \/>\n<meta property=\"og:description\" content=\"Tiran\u00eb, 14 n\u00ebntor - Vet\u00ebm pak koh\u00eb m\u00eb par\u00eb kemi m\u00ebsuar se k\u00ebng\u00ebtarja Ledina \u00c7elo \u00ebsht\u00eb n\u00eb pritje t\u00eb nj\u00eb bebeje dhe se momentalisht gj\u00ebrat p\u00ebr t\u00eb jan\u00eb t\u00eb\" \/>\n<meta property=\"og:url\" content=\"https:\/\/www.visit-ulcinj.com\/blog\/2010\/11\/14\/jeta-e-re-e-ledina-celos\/\" \/>\n<meta property=\"og:site_name\" content=\"Lajme nga Ulqini\" \/>\n<meta property=\"article:published_time\" content=\"2010-11-14T18:15:02+00:00\" \/>\n<meta property=\"og:image\" content=\"http:\/\/www.visit-ulcinj.com\/blog\/wp-content\/uploads\/2010\/11\/Ledina-Celo.jpg\" \/>\n<meta name=\"twitter:label1\" content=\"Written by\" \/>\n\t<meta name=\"twitter:data1\" content=\"ulqini\" \/>\n\t<meta name=\"twitter:label2\" content=\"Est. reading time\" \/>\n\t<meta name=\"twitter:data2\" content=\"1 minute\" \/>\n<script type=\"application\/ld+json\" class=\"yoast-schema-graph\">{\"@context\":\"https:\/\/schema.org\",\"@graph\":[{\"@type\":\"WebSite\",\"@id\":\"https:\/\/www.visit-ulcinj.com\/blog\/#website\",\"url\":\"https:\/\/www.visit-ulcinj.com\/blog\/\",\"name\":\"Lajme nga Ulqini\",\"description\":\"Lajme,Vijesti,Ulqini,Ulqin,Crna Gora,Mali i Zi\",\"potentialAction\":[{\"@type\":\"SearchAction\",\"target\":{\"@type\":\"EntryPoint\",\"urlTemplate\":\"https:\/\/www.visit-ulcinj.com\/blog\/?s={search_term_string}\"},\"query-input\":\"required name=search_term_string\"}],\"inLanguage\":\"en-US\"},{\"@type\":\"ImageObject\",\"inLanguage\":\"en-US\",\"@id\":\"https:\/\/www.visit-ulcinj.com\/blog\/2010\/11\/14\/jeta-e-re-e-ledina-celos\/#primaryimage\",\"url\":\"http:\/\/www.visit-ulcinj.com\/blog\/wp-content\/uploads\/2010\/11\/Ledina-Celo.jpg\",\"contentUrl\":\"http:\/\/www.visit-ulcinj.com\/blog\/wp-content\/uploads\/2010\/11\/Ledina-Celo.jpg\"},{\"@type\":\"WebPage\",\"@id\":\"https:\/\/www.visit-ulcinj.com\/blog\/2010\/11\/14\/jeta-e-re-e-ledina-celos\/#webpage\",\"url\":\"https:\/\/www.visit-ulcinj.com\/blog\/2010\/11\/14\/jeta-e-re-e-ledina-celos\/\",\"name\":\"Jeta e re e Ledina \u00c7elos - Lajme nga Ulqini\",\"isPartOf\":{\"@id\":\"https:\/\/www.visit-ulcinj.com\/blog\/#website\"},\"primaryImageOfPage\":{\"@id\":\"https:\/\/www.visit-ulcinj.com\/blog\/2010\/11\/14\/jeta-e-re-e-ledina-celos\/#primaryimage\"},\"datePublished\":\"2010-11-14T18:15:02+00:00\",\"dateModified\":\"2010-11-14T18:15:02+00:00\",\"author\":{\"@id\":\"https:\/\/www.visit-ulcinj.com\/blog\/#\/schema\/person\/dcab619c614d3038751c63bc2aadc06d\"},\"description\":\"Tiran\u00eb, 14 n\u00ebntor - Vet\u00ebm pak koh\u00eb m\u00eb par\u00eb kemi m\u00ebsuar se k\u00ebng\u00ebtarja Ledina \u00c7elo \u00ebsht\u00eb n\u00eb pritje t\u00eb nj\u00eb bebeje dhe se momentalisht gj\u00ebrat p\u00ebr t\u00eb jan\u00eb t\u00eb\",\"breadcrumb\":{\"@id\":\"https:\/\/www.visit-ulcinj.com\/blog\/2010\/11\/14\/jeta-e-re-e-ledina-celos\/#breadcrumb\"},\"inLanguage\":\"en-US\",\"potentialAction\":[{\"@type\":\"ReadAction\",\"target\":[\"https:\/\/www.visit-ulcinj.com\/blog\/2010\/11\/14\/jeta-e-re-e-ledina-celos\/\"]}]},{\"@type\":\"BreadcrumbList\",\"@id\":\"https:\/\/www.visit-ulcinj.com\/blog\/2010\/11\/14\/jeta-e-re-e-ledina-celos\/#breadcrumb\",\"itemListElement\":[{\"@type\":\"ListItem\",\"position\":1,\"name\":\"Jeta e re e Ledina \u00c7elos\"}]},{\"@type\":\"Person\",\"@id\":\"https:\/\/www.visit-ulcinj.com\/blog\/#\/schema\/person\/dcab619c614d3038751c63bc2aadc06d\",\"name\":\"ulqini\",\"sameAs\":[\"http:\/\/www.visit-ulcinj.com\"],\"url\":\"https:\/\/www.visit-ulcinj.com\/blog\/author\/admin\/\"}]}<\/script>\n<!-- \/ Yoast SEO plugin. -->","yoast_head_json":{"title":"Jeta e re e Ledina \u00c7elos - Lajme nga Ulqini","description":"Tiran\u00eb, 14 n\u00ebntor - Vet\u00ebm pak koh\u00eb m\u00eb par\u00eb kemi m\u00ebsuar se k\u00ebng\u00ebtarja Ledina \u00c7elo \u00ebsht\u00eb n\u00eb pritje t\u00eb nj\u00eb bebeje dhe se momentalisht gj\u00ebrat p\u00ebr t\u00eb jan\u00eb t\u00eb","robots":{"index":"index","follow":"follow","max-snippet":"max-snippet:-1","max-image-preview":"max-image-preview:large","max-video-preview":"max-video-preview:-1"},"canonical":"https:\/\/www.visit-ulcinj.com\/blog\/2010\/11\/14\/jeta-e-re-e-ledina-celos\/","og_locale":"en_US","og_type":"article","og_title":"Jeta e re e Ledina \u00c7elos - Lajme nga Ulqini","og_description":"Tiran\u00eb, 14 n\u00ebntor - Vet\u00ebm pak koh\u00eb m\u00eb par\u00eb kemi m\u00ebsuar se k\u00ebng\u00ebtarja Ledina \u00c7elo \u00ebsht\u00eb n\u00eb pritje t\u00eb nj\u00eb bebeje dhe se momentalisht gj\u00ebrat p\u00ebr t\u00eb jan\u00eb t\u00eb","og_url":"https:\/\/www.visit-ulcinj.com\/blog\/2010\/11\/14\/jeta-e-re-e-ledina-celos\/","og_site_name":"Lajme nga Ulqini","article_published_time":"2010-11-14T18:15:02+00:00","og_image":[{"url":"http:\/\/www.visit-ulcinj.com\/blog\/wp-content\/uploads\/2010\/11\/Ledina-Celo.jpg"}],"twitter_misc":{"Written by":"ulqini","Est. reading time":"1 minute"},"schema":{"@context":"https:\/\/schema.org","@graph":[{"@type":"WebSite","@id":"https:\/\/www.visit-ulcinj.com\/blog\/#website","url":"https:\/\/www.visit-ulcinj.com\/blog\/","name":"Lajme nga Ulqini","description":"Lajme,Vijesti,Ulqini,Ulqin,Crna Gora,Mali i Zi","potentialAction":[{"@type":"SearchAction","target":{"@type":"EntryPoint","urlTemplate":"https:\/\/www.visit-ulcinj.com\/blog\/?s={search_term_string}"},"query-input":"required name=search_term_string"}],"inLanguage":"en-US"},{"@type":"ImageObject","inLanguage":"en-US","@id":"https:\/\/www.visit-ulcinj.com\/blog\/2010\/11\/14\/jeta-e-re-e-ledina-celos\/#primaryimage","url":"http:\/\/www.visit-ulcinj.com\/blog\/wp-content\/uploads\/2010\/11\/Ledina-Celo.jpg","contentUrl":"http:\/\/www.visit-ulcinj.com\/blog\/wp-content\/uploads\/2010\/11\/Ledina-Celo.jpg"},{"@type":"WebPage","@id":"https:\/\/www.visit-ulcinj.com\/blog\/2010\/11\/14\/jeta-e-re-e-ledina-celos\/#webpage","url":"https:\/\/www.visit-ulcinj.com\/blog\/2010\/11\/14\/jeta-e-re-e-ledina-celos\/","name":"Jeta e re e Ledina \u00c7elos - Lajme nga Ulqini","isPartOf":{"@id":"https:\/\/www.visit-ulcinj.com\/blog\/#website"},"primaryImageOfPage":{"@id":"https:\/\/www.visit-ulcinj.com\/blog\/2010\/11\/14\/jeta-e-re-e-ledina-celos\/#primaryimage"},"datePublished":"2010-11-14T18:15:02+00:00","dateModified":"2010-11-14T18:15:02+00:00","author":{"@id":"https:\/\/www.visit-ulcinj.com\/blog\/#\/schema\/person\/dcab619c614d3038751c63bc2aadc06d"},"description":"Tiran\u00eb, 14 n\u00ebntor - Vet\u00ebm pak koh\u00eb m\u00eb par\u00eb kemi m\u00ebsuar se k\u00ebng\u00ebtarja Ledina \u00c7elo \u00ebsht\u00eb n\u00eb pritje t\u00eb nj\u00eb bebeje dhe se momentalisht gj\u00ebrat p\u00ebr t\u00eb jan\u00eb t\u00eb","breadcrumb":{"@id":"https:\/\/www.visit-ulcinj.com\/blog\/2010\/11\/14\/jeta-e-re-e-ledina-celos\/#breadcrumb"},"inLanguage":"en-US","potentialAction":[{"@type":"ReadAction","target":["https:\/\/www.visit-ulcinj.com\/blog\/2010\/11\/14\/jeta-e-re-e-ledina-celos\/"]}]},{"@type":"BreadcrumbList","@id":"https:\/\/www.visit-ulcinj.com\/blog\/2010\/11\/14\/jeta-e-re-e-ledina-celos\/#breadcrumb","itemListElement":[{"@type":"ListItem","position":1,"name":"Jeta e re e Ledina \u00c7elos"}]},{"@type":"Person","@id":"https:\/\/www.visit-ulcinj.com\/blog\/#\/schema\/person\/dcab619c614d3038751c63bc2aadc06d","name":"ulqini","sameAs":["http:\/\/www.visit-ulcinj.com"],"url":"https:\/\/www.visit-ulcinj.com\/blog\/author\/admin\/"}]}},"jetpack_featured_media_url":"","jetpack_sharing_enabled":true,"jetpack_shortlink":"https:\/\/wp.me\/pe6lTn-ak2","_links":{"self":[{"href":"https:\/\/www.visit-ulcinj.com\/blog\/wp-json\/wp\/v2\/posts\/39682"}],"collection":[{"href":"https:\/\/www.visit-ulcinj.com\/blog\/wp-json\/wp\/v2\/posts"}],"about":[{"href":"https:\/\/www.visit-ulcinj.com\/blog\/wp-json\/wp\/v2\/types\/post"}],"author":[{"embeddable":true,"href":"https:\/\/www.visit-ulcinj.com\/blog\/wp-json\/wp\/v2\/users\/1"}],"replies":[{"embeddable":true,"href":"https:\/\/www.visit-ulcinj.com\/blog\/wp-json\/wp\/v2\/comments?post=39682"}],"version-history":[{"count":0,"href":"https:\/\/www.visit-ulcinj.com\/blog\/wp-json\/wp\/v2\/posts\/39682\/revisions"}],"wp:attachment":[{"href":"https:\/\/www.visit-ulcinj.com\/blog\/wp-json\/wp\/v2\/media?parent=39682"}],"wp:term":[{"taxonomy":"category","embeddable":true,"href":"https:\/\/www.visit-ulcinj.com\/blog\/wp-json\/wp\/v2\/categories?post=39682"},{"taxonomy":"post_tag","embeddable":true,"href":"https:\/\/www.visit-ulcinj.com\/blog\/wp-json\/wp\/v2\/tags?post=39682"}],"curies":[{"name":"wp","href":"https:\/\/api.w.org\/{rel}","templated":true}]}}