{"id":39691,"date":"2010-11-14T19:47:49","date_gmt":"2010-11-14T18:47:49","guid":{"rendered":"http:\/\/www.visit-ulcinj.com\/blog\/?p=39691"},"modified":"2010-11-14T19:47:49","modified_gmt":"2010-11-14T18:47:49","slug":"shkrela-te-tjeret-te-llogarisin-forcen-tone","status":"publish","type":"post","link":"https:\/\/www.visit-ulcinj.com\/blog\/2010\/11\/14\/shkrela-te-tjeret-te-llogarisin-forcen-tone\/","title":{"rendered":"Shkrela: T\u00eb tjer\u00ebt t\u00eb llogarisin forc\u00ebn ton\u00eb"},"content":{"rendered":"<p><a href=\"http:\/\/www.visit-ulcinj.com\/blog\/wp-content\/uploads\/2010\/11\/Luigj-Shkrela.jpg\"><img loading=\"lazy\" class=\"alignleft size-full wp-image-39692\" title=\"Luigj Shkrela\" src=\"http:\/\/www.visit-ulcinj.com\/blog\/wp-content\/uploads\/2010\/11\/Luigj-Shkrela.jpg\" alt=\"\" width=\"490\" height=\"380\" \/><\/a>Partia Demokratike e Socialist\u00ebve e cil\u00ebson vendim politik t\u00eb guximsh\u00ebm dhe t\u00eb\u00a0men\u00e7ur daljen e saj t\u00eb vetme n\u00eb zgjedhjet lokale n\u00eb Ulqin. Shkrela ka theksuar se n\u00eb bisedimet e ardhshme p\u00ebr formimin e pushtetit lokal,PDS do t\u00eb jet\u00eb korrekte.<br \/>\n<strong>Ulqin \u2013 <\/strong>Vendimi i Partis\u00eb Demokratike t\u00eb Socialist\u00ebve\u00a0p\u00ebr t\u00eb dal\u00eb e vetme n\u00eb zgjedhjet e\u00a0p\u00ebrs\u00ebritura lokale t\u00eb 17 tetorit n\u00eb Komun\u00ebn\u00a0e Ulqinit \u00ebsht\u00eb treguar si nj\u00eb vendim politik i\u00a0guximsh\u00ebm dhe i men\u00e7ur, ka th\u00ebn\u00eb t\u00eb h\u00ebn\u00ebn\u00a0n\u00eb konferenc\u00ebn p\u00ebr shtyp kryetari i K\u00ebshillit\u00a0Komunal t\u00eb k\u00ebsaj partie, Luigj Shkrela.\u00a0\u201eNe verifikuam forc\u00ebn ton\u00eb individualisht\u00a0ashtu q\u00eb bisedimet mbi koalicionin\u00a0paszgjedhor t\u00eb mund t\u00eb zhvillohen n\u00eb\u00a0baz\u00eb t\u00eb k\u00ebtyre rezultateve. Mendoj se kemi\u00a0arritur at\u00eb q\u00eb kemi d\u00ebshiruar &#8211; q\u00eb t\u00eb tjer\u00ebt\u00a0duhet seriozisht t\u00eb llogarisin n\u00eb forc\u00ebn\u00a0ton\u00eb\u201c, ka th\u00ebn\u00eb ai.\u00a0Shkrela e ka cil\u00ebsuar rezultatin e arritur nga\u00a0kjo parti n\u00eb Ulqin m\u00eb t\u00eb mirin q\u00eb nga fillimi\u00a0i parlamentarizmit e deri n\u00eb dit\u00ebt e sotme.\u00a0Por ky rezultat, sipas tij, p\u00ebrb\u00ebn \u201eferr\u00eb n\u00eb\u00a0sy p\u00ebr shum\u00eb lider\u00eb dhe subjekte politike &#8211;\u00a0sepse ne gjithmon\u00eb jemi fajtor\u00eb p\u00ebr \u00e7arjen\u00a0e elektoratit shqiptar dhe pamund\u00ebsin\u00eb\u00a0p\u00ebr b\u00ebrjen e koalicioneve parazgjedhore\u00a0t\u00eb bazuara n\u00eb ndjenja patriotike dhe eufori\u00a0nacionale, t\u00eb cilat sipas mendimit tim jan\u00eb\u00a0nj\u00eb e kaluar n\u00eb jet\u00ebn politike t\u00eb Malit t\u00eb Zi\u201c.\u00a0Kryetari i KK t\u00eb PDS-s\u00eb ka theksuar se kjo\u00a0parti ka kontribuar n\u00eb stabilizimin dhe konsolidimin\u00a0e sken\u00ebs politike t\u00eb Ulqinit, si n\u00eb\u00a0periudh\u00ebn parazgjedhore ashtu edhe n\u00eb at\u00eb\u00a0paszgjedhore.\u00a0Shkrela pret q\u00eb PDS t\u00eb valorizoj\u00eb rezultatet\u00a0e zgjedhjeve n\u00eb p\u00ebrb\u00ebrjen e ardhshme t\u00eb\u00a0pushtetit lokal n\u00eb Ulqin.\u00a0\u201eK\u00ebt\u00eb duhet valorizuar konkretisht n\u00eb qeverin\u00eb\u00a0e ardhshme n\u00eb nivelin lokal\u201c, ka th\u00ebn\u00eb ai.\u00a0Shkrela ka theksuar se n\u00eb bisedimet e ardhshme\u00a0p\u00ebr formimin e pushtetit lokal,\u00a0PDS do t\u00eb jet\u00eb korrekte.\u00a0\u201ePDS-ja edhe n\u00eb periudh\u00ebn e cila \u00ebsht\u00eb\u00a0para nesh e q\u00eb ka t\u00eb b\u00ebj\u00eb me fomimin\u00a0dhe n\u00ebnshkrimin e marr\u00ebveshjeve t\u00eb koalicionit\u00a0me subjektet politike t\u00eb respektuara\u00a0&#8211; respektivisht partner\u00ebt eventual\u00eb t\u00eb\u00a0koalicionit, do t\u00eb vazhdoj\u00eb me praktik\u00ebn\u00a0e principit t\u00eb korrekt\u00ebsis\u00eb &#8211; respektimit t\u00eb\u00a0nd\u00ebrsjell\u00eb dhe n\u00eb k\u00ebt\u00eb m\u00ebnyr\u00eb plot\u00ebsisht\u00a0dhe konkretisht t\u00eb valorizoj\u00eb vullnetin\u00a0zgjedhor t\u00eb qytetar\u00ebve dhe gjith\u00eb k\u00ebt\u00eb\u00a0n\u00eb interesin e p\u00ebrgjithsh\u00ebm t\u00eb t\u00eb gjith\u00eb\u00a0qytetar\u00ebve pa marr\u00eb parasysh kujt ia kan\u00eb\u00a0dh\u00ebn\u00eb besimin e vet\u201c, ka p\u00ebrfunduar ai.<\/p>\n<p><strong>(Kohapress)<\/strong><strong> <\/strong><\/p>\n","protected":false},"excerpt":{"rendered":"<p>Partia Demokratike e Socialist\u00ebve e cil\u00ebson vendim politik t\u00eb guximsh\u00ebm dhe t\u00eb\u00a0men\u00e7ur daljen e saj t\u00eb vetme n\u00eb zgjedhjet lokale n\u00eb Ulqin. Shkrela ka theksuar se n\u00eb bisedimet e ardhshme p\u00ebr formimin e pushtetit lokal,PDS do t\u00eb jet\u00eb korrekte. Ulqin \u2013 Vendimi i Partis\u00eb Demokratike t\u00eb Socialist\u00ebve\u00a0p\u00ebr t\u00eb dal\u00eb e vetme n\u00eb zgjedhjet e\u00a0p\u00ebrs\u00ebritura lokale [&hellip;]<\/p>\n","protected":false},"author":1,"featured_media":0,"comment_status":"open","ping_status":"closed","sticky":false,"template":"","format":"standard","meta":{"spay_email":"","jetpack_publicize_message":"","jetpack_is_tweetstorm":false,"jetpack_publicize_feature_enabled":true},"categories":[5],"tags":[297,13573,200,18],"jetpack_publicize_connections":[],"yoast_head":"<!-- This site is optimized with the Yoast SEO plugin v19.1 - https:\/\/yoast.com\/wordpress\/plugins\/seo\/ -->\n<title>Shkrela: T\u00eb tjer\u00ebt t\u00eb llogarisin forc\u00ebn ton\u00eb - Lajme nga Ulqini<\/title>\n<meta name=\"description\" content=\"Partia Demokratike e Socialist\u00ebve e cil\u00ebson vendim politik t\u00eb guximsh\u00ebm dhe t\u00eb\u00a0men\u00e7ur daljen e saj t\u00eb vetme n\u00eb zgjedhjet lokale n\u00eb Ulqin. Shkrela ka\" \/>\n<meta name=\"robots\" content=\"index, follow, max-snippet:-1, max-image-preview:large, max-video-preview:-1\" \/>\n<link rel=\"canonical\" href=\"https:\/\/www.visit-ulcinj.com\/blog\/2010\/11\/14\/shkrela-te-tjeret-te-llogarisin-forcen-tone\/\" \/>\n<meta property=\"og:locale\" content=\"en_US\" \/>\n<meta property=\"og:type\" content=\"article\" \/>\n<meta property=\"og:title\" content=\"Shkrela: T\u00eb tjer\u00ebt t\u00eb llogarisin forc\u00ebn ton\u00eb - Lajme nga Ulqini\" \/>\n<meta property=\"og:description\" content=\"Partia Demokratike e Socialist\u00ebve e cil\u00ebson vendim politik t\u00eb guximsh\u00ebm dhe t\u00eb\u00a0men\u00e7ur daljen e saj t\u00eb vetme n\u00eb zgjedhjet lokale n\u00eb Ulqin. Shkrela ka\" \/>\n<meta property=\"og:url\" content=\"https:\/\/www.visit-ulcinj.com\/blog\/2010\/11\/14\/shkrela-te-tjeret-te-llogarisin-forcen-tone\/\" \/>\n<meta property=\"og:site_name\" content=\"Lajme nga Ulqini\" \/>\n<meta property=\"article:published_time\" content=\"2010-11-14T18:47:49+00:00\" \/>\n<meta property=\"og:image\" content=\"http:\/\/www.visit-ulcinj.com\/blog\/wp-content\/uploads\/2010\/11\/Luigj-Shkrela.jpg\" \/>\n<meta name=\"twitter:label1\" content=\"Written by\" \/>\n\t<meta name=\"twitter:data1\" content=\"ulqini\" \/>\n\t<meta name=\"twitter:label2\" content=\"Est. reading time\" \/>\n\t<meta name=\"twitter:data2\" content=\"2 minutes\" \/>\n<script type=\"application\/ld+json\" class=\"yoast-schema-graph\">{\"@context\":\"https:\/\/schema.org\",\"@graph\":[{\"@type\":\"WebSite\",\"@id\":\"https:\/\/www.visit-ulcinj.com\/blog\/#website\",\"url\":\"https:\/\/www.visit-ulcinj.com\/blog\/\",\"name\":\"Lajme nga Ulqini\",\"description\":\"Lajme,Vijesti,Ulqini,Ulqin,Crna Gora,Mali i Zi\",\"potentialAction\":[{\"@type\":\"SearchAction\",\"target\":{\"@type\":\"EntryPoint\",\"urlTemplate\":\"https:\/\/www.visit-ulcinj.com\/blog\/?s={search_term_string}\"},\"query-input\":\"required name=search_term_string\"}],\"inLanguage\":\"en-US\"},{\"@type\":\"ImageObject\",\"inLanguage\":\"en-US\",\"@id\":\"https:\/\/www.visit-ulcinj.com\/blog\/2010\/11\/14\/shkrela-te-tjeret-te-llogarisin-forcen-tone\/#primaryimage\",\"url\":\"https:\/\/www.visit-ulcinj.com\/blog\/wp-content\/uploads\/2010\/11\/Luigj-Shkrela.jpg\",\"contentUrl\":\"https:\/\/www.visit-ulcinj.com\/blog\/wp-content\/uploads\/2010\/11\/Luigj-Shkrela.jpg\",\"width\":\"720\",\"height\":\"540\"},{\"@type\":\"WebPage\",\"@id\":\"https:\/\/www.visit-ulcinj.com\/blog\/2010\/11\/14\/shkrela-te-tjeret-te-llogarisin-forcen-tone\/#webpage\",\"url\":\"https:\/\/www.visit-ulcinj.com\/blog\/2010\/11\/14\/shkrela-te-tjeret-te-llogarisin-forcen-tone\/\",\"name\":\"Shkrela: T\u00eb tjer\u00ebt t\u00eb llogarisin forc\u00ebn ton\u00eb - Lajme nga Ulqini\",\"isPartOf\":{\"@id\":\"https:\/\/www.visit-ulcinj.com\/blog\/#website\"},\"primaryImageOfPage\":{\"@id\":\"https:\/\/www.visit-ulcinj.com\/blog\/2010\/11\/14\/shkrela-te-tjeret-te-llogarisin-forcen-tone\/#primaryimage\"},\"datePublished\":\"2010-11-14T18:47:49+00:00\",\"dateModified\":\"2010-11-14T18:47:49+00:00\",\"author\":{\"@id\":\"https:\/\/www.visit-ulcinj.com\/blog\/#\/schema\/person\/dcab619c614d3038751c63bc2aadc06d\"},\"description\":\"Partia Demokratike e Socialist\u00ebve e cil\u00ebson vendim politik t\u00eb guximsh\u00ebm dhe t\u00eb\u00a0men\u00e7ur daljen e saj t\u00eb vetme n\u00eb zgjedhjet lokale n\u00eb Ulqin. Shkrela ka\",\"breadcrumb\":{\"@id\":\"https:\/\/www.visit-ulcinj.com\/blog\/2010\/11\/14\/shkrela-te-tjeret-te-llogarisin-forcen-tone\/#breadcrumb\"},\"inLanguage\":\"en-US\",\"potentialAction\":[{\"@type\":\"ReadAction\",\"target\":[\"https:\/\/www.visit-ulcinj.com\/blog\/2010\/11\/14\/shkrela-te-tjeret-te-llogarisin-forcen-tone\/\"]}]},{\"@type\":\"BreadcrumbList\",\"@id\":\"https:\/\/www.visit-ulcinj.com\/blog\/2010\/11\/14\/shkrela-te-tjeret-te-llogarisin-forcen-tone\/#breadcrumb\",\"itemListElement\":[{\"@type\":\"ListItem\",\"position\":1,\"name\":\"Shkrela: T\u00eb tjer\u00ebt t\u00eb llogarisin forc\u00ebn ton\u00eb\"}]},{\"@type\":\"Person\",\"@id\":\"https:\/\/www.visit-ulcinj.com\/blog\/#\/schema\/person\/dcab619c614d3038751c63bc2aadc06d\",\"name\":\"ulqini\",\"sameAs\":[\"http:\/\/www.visit-ulcinj.com\"],\"url\":\"https:\/\/www.visit-ulcinj.com\/blog\/author\/admin\/\"}]}<\/script>\n<!-- \/ Yoast SEO plugin. -->","yoast_head_json":{"title":"Shkrela: T\u00eb tjer\u00ebt t\u00eb llogarisin forc\u00ebn ton\u00eb - Lajme nga Ulqini","description":"Partia Demokratike e Socialist\u00ebve e cil\u00ebson vendim politik t\u00eb guximsh\u00ebm dhe t\u00eb\u00a0men\u00e7ur daljen e saj t\u00eb vetme n\u00eb zgjedhjet lokale n\u00eb Ulqin. Shkrela ka","robots":{"index":"index","follow":"follow","max-snippet":"max-snippet:-1","max-image-preview":"max-image-preview:large","max-video-preview":"max-video-preview:-1"},"canonical":"https:\/\/www.visit-ulcinj.com\/blog\/2010\/11\/14\/shkrela-te-tjeret-te-llogarisin-forcen-tone\/","og_locale":"en_US","og_type":"article","og_title":"Shkrela: T\u00eb tjer\u00ebt t\u00eb llogarisin forc\u00ebn ton\u00eb - Lajme nga Ulqini","og_description":"Partia Demokratike e Socialist\u00ebve e cil\u00ebson vendim politik t\u00eb guximsh\u00ebm dhe t\u00eb\u00a0men\u00e7ur daljen e saj t\u00eb vetme n\u00eb zgjedhjet lokale n\u00eb Ulqin. Shkrela ka","og_url":"https:\/\/www.visit-ulcinj.com\/blog\/2010\/11\/14\/shkrela-te-tjeret-te-llogarisin-forcen-tone\/","og_site_name":"Lajme nga Ulqini","article_published_time":"2010-11-14T18:47:49+00:00","og_image":[{"url":"http:\/\/www.visit-ulcinj.com\/blog\/wp-content\/uploads\/2010\/11\/Luigj-Shkrela.jpg"}],"twitter_misc":{"Written by":"ulqini","Est. reading time":"2 minutes"},"schema":{"@context":"https:\/\/schema.org","@graph":[{"@type":"WebSite","@id":"https:\/\/www.visit-ulcinj.com\/blog\/#website","url":"https:\/\/www.visit-ulcinj.com\/blog\/","name":"Lajme nga Ulqini","description":"Lajme,Vijesti,Ulqini,Ulqin,Crna Gora,Mali i Zi","potentialAction":[{"@type":"SearchAction","target":{"@type":"EntryPoint","urlTemplate":"https:\/\/www.visit-ulcinj.com\/blog\/?s={search_term_string}"},"query-input":"required name=search_term_string"}],"inLanguage":"en-US"},{"@type":"ImageObject","inLanguage":"en-US","@id":"https:\/\/www.visit-ulcinj.com\/blog\/2010\/11\/14\/shkrela-te-tjeret-te-llogarisin-forcen-tone\/#primaryimage","url":"https:\/\/www.visit-ulcinj.com\/blog\/wp-content\/uploads\/2010\/11\/Luigj-Shkrela.jpg","contentUrl":"https:\/\/www.visit-ulcinj.com\/blog\/wp-content\/uploads\/2010\/11\/Luigj-Shkrela.jpg","width":"720","height":"540"},{"@type":"WebPage","@id":"https:\/\/www.visit-ulcinj.com\/blog\/2010\/11\/14\/shkrela-te-tjeret-te-llogarisin-forcen-tone\/#webpage","url":"https:\/\/www.visit-ulcinj.com\/blog\/2010\/11\/14\/shkrela-te-tjeret-te-llogarisin-forcen-tone\/","name":"Shkrela: T\u00eb tjer\u00ebt t\u00eb llogarisin forc\u00ebn ton\u00eb - Lajme nga Ulqini","isPartOf":{"@id":"https:\/\/www.visit-ulcinj.com\/blog\/#website"},"primaryImageOfPage":{"@id":"https:\/\/www.visit-ulcinj.com\/blog\/2010\/11\/14\/shkrela-te-tjeret-te-llogarisin-forcen-tone\/#primaryimage"},"datePublished":"2010-11-14T18:47:49+00:00","dateModified":"2010-11-14T18:47:49+00:00","author":{"@id":"https:\/\/www.visit-ulcinj.com\/blog\/#\/schema\/person\/dcab619c614d3038751c63bc2aadc06d"},"description":"Partia Demokratike e Socialist\u00ebve e cil\u00ebson vendim politik t\u00eb guximsh\u00ebm dhe t\u00eb\u00a0men\u00e7ur daljen e saj t\u00eb vetme n\u00eb zgjedhjet lokale n\u00eb Ulqin. Shkrela ka","breadcrumb":{"@id":"https:\/\/www.visit-ulcinj.com\/blog\/2010\/11\/14\/shkrela-te-tjeret-te-llogarisin-forcen-tone\/#breadcrumb"},"inLanguage":"en-US","potentialAction":[{"@type":"ReadAction","target":["https:\/\/www.visit-ulcinj.com\/blog\/2010\/11\/14\/shkrela-te-tjeret-te-llogarisin-forcen-tone\/"]}]},{"@type":"BreadcrumbList","@id":"https:\/\/www.visit-ulcinj.com\/blog\/2010\/11\/14\/shkrela-te-tjeret-te-llogarisin-forcen-tone\/#breadcrumb","itemListElement":[{"@type":"ListItem","position":1,"name":"Shkrela: T\u00eb tjer\u00ebt t\u00eb llogarisin forc\u00ebn ton\u00eb"}]},{"@type":"Person","@id":"https:\/\/www.visit-ulcinj.com\/blog\/#\/schema\/person\/dcab619c614d3038751c63bc2aadc06d","name":"ulqini","sameAs":["http:\/\/www.visit-ulcinj.com"],"url":"https:\/\/www.visit-ulcinj.com\/blog\/author\/admin\/"}]}},"jetpack_featured_media_url":"","jetpack_sharing_enabled":true,"jetpack_shortlink":"https:\/\/wp.me\/pe6lTn-akb","_links":{"self":[{"href":"https:\/\/www.visit-ulcinj.com\/blog\/wp-json\/wp\/v2\/posts\/39691"}],"collection":[{"href":"https:\/\/www.visit-ulcinj.com\/blog\/wp-json\/wp\/v2\/posts"}],"about":[{"href":"https:\/\/www.visit-ulcinj.com\/blog\/wp-json\/wp\/v2\/types\/post"}],"author":[{"embeddable":true,"href":"https:\/\/www.visit-ulcinj.com\/blog\/wp-json\/wp\/v2\/users\/1"}],"replies":[{"embeddable":true,"href":"https:\/\/www.visit-ulcinj.com\/blog\/wp-json\/wp\/v2\/comments?post=39691"}],"version-history":[{"count":0,"href":"https:\/\/www.visit-ulcinj.com\/blog\/wp-json\/wp\/v2\/posts\/39691\/revisions"}],"wp:attachment":[{"href":"https:\/\/www.visit-ulcinj.com\/blog\/wp-json\/wp\/v2\/media?parent=39691"}],"wp:term":[{"taxonomy":"category","embeddable":true,"href":"https:\/\/www.visit-ulcinj.com\/blog\/wp-json\/wp\/v2\/categories?post=39691"},{"taxonomy":"post_tag","embeddable":true,"href":"https:\/\/www.visit-ulcinj.com\/blog\/wp-json\/wp\/v2\/tags?post=39691"}],"curies":[{"name":"wp","href":"https:\/\/api.w.org\/{rel}","templated":true}]}}