{"id":39695,"date":"2010-11-14T20:03:47","date_gmt":"2010-11-14T19:03:47","guid":{"rendered":"http:\/\/www.visit-ulcinj.com\/blog\/?p=39695"},"modified":"2010-11-14T20:03:47","modified_gmt":"2010-11-14T19:03:47","slug":"mendimi-i-instrumentalizuar-i-gazetareve","status":"publish","type":"post","link":"https:\/\/www.visit-ulcinj.com\/blog\/2010\/11\/14\/mendimi-i-instrumentalizuar-i-gazetareve\/","title":{"rendered":"Mendimi i instrumentalizuar i gazetar\u00ebve"},"content":{"rendered":"<p><a href=\"http:\/\/www.visit-ulcinj.com\/blog\/wp-content\/uploads\/2010\/11\/istrumentalizimi-i-mediave-ne-mal-te-zi.jpg\"><img loading=\"lazy\" class=\"alignleft size-full wp-image-39696\" title=\"istrumentalizimi i mediave ne mal te zi\" src=\"http:\/\/www.visit-ulcinj.com\/blog\/wp-content\/uploads\/2010\/11\/istrumentalizimi-i-mediave-ne-mal-te-zi.jpg\" alt=\"\" width=\"490\" height=\"277\" srcset=\"https:\/\/www.visit-ulcinj.com\/blog\/wp-content\/uploads\/2010\/11\/istrumentalizimi-i-mediave-ne-mal-te-zi.jpg 490w, https:\/\/www.visit-ulcinj.com\/blog\/wp-content\/uploads\/2010\/11\/istrumentalizimi-i-mediave-ne-mal-te-zi-300x169.jpg 300w\" sizes=\"(max-width: 490px) 100vw, 490px\" \/><\/a>Koha k\u00ebrkon nj\u00eb pozicionim alternativ t\u00eb informimit duke mos\u00a0vuajtur pik\u00eb s\u00eb pari nga autocensurat e trash\u00ebguara t\u00eb regjimit\u00a0t\u00eb cilat duket se prodhojn\u00eb hipnoza partiake dhe tifozll\u00ebk t\u00eb\u00a0pavet\u00ebdijsh\u00ebm. Mendojm\u00eb se duhet t\u00eb p\u00ebrkrahet th\u00ebnia e kryeredaktorit\u00a0t\u00eb televizionit Top-channel i cili n\u00eb simpoziumin e mbajtur\u00a0n\u00eb Ulqin tha se media n\u00eb Shqip\u00ebri ka arritur nj\u00eb shkall\u00eb pavar\u00ebsie\u00a0dhe t\u00eb jet\u00eb agresive ndaj pushtetit.<br \/>\nDiku pas publikimit t\u00eb disa numrave t\u00eb\u00a0par\u00eb t\u00eb \u201cKoh\u00ebs javore\u201d, kryeredaktori i saj z.\u00a0Salaj u kujtua p\u00ebr bukuri t\u00eb hap\u00eb nj\u00eb faqe\u00a0t\u00eb gazet\u00ebs t\u00eb titulluar: pik\u00ebpamjet e shprehura\u00a0n\u00eb faqet Opinione, V\u00ebshtrime nuk\u00a0p\u00ebrfaq\u00ebsojn\u00eb domosdoshm\u00ebrisht politik\u00ebn\u00a0redaksionale t\u00eb Koh\u00ebs javore. Duke\u00a0qen\u00eb si opinion shum\u00eb i avancuar p\u00ebr\u00a0koh\u00ebn mendojm\u00eb q\u00eb kjo faqe e gazet\u00ebs\u00a0mund t\u00eb merret si gur\u00ebthemel i gazetaris\u00eb\u00a0investiguese e cila i mungon informimit\u00a0shqip n\u00eb Mal t\u00eb Zi. Edhe pse opinionet p\u00ebr\u00a0koh\u00ebn ishin diametralisht t\u00eb ndara ekzistimi\u00a0i k\u00ebsaj faqeje ka b\u00ebr\u00eb q\u00eb ndoshta t\u00eb jet\u00eb\u00a0e vetmja n\u00eb informimin buxhetor (publik)\u00a0t\u00eb Koh\u00ebs n\u00eb Mal t\u00eb Zi. Pa dyshim q\u00eb sot\u00a0ky hap i kryeredaktorit duhet t\u00eb \u00e7mohet\u00a0megjithat\u00eb shpeshher\u00eb ndodh\u00eb q\u00eb n\u00eb\u00a0faqet e k\u00ebsaj gazete t\u00eb mos gjejn\u00eb hap\u00ebsir\u00eb\u00a0shkrimet t\u00eb cil\u00ebt jan\u00eb t\u00eb ngritura mbi\u00a0autocensurat e trash\u00ebguara t\u00eb regjimit q\u00eb\u00a0shkoi.\u00a0Mir\u00ebpo arsyeja p\u00ebr t\u00eb b\u00ebr\u00eb k\u00ebt\u00eb reagim\u00a0q\u00ebndron n\u00eb mendimin e instrumentalizuar\u00a0t\u00eb disa gazetar\u00ebve q\u00eb shkruajn\u00eb duke\u00a0futur huti e duke krijuar opinione negative\u00a0p\u00ebr dike pa t\u00eb drejt\u00eb. K\u00ebtu po p\u00ebrmendim\u00a0shkrimin e publikuar nga koha.net\u00a0t\u00eb titulluar dhjet\u00eb dit\u00eb pas zgjedhjeve t\u00eb\u00a0p\u00ebrs\u00ebritura lokale n\u00eb komun\u00ebn e Ulqinit\u00a0pa negociata mes partive (t\u00eb huazuar nga\u00a0Koha javore). Andaj p\u00ebr k\u00ebt\u00eb po shtojm\u00eb\u00a0sa vijon: jav\u00ebn q\u00eb shkoj n\u00eb Ulqin u organizua\u00a0nj\u00eb tryez\u00eb e rrumbullak\u00ebt p\u00ebr mediat\u00a0e shkruara n\u00eb gjuh\u00ebn shqipe n\u00eb Mal t\u00eb Zi\u00a0p\u00ebr gazetarin\u00eb hulumtuese nga K\u00ebshilli\u00a0Nacional i Shqiptar\u00ebve.\u00a0N\u00eb k\u00ebt\u00eb tryez\u00eb me t\u00eb drejt\u00eb ligj\u00ebruesit u\u00a0pajtuan se gazetaria hulumtuese \u00ebsht\u00eb\u00a0fare pak apo aspak e pranishme n\u00eb media\u00a0n\u00eb gjuh\u00ebn shqipe n\u00eb Mal t\u00eb Zi. Sipas nesh,\u00a0mendojm\u00eb q\u00eb kjo ndodh\u00eb p\u00ebrve\u00e7 tjerash\u00a0edhe si rezultat i munges\u00ebs s\u00eb guximit intelektual\u00a0po edhe atij profesional me t\u00eb\u00a0cilin ballafaqohen gazetar\u00ebt. Edhe n\u00eb k\u00ebt\u00eb\u00a0shkrim kontestues t\u00eb p\u00ebrmendur m\u00eb lart\u00eb\u00a0duket se gazetari nuk \u00ebsht\u00eb fare n\u00eb ngjarje\u00a0dhe n\u00eb m\u00ebnyr\u00eb telegrafike e me pasivitet\u00a0b\u00ebn nj\u00eb lajm i cili mendojm\u00eb se nuk \u00ebsht\u00eb\u00a0objektiv. Duke akuzuar n\u00eb m\u00ebnyr\u00eb indirekte\u00a0mosnisjen e negociatave p\u00ebr bisedime,\u00a0na duket se rasti flet qart\u00eb p\u00ebr munges\u00eb t\u00eb\u00a0gazetaris\u00eb hulumtuese.\u00a0Nuk \u00ebsht\u00eb v\u00ebshtir\u00eb t\u00eb hetohet q\u00eb gazetari\u00a0shtiret se nuk \u00ebsht\u00eb n\u00eb ngjarje kur thot\u00eb\u00a0p\u00ebrve\u00e7 tjerash: Nazif Cungu, lider i Forc\u00ebs\u00a0s\u00eb Re Demokratike e cila u konfirmua edhe\u00a0k\u00ebsaj radhe se \u00ebsht\u00eb partia m\u00eb e madhe n\u00eb\u00a0sken\u00ebn politike t\u00eb Ulqinit (por bashk\u00eb me\u00a0Bashkimin Demokratik dhe Aleanc\u00ebn e re\u00a0t\u00eb cil\u00ebt mbi baz\u00ebn e zgjedhjeve t\u00eb kaluara parlamentare do t\u00eb kishin 4 k\u00ebshilltar\u00eb,\u00a0v\u00ebrejtja jon\u00eb), ekzistojn\u00eb disa iniciativa\u00a0p\u00ebr negociata (pra sipas Forc\u00ebs) t\u00eb pazyrtarizuara\u00a0. . . dhe pastaj vazhdon: kryetari i\u00a0K\u00ebshillit komunal t\u00eb PDS &#8230; Luigj Shkreli m\u00eb\u00a0heret ka deklaruar se p\u00ebrpar\u00ebsi n\u00eb negociata\u00a0p\u00ebr formimin e shumic\u00ebs parlamentare\u00a0ka partneri i vjet\u00ebr i bashk\u00ebqeverisjes\u00a0p\u00ebr \u201cUlqinin Europian\u201d, Unioni Demokratik\u00a0i Shqiptar\u00ebve (por harron si gazetar t\u00eb p\u00ebrmend\u00a0deklarat\u00ebn e Shkrelit se rezultatet\u00a0ende nuk jan\u00eb zyrtare \u2013 v\u00ebrejtja jon\u00eb)&#8230;\u00a0i cili \u00ebsht\u00eb n\u00eb koalicion me PPD&#8230; por n\u00eb\u00a0k\u00ebt\u00eb nd\u00ebrlidhje nuk ka ende asnj\u00eb njoftim\u00a0zyrtar&#8230; Shtrohet pyetja si mund t\u00eb ket\u00eb\u00a0njoftime p\u00ebr negociata kur nga komisioni\u00a0zgjedhor komunal nuk kemi ende t\u00eb\u00a0dh\u00ebna zyrtare p\u00ebr rezultatet e zgjedhjeve.\u00a0Gazetari harron t\u00eb p\u00ebrmendi q\u00eb subjektet\u00a0e ndryshme q\u00eb garuan n\u00eb zgjedhje,\u00a0i kontestuan ato dhe pritet t\u00eb skadoj\u00eb\u00a0afati i ankesave n\u00eb komisionin zgjedhor\u00a0shtet\u00ebror dhe n\u00eb Gjyqin kushtetues.\u00a0Koha k\u00ebrkon nj\u00eb pozicionim alternativ\u00a0t\u00eb informimit duke mos vuajtur pik\u00eb s\u00eb\u00a0pari nga autocensurat e trash\u00ebguara t\u00eb\u00a0regjimit t\u00eb cilat duket se prodhojn\u00eb hipnoza\u00a0partiake dhe tifozll\u00ebk t\u00eb pavet\u00ebdijsh\u00ebm.\u00a0Mendojm\u00eb se duhet t\u00eb p\u00ebrkrahet\u00a0th\u00ebnia e kryeredaktorit t\u00eb televizionit Topchannel\u00a0i cili n\u00eb simpoziumin e mbajtur n\u00eb\u00a0Ulqin tha se media n\u00eb Shqip\u00ebri ka arritur\u00a0nj\u00eb shkall\u00eb pavar\u00ebsie dhe t\u00eb jet\u00eb agresive\u00a0ndaj pushtetit. E n\u00eb fund p\u00ebr rastin e p\u00ebrmendur\u00a0n\u00eb vij\u00ebn e gazetaris\u00eb hulumtuese\u00a0do t\u00eb kishim shtuar th\u00ebnien e kryeredaktorit\u00a0Salaj kur tha: N\u00ebse \u201cnuk g\u00ebrmohet n\u00eb\u00a0thell\u00ebsi\u201d at\u00ebher\u00eb t\u00eb pakt\u00ebn \u201ct\u00eb g\u00ebrvishtet\u00a0sip\u00ebrfaqja\u201d.<\/p>\n<p><strong>Muhamet Nika<br \/>\nKoha Javore<br \/>\n<!--YouTube Error: bad URL entered--><\/strong><\/p>\n","protected":false},"excerpt":{"rendered":"<p>Koha k\u00ebrkon nj\u00eb pozicionim alternativ t\u00eb informimit duke mos\u00a0vuajtur pik\u00eb s\u00eb pari nga autocensurat e trash\u00ebguara t\u00eb regjimit\u00a0t\u00eb cilat duket se prodhojn\u00eb hipnoza partiake dhe tifozll\u00ebk t\u00eb\u00a0pavet\u00ebdijsh\u00ebm. Mendojm\u00eb se duhet t\u00eb p\u00ebrkrahet th\u00ebnia e kryeredaktorit\u00a0t\u00eb televizionit Top-channel i cili n\u00eb simpoziumin e mbajtur\u00a0n\u00eb Ulqin tha se media n\u00eb Shqip\u00ebri ka arritur nj\u00eb shkall\u00eb pavar\u00ebsie\u00a0dhe t\u00eb [&hellip;]<\/p>\n","protected":false},"author":1,"featured_media":0,"comment_status":"open","ping_status":"closed","sticky":false,"template":"","format":"standard","meta":{"spay_email":"","jetpack_publicize_message":"","jetpack_is_tweetstorm":false,"jetpack_publicize_feature_enabled":true},"categories":[14249],"tags":[216,1867,16345,200,18],"jetpack_publicize_connections":[],"yoast_head":"<!-- This site is optimized with the Yoast SEO plugin v19.1 - https:\/\/yoast.com\/wordpress\/plugins\/seo\/ -->\n<title>Mendimi i instrumentalizuar i gazetar\u00ebve - Lajme nga Ulqini<\/title>\n<meta name=\"description\" content=\"Koha k\u00ebrkon nj\u00eb pozicionim alternativ t\u00eb informimit duke mos\u00a0vuajtur pik\u00eb s\u00eb pari nga autocensurat e trash\u00ebguara t\u00eb regjimit\u00a0t\u00eb cilat duket se prodhojn\u00eb\" \/>\n<meta name=\"robots\" content=\"index, follow, max-snippet:-1, max-image-preview:large, max-video-preview:-1\" \/>\n<link rel=\"canonical\" href=\"https:\/\/www.visit-ulcinj.com\/blog\/2010\/11\/14\/mendimi-i-instrumentalizuar-i-gazetareve\/\" \/>\n<meta property=\"og:locale\" content=\"en_US\" \/>\n<meta property=\"og:type\" content=\"article\" \/>\n<meta property=\"og:title\" content=\"Mendimi i instrumentalizuar i gazetar\u00ebve - Lajme nga Ulqini\" \/>\n<meta property=\"og:description\" content=\"Koha k\u00ebrkon nj\u00eb pozicionim alternativ t\u00eb informimit duke mos\u00a0vuajtur pik\u00eb s\u00eb pari nga autocensurat e trash\u00ebguara t\u00eb regjimit\u00a0t\u00eb cilat duket se prodhojn\u00eb\" \/>\n<meta property=\"og:url\" content=\"https:\/\/www.visit-ulcinj.com\/blog\/2010\/11\/14\/mendimi-i-instrumentalizuar-i-gazetareve\/\" \/>\n<meta property=\"og:site_name\" content=\"Lajme nga Ulqini\" \/>\n<meta property=\"article:published_time\" content=\"2010-11-14T19:03:47+00:00\" \/>\n<meta property=\"og:image\" content=\"http:\/\/www.visit-ulcinj.com\/blog\/wp-content\/uploads\/2010\/11\/istrumentalizimi-i-mediave-ne-mal-te-zi.jpg\" \/>\n<meta name=\"twitter:label1\" content=\"Written by\" \/>\n\t<meta name=\"twitter:data1\" content=\"ulqini\" \/>\n\t<meta name=\"twitter:label2\" content=\"Est. reading time\" \/>\n\t<meta name=\"twitter:data2\" content=\"4 minutes\" \/>\n<script type=\"application\/ld+json\" class=\"yoast-schema-graph\">{\"@context\":\"https:\/\/schema.org\",\"@graph\":[{\"@type\":\"WebSite\",\"@id\":\"https:\/\/www.visit-ulcinj.com\/blog\/#website\",\"url\":\"https:\/\/www.visit-ulcinj.com\/blog\/\",\"name\":\"Lajme nga Ulqini\",\"description\":\"Lajme,Vijesti,Ulqini,Ulqin,Crna Gora,Mali i Zi\",\"potentialAction\":[{\"@type\":\"SearchAction\",\"target\":{\"@type\":\"EntryPoint\",\"urlTemplate\":\"https:\/\/www.visit-ulcinj.com\/blog\/?s={search_term_string}\"},\"query-input\":\"required name=search_term_string\"}],\"inLanguage\":\"en-US\"},{\"@type\":\"ImageObject\",\"inLanguage\":\"en-US\",\"@id\":\"https:\/\/www.visit-ulcinj.com\/blog\/2010\/11\/14\/mendimi-i-instrumentalizuar-i-gazetareve\/#primaryimage\",\"url\":\"https:\/\/www.visit-ulcinj.com\/blog\/wp-content\/uploads\/2010\/11\/istrumentalizimi-i-mediave-ne-mal-te-zi.jpg\",\"contentUrl\":\"https:\/\/www.visit-ulcinj.com\/blog\/wp-content\/uploads\/2010\/11\/istrumentalizimi-i-mediave-ne-mal-te-zi.jpg\",\"width\":\"490\",\"height\":\"277\"},{\"@type\":\"WebPage\",\"@id\":\"https:\/\/www.visit-ulcinj.com\/blog\/2010\/11\/14\/mendimi-i-instrumentalizuar-i-gazetareve\/#webpage\",\"url\":\"https:\/\/www.visit-ulcinj.com\/blog\/2010\/11\/14\/mendimi-i-instrumentalizuar-i-gazetareve\/\",\"name\":\"Mendimi i instrumentalizuar i gazetar\u00ebve - Lajme nga Ulqini\",\"isPartOf\":{\"@id\":\"https:\/\/www.visit-ulcinj.com\/blog\/#website\"},\"primaryImageOfPage\":{\"@id\":\"https:\/\/www.visit-ulcinj.com\/blog\/2010\/11\/14\/mendimi-i-instrumentalizuar-i-gazetareve\/#primaryimage\"},\"datePublished\":\"2010-11-14T19:03:47+00:00\",\"dateModified\":\"2010-11-14T19:03:47+00:00\",\"author\":{\"@id\":\"https:\/\/www.visit-ulcinj.com\/blog\/#\/schema\/person\/dcab619c614d3038751c63bc2aadc06d\"},\"description\":\"Koha k\u00ebrkon nj\u00eb pozicionim alternativ t\u00eb informimit duke mos\u00a0vuajtur pik\u00eb s\u00eb pari nga autocensurat e trash\u00ebguara t\u00eb regjimit\u00a0t\u00eb cilat duket se prodhojn\u00eb\",\"breadcrumb\":{\"@id\":\"https:\/\/www.visit-ulcinj.com\/blog\/2010\/11\/14\/mendimi-i-instrumentalizuar-i-gazetareve\/#breadcrumb\"},\"inLanguage\":\"en-US\",\"potentialAction\":[{\"@type\":\"ReadAction\",\"target\":[\"https:\/\/www.visit-ulcinj.com\/blog\/2010\/11\/14\/mendimi-i-instrumentalizuar-i-gazetareve\/\"]}]},{\"@type\":\"BreadcrumbList\",\"@id\":\"https:\/\/www.visit-ulcinj.com\/blog\/2010\/11\/14\/mendimi-i-instrumentalizuar-i-gazetareve\/#breadcrumb\",\"itemListElement\":[{\"@type\":\"ListItem\",\"position\":1,\"name\":\"Mendimi i instrumentalizuar i gazetar\u00ebve\"}]},{\"@type\":\"Person\",\"@id\":\"https:\/\/www.visit-ulcinj.com\/blog\/#\/schema\/person\/dcab619c614d3038751c63bc2aadc06d\",\"name\":\"ulqini\",\"sameAs\":[\"http:\/\/www.visit-ulcinj.com\"],\"url\":\"https:\/\/www.visit-ulcinj.com\/blog\/author\/admin\/\"}]}<\/script>\n<!-- \/ Yoast SEO plugin. -->","yoast_head_json":{"title":"Mendimi i instrumentalizuar i gazetar\u00ebve - Lajme nga Ulqini","description":"Koha k\u00ebrkon nj\u00eb pozicionim alternativ t\u00eb informimit duke mos\u00a0vuajtur pik\u00eb s\u00eb pari nga autocensurat e trash\u00ebguara t\u00eb regjimit\u00a0t\u00eb cilat duket se prodhojn\u00eb","robots":{"index":"index","follow":"follow","max-snippet":"max-snippet:-1","max-image-preview":"max-image-preview:large","max-video-preview":"max-video-preview:-1"},"canonical":"https:\/\/www.visit-ulcinj.com\/blog\/2010\/11\/14\/mendimi-i-instrumentalizuar-i-gazetareve\/","og_locale":"en_US","og_type":"article","og_title":"Mendimi i instrumentalizuar i gazetar\u00ebve - Lajme nga Ulqini","og_description":"Koha k\u00ebrkon nj\u00eb pozicionim alternativ t\u00eb informimit duke mos\u00a0vuajtur pik\u00eb s\u00eb pari nga autocensurat e trash\u00ebguara t\u00eb regjimit\u00a0t\u00eb cilat duket se prodhojn\u00eb","og_url":"https:\/\/www.visit-ulcinj.com\/blog\/2010\/11\/14\/mendimi-i-instrumentalizuar-i-gazetareve\/","og_site_name":"Lajme nga Ulqini","article_published_time":"2010-11-14T19:03:47+00:00","og_image":[{"url":"http:\/\/www.visit-ulcinj.com\/blog\/wp-content\/uploads\/2010\/11\/istrumentalizimi-i-mediave-ne-mal-te-zi.jpg"}],"twitter_misc":{"Written by":"ulqini","Est. reading time":"4 minutes"},"schema":{"@context":"https:\/\/schema.org","@graph":[{"@type":"WebSite","@id":"https:\/\/www.visit-ulcinj.com\/blog\/#website","url":"https:\/\/www.visit-ulcinj.com\/blog\/","name":"Lajme nga Ulqini","description":"Lajme,Vijesti,Ulqini,Ulqin,Crna Gora,Mali i Zi","potentialAction":[{"@type":"SearchAction","target":{"@type":"EntryPoint","urlTemplate":"https:\/\/www.visit-ulcinj.com\/blog\/?s={search_term_string}"},"query-input":"required name=search_term_string"}],"inLanguage":"en-US"},{"@type":"ImageObject","inLanguage":"en-US","@id":"https:\/\/www.visit-ulcinj.com\/blog\/2010\/11\/14\/mendimi-i-instrumentalizuar-i-gazetareve\/#primaryimage","url":"https:\/\/www.visit-ulcinj.com\/blog\/wp-content\/uploads\/2010\/11\/istrumentalizimi-i-mediave-ne-mal-te-zi.jpg","contentUrl":"https:\/\/www.visit-ulcinj.com\/blog\/wp-content\/uploads\/2010\/11\/istrumentalizimi-i-mediave-ne-mal-te-zi.jpg","width":"490","height":"277"},{"@type":"WebPage","@id":"https:\/\/www.visit-ulcinj.com\/blog\/2010\/11\/14\/mendimi-i-instrumentalizuar-i-gazetareve\/#webpage","url":"https:\/\/www.visit-ulcinj.com\/blog\/2010\/11\/14\/mendimi-i-instrumentalizuar-i-gazetareve\/","name":"Mendimi i instrumentalizuar i gazetar\u00ebve - Lajme nga Ulqini","isPartOf":{"@id":"https:\/\/www.visit-ulcinj.com\/blog\/#website"},"primaryImageOfPage":{"@id":"https:\/\/www.visit-ulcinj.com\/blog\/2010\/11\/14\/mendimi-i-instrumentalizuar-i-gazetareve\/#primaryimage"},"datePublished":"2010-11-14T19:03:47+00:00","dateModified":"2010-11-14T19:03:47+00:00","author":{"@id":"https:\/\/www.visit-ulcinj.com\/blog\/#\/schema\/person\/dcab619c614d3038751c63bc2aadc06d"},"description":"Koha k\u00ebrkon nj\u00eb pozicionim alternativ t\u00eb informimit duke mos\u00a0vuajtur pik\u00eb s\u00eb pari nga autocensurat e trash\u00ebguara t\u00eb regjimit\u00a0t\u00eb cilat duket se prodhojn\u00eb","breadcrumb":{"@id":"https:\/\/www.visit-ulcinj.com\/blog\/2010\/11\/14\/mendimi-i-instrumentalizuar-i-gazetareve\/#breadcrumb"},"inLanguage":"en-US","potentialAction":[{"@type":"ReadAction","target":["https:\/\/www.visit-ulcinj.com\/blog\/2010\/11\/14\/mendimi-i-instrumentalizuar-i-gazetareve\/"]}]},{"@type":"BreadcrumbList","@id":"https:\/\/www.visit-ulcinj.com\/blog\/2010\/11\/14\/mendimi-i-instrumentalizuar-i-gazetareve\/#breadcrumb","itemListElement":[{"@type":"ListItem","position":1,"name":"Mendimi i instrumentalizuar i gazetar\u00ebve"}]},{"@type":"Person","@id":"https:\/\/www.visit-ulcinj.com\/blog\/#\/schema\/person\/dcab619c614d3038751c63bc2aadc06d","name":"ulqini","sameAs":["http:\/\/www.visit-ulcinj.com"],"url":"https:\/\/www.visit-ulcinj.com\/blog\/author\/admin\/"}]}},"jetpack_featured_media_url":"","jetpack_sharing_enabled":true,"jetpack_shortlink":"https:\/\/wp.me\/pe6lTn-akf","_links":{"self":[{"href":"https:\/\/www.visit-ulcinj.com\/blog\/wp-json\/wp\/v2\/posts\/39695"}],"collection":[{"href":"https:\/\/www.visit-ulcinj.com\/blog\/wp-json\/wp\/v2\/posts"}],"about":[{"href":"https:\/\/www.visit-ulcinj.com\/blog\/wp-json\/wp\/v2\/types\/post"}],"author":[{"embeddable":true,"href":"https:\/\/www.visit-ulcinj.com\/blog\/wp-json\/wp\/v2\/users\/1"}],"replies":[{"embeddable":true,"href":"https:\/\/www.visit-ulcinj.com\/blog\/wp-json\/wp\/v2\/comments?post=39695"}],"version-history":[{"count":0,"href":"https:\/\/www.visit-ulcinj.com\/blog\/wp-json\/wp\/v2\/posts\/39695\/revisions"}],"wp:attachment":[{"href":"https:\/\/www.visit-ulcinj.com\/blog\/wp-json\/wp\/v2\/media?parent=39695"}],"wp:term":[{"taxonomy":"category","embeddable":true,"href":"https:\/\/www.visit-ulcinj.com\/blog\/wp-json\/wp\/v2\/categories?post=39695"},{"taxonomy":"post_tag","embeddable":true,"href":"https:\/\/www.visit-ulcinj.com\/blog\/wp-json\/wp\/v2\/tags?post=39695"}],"curies":[{"name":"wp","href":"https:\/\/api.w.org\/{rel}","templated":true}]}}