{"id":39723,"date":"2010-11-15T14:05:59","date_gmt":"2010-11-15T13:05:59","guid":{"rendered":"http:\/\/www.visit-ulcinj.com\/blog\/?p=39723"},"modified":"2010-11-20T17:10:33","modified_gmt":"2010-11-20T16:10:33","slug":"ures-e-ppd-se-me-rastin-e-festes-se-kurban-bajramit","status":"publish","type":"post","link":"https:\/\/www.visit-ulcinj.com\/blog\/2010\/11\/15\/ures-e-ppd-se-me-rastin-e-festes-se-kurban-bajramit\/","title":{"rendered":"Ures e PPD-s\u00eb me rastin e fest\u00ebs s\u00eb Kurban Bajramit"},"content":{"rendered":"<p><strong><a href=\"http:\/\/www.visit-ulcinj.com\/blog\/wp-content\/uploads\/2010\/09\/PARTIA-E-PROSPERITETIT-DEMOKRATIK.jpg\"><img loading=\"lazy\" class=\"alignleft size-thumbnail wp-image-36665\" title=\"PARTIA E PROSPERITETIT DEMOKRATIK\" src=\"http:\/\/www.visit-ulcinj.com\/blog\/wp-content\/uploads\/2010\/09\/PARTIA-E-PROSPERITETIT-DEMOKRATIK-150x150.jpg\" alt=\"\" width=\"150\" height=\"150\" \/><\/a>PARTIA E PROSPERITETIT DEMOKRATIK<\/strong><\/p>\n<p><strong>PARTIJA DEMOKRATSKOG PROSPERITETA<\/strong><\/p>\n<p><strong>THE PARTY OF DEMOKTRATIC PROSPERITY<\/strong><\/p>\n<p><strong>ULQIN \u2013 ULCINJ. Montenegro<\/strong><\/p>\n<p><strong>Tel.++382 30 412 816 &amp; Fax ++ 382 30  401571<\/strong><\/p>\n<p><strong>e-mail: <a href=\"mailto:ppd@t-com.me\" target=\"_blank\">ppd@t-com.me<\/a><\/strong><\/p>\n<p><strong> <\/strong><\/p>\n<p><strong> <\/strong><\/p>\n<p><strong><a href=\"http:\/\/www.visit-ulcinj.com\/blog\/wp-content\/uploads\/2010\/11\/Me-fat-kurban-Bajrami.jpg\"><img loading=\"lazy\" class=\"alignleft size-medium wp-image-39724\" title=\"Me fat kurban Bajrami\" src=\"http:\/\/www.visit-ulcinj.com\/blog\/wp-content\/uploads\/2010\/11\/Me-fat-kurban-Bajrami-173x300.jpg\" alt=\"\" width=\"173\" height=\"300\" srcset=\"https:\/\/www.visit-ulcinj.com\/blog\/wp-content\/uploads\/2010\/11\/Me-fat-kurban-Bajrami-173x300.jpg 173w, https:\/\/www.visit-ulcinj.com\/blog\/wp-content\/uploads\/2010\/11\/Me-fat-kurban-Bajrami.jpg 320w\" sizes=\"(max-width: 173px) 100vw, 173px\" \/><\/a>Nr. 01-69\/1-10<\/strong><\/p>\n<p><strong>Ulqin, m\u00eb 15. 11.2010<\/strong><\/p>\n<p><strong> <\/strong><\/p>\n<p><strong>Urime p\u00ebr fest\u00ebn e Kurban Bajramit<\/strong><\/p>\n<p>T\u00eb gjith\u00eb besim\u00ebtar\u00ebve mysliman\u00eb iu urojm\u00eb fest\u00ebn e madhe t\u00eb Kurban Bajramit me d\u00ebshir\u00eb q\u00eb n\u00eb familjet tuaja t\u00eb mbret\u00ebroj, harmonia, lumturia dhe mir\u00ebqenia.<\/p>\n<p>Kryetari dhe Kryesia e Partise s\u00eb Prosperitetit Demokratik.<\/p>\n<p><strong>Kryetari,<br \/>\nAli Rexha<\/strong><\/p>\n","protected":false},"excerpt":{"rendered":"<p>PARTIA E PROSPERITETIT DEMOKRATIK PARTIJA DEMOKRATSKOG PROSPERITETA THE PARTY OF DEMOKTRATIC PROSPERITY ULQIN \u2013 ULCINJ. Montenegro Tel.++382 30 412 816 &amp; Fax ++ 382 30 401571 e-mail: ppd@t-com.me Nr. 01-69\/1-10 Ulqin, m\u00eb 15. 11.2010 Urime p\u00ebr fest\u00ebn e Kurban Bajramit T\u00eb gjith\u00eb besim\u00ebtar\u00ebve mysliman\u00eb iu urojm\u00eb fest\u00ebn e madhe t\u00eb Kurban Bajramit me d\u00ebshir\u00eb q\u00eb [&hellip;]<\/p>\n","protected":false},"author":1,"featured_media":0,"comment_status":"open","ping_status":"closed","sticky":false,"template":"","format":"standard","meta":{"spay_email":"","jetpack_publicize_message":"","jetpack_is_tweetstorm":false,"jetpack_publicize_feature_enabled":true},"categories":[1],"tags":[8027,5166,6530,200,18],"jetpack_publicize_connections":[],"yoast_head":"<!-- This site is optimized with the Yoast SEO plugin v19.1 - https:\/\/yoast.com\/wordpress\/plugins\/seo\/ -->\n<title>Ures e PPD-s\u00eb me rastin e fest\u00ebs s\u00eb Kurban Bajramit - Lajme nga Ulqini<\/title>\n<meta name=\"description\" content=\"PARTIA E PROSPERITETIT DEMOKRATIK PARTIJA DEMOKRATSKOG PROSPERITETA THE PARTY OF DEMOKTRATIC PROSPERITY ULQIN \u2013 ULCINJ. Montenegro Tel.++382 30 412\" \/>\n<meta name=\"robots\" content=\"index, follow, max-snippet:-1, max-image-preview:large, max-video-preview:-1\" \/>\n<link rel=\"canonical\" href=\"https:\/\/www.visit-ulcinj.com\/blog\/2010\/11\/15\/ures-e-ppd-se-me-rastin-e-festes-se-kurban-bajramit\/\" \/>\n<meta property=\"og:locale\" content=\"en_US\" \/>\n<meta property=\"og:type\" content=\"article\" \/>\n<meta property=\"og:title\" content=\"Ures e PPD-s\u00eb me rastin e fest\u00ebs s\u00eb Kurban Bajramit - Lajme nga Ulqini\" \/>\n<meta property=\"og:description\" content=\"PARTIA E PROSPERITETIT DEMOKRATIK PARTIJA DEMOKRATSKOG PROSPERITETA THE PARTY OF DEMOKTRATIC PROSPERITY ULQIN \u2013 ULCINJ. Montenegro Tel.++382 30 412\" \/>\n<meta property=\"og:url\" content=\"https:\/\/www.visit-ulcinj.com\/blog\/2010\/11\/15\/ures-e-ppd-se-me-rastin-e-festes-se-kurban-bajramit\/\" \/>\n<meta property=\"og:site_name\" content=\"Lajme nga Ulqini\" \/>\n<meta property=\"article:published_time\" content=\"2010-11-15T13:05:59+00:00\" \/>\n<meta property=\"article:modified_time\" content=\"2010-11-20T16:10:33+00:00\" \/>\n<meta property=\"og:image\" content=\"http:\/\/www.visit-ulcinj.com\/blog\/wp-content\/uploads\/2010\/09\/PARTIA-E-PROSPERITETIT-DEMOKRATIK-150x150.jpg\" \/>\n<meta name=\"twitter:label1\" content=\"Written by\" \/>\n\t<meta name=\"twitter:data1\" content=\"ulqini\" \/>\n<script type=\"application\/ld+json\" class=\"yoast-schema-graph\">{\"@context\":\"https:\/\/schema.org\",\"@graph\":[{\"@type\":\"WebSite\",\"@id\":\"https:\/\/www.visit-ulcinj.com\/blog\/#website\",\"url\":\"https:\/\/www.visit-ulcinj.com\/blog\/\",\"name\":\"Lajme nga Ulqini\",\"description\":\"Lajme,Vijesti,Ulqini,Ulqin,Crna Gora,Mali i Zi\",\"potentialAction\":[{\"@type\":\"SearchAction\",\"target\":{\"@type\":\"EntryPoint\",\"urlTemplate\":\"https:\/\/www.visit-ulcinj.com\/blog\/?s={search_term_string}\"},\"query-input\":\"required name=search_term_string\"}],\"inLanguage\":\"en-US\"},{\"@type\":\"ImageObject\",\"inLanguage\":\"en-US\",\"@id\":\"https:\/\/www.visit-ulcinj.com\/blog\/2010\/11\/15\/ures-e-ppd-se-me-rastin-e-festes-se-kurban-bajramit\/#primaryimage\",\"url\":\"https:\/\/www.visit-ulcinj.com\/blog\/wp-content\/uploads\/2010\/09\/PARTIA-E-PROSPERITETIT-DEMOKRATIK.jpg\",\"contentUrl\":\"https:\/\/www.visit-ulcinj.com\/blog\/wp-content\/uploads\/2010\/09\/PARTIA-E-PROSPERITETIT-DEMOKRATIK.jpg\",\"width\":\"521\",\"height\":\"501\"},{\"@type\":\"WebPage\",\"@id\":\"https:\/\/www.visit-ulcinj.com\/blog\/2010\/11\/15\/ures-e-ppd-se-me-rastin-e-festes-se-kurban-bajramit\/#webpage\",\"url\":\"https:\/\/www.visit-ulcinj.com\/blog\/2010\/11\/15\/ures-e-ppd-se-me-rastin-e-festes-se-kurban-bajramit\/\",\"name\":\"Ures e PPD-s\u00eb me rastin e fest\u00ebs s\u00eb Kurban Bajramit - Lajme nga Ulqini\",\"isPartOf\":{\"@id\":\"https:\/\/www.visit-ulcinj.com\/blog\/#website\"},\"primaryImageOfPage\":{\"@id\":\"https:\/\/www.visit-ulcinj.com\/blog\/2010\/11\/15\/ures-e-ppd-se-me-rastin-e-festes-se-kurban-bajramit\/#primaryimage\"},\"datePublished\":\"2010-11-15T13:05:59+00:00\",\"dateModified\":\"2010-11-20T16:10:33+00:00\",\"author\":{\"@id\":\"https:\/\/www.visit-ulcinj.com\/blog\/#\/schema\/person\/dcab619c614d3038751c63bc2aadc06d\"},\"description\":\"PARTIA E PROSPERITETIT DEMOKRATIK PARTIJA DEMOKRATSKOG PROSPERITETA THE PARTY OF DEMOKTRATIC PROSPERITY ULQIN \u2013 ULCINJ. Montenegro Tel.++382 30 412\",\"breadcrumb\":{\"@id\":\"https:\/\/www.visit-ulcinj.com\/blog\/2010\/11\/15\/ures-e-ppd-se-me-rastin-e-festes-se-kurban-bajramit\/#breadcrumb\"},\"inLanguage\":\"en-US\",\"potentialAction\":[{\"@type\":\"ReadAction\",\"target\":[\"https:\/\/www.visit-ulcinj.com\/blog\/2010\/11\/15\/ures-e-ppd-se-me-rastin-e-festes-se-kurban-bajramit\/\"]}]},{\"@type\":\"BreadcrumbList\",\"@id\":\"https:\/\/www.visit-ulcinj.com\/blog\/2010\/11\/15\/ures-e-ppd-se-me-rastin-e-festes-se-kurban-bajramit\/#breadcrumb\",\"itemListElement\":[{\"@type\":\"ListItem\",\"position\":1,\"name\":\"Ures e PPD-s\u00eb me rastin e fest\u00ebs s\u00eb Kurban Bajramit\"}]},{\"@type\":\"Person\",\"@id\":\"https:\/\/www.visit-ulcinj.com\/blog\/#\/schema\/person\/dcab619c614d3038751c63bc2aadc06d\",\"name\":\"ulqini\",\"sameAs\":[\"http:\/\/www.visit-ulcinj.com\"],\"url\":\"https:\/\/www.visit-ulcinj.com\/blog\/author\/admin\/\"}]}<\/script>\n<!-- \/ Yoast SEO plugin. -->","yoast_head_json":{"title":"Ures e PPD-s\u00eb me rastin e fest\u00ebs s\u00eb Kurban Bajramit - Lajme nga Ulqini","description":"PARTIA E PROSPERITETIT DEMOKRATIK PARTIJA DEMOKRATSKOG PROSPERITETA THE PARTY OF DEMOKTRATIC PROSPERITY ULQIN \u2013 ULCINJ. Montenegro Tel.++382 30 412","robots":{"index":"index","follow":"follow","max-snippet":"max-snippet:-1","max-image-preview":"max-image-preview:large","max-video-preview":"max-video-preview:-1"},"canonical":"https:\/\/www.visit-ulcinj.com\/blog\/2010\/11\/15\/ures-e-ppd-se-me-rastin-e-festes-se-kurban-bajramit\/","og_locale":"en_US","og_type":"article","og_title":"Ures e PPD-s\u00eb me rastin e fest\u00ebs s\u00eb Kurban Bajramit - Lajme nga Ulqini","og_description":"PARTIA E PROSPERITETIT DEMOKRATIK PARTIJA DEMOKRATSKOG PROSPERITETA THE PARTY OF DEMOKTRATIC PROSPERITY ULQIN \u2013 ULCINJ. Montenegro Tel.++382 30 412","og_url":"https:\/\/www.visit-ulcinj.com\/blog\/2010\/11\/15\/ures-e-ppd-se-me-rastin-e-festes-se-kurban-bajramit\/","og_site_name":"Lajme nga Ulqini","article_published_time":"2010-11-15T13:05:59+00:00","article_modified_time":"2010-11-20T16:10:33+00:00","og_image":[{"url":"http:\/\/www.visit-ulcinj.com\/blog\/wp-content\/uploads\/2010\/09\/PARTIA-E-PROSPERITETIT-DEMOKRATIK-150x150.jpg"}],"twitter_misc":{"Written by":"ulqini"},"schema":{"@context":"https:\/\/schema.org","@graph":[{"@type":"WebSite","@id":"https:\/\/www.visit-ulcinj.com\/blog\/#website","url":"https:\/\/www.visit-ulcinj.com\/blog\/","name":"Lajme nga Ulqini","description":"Lajme,Vijesti,Ulqini,Ulqin,Crna Gora,Mali i Zi","potentialAction":[{"@type":"SearchAction","target":{"@type":"EntryPoint","urlTemplate":"https:\/\/www.visit-ulcinj.com\/blog\/?s={search_term_string}"},"query-input":"required name=search_term_string"}],"inLanguage":"en-US"},{"@type":"ImageObject","inLanguage":"en-US","@id":"https:\/\/www.visit-ulcinj.com\/blog\/2010\/11\/15\/ures-e-ppd-se-me-rastin-e-festes-se-kurban-bajramit\/#primaryimage","url":"https:\/\/www.visit-ulcinj.com\/blog\/wp-content\/uploads\/2010\/09\/PARTIA-E-PROSPERITETIT-DEMOKRATIK.jpg","contentUrl":"https:\/\/www.visit-ulcinj.com\/blog\/wp-content\/uploads\/2010\/09\/PARTIA-E-PROSPERITETIT-DEMOKRATIK.jpg","width":"521","height":"501"},{"@type":"WebPage","@id":"https:\/\/www.visit-ulcinj.com\/blog\/2010\/11\/15\/ures-e-ppd-se-me-rastin-e-festes-se-kurban-bajramit\/#webpage","url":"https:\/\/www.visit-ulcinj.com\/blog\/2010\/11\/15\/ures-e-ppd-se-me-rastin-e-festes-se-kurban-bajramit\/","name":"Ures e PPD-s\u00eb me rastin e fest\u00ebs s\u00eb Kurban Bajramit - Lajme nga Ulqini","isPartOf":{"@id":"https:\/\/www.visit-ulcinj.com\/blog\/#website"},"primaryImageOfPage":{"@id":"https:\/\/www.visit-ulcinj.com\/blog\/2010\/11\/15\/ures-e-ppd-se-me-rastin-e-festes-se-kurban-bajramit\/#primaryimage"},"datePublished":"2010-11-15T13:05:59+00:00","dateModified":"2010-11-20T16:10:33+00:00","author":{"@id":"https:\/\/www.visit-ulcinj.com\/blog\/#\/schema\/person\/dcab619c614d3038751c63bc2aadc06d"},"description":"PARTIA E PROSPERITETIT DEMOKRATIK PARTIJA DEMOKRATSKOG PROSPERITETA THE PARTY OF DEMOKTRATIC PROSPERITY ULQIN \u2013 ULCINJ. Montenegro Tel.++382 30 412","breadcrumb":{"@id":"https:\/\/www.visit-ulcinj.com\/blog\/2010\/11\/15\/ures-e-ppd-se-me-rastin-e-festes-se-kurban-bajramit\/#breadcrumb"},"inLanguage":"en-US","potentialAction":[{"@type":"ReadAction","target":["https:\/\/www.visit-ulcinj.com\/blog\/2010\/11\/15\/ures-e-ppd-se-me-rastin-e-festes-se-kurban-bajramit\/"]}]},{"@type":"BreadcrumbList","@id":"https:\/\/www.visit-ulcinj.com\/blog\/2010\/11\/15\/ures-e-ppd-se-me-rastin-e-festes-se-kurban-bajramit\/#breadcrumb","itemListElement":[{"@type":"ListItem","position":1,"name":"Ures e PPD-s\u00eb me rastin e fest\u00ebs s\u00eb Kurban Bajramit"}]},{"@type":"Person","@id":"https:\/\/www.visit-ulcinj.com\/blog\/#\/schema\/person\/dcab619c614d3038751c63bc2aadc06d","name":"ulqini","sameAs":["http:\/\/www.visit-ulcinj.com"],"url":"https:\/\/www.visit-ulcinj.com\/blog\/author\/admin\/"}]}},"jetpack_featured_media_url":"","jetpack_sharing_enabled":true,"jetpack_shortlink":"https:\/\/wp.me\/pe6lTn-akH","_links":{"self":[{"href":"https:\/\/www.visit-ulcinj.com\/blog\/wp-json\/wp\/v2\/posts\/39723"}],"collection":[{"href":"https:\/\/www.visit-ulcinj.com\/blog\/wp-json\/wp\/v2\/posts"}],"about":[{"href":"https:\/\/www.visit-ulcinj.com\/blog\/wp-json\/wp\/v2\/types\/post"}],"author":[{"embeddable":true,"href":"https:\/\/www.visit-ulcinj.com\/blog\/wp-json\/wp\/v2\/users\/1"}],"replies":[{"embeddable":true,"href":"https:\/\/www.visit-ulcinj.com\/blog\/wp-json\/wp\/v2\/comments?post=39723"}],"version-history":[{"count":0,"href":"https:\/\/www.visit-ulcinj.com\/blog\/wp-json\/wp\/v2\/posts\/39723\/revisions"}],"wp:attachment":[{"href":"https:\/\/www.visit-ulcinj.com\/blog\/wp-json\/wp\/v2\/media?parent=39723"}],"wp:term":[{"taxonomy":"category","embeddable":true,"href":"https:\/\/www.visit-ulcinj.com\/blog\/wp-json\/wp\/v2\/categories?post=39723"},{"taxonomy":"post_tag","embeddable":true,"href":"https:\/\/www.visit-ulcinj.com\/blog\/wp-json\/wp\/v2\/tags?post=39723"}],"curies":[{"name":"wp","href":"https:\/\/api.w.org\/{rel}","templated":true}]}}