{"id":39728,"date":"2010-11-15T14:21:06","date_gmt":"2010-11-15T13:21:06","guid":{"rendered":"http:\/\/www.visit-ulcinj.com\/blog\/?p=39728"},"modified":"2010-11-20T17:10:07","modified_gmt":"2010-11-20T16:10:07","slug":"udsh-ja-urime-festa-e-kurban-bajramit","status":"publish","type":"post","link":"https:\/\/www.visit-ulcinj.com\/blog\/2010\/11\/15\/udsh-ja-urime-festa-e-kurban-bajramit\/","title":{"rendered":"UDSH-ja: Urime festa e Kurban Bajramit"},"content":{"rendered":"<p><a href=\"http:\/\/www.visit-ulcinj.com\/blog\/wp-content\/uploads\/2010\/11\/Udsh-ja-me-fat-bajrami.jpg\"><img loading=\"lazy\" class=\"alignleft size-full wp-image-39729\" title=\"Udsh-ja-me-fat-bajrami\" src=\"http:\/\/www.visit-ulcinj.com\/blog\/wp-content\/uploads\/2010\/11\/Udsh-ja-me-fat-bajrami.jpg\" alt=\"\" width=\"490\" height=\"380\" \/><\/a><\/p>\n<h2><a href=\"http:\/\/www.visit-ulcinj.com\/blog\/wp-content\/uploads\/2010\/09\/UNIONI-DEMOKRATIK-I-SHQIPTAR\u00cbVE.jpg\"><\/a><img loading=\"lazy\" class=\"alignleft size-thumbnail wp-image-36988\" title=\"UNIONI  DEMOKRATIK I SHQIPTAR\u00cbVE\" src=\"http:\/\/www.visit-ulcinj.com\/blog\/wp-content\/uploads\/2010\/09\/UNIONI-DEMOKRATIK-I-SHQIPTAR\u00cbVE-150x150.jpg\" alt=\"\" width=\"150\" height=\"150\" \/>UNIONI  DEMOKRATIK I SHQIPTAR\u00cbVE<\/h2>\n<p><strong>DEMOKRATSKA UNIJA ALBANACA <\/strong><\/p>\n<p><strong> THE DEMOCRATIC UNION OF ALBANIANS <\/strong><\/p>\n<p><strong> <\/strong><\/p>\n<p><strong> Tel.\/fax.     030\/ 412 757, 412 599<br \/>\n<\/strong><\/p>\n<p><strong>NR.71\/10<\/strong><\/p>\n<p><strong>ULQIN, m\u00eb 15 n\u00ebntor 2010<\/strong><\/p>\n<h3>KUMTES\u00cb<\/h3>\n<p><strong> <\/strong><\/p>\n<p><strong>URIME P\u00cbR FEST\u00cbN E KURBAN BAJRAMIT<br \/>\n<\/strong><\/p>\n<p>Me rastin e Kurban Bajramit, kryetari i Unionit Demokratik t\u00eb Shqiptar\u00ebve, z.Ferhat Dinosha, n\u00eb em\u00ebr t\u00eb partis\u00eb dhe n\u00eb emrin e tij personal i p\u00ebrg\u00ebzon\u00a0 t\u00eb gjith\u00eb besimtar\u00ebt mysliman, duke iu uruar sh\u00ebndet t\u00eb mir\u00eb, g\u00ebzime familjare dhe lumturi n\u00eb jet\u00eb.<\/p>\n<p>Zoti \u00ebsht\u00eb Nj\u00eb dhe Atij nuk mund t\u2019i afrohemi\u00a0 pa qen\u00eb af\u00ebr me nj\u00ebri tjetrin.<\/p>\n<p>Besimtar\u00ebt e din\u00eb se Zoti i do shum\u00eb ata t\u00eb cil\u00ebt e duan tok\u00ebn, gjuh\u00ebn dhe identitetin q\u00eb Ai na ka dh\u00ebn\u00eb.<\/p>\n<p>Andaj, le t\u00eb jet\u00eb kjo fest\u00eb e bashkimit dhe toleranc\u00ebs n\u00eb mes\u00a0 njer\u00ebzve, fest\u00eb e pajtimit dhe qet\u00ebsimit shpirt\u00ebror.<\/p>\n<p>Uroj q\u00eb paqja, begatia dhe prosperiteti le t\u00eb ndri\u00e7ojn\u00eb t\u00eb gjith\u00eb besimtar\u00ebt, kudo q\u00eb jan\u00eb.<\/p>\n<p><strong>Sh\u00ebrbimi informativ i UDSH-s\u00eb<\/strong><strong> <\/strong><\/p>\n","protected":false},"excerpt":{"rendered":"<p>UNIONI DEMOKRATIK I SHQIPTAR\u00cbVE DEMOKRATSKA UNIJA ALBANACA THE DEMOCRATIC UNION OF ALBANIANS Tel.\/fax. 030\/ 412 757, 412 599 NR.71\/10 ULQIN, m\u00eb 15 n\u00ebntor 2010 KUMTES\u00cb URIME P\u00cbR FEST\u00cbN E KURBAN BAJRAMIT Me rastin e Kurban Bajramit, kryetari i Unionit Demokratik t\u00eb Shqiptar\u00ebve, z.Ferhat Dinosha, n\u00eb em\u00ebr t\u00eb partis\u00eb dhe n\u00eb emrin e tij personal i [&hellip;]<\/p>\n","protected":false},"author":1,"featured_media":0,"comment_status":"open","ping_status":"closed","sticky":false,"template":"","format":"standard","meta":{"spay_email":"","jetpack_publicize_message":"","jetpack_is_tweetstorm":false,"jetpack_publicize_feature_enabled":true},"categories":[1],"tags":[97,95,4680,200,2445],"jetpack_publicize_connections":[],"yoast_head":"<!-- This site is optimized with the Yoast SEO plugin v19.1 - https:\/\/yoast.com\/wordpress\/plugins\/seo\/ -->\n<title>UDSH-ja: Urime festa e Kurban Bajramit - Lajme nga Ulqini<\/title>\n<meta name=\"description\" content=\"UNIONI DEMOKRATIK I SHQIPTAR\u00cbVE DEMOKRATSKA UNIJA ALBANACA THE DEMOCRATIC UNION OF ALBANIANS Tel.\/fax. 030\/ 412 757, 412 599 NR.71\/10 ULQIN, m\u00eb 15 n\u00ebntor\" \/>\n<meta name=\"robots\" content=\"index, follow, max-snippet:-1, max-image-preview:large, max-video-preview:-1\" \/>\n<link rel=\"canonical\" href=\"https:\/\/www.visit-ulcinj.com\/blog\/2010\/11\/15\/udsh-ja-urime-festa-e-kurban-bajramit\/\" \/>\n<meta property=\"og:locale\" content=\"en_US\" \/>\n<meta property=\"og:type\" content=\"article\" \/>\n<meta property=\"og:title\" content=\"UDSH-ja: Urime festa e Kurban Bajramit - Lajme nga Ulqini\" \/>\n<meta property=\"og:description\" content=\"UNIONI DEMOKRATIK I SHQIPTAR\u00cbVE DEMOKRATSKA UNIJA ALBANACA THE DEMOCRATIC UNION OF ALBANIANS Tel.\/fax. 030\/ 412 757, 412 599 NR.71\/10 ULQIN, m\u00eb 15 n\u00ebntor\" \/>\n<meta property=\"og:url\" content=\"https:\/\/www.visit-ulcinj.com\/blog\/2010\/11\/15\/udsh-ja-urime-festa-e-kurban-bajramit\/\" \/>\n<meta property=\"og:site_name\" content=\"Lajme nga Ulqini\" \/>\n<meta property=\"article:published_time\" content=\"2010-11-15T13:21:06+00:00\" \/>\n<meta property=\"article:modified_time\" content=\"2010-11-20T16:10:07+00:00\" \/>\n<meta property=\"og:image\" content=\"http:\/\/www.visit-ulcinj.com\/blog\/wp-content\/uploads\/2010\/11\/Udsh-ja-me-fat-bajrami.jpg\" \/>\n<meta name=\"twitter:label1\" content=\"Written by\" \/>\n\t<meta name=\"twitter:data1\" content=\"ulqini\" \/>\n\t<meta name=\"twitter:label2\" content=\"Est. reading time\" \/>\n\t<meta name=\"twitter:data2\" content=\"1 minute\" \/>\n<script type=\"application\/ld+json\" class=\"yoast-schema-graph\">{\"@context\":\"https:\/\/schema.org\",\"@graph\":[{\"@type\":\"WebSite\",\"@id\":\"https:\/\/www.visit-ulcinj.com\/blog\/#website\",\"url\":\"https:\/\/www.visit-ulcinj.com\/blog\/\",\"name\":\"Lajme nga Ulqini\",\"description\":\"Lajme,Vijesti,Ulqini,Ulqin,Crna Gora,Mali i Zi\",\"potentialAction\":[{\"@type\":\"SearchAction\",\"target\":{\"@type\":\"EntryPoint\",\"urlTemplate\":\"https:\/\/www.visit-ulcinj.com\/blog\/?s={search_term_string}\"},\"query-input\":\"required name=search_term_string\"}],\"inLanguage\":\"en-US\"},{\"@type\":\"ImageObject\",\"inLanguage\":\"en-US\",\"@id\":\"https:\/\/www.visit-ulcinj.com\/blog\/2010\/11\/15\/udsh-ja-urime-festa-e-kurban-bajramit\/#primaryimage\",\"url\":\"https:\/\/www.visit-ulcinj.com\/blog\/wp-content\/uploads\/2010\/11\/Udsh-ja-me-fat-bajrami.jpg\",\"contentUrl\":\"https:\/\/www.visit-ulcinj.com\/blog\/wp-content\/uploads\/2010\/11\/Udsh-ja-me-fat-bajrami.jpg\",\"width\":\"603\",\"height\":\"415\"},{\"@type\":\"WebPage\",\"@id\":\"https:\/\/www.visit-ulcinj.com\/blog\/2010\/11\/15\/udsh-ja-urime-festa-e-kurban-bajramit\/#webpage\",\"url\":\"https:\/\/www.visit-ulcinj.com\/blog\/2010\/11\/15\/udsh-ja-urime-festa-e-kurban-bajramit\/\",\"name\":\"UDSH-ja: Urime festa e Kurban Bajramit - Lajme nga Ulqini\",\"isPartOf\":{\"@id\":\"https:\/\/www.visit-ulcinj.com\/blog\/#website\"},\"primaryImageOfPage\":{\"@id\":\"https:\/\/www.visit-ulcinj.com\/blog\/2010\/11\/15\/udsh-ja-urime-festa-e-kurban-bajramit\/#primaryimage\"},\"datePublished\":\"2010-11-15T13:21:06+00:00\",\"dateModified\":\"2010-11-20T16:10:07+00:00\",\"author\":{\"@id\":\"https:\/\/www.visit-ulcinj.com\/blog\/#\/schema\/person\/dcab619c614d3038751c63bc2aadc06d\"},\"description\":\"UNIONI DEMOKRATIK I SHQIPTAR\u00cbVE DEMOKRATSKA UNIJA ALBANACA THE DEMOCRATIC UNION OF ALBANIANS Tel.\/fax. 030\/ 412 757, 412 599 NR.71\/10 ULQIN, m\u00eb 15 n\u00ebntor\",\"breadcrumb\":{\"@id\":\"https:\/\/www.visit-ulcinj.com\/blog\/2010\/11\/15\/udsh-ja-urime-festa-e-kurban-bajramit\/#breadcrumb\"},\"inLanguage\":\"en-US\",\"potentialAction\":[{\"@type\":\"ReadAction\",\"target\":[\"https:\/\/www.visit-ulcinj.com\/blog\/2010\/11\/15\/udsh-ja-urime-festa-e-kurban-bajramit\/\"]}]},{\"@type\":\"BreadcrumbList\",\"@id\":\"https:\/\/www.visit-ulcinj.com\/blog\/2010\/11\/15\/udsh-ja-urime-festa-e-kurban-bajramit\/#breadcrumb\",\"itemListElement\":[{\"@type\":\"ListItem\",\"position\":1,\"name\":\"UDSH-ja: Urime festa e Kurban Bajramit\"}]},{\"@type\":\"Person\",\"@id\":\"https:\/\/www.visit-ulcinj.com\/blog\/#\/schema\/person\/dcab619c614d3038751c63bc2aadc06d\",\"name\":\"ulqini\",\"sameAs\":[\"http:\/\/www.visit-ulcinj.com\"],\"url\":\"https:\/\/www.visit-ulcinj.com\/blog\/author\/admin\/\"}]}<\/script>\n<!-- \/ Yoast SEO plugin. -->","yoast_head_json":{"title":"UDSH-ja: Urime festa e Kurban Bajramit - Lajme nga Ulqini","description":"UNIONI DEMOKRATIK I SHQIPTAR\u00cbVE DEMOKRATSKA UNIJA ALBANACA THE DEMOCRATIC UNION OF ALBANIANS Tel.\/fax. 030\/ 412 757, 412 599 NR.71\/10 ULQIN, m\u00eb 15 n\u00ebntor","robots":{"index":"index","follow":"follow","max-snippet":"max-snippet:-1","max-image-preview":"max-image-preview:large","max-video-preview":"max-video-preview:-1"},"canonical":"https:\/\/www.visit-ulcinj.com\/blog\/2010\/11\/15\/udsh-ja-urime-festa-e-kurban-bajramit\/","og_locale":"en_US","og_type":"article","og_title":"UDSH-ja: Urime festa e Kurban Bajramit - Lajme nga Ulqini","og_description":"UNIONI DEMOKRATIK I SHQIPTAR\u00cbVE DEMOKRATSKA UNIJA ALBANACA THE DEMOCRATIC UNION OF ALBANIANS Tel.\/fax. 030\/ 412 757, 412 599 NR.71\/10 ULQIN, m\u00eb 15 n\u00ebntor","og_url":"https:\/\/www.visit-ulcinj.com\/blog\/2010\/11\/15\/udsh-ja-urime-festa-e-kurban-bajramit\/","og_site_name":"Lajme nga Ulqini","article_published_time":"2010-11-15T13:21:06+00:00","article_modified_time":"2010-11-20T16:10:07+00:00","og_image":[{"url":"http:\/\/www.visit-ulcinj.com\/blog\/wp-content\/uploads\/2010\/11\/Udsh-ja-me-fat-bajrami.jpg"}],"twitter_misc":{"Written by":"ulqini","Est. reading time":"1 minute"},"schema":{"@context":"https:\/\/schema.org","@graph":[{"@type":"WebSite","@id":"https:\/\/www.visit-ulcinj.com\/blog\/#website","url":"https:\/\/www.visit-ulcinj.com\/blog\/","name":"Lajme nga Ulqini","description":"Lajme,Vijesti,Ulqini,Ulqin,Crna Gora,Mali i Zi","potentialAction":[{"@type":"SearchAction","target":{"@type":"EntryPoint","urlTemplate":"https:\/\/www.visit-ulcinj.com\/blog\/?s={search_term_string}"},"query-input":"required name=search_term_string"}],"inLanguage":"en-US"},{"@type":"ImageObject","inLanguage":"en-US","@id":"https:\/\/www.visit-ulcinj.com\/blog\/2010\/11\/15\/udsh-ja-urime-festa-e-kurban-bajramit\/#primaryimage","url":"https:\/\/www.visit-ulcinj.com\/blog\/wp-content\/uploads\/2010\/11\/Udsh-ja-me-fat-bajrami.jpg","contentUrl":"https:\/\/www.visit-ulcinj.com\/blog\/wp-content\/uploads\/2010\/11\/Udsh-ja-me-fat-bajrami.jpg","width":"603","height":"415"},{"@type":"WebPage","@id":"https:\/\/www.visit-ulcinj.com\/blog\/2010\/11\/15\/udsh-ja-urime-festa-e-kurban-bajramit\/#webpage","url":"https:\/\/www.visit-ulcinj.com\/blog\/2010\/11\/15\/udsh-ja-urime-festa-e-kurban-bajramit\/","name":"UDSH-ja: Urime festa e Kurban Bajramit - Lajme nga Ulqini","isPartOf":{"@id":"https:\/\/www.visit-ulcinj.com\/blog\/#website"},"primaryImageOfPage":{"@id":"https:\/\/www.visit-ulcinj.com\/blog\/2010\/11\/15\/udsh-ja-urime-festa-e-kurban-bajramit\/#primaryimage"},"datePublished":"2010-11-15T13:21:06+00:00","dateModified":"2010-11-20T16:10:07+00:00","author":{"@id":"https:\/\/www.visit-ulcinj.com\/blog\/#\/schema\/person\/dcab619c614d3038751c63bc2aadc06d"},"description":"UNIONI DEMOKRATIK I SHQIPTAR\u00cbVE DEMOKRATSKA UNIJA ALBANACA THE DEMOCRATIC UNION OF ALBANIANS Tel.\/fax. 030\/ 412 757, 412 599 NR.71\/10 ULQIN, m\u00eb 15 n\u00ebntor","breadcrumb":{"@id":"https:\/\/www.visit-ulcinj.com\/blog\/2010\/11\/15\/udsh-ja-urime-festa-e-kurban-bajramit\/#breadcrumb"},"inLanguage":"en-US","potentialAction":[{"@type":"ReadAction","target":["https:\/\/www.visit-ulcinj.com\/blog\/2010\/11\/15\/udsh-ja-urime-festa-e-kurban-bajramit\/"]}]},{"@type":"BreadcrumbList","@id":"https:\/\/www.visit-ulcinj.com\/blog\/2010\/11\/15\/udsh-ja-urime-festa-e-kurban-bajramit\/#breadcrumb","itemListElement":[{"@type":"ListItem","position":1,"name":"UDSH-ja: Urime festa e Kurban Bajramit"}]},{"@type":"Person","@id":"https:\/\/www.visit-ulcinj.com\/blog\/#\/schema\/person\/dcab619c614d3038751c63bc2aadc06d","name":"ulqini","sameAs":["http:\/\/www.visit-ulcinj.com"],"url":"https:\/\/www.visit-ulcinj.com\/blog\/author\/admin\/"}]}},"jetpack_featured_media_url":"","jetpack_sharing_enabled":true,"jetpack_shortlink":"https:\/\/wp.me\/pe6lTn-akM","_links":{"self":[{"href":"https:\/\/www.visit-ulcinj.com\/blog\/wp-json\/wp\/v2\/posts\/39728"}],"collection":[{"href":"https:\/\/www.visit-ulcinj.com\/blog\/wp-json\/wp\/v2\/posts"}],"about":[{"href":"https:\/\/www.visit-ulcinj.com\/blog\/wp-json\/wp\/v2\/types\/post"}],"author":[{"embeddable":true,"href":"https:\/\/www.visit-ulcinj.com\/blog\/wp-json\/wp\/v2\/users\/1"}],"replies":[{"embeddable":true,"href":"https:\/\/www.visit-ulcinj.com\/blog\/wp-json\/wp\/v2\/comments?post=39728"}],"version-history":[{"count":1,"href":"https:\/\/www.visit-ulcinj.com\/blog\/wp-json\/wp\/v2\/posts\/39728\/revisions"}],"predecessor-version":[{"id":49580,"href":"https:\/\/www.visit-ulcinj.com\/blog\/wp-json\/wp\/v2\/posts\/39728\/revisions\/49580"}],"wp:attachment":[{"href":"https:\/\/www.visit-ulcinj.com\/blog\/wp-json\/wp\/v2\/media?parent=39728"}],"wp:term":[{"taxonomy":"category","embeddable":true,"href":"https:\/\/www.visit-ulcinj.com\/blog\/wp-json\/wp\/v2\/categories?post=39728"},{"taxonomy":"post_tag","embeddable":true,"href":"https:\/\/www.visit-ulcinj.com\/blog\/wp-json\/wp\/v2\/tags?post=39728"}],"curies":[{"name":"wp","href":"https:\/\/api.w.org\/{rel}","templated":true}]}}