{"id":39733,"date":"2010-11-15T14:37:12","date_gmt":"2010-11-15T13:37:12","guid":{"rendered":"http:\/\/www.visit-ulcinj.com\/blog\/?p=39733"},"modified":"2010-11-16T17:04:45","modified_gmt":"2010-11-16T16:04:45","slug":"parlamenti-i-ulqinit-verifikoi-vetem-mandatet","status":"publish","type":"post","link":"https:\/\/www.visit-ulcinj.com\/blog\/2010\/11\/15\/parlamenti-i-ulqinit-verifikoi-vetem-mandatet\/","title":{"rendered":"Parlamenti i Ulqinit verifikoi vet\u00ebm mandat\u00ebt"},"content":{"rendered":"<p><a href=\"http:\/\/www.visit-ulcinj.com\/blog\/wp-content\/uploads\/2010\/11\/Fuad-Nimani.jpg\"><img loading=\"lazy\" class=\"alignleft size-full wp-image-39734\" title=\"Fuad Nimani\" src=\"http:\/\/www.visit-ulcinj.com\/blog\/wp-content\/uploads\/2010\/11\/Fuad-Nimani.jpg\" alt=\"\" width=\"320\" height=\"292\" srcset=\"https:\/\/www.visit-ulcinj.com\/blog\/wp-content\/uploads\/2010\/11\/Fuad-Nimani.jpg 320w, https:\/\/www.visit-ulcinj.com\/blog\/wp-content\/uploads\/2010\/11\/Fuad-Nimani-300x273.jpg 300w\" sizes=\"(max-width: 320px) 100vw, 320px\" \/><\/a>Ulqin,15 n\u00ebntor- Parlamenti vendor i Ulqinit ,dit\u00ebn e h\u00ebn\u00eb,me shumic\u00eb votash\u00a0 verifikoi mandatet\u00a0 e k\u00ebshilltar\u00ebve t\u00eb partive q\u00eb zgjedhjet e p\u00ebrseritura t\u00eb 17 tetorit kan\u00eb siguruar pjes\u00ebmarrje n\u00eb edicionin e ri t\u00eb Kuvendit t\u00eb Ulqinit, i cili ka 33 vende.<\/p>\n<p>K\u00ebt\u00eb seanc\u00eb konstituive t\u00eb parlamentit e kryesoi k\u00ebshilltari m\u00eb i moshuar,Fuad Nimani. N\u00eb ftes\u00ebn p\u00ebr k\u00ebt\u00eb seanc\u00eb,ishte paralajm\u00ebruar edhe zgjedhja e kryeparlamentarit,por kjo nuk ndodhi, as q\u00eb u dha ndonj\u00eb sqarim, p\u00ebrve\u00e7 se seanca vazhon, duke mos theksuar ndonj\u00eb termin t\u00eb caktuar.<\/p>\n<p>N\u00eb zgjedhjet e p\u00ebrseritura vendore m\u00eb 17 tetor n\u00eb Ulqin,Forca e Re Demokratike siguroi 11, Koalicioni \u201cS\u00eb bashku n\u00eb t\u00eb ardhmen- Unioni Demokratik i Shqiptar\u00ebve- Partia e Prosperitetit Demokratik\u201d, 10,Partia Demokratike e Socialist\u00ebve 7, nga dy k\u00ebshilltar\u00eb fituan socialdemokrat\u00ebt dhe koalicioni i partive serbe, kurse L\u00ebvizja qytetare \u201cPerspektiva\u201d e Amir Hollit 1 mandat.<\/p>\n<p><strong><br \/>\nKoha Net<\/strong><\/p>\n","protected":false},"excerpt":{"rendered":"<p>Ulqin,15 n\u00ebntor- Parlamenti vendor i Ulqinit ,dit\u00ebn e h\u00ebn\u00eb,me shumic\u00eb votash\u00a0 verifikoi mandatet\u00a0 e k\u00ebshilltar\u00ebve t\u00eb partive q\u00eb zgjedhjet e p\u00ebrseritura t\u00eb 17 tetorit kan\u00eb siguruar pjes\u00ebmarrje n\u00eb edicionin e ri t\u00eb Kuvendit t\u00eb Ulqinit, i cili ka 33 vende. K\u00ebt\u00eb seanc\u00eb konstituive t\u00eb parlamentit e kryesoi k\u00ebshilltari m\u00eb i moshuar,Fuad Nimani. N\u00eb ftes\u00ebn p\u00ebr [&hellip;]<\/p>\n","protected":false},"author":1,"featured_media":0,"comment_status":"open","ping_status":"closed","sticky":false,"template":"","format":"standard","meta":{"spay_email":"","jetpack_publicize_message":"","jetpack_is_tweetstorm":false,"jetpack_publicize_feature_enabled":true},"categories":[12],"tags":[106,14716,200,18],"jetpack_publicize_connections":[],"yoast_head":"<!-- This site is optimized with the Yoast SEO plugin v19.1 - https:\/\/yoast.com\/wordpress\/plugins\/seo\/ -->\n<title>Parlamenti i Ulqinit verifikoi vet\u00ebm mandat\u00ebt - Lajme nga Ulqini<\/title>\n<meta name=\"description\" content=\"Ulqin,15 n\u00ebntor- Parlamenti vendor i Ulqinit ,dit\u00ebn e h\u00ebn\u00eb,me shumic\u00eb votash\u00a0 verifikoi mandatet\u00a0 e k\u00ebshilltar\u00ebve t\u00eb partive q\u00eb zgjedhjet e p\u00ebrseritura t\u00eb\" \/>\n<meta name=\"robots\" content=\"index, follow, max-snippet:-1, max-image-preview:large, max-video-preview:-1\" \/>\n<link rel=\"canonical\" href=\"https:\/\/www.visit-ulcinj.com\/blog\/2010\/11\/15\/parlamenti-i-ulqinit-verifikoi-vetem-mandatet\/\" \/>\n<meta property=\"og:locale\" content=\"en_US\" \/>\n<meta property=\"og:type\" content=\"article\" \/>\n<meta property=\"og:title\" content=\"Parlamenti i Ulqinit verifikoi vet\u00ebm mandat\u00ebt - Lajme nga Ulqini\" \/>\n<meta property=\"og:description\" content=\"Ulqin,15 n\u00ebntor- Parlamenti vendor i Ulqinit ,dit\u00ebn e h\u00ebn\u00eb,me shumic\u00eb votash\u00a0 verifikoi mandatet\u00a0 e k\u00ebshilltar\u00ebve t\u00eb partive q\u00eb zgjedhjet e p\u00ebrseritura t\u00eb\" \/>\n<meta property=\"og:url\" content=\"https:\/\/www.visit-ulcinj.com\/blog\/2010\/11\/15\/parlamenti-i-ulqinit-verifikoi-vetem-mandatet\/\" \/>\n<meta property=\"og:site_name\" content=\"Lajme nga Ulqini\" \/>\n<meta property=\"article:published_time\" content=\"2010-11-15T13:37:12+00:00\" \/>\n<meta property=\"article:modified_time\" content=\"2010-11-16T16:04:45+00:00\" \/>\n<meta property=\"og:image\" content=\"http:\/\/www.visit-ulcinj.com\/blog\/wp-content\/uploads\/2010\/11\/Fuad-Nimani.jpg\" \/>\n<meta name=\"twitter:label1\" content=\"Written by\" \/>\n\t<meta name=\"twitter:data1\" content=\"ulqini\" \/>\n\t<meta name=\"twitter:label2\" content=\"Est. reading time\" \/>\n\t<meta name=\"twitter:data2\" content=\"1 minute\" \/>\n<script type=\"application\/ld+json\" class=\"yoast-schema-graph\">{\"@context\":\"https:\/\/schema.org\",\"@graph\":[{\"@type\":\"WebSite\",\"@id\":\"https:\/\/www.visit-ulcinj.com\/blog\/#website\",\"url\":\"https:\/\/www.visit-ulcinj.com\/blog\/\",\"name\":\"Lajme nga Ulqini\",\"description\":\"Lajme,Vijesti,Ulqini,Ulqin,Crna Gora,Mali i Zi\",\"potentialAction\":[{\"@type\":\"SearchAction\",\"target\":{\"@type\":\"EntryPoint\",\"urlTemplate\":\"https:\/\/www.visit-ulcinj.com\/blog\/?s={search_term_string}\"},\"query-input\":\"required name=search_term_string\"}],\"inLanguage\":\"en-US\"},{\"@type\":\"ImageObject\",\"inLanguage\":\"en-US\",\"@id\":\"https:\/\/www.visit-ulcinj.com\/blog\/2010\/11\/15\/parlamenti-i-ulqinit-verifikoi-vetem-mandatet\/#primaryimage\",\"url\":\"https:\/\/www.visit-ulcinj.com\/blog\/wp-content\/uploads\/2010\/11\/Fuad-Nimani.jpg\",\"contentUrl\":\"https:\/\/www.visit-ulcinj.com\/blog\/wp-content\/uploads\/2010\/11\/Fuad-Nimani.jpg\",\"width\":\"320\",\"height\":\"292\"},{\"@type\":\"WebPage\",\"@id\":\"https:\/\/www.visit-ulcinj.com\/blog\/2010\/11\/15\/parlamenti-i-ulqinit-verifikoi-vetem-mandatet\/#webpage\",\"url\":\"https:\/\/www.visit-ulcinj.com\/blog\/2010\/11\/15\/parlamenti-i-ulqinit-verifikoi-vetem-mandatet\/\",\"name\":\"Parlamenti i Ulqinit verifikoi vet\u00ebm mandat\u00ebt - Lajme nga Ulqini\",\"isPartOf\":{\"@id\":\"https:\/\/www.visit-ulcinj.com\/blog\/#website\"},\"primaryImageOfPage\":{\"@id\":\"https:\/\/www.visit-ulcinj.com\/blog\/2010\/11\/15\/parlamenti-i-ulqinit-verifikoi-vetem-mandatet\/#primaryimage\"},\"datePublished\":\"2010-11-15T13:37:12+00:00\",\"dateModified\":\"2010-11-16T16:04:45+00:00\",\"author\":{\"@id\":\"https:\/\/www.visit-ulcinj.com\/blog\/#\/schema\/person\/dcab619c614d3038751c63bc2aadc06d\"},\"description\":\"Ulqin,15 n\u00ebntor- Parlamenti vendor i Ulqinit ,dit\u00ebn e h\u00ebn\u00eb,me shumic\u00eb votash\u00a0 verifikoi mandatet\u00a0 e k\u00ebshilltar\u00ebve t\u00eb partive q\u00eb zgjedhjet e p\u00ebrseritura t\u00eb\",\"breadcrumb\":{\"@id\":\"https:\/\/www.visit-ulcinj.com\/blog\/2010\/11\/15\/parlamenti-i-ulqinit-verifikoi-vetem-mandatet\/#breadcrumb\"},\"inLanguage\":\"en-US\",\"potentialAction\":[{\"@type\":\"ReadAction\",\"target\":[\"https:\/\/www.visit-ulcinj.com\/blog\/2010\/11\/15\/parlamenti-i-ulqinit-verifikoi-vetem-mandatet\/\"]}]},{\"@type\":\"BreadcrumbList\",\"@id\":\"https:\/\/www.visit-ulcinj.com\/blog\/2010\/11\/15\/parlamenti-i-ulqinit-verifikoi-vetem-mandatet\/#breadcrumb\",\"itemListElement\":[{\"@type\":\"ListItem\",\"position\":1,\"name\":\"Parlamenti i Ulqinit verifikoi vet\u00ebm mandat\u00ebt\"}]},{\"@type\":\"Person\",\"@id\":\"https:\/\/www.visit-ulcinj.com\/blog\/#\/schema\/person\/dcab619c614d3038751c63bc2aadc06d\",\"name\":\"ulqini\",\"sameAs\":[\"http:\/\/www.visit-ulcinj.com\"],\"url\":\"https:\/\/www.visit-ulcinj.com\/blog\/author\/admin\/\"}]}<\/script>\n<!-- \/ Yoast SEO plugin. -->","yoast_head_json":{"title":"Parlamenti i Ulqinit verifikoi vet\u00ebm mandat\u00ebt - Lajme nga Ulqini","description":"Ulqin,15 n\u00ebntor- Parlamenti vendor i Ulqinit ,dit\u00ebn e h\u00ebn\u00eb,me shumic\u00eb votash\u00a0 verifikoi mandatet\u00a0 e k\u00ebshilltar\u00ebve t\u00eb partive q\u00eb zgjedhjet e p\u00ebrseritura t\u00eb","robots":{"index":"index","follow":"follow","max-snippet":"max-snippet:-1","max-image-preview":"max-image-preview:large","max-video-preview":"max-video-preview:-1"},"canonical":"https:\/\/www.visit-ulcinj.com\/blog\/2010\/11\/15\/parlamenti-i-ulqinit-verifikoi-vetem-mandatet\/","og_locale":"en_US","og_type":"article","og_title":"Parlamenti i Ulqinit verifikoi vet\u00ebm mandat\u00ebt - Lajme nga Ulqini","og_description":"Ulqin,15 n\u00ebntor- Parlamenti vendor i Ulqinit ,dit\u00ebn e h\u00ebn\u00eb,me shumic\u00eb votash\u00a0 verifikoi mandatet\u00a0 e k\u00ebshilltar\u00ebve t\u00eb partive q\u00eb zgjedhjet e p\u00ebrseritura t\u00eb","og_url":"https:\/\/www.visit-ulcinj.com\/blog\/2010\/11\/15\/parlamenti-i-ulqinit-verifikoi-vetem-mandatet\/","og_site_name":"Lajme nga Ulqini","article_published_time":"2010-11-15T13:37:12+00:00","article_modified_time":"2010-11-16T16:04:45+00:00","og_image":[{"url":"http:\/\/www.visit-ulcinj.com\/blog\/wp-content\/uploads\/2010\/11\/Fuad-Nimani.jpg"}],"twitter_misc":{"Written by":"ulqini","Est. reading time":"1 minute"},"schema":{"@context":"https:\/\/schema.org","@graph":[{"@type":"WebSite","@id":"https:\/\/www.visit-ulcinj.com\/blog\/#website","url":"https:\/\/www.visit-ulcinj.com\/blog\/","name":"Lajme nga Ulqini","description":"Lajme,Vijesti,Ulqini,Ulqin,Crna Gora,Mali i Zi","potentialAction":[{"@type":"SearchAction","target":{"@type":"EntryPoint","urlTemplate":"https:\/\/www.visit-ulcinj.com\/blog\/?s={search_term_string}"},"query-input":"required name=search_term_string"}],"inLanguage":"en-US"},{"@type":"ImageObject","inLanguage":"en-US","@id":"https:\/\/www.visit-ulcinj.com\/blog\/2010\/11\/15\/parlamenti-i-ulqinit-verifikoi-vetem-mandatet\/#primaryimage","url":"https:\/\/www.visit-ulcinj.com\/blog\/wp-content\/uploads\/2010\/11\/Fuad-Nimani.jpg","contentUrl":"https:\/\/www.visit-ulcinj.com\/blog\/wp-content\/uploads\/2010\/11\/Fuad-Nimani.jpg","width":"320","height":"292"},{"@type":"WebPage","@id":"https:\/\/www.visit-ulcinj.com\/blog\/2010\/11\/15\/parlamenti-i-ulqinit-verifikoi-vetem-mandatet\/#webpage","url":"https:\/\/www.visit-ulcinj.com\/blog\/2010\/11\/15\/parlamenti-i-ulqinit-verifikoi-vetem-mandatet\/","name":"Parlamenti i Ulqinit verifikoi vet\u00ebm mandat\u00ebt - Lajme nga Ulqini","isPartOf":{"@id":"https:\/\/www.visit-ulcinj.com\/blog\/#website"},"primaryImageOfPage":{"@id":"https:\/\/www.visit-ulcinj.com\/blog\/2010\/11\/15\/parlamenti-i-ulqinit-verifikoi-vetem-mandatet\/#primaryimage"},"datePublished":"2010-11-15T13:37:12+00:00","dateModified":"2010-11-16T16:04:45+00:00","author":{"@id":"https:\/\/www.visit-ulcinj.com\/blog\/#\/schema\/person\/dcab619c614d3038751c63bc2aadc06d"},"description":"Ulqin,15 n\u00ebntor- Parlamenti vendor i Ulqinit ,dit\u00ebn e h\u00ebn\u00eb,me shumic\u00eb votash\u00a0 verifikoi mandatet\u00a0 e k\u00ebshilltar\u00ebve t\u00eb partive q\u00eb zgjedhjet e p\u00ebrseritura t\u00eb","breadcrumb":{"@id":"https:\/\/www.visit-ulcinj.com\/blog\/2010\/11\/15\/parlamenti-i-ulqinit-verifikoi-vetem-mandatet\/#breadcrumb"},"inLanguage":"en-US","potentialAction":[{"@type":"ReadAction","target":["https:\/\/www.visit-ulcinj.com\/blog\/2010\/11\/15\/parlamenti-i-ulqinit-verifikoi-vetem-mandatet\/"]}]},{"@type":"BreadcrumbList","@id":"https:\/\/www.visit-ulcinj.com\/blog\/2010\/11\/15\/parlamenti-i-ulqinit-verifikoi-vetem-mandatet\/#breadcrumb","itemListElement":[{"@type":"ListItem","position":1,"name":"Parlamenti i Ulqinit verifikoi vet\u00ebm mandat\u00ebt"}]},{"@type":"Person","@id":"https:\/\/www.visit-ulcinj.com\/blog\/#\/schema\/person\/dcab619c614d3038751c63bc2aadc06d","name":"ulqini","sameAs":["http:\/\/www.visit-ulcinj.com"],"url":"https:\/\/www.visit-ulcinj.com\/blog\/author\/admin\/"}]}},"jetpack_featured_media_url":"","jetpack_sharing_enabled":true,"jetpack_shortlink":"https:\/\/wp.me\/pe6lTn-akR","_links":{"self":[{"href":"https:\/\/www.visit-ulcinj.com\/blog\/wp-json\/wp\/v2\/posts\/39733"}],"collection":[{"href":"https:\/\/www.visit-ulcinj.com\/blog\/wp-json\/wp\/v2\/posts"}],"about":[{"href":"https:\/\/www.visit-ulcinj.com\/blog\/wp-json\/wp\/v2\/types\/post"}],"author":[{"embeddable":true,"href":"https:\/\/www.visit-ulcinj.com\/blog\/wp-json\/wp\/v2\/users\/1"}],"replies":[{"embeddable":true,"href":"https:\/\/www.visit-ulcinj.com\/blog\/wp-json\/wp\/v2\/comments?post=39733"}],"version-history":[{"count":0,"href":"https:\/\/www.visit-ulcinj.com\/blog\/wp-json\/wp\/v2\/posts\/39733\/revisions"}],"wp:attachment":[{"href":"https:\/\/www.visit-ulcinj.com\/blog\/wp-json\/wp\/v2\/media?parent=39733"}],"wp:term":[{"taxonomy":"category","embeddable":true,"href":"https:\/\/www.visit-ulcinj.com\/blog\/wp-json\/wp\/v2\/categories?post=39733"},{"taxonomy":"post_tag","embeddable":true,"href":"https:\/\/www.visit-ulcinj.com\/blog\/wp-json\/wp\/v2\/tags?post=39733"}],"curies":[{"name":"wp","href":"https:\/\/api.w.org\/{rel}","templated":true}]}}