{"id":39756,"date":"2010-11-15T16:35:18","date_gmt":"2010-11-15T15:35:18","guid":{"rendered":"http:\/\/www.visit-ulcinj.com\/blog\/?p=39756"},"modified":"2010-11-25T13:09:44","modified_gmt":"2010-11-25T12:09:44","slug":"knsh-ja-urime-per-festen-e-kurban-bajramit","status":"publish","type":"post","link":"https:\/\/www.visit-ulcinj.com\/blog\/2010\/11\/15\/knsh-ja-urime-per-festen-e-kurban-bajramit\/","title":{"rendered":"KNSH-ja:  Urime p\u00ebr fest\u00ebn e Kurban  Bajramit"},"content":{"rendered":"<p><strong><a href=\"http:\/\/www.visit-ulcinj.com\/blog\/wp-content\/uploads\/2010\/11\/K\u00cbSHILLI-NACIONAL-I-SHQIPTAR\u00cbVE-N\u00cb-MALIN-E-ZI.jpg\"><img loading=\"lazy\" class=\"alignleft size-medium wp-image-39757\" title=\"K\u00cbSHILLI NACIONAL I SHQIPTAR\u00cbVE N\u00cb MALIN E ZI\" src=\"http:\/\/www.visit-ulcinj.com\/blog\/wp-content\/uploads\/2010\/11\/K\u00cbSHILLI-NACIONAL-I-SHQIPTAR\u00cbVE-N\u00cb-MALIN-E-ZI-300x133.jpg\" alt=\"\" width=\"300\" height=\"133\" srcset=\"https:\/\/www.visit-ulcinj.com\/blog\/wp-content\/uploads\/2010\/11\/K\u00cbSHILLI-NACIONAL-I-SHQIPTAR\u00cbVE-N\u00cb-MALIN-E-ZI-300x133.jpg 300w, https:\/\/www.visit-ulcinj.com\/blog\/wp-content\/uploads\/2010\/11\/K\u00cbSHILLI-NACIONAL-I-SHQIPTAR\u00cbVE-N\u00cb-MALIN-E-ZI.jpg 318w\" sizes=\"(max-width: 300px) 100vw, 300px\" \/><\/a>K\u00cbSHILLI NACIONAL I SHQIPTAR\u00cbVE N\u00cb MALIN E ZI<\/strong><\/p>\n<p><strong>NACIONALNI SAVJET ALBANACA U CRNOJ GORI<\/strong><\/p>\n<p><strong>ALBANIAN\u00a0 NATIONAL COUNCIL IN MONTENEGRO<\/strong><\/p>\n<p><strong>Ulqin, 15.11. 2010<\/strong><\/p>\n<p><strong>Urim p\u00ebr fest\u00ebn e kurban\u00a0 bajramit <\/strong><\/p>\n<p>K\u00ebshilli \u00a0Nacional \u00a0i \u00a0Shqiptar\u00ebve \u00a0n\u00eb Malin e Zi t\u00eb gjith\u00eb besimtar\u00ebve t\u00eb fes\u00eb Islame Ju uron g\u00ebzuar Kurban Bajramin \u00a0\u00a0\u00a0me d\u00ebshir\u00ebn q\u00eb kjo Fest\u00eb \u00a0\u00a0t\u00eb na bashkoj\u00eb\u00a0 akoma \u00a0mes veti \u00a0duke \u00a0m\u00ebnjanuar \u00a0ndarjet\u00a0 e\u00a0 duke\u00a0 kultivuar \u00a0\u00a0unitetin, \u00a0\u00a0si domosdoshm\u00ebri \u00a0edhe \u00a0sot \u00a0aktuale \u00a0\u00a0p\u00ebr \u00a0ne \u00a0shqiptar\u00ebt.<\/p>\n<p>E b\u00ebft\u00eb Zoti q\u00eb \u00a0Festa e \u00a0\u00a0Kurban Bajramit\u00a0\u00a0 t\u00eb stolis\u00eb\u00a0 familjet\u00a0 tona me sa m\u00eb shum\u00eb \u00a0g\u00ebzim, \u00a0dashuri, \u00a0mir\u00ebkuptim\u00a0 e\u00a0 solidaritet\u00a0 t\u00eb\u00a0 nd\u00ebrsjell\u00eb .<\/p>\n<p>Kryetari,<\/p>\n<p><strong>Tahir Tahiri d.v.<br \/>\n<img loading=\"lazy\" class=\"alignleft\" title=\"me fat kurban bajrami\" src=\"http:\/\/img57.imageshack.us\/img57\/282\/festagd5.gif\" alt=\"\" width=\"500\" height=\"123\" \/><\/strong><br \/>\n<a href=\"http:\/\/www.visit-ulcinj.com\/blog\/wp-content\/uploads\/2010\/11\/KNSHMZ.jpg\"><img loading=\"lazy\" class=\"alignleft size-full wp-image-40090\" title=\"KNSHMZ\" src=\"http:\/\/www.visit-ulcinj.com\/blog\/wp-content\/uploads\/2010\/11\/KNSHMZ.jpg\" alt=\"\" width=\"490\" height=\"390\" \/><\/a><\/p>\n","protected":false},"excerpt":{"rendered":"<p>K\u00cbSHILLI NACIONAL I SHQIPTAR\u00cbVE N\u00cb MALIN E ZI NACIONALNI SAVJET ALBANACA U CRNOJ GORI ALBANIAN\u00a0 NATIONAL COUNCIL IN MONTENEGRO Ulqin, 15.11. 2010 Urim p\u00ebr fest\u00ebn e kurban\u00a0 bajramit K\u00ebshilli \u00a0Nacional \u00a0i \u00a0Shqiptar\u00ebve \u00a0n\u00eb Malin e Zi t\u00eb gjith\u00eb besimtar\u00ebve t\u00eb fes\u00eb Islame Ju uron g\u00ebzuar Kurban Bajramin \u00a0\u00a0\u00a0me d\u00ebshir\u00ebn q\u00eb kjo Fest\u00eb \u00a0\u00a0t\u00eb na bashkoj\u00eb\u00a0 [&hellip;]<\/p>\n","protected":false},"author":1,"featured_media":0,"comment_status":"open","ping_status":"closed","sticky":false,"template":"","format":"standard","meta":{"spay_email":"","jetpack_publicize_message":"","jetpack_is_tweetstorm":false,"jetpack_publicize_feature_enabled":true},"categories":[1],"tags":[5913,200,18],"jetpack_publicize_connections":[],"yoast_head":"<!-- This site is optimized with the Yoast SEO plugin v19.1 - https:\/\/yoast.com\/wordpress\/plugins\/seo\/ -->\n<title>KNSH-ja: Urime p\u00ebr fest\u00ebn e Kurban Bajramit - Lajme nga Ulqini<\/title>\n<meta name=\"description\" content=\"K\u00cbSHILLI NACIONAL I SHQIPTAR\u00cbVE N\u00cb MALIN E ZI NACIONALNI SAVJET ALBANACA U CRNOJ GORI ALBANIAN\u00a0 NATIONAL COUNCIL IN MONTENEGRO Ulqin, 15.11. 2010 Urim p\u00ebr\" \/>\n<meta name=\"robots\" content=\"index, follow, max-snippet:-1, max-image-preview:large, max-video-preview:-1\" \/>\n<link rel=\"canonical\" href=\"https:\/\/www.visit-ulcinj.com\/blog\/2010\/11\/15\/knsh-ja-urime-per-festen-e-kurban-bajramit\/\" \/>\n<meta property=\"og:locale\" content=\"en_US\" \/>\n<meta property=\"og:type\" content=\"article\" \/>\n<meta property=\"og:title\" content=\"KNSH-ja: Urime p\u00ebr fest\u00ebn e Kurban Bajramit - Lajme nga Ulqini\" \/>\n<meta property=\"og:description\" content=\"K\u00cbSHILLI NACIONAL I SHQIPTAR\u00cbVE N\u00cb MALIN E ZI NACIONALNI SAVJET ALBANACA U CRNOJ GORI ALBANIAN\u00a0 NATIONAL COUNCIL IN MONTENEGRO Ulqin, 15.11. 2010 Urim p\u00ebr\" \/>\n<meta property=\"og:url\" content=\"https:\/\/www.visit-ulcinj.com\/blog\/2010\/11\/15\/knsh-ja-urime-per-festen-e-kurban-bajramit\/\" \/>\n<meta property=\"og:site_name\" content=\"Lajme nga Ulqini\" \/>\n<meta property=\"article:published_time\" content=\"2010-11-15T15:35:18+00:00\" \/>\n<meta property=\"article:modified_time\" content=\"2010-11-25T12:09:44+00:00\" \/>\n<meta property=\"og:image\" content=\"http:\/\/img57.imageshack.us\/img57\/282\/festagd5.gif\" \/>\n<meta name=\"twitter:label1\" content=\"Written by\" \/>\n\t<meta name=\"twitter:data1\" content=\"ulqini\" \/>\n\t<meta name=\"twitter:label2\" content=\"Est. reading time\" \/>\n\t<meta name=\"twitter:data2\" content=\"1 minute\" \/>\n<script type=\"application\/ld+json\" class=\"yoast-schema-graph\">{\"@context\":\"https:\/\/schema.org\",\"@graph\":[{\"@type\":\"WebSite\",\"@id\":\"https:\/\/www.visit-ulcinj.com\/blog\/#website\",\"url\":\"https:\/\/www.visit-ulcinj.com\/blog\/\",\"name\":\"Lajme nga Ulqini\",\"description\":\"Lajme,Vijesti,Ulqini,Ulqin,Crna Gora,Mali i Zi\",\"potentialAction\":[{\"@type\":\"SearchAction\",\"target\":{\"@type\":\"EntryPoint\",\"urlTemplate\":\"https:\/\/www.visit-ulcinj.com\/blog\/?s={search_term_string}\"},\"query-input\":\"required name=search_term_string\"}],\"inLanguage\":\"en-US\"},{\"@type\":\"ImageObject\",\"inLanguage\":\"en-US\",\"@id\":\"https:\/\/www.visit-ulcinj.com\/blog\/2010\/11\/15\/knsh-ja-urime-per-festen-e-kurban-bajramit\/#primaryimage\",\"url\":\"http:\/\/img57.imageshack.us\/img57\/282\/festagd5.gif\",\"contentUrl\":\"http:\/\/img57.imageshack.us\/img57\/282\/festagd5.gif\"},{\"@type\":\"WebPage\",\"@id\":\"https:\/\/www.visit-ulcinj.com\/blog\/2010\/11\/15\/knsh-ja-urime-per-festen-e-kurban-bajramit\/#webpage\",\"url\":\"https:\/\/www.visit-ulcinj.com\/blog\/2010\/11\/15\/knsh-ja-urime-per-festen-e-kurban-bajramit\/\",\"name\":\"KNSH-ja: Urime p\u00ebr fest\u00ebn e Kurban Bajramit - Lajme nga Ulqini\",\"isPartOf\":{\"@id\":\"https:\/\/www.visit-ulcinj.com\/blog\/#website\"},\"primaryImageOfPage\":{\"@id\":\"https:\/\/www.visit-ulcinj.com\/blog\/2010\/11\/15\/knsh-ja-urime-per-festen-e-kurban-bajramit\/#primaryimage\"},\"datePublished\":\"2010-11-15T15:35:18+00:00\",\"dateModified\":\"2010-11-25T12:09:44+00:00\",\"author\":{\"@id\":\"https:\/\/www.visit-ulcinj.com\/blog\/#\/schema\/person\/dcab619c614d3038751c63bc2aadc06d\"},\"description\":\"K\u00cbSHILLI NACIONAL I SHQIPTAR\u00cbVE N\u00cb MALIN E ZI NACIONALNI SAVJET ALBANACA U CRNOJ GORI ALBANIAN\u00a0 NATIONAL COUNCIL IN MONTENEGRO Ulqin, 15.11. 2010 Urim p\u00ebr\",\"breadcrumb\":{\"@id\":\"https:\/\/www.visit-ulcinj.com\/blog\/2010\/11\/15\/knsh-ja-urime-per-festen-e-kurban-bajramit\/#breadcrumb\"},\"inLanguage\":\"en-US\",\"potentialAction\":[{\"@type\":\"ReadAction\",\"target\":[\"https:\/\/www.visit-ulcinj.com\/blog\/2010\/11\/15\/knsh-ja-urime-per-festen-e-kurban-bajramit\/\"]}]},{\"@type\":\"BreadcrumbList\",\"@id\":\"https:\/\/www.visit-ulcinj.com\/blog\/2010\/11\/15\/knsh-ja-urime-per-festen-e-kurban-bajramit\/#breadcrumb\",\"itemListElement\":[{\"@type\":\"ListItem\",\"position\":1,\"name\":\"KNSH-ja: Urime p\u00ebr fest\u00ebn e Kurban Bajramit\"}]},{\"@type\":\"Person\",\"@id\":\"https:\/\/www.visit-ulcinj.com\/blog\/#\/schema\/person\/dcab619c614d3038751c63bc2aadc06d\",\"name\":\"ulqini\",\"sameAs\":[\"http:\/\/www.visit-ulcinj.com\"],\"url\":\"https:\/\/www.visit-ulcinj.com\/blog\/author\/admin\/\"}]}<\/script>\n<!-- \/ Yoast SEO plugin. -->","yoast_head_json":{"title":"KNSH-ja: Urime p\u00ebr fest\u00ebn e Kurban Bajramit - Lajme nga Ulqini","description":"K\u00cbSHILLI NACIONAL I SHQIPTAR\u00cbVE N\u00cb MALIN E ZI NACIONALNI SAVJET ALBANACA U CRNOJ GORI ALBANIAN\u00a0 NATIONAL COUNCIL IN MONTENEGRO Ulqin, 15.11. 2010 Urim p\u00ebr","robots":{"index":"index","follow":"follow","max-snippet":"max-snippet:-1","max-image-preview":"max-image-preview:large","max-video-preview":"max-video-preview:-1"},"canonical":"https:\/\/www.visit-ulcinj.com\/blog\/2010\/11\/15\/knsh-ja-urime-per-festen-e-kurban-bajramit\/","og_locale":"en_US","og_type":"article","og_title":"KNSH-ja: Urime p\u00ebr fest\u00ebn e Kurban Bajramit - Lajme nga Ulqini","og_description":"K\u00cbSHILLI NACIONAL I SHQIPTAR\u00cbVE N\u00cb MALIN E ZI NACIONALNI SAVJET ALBANACA U CRNOJ GORI ALBANIAN\u00a0 NATIONAL COUNCIL IN MONTENEGRO Ulqin, 15.11. 2010 Urim p\u00ebr","og_url":"https:\/\/www.visit-ulcinj.com\/blog\/2010\/11\/15\/knsh-ja-urime-per-festen-e-kurban-bajramit\/","og_site_name":"Lajme nga Ulqini","article_published_time":"2010-11-15T15:35:18+00:00","article_modified_time":"2010-11-25T12:09:44+00:00","og_image":[{"url":"http:\/\/img57.imageshack.us\/img57\/282\/festagd5.gif"}],"twitter_misc":{"Written by":"ulqini","Est. reading time":"1 minute"},"schema":{"@context":"https:\/\/schema.org","@graph":[{"@type":"WebSite","@id":"https:\/\/www.visit-ulcinj.com\/blog\/#website","url":"https:\/\/www.visit-ulcinj.com\/blog\/","name":"Lajme nga Ulqini","description":"Lajme,Vijesti,Ulqini,Ulqin,Crna Gora,Mali i Zi","potentialAction":[{"@type":"SearchAction","target":{"@type":"EntryPoint","urlTemplate":"https:\/\/www.visit-ulcinj.com\/blog\/?s={search_term_string}"},"query-input":"required name=search_term_string"}],"inLanguage":"en-US"},{"@type":"ImageObject","inLanguage":"en-US","@id":"https:\/\/www.visit-ulcinj.com\/blog\/2010\/11\/15\/knsh-ja-urime-per-festen-e-kurban-bajramit\/#primaryimage","url":"http:\/\/img57.imageshack.us\/img57\/282\/festagd5.gif","contentUrl":"http:\/\/img57.imageshack.us\/img57\/282\/festagd5.gif"},{"@type":"WebPage","@id":"https:\/\/www.visit-ulcinj.com\/blog\/2010\/11\/15\/knsh-ja-urime-per-festen-e-kurban-bajramit\/#webpage","url":"https:\/\/www.visit-ulcinj.com\/blog\/2010\/11\/15\/knsh-ja-urime-per-festen-e-kurban-bajramit\/","name":"KNSH-ja: Urime p\u00ebr fest\u00ebn e Kurban Bajramit - Lajme nga Ulqini","isPartOf":{"@id":"https:\/\/www.visit-ulcinj.com\/blog\/#website"},"primaryImageOfPage":{"@id":"https:\/\/www.visit-ulcinj.com\/blog\/2010\/11\/15\/knsh-ja-urime-per-festen-e-kurban-bajramit\/#primaryimage"},"datePublished":"2010-11-15T15:35:18+00:00","dateModified":"2010-11-25T12:09:44+00:00","author":{"@id":"https:\/\/www.visit-ulcinj.com\/blog\/#\/schema\/person\/dcab619c614d3038751c63bc2aadc06d"},"description":"K\u00cbSHILLI NACIONAL I SHQIPTAR\u00cbVE N\u00cb MALIN E ZI NACIONALNI SAVJET ALBANACA U CRNOJ GORI ALBANIAN\u00a0 NATIONAL COUNCIL IN MONTENEGRO Ulqin, 15.11. 2010 Urim p\u00ebr","breadcrumb":{"@id":"https:\/\/www.visit-ulcinj.com\/blog\/2010\/11\/15\/knsh-ja-urime-per-festen-e-kurban-bajramit\/#breadcrumb"},"inLanguage":"en-US","potentialAction":[{"@type":"ReadAction","target":["https:\/\/www.visit-ulcinj.com\/blog\/2010\/11\/15\/knsh-ja-urime-per-festen-e-kurban-bajramit\/"]}]},{"@type":"BreadcrumbList","@id":"https:\/\/www.visit-ulcinj.com\/blog\/2010\/11\/15\/knsh-ja-urime-per-festen-e-kurban-bajramit\/#breadcrumb","itemListElement":[{"@type":"ListItem","position":1,"name":"KNSH-ja: Urime p\u00ebr fest\u00ebn e Kurban Bajramit"}]},{"@type":"Person","@id":"https:\/\/www.visit-ulcinj.com\/blog\/#\/schema\/person\/dcab619c614d3038751c63bc2aadc06d","name":"ulqini","sameAs":["http:\/\/www.visit-ulcinj.com"],"url":"https:\/\/www.visit-ulcinj.com\/blog\/author\/admin\/"}]}},"jetpack_featured_media_url":"","jetpack_sharing_enabled":true,"jetpack_shortlink":"https:\/\/wp.me\/pe6lTn-ale","_links":{"self":[{"href":"https:\/\/www.visit-ulcinj.com\/blog\/wp-json\/wp\/v2\/posts\/39756"}],"collection":[{"href":"https:\/\/www.visit-ulcinj.com\/blog\/wp-json\/wp\/v2\/posts"}],"about":[{"href":"https:\/\/www.visit-ulcinj.com\/blog\/wp-json\/wp\/v2\/types\/post"}],"author":[{"embeddable":true,"href":"https:\/\/www.visit-ulcinj.com\/blog\/wp-json\/wp\/v2\/users\/1"}],"replies":[{"embeddable":true,"href":"https:\/\/www.visit-ulcinj.com\/blog\/wp-json\/wp\/v2\/comments?post=39756"}],"version-history":[{"count":1,"href":"https:\/\/www.visit-ulcinj.com\/blog\/wp-json\/wp\/v2\/posts\/39756\/revisions"}],"predecessor-version":[{"id":52761,"href":"https:\/\/www.visit-ulcinj.com\/blog\/wp-json\/wp\/v2\/posts\/39756\/revisions\/52761"}],"wp:attachment":[{"href":"https:\/\/www.visit-ulcinj.com\/blog\/wp-json\/wp\/v2\/media?parent=39756"}],"wp:term":[{"taxonomy":"category","embeddable":true,"href":"https:\/\/www.visit-ulcinj.com\/blog\/wp-json\/wp\/v2\/categories?post=39756"},{"taxonomy":"post_tag","embeddable":true,"href":"https:\/\/www.visit-ulcinj.com\/blog\/wp-json\/wp\/v2\/tags?post=39756"}],"curies":[{"name":"wp","href":"https:\/\/api.w.org\/{rel}","templated":true}]}}