{"id":39764,"date":"2010-11-15T17:19:01","date_gmt":"2010-11-15T16:19:01","guid":{"rendered":"http:\/\/www.visit-ulcinj.com\/blog\/?p=39764"},"modified":"2010-11-15T17:19:01","modified_gmt":"2010-11-15T16:19:01","slug":"bardhi-ceshtja-shqiptare-ne-malin-e-zi-ende-e-hapur","status":"publish","type":"post","link":"https:\/\/www.visit-ulcinj.com\/blog\/2010\/11\/15\/bardhi-ceshtja-shqiptare-ne-malin-e-zi-ende-e-hapur\/","title":{"rendered":"Bardhi: \u00c7\u00ebshtja shqiptare n\u00eb Malin e Zi ende e hapur"},"content":{"rendered":"<p><a href=\"http:\/\/www.visit-ulcinj.com\/blog\/wp-content\/uploads\/2010\/11\/mehmet-bardhi_01.jpg\"><img loading=\"lazy\" class=\"alignleft size-full wp-image-39765\" title=\"mehmet-bardhi_01\" src=\"http:\/\/www.visit-ulcinj.com\/blog\/wp-content\/uploads\/2010\/11\/mehmet-bardhi_01.jpg\" alt=\"\" width=\"490\" height=\"350\" \/><\/a>Ulqini, 15 n\u00ebntor &#8211; \u00cbsht\u00eb evidente se \u00e7\u00ebshtja shqiptare n\u00eb Malin e Zi sot e k\u00ebsaj dite ka mbetur e hapur dhe suprimimi i t\u00eb drejtave t\u00eb arritura do ta shtonte edhe m\u00eb shum\u00eb pak\u00ebnaq\u00ebsin\u00eb, vler\u00ebson kryetari i Lidhjes Demokratike n\u00eb Mal t\u00eb Zi (LD n\u00eb MZ), Mehmet Bardhi, deputet i saj n\u00eb parlamentin e k\u00ebtij shteti.<\/p>\n<p>Ai angazhohet p\u00ebr nj\u00eb dialog sa m\u00eb t\u00eb shpejt\u00eb t\u00eb t\u00eb gjitha partive parlamentare p\u00ebr t\u00eb gjetur kompromis mbi legjislatur\u00ebn zgjedhore.<\/p>\n<p>Ky kuad\u00ebr ligjor tash kat\u00ebr her\u00eb d\u00ebshton, dhe si\u00e7 e citon KosovaLive Bardhin, krer\u00ebt e t\u00eb gjitha partive parlamentare duhet t\u00eb takohen sa m\u00eb par\u00eb.<\/p>\n<p>Kryetari dhe deputeti i LD n\u00eb MZ propozon q\u00eb nd\u00ebrmjet\u00ebsues i k\u00ebtyre takimeve do t\u00eb mund t\u00eb ishte kryeparlamentari malazias, Ranko Krivokapiq.<\/p>\n<p>\u201cKjo \u00ebsht\u00eb nj\u00eb \u00e7\u00ebshtje shum\u00eb e ndjeshme dhe imponon konsultime politike n\u00eb nivelin m\u00eb t\u00eb lart\u00eb. Pushteti duhet ta marr\u00eb p\u00ebrgjegj\u00ebsin\u00eb edhe t\u00eb heq dor\u00eb nga p\u00ebr\u00e7arjet n\u00eb Malin e Zi. Shihet qart\u00eb se struktura qeveris\u00ebse nuk e pranon propozimin e opozit\u00ebs, por as opozita propozimin e Kodit t\u00eb ri zgjedhor t\u00eb ofruar nga partit\u00eb e koalicionit qeveris\u00ebs, Partia Demokratike e Socialist\u00ebve dhe Partia Socialdemokratike\u201d, shprehet Bardhi.<\/p>\n<p>Sipas tij, me vite t\u00eb t\u00ebra, subjektet relevante politike nuk arrijn\u00eb leht\u00eb t\u00eb merren vesh.<\/p>\n<p>Kreu i LD n\u00eb MZ nuk p\u00ebrmend me k\u00ebt\u00eb rast p\u00ebr\u00e7arjet e partive parlamentare shqiptare, t\u00eb cilat as klubin e deputet\u00ebve nuk arrijn\u00eb ta b\u00ebjn\u00eb, por as t\u00eb formojn\u00eb pushtetin lokal n\u00eb Ulqin, e l\u00ebre m\u00eb t\u00eb hartojn\u00eb nj\u00eb dokument t\u00eb p\u00ebrbashk\u00ebt q\u00eb do t\u00eb kontribuonte, pa dyshim, n\u00eb l\u00ebvizjen e p\u00ebrmir\u00ebsimit, pik\u00ebrisht t\u00eb \u00e7\u00ebshtjes shqiptare n\u00eb k\u00ebt\u00eb vend.<\/p>\n<p><strong>KOHA NET<\/strong><\/p>\n","protected":false},"excerpt":{"rendered":"<p>Ulqini, 15 n\u00ebntor &#8211; \u00cbsht\u00eb evidente se \u00e7\u00ebshtja shqiptare n\u00eb Malin e Zi sot e k\u00ebsaj dite ka mbetur e hapur dhe suprimimi i t\u00eb drejtave t\u00eb arritura do ta shtonte edhe m\u00eb shum\u00eb pak\u00ebnaq\u00ebsin\u00eb, vler\u00ebson kryetari i Lidhjes Demokratike n\u00eb Mal t\u00eb Zi (LD n\u00eb MZ), Mehmet Bardhi, deputet i saj n\u00eb parlamentin e [&hellip;]<\/p>\n","protected":false},"author":1,"featured_media":0,"comment_status":"open","ping_status":"closed","sticky":false,"template":"","format":"standard","meta":{"spay_email":"","jetpack_publicize_message":"","jetpack_is_tweetstorm":false,"jetpack_publicize_feature_enabled":true},"categories":[14],"tags":[128,95,347,201,200,18],"jetpack_publicize_connections":[],"yoast_head":"<!-- This site is optimized with the Yoast SEO plugin v19.1 - https:\/\/yoast.com\/wordpress\/plugins\/seo\/ -->\n<title>Bardhi: \u00c7\u00ebshtja shqiptare n\u00eb Malin e Zi ende e hapur - Lajme nga Ulqini<\/title>\n<meta name=\"description\" content=\"Ulqini, 15 n\u00ebntor - \u00cbsht\u00eb evidente se \u00e7\u00ebshtja shqiptare n\u00eb Malin e Zi sot e k\u00ebsaj dite ka mbetur e hapur dhe suprimimi i t\u00eb drejtave t\u00eb arritura do ta\" \/>\n<meta name=\"robots\" content=\"index, follow, max-snippet:-1, max-image-preview:large, max-video-preview:-1\" \/>\n<link rel=\"canonical\" href=\"https:\/\/www.visit-ulcinj.com\/blog\/2010\/11\/15\/bardhi-ceshtja-shqiptare-ne-malin-e-zi-ende-e-hapur\/\" \/>\n<meta property=\"og:locale\" content=\"en_US\" \/>\n<meta property=\"og:type\" content=\"article\" \/>\n<meta property=\"og:title\" content=\"Bardhi: \u00c7\u00ebshtja shqiptare n\u00eb Malin e Zi ende e hapur - Lajme nga Ulqini\" \/>\n<meta property=\"og:description\" content=\"Ulqini, 15 n\u00ebntor - \u00cbsht\u00eb evidente se \u00e7\u00ebshtja shqiptare n\u00eb Malin e Zi sot e k\u00ebsaj dite ka mbetur e hapur dhe suprimimi i t\u00eb drejtave t\u00eb arritura do ta\" \/>\n<meta property=\"og:url\" content=\"https:\/\/www.visit-ulcinj.com\/blog\/2010\/11\/15\/bardhi-ceshtja-shqiptare-ne-malin-e-zi-ende-e-hapur\/\" \/>\n<meta property=\"og:site_name\" content=\"Lajme nga Ulqini\" \/>\n<meta property=\"article:published_time\" content=\"2010-11-15T16:19:01+00:00\" \/>\n<meta property=\"og:image\" content=\"http:\/\/www.visit-ulcinj.com\/blog\/wp-content\/uploads\/2010\/11\/mehmet-bardhi_01.jpg\" \/>\n<meta name=\"twitter:label1\" content=\"Written by\" \/>\n\t<meta name=\"twitter:data1\" content=\"ulqini\" \/>\n\t<meta name=\"twitter:label2\" content=\"Est. reading time\" \/>\n\t<meta name=\"twitter:data2\" content=\"2 minutes\" \/>\n<script type=\"application\/ld+json\" class=\"yoast-schema-graph\">{\"@context\":\"https:\/\/schema.org\",\"@graph\":[{\"@type\":\"WebSite\",\"@id\":\"https:\/\/www.visit-ulcinj.com\/blog\/#website\",\"url\":\"https:\/\/www.visit-ulcinj.com\/blog\/\",\"name\":\"Lajme nga Ulqini\",\"description\":\"Lajme,Vijesti,Ulqini,Ulqin,Crna Gora,Mali i Zi\",\"potentialAction\":[{\"@type\":\"SearchAction\",\"target\":{\"@type\":\"EntryPoint\",\"urlTemplate\":\"https:\/\/www.visit-ulcinj.com\/blog\/?s={search_term_string}\"},\"query-input\":\"required name=search_term_string\"}],\"inLanguage\":\"en-US\"},{\"@type\":\"ImageObject\",\"inLanguage\":\"en-US\",\"@id\":\"https:\/\/www.visit-ulcinj.com\/blog\/2010\/11\/15\/bardhi-ceshtja-shqiptare-ne-malin-e-zi-ende-e-hapur\/#primaryimage\",\"url\":\"https:\/\/www.visit-ulcinj.com\/blog\/wp-content\/uploads\/2010\/11\/mehmet-bardhi_01.jpg\",\"contentUrl\":\"https:\/\/www.visit-ulcinj.com\/blog\/wp-content\/uploads\/2010\/11\/mehmet-bardhi_01.jpg\",\"width\":\"640\",\"height\":\"347\"},{\"@type\":\"WebPage\",\"@id\":\"https:\/\/www.visit-ulcinj.com\/blog\/2010\/11\/15\/bardhi-ceshtja-shqiptare-ne-malin-e-zi-ende-e-hapur\/#webpage\",\"url\":\"https:\/\/www.visit-ulcinj.com\/blog\/2010\/11\/15\/bardhi-ceshtja-shqiptare-ne-malin-e-zi-ende-e-hapur\/\",\"name\":\"Bardhi: \u00c7\u00ebshtja shqiptare n\u00eb Malin e Zi ende e hapur - Lajme nga Ulqini\",\"isPartOf\":{\"@id\":\"https:\/\/www.visit-ulcinj.com\/blog\/#website\"},\"primaryImageOfPage\":{\"@id\":\"https:\/\/www.visit-ulcinj.com\/blog\/2010\/11\/15\/bardhi-ceshtja-shqiptare-ne-malin-e-zi-ende-e-hapur\/#primaryimage\"},\"datePublished\":\"2010-11-15T16:19:01+00:00\",\"dateModified\":\"2010-11-15T16:19:01+00:00\",\"author\":{\"@id\":\"https:\/\/www.visit-ulcinj.com\/blog\/#\/schema\/person\/dcab619c614d3038751c63bc2aadc06d\"},\"description\":\"Ulqini, 15 n\u00ebntor - \u00cbsht\u00eb evidente se \u00e7\u00ebshtja shqiptare n\u00eb Malin e Zi sot e k\u00ebsaj dite ka mbetur e hapur dhe suprimimi i t\u00eb drejtave t\u00eb arritura do ta\",\"breadcrumb\":{\"@id\":\"https:\/\/www.visit-ulcinj.com\/blog\/2010\/11\/15\/bardhi-ceshtja-shqiptare-ne-malin-e-zi-ende-e-hapur\/#breadcrumb\"},\"inLanguage\":\"en-US\",\"potentialAction\":[{\"@type\":\"ReadAction\",\"target\":[\"https:\/\/www.visit-ulcinj.com\/blog\/2010\/11\/15\/bardhi-ceshtja-shqiptare-ne-malin-e-zi-ende-e-hapur\/\"]}]},{\"@type\":\"BreadcrumbList\",\"@id\":\"https:\/\/www.visit-ulcinj.com\/blog\/2010\/11\/15\/bardhi-ceshtja-shqiptare-ne-malin-e-zi-ende-e-hapur\/#breadcrumb\",\"itemListElement\":[{\"@type\":\"ListItem\",\"position\":1,\"name\":\"Bardhi: \u00c7\u00ebshtja shqiptare n\u00eb Malin e Zi ende e hapur\"}]},{\"@type\":\"Person\",\"@id\":\"https:\/\/www.visit-ulcinj.com\/blog\/#\/schema\/person\/dcab619c614d3038751c63bc2aadc06d\",\"name\":\"ulqini\",\"sameAs\":[\"http:\/\/www.visit-ulcinj.com\"],\"url\":\"https:\/\/www.visit-ulcinj.com\/blog\/author\/admin\/\"}]}<\/script>\n<!-- \/ Yoast SEO plugin. -->","yoast_head_json":{"title":"Bardhi: \u00c7\u00ebshtja shqiptare n\u00eb Malin e Zi ende e hapur - Lajme nga Ulqini","description":"Ulqini, 15 n\u00ebntor - \u00cbsht\u00eb evidente se \u00e7\u00ebshtja shqiptare n\u00eb Malin e Zi sot e k\u00ebsaj dite ka mbetur e hapur dhe suprimimi i t\u00eb drejtave t\u00eb arritura do ta","robots":{"index":"index","follow":"follow","max-snippet":"max-snippet:-1","max-image-preview":"max-image-preview:large","max-video-preview":"max-video-preview:-1"},"canonical":"https:\/\/www.visit-ulcinj.com\/blog\/2010\/11\/15\/bardhi-ceshtja-shqiptare-ne-malin-e-zi-ende-e-hapur\/","og_locale":"en_US","og_type":"article","og_title":"Bardhi: \u00c7\u00ebshtja shqiptare n\u00eb Malin e Zi ende e hapur - Lajme nga Ulqini","og_description":"Ulqini, 15 n\u00ebntor - \u00cbsht\u00eb evidente se \u00e7\u00ebshtja shqiptare n\u00eb Malin e Zi sot e k\u00ebsaj dite ka mbetur e hapur dhe suprimimi i t\u00eb drejtave t\u00eb arritura do ta","og_url":"https:\/\/www.visit-ulcinj.com\/blog\/2010\/11\/15\/bardhi-ceshtja-shqiptare-ne-malin-e-zi-ende-e-hapur\/","og_site_name":"Lajme nga Ulqini","article_published_time":"2010-11-15T16:19:01+00:00","og_image":[{"url":"http:\/\/www.visit-ulcinj.com\/blog\/wp-content\/uploads\/2010\/11\/mehmet-bardhi_01.jpg"}],"twitter_misc":{"Written by":"ulqini","Est. reading time":"2 minutes"},"schema":{"@context":"https:\/\/schema.org","@graph":[{"@type":"WebSite","@id":"https:\/\/www.visit-ulcinj.com\/blog\/#website","url":"https:\/\/www.visit-ulcinj.com\/blog\/","name":"Lajme nga Ulqini","description":"Lajme,Vijesti,Ulqini,Ulqin,Crna Gora,Mali i Zi","potentialAction":[{"@type":"SearchAction","target":{"@type":"EntryPoint","urlTemplate":"https:\/\/www.visit-ulcinj.com\/blog\/?s={search_term_string}"},"query-input":"required name=search_term_string"}],"inLanguage":"en-US"},{"@type":"ImageObject","inLanguage":"en-US","@id":"https:\/\/www.visit-ulcinj.com\/blog\/2010\/11\/15\/bardhi-ceshtja-shqiptare-ne-malin-e-zi-ende-e-hapur\/#primaryimage","url":"https:\/\/www.visit-ulcinj.com\/blog\/wp-content\/uploads\/2010\/11\/mehmet-bardhi_01.jpg","contentUrl":"https:\/\/www.visit-ulcinj.com\/blog\/wp-content\/uploads\/2010\/11\/mehmet-bardhi_01.jpg","width":"640","height":"347"},{"@type":"WebPage","@id":"https:\/\/www.visit-ulcinj.com\/blog\/2010\/11\/15\/bardhi-ceshtja-shqiptare-ne-malin-e-zi-ende-e-hapur\/#webpage","url":"https:\/\/www.visit-ulcinj.com\/blog\/2010\/11\/15\/bardhi-ceshtja-shqiptare-ne-malin-e-zi-ende-e-hapur\/","name":"Bardhi: \u00c7\u00ebshtja shqiptare n\u00eb Malin e Zi ende e hapur - Lajme nga Ulqini","isPartOf":{"@id":"https:\/\/www.visit-ulcinj.com\/blog\/#website"},"primaryImageOfPage":{"@id":"https:\/\/www.visit-ulcinj.com\/blog\/2010\/11\/15\/bardhi-ceshtja-shqiptare-ne-malin-e-zi-ende-e-hapur\/#primaryimage"},"datePublished":"2010-11-15T16:19:01+00:00","dateModified":"2010-11-15T16:19:01+00:00","author":{"@id":"https:\/\/www.visit-ulcinj.com\/blog\/#\/schema\/person\/dcab619c614d3038751c63bc2aadc06d"},"description":"Ulqini, 15 n\u00ebntor - \u00cbsht\u00eb evidente se \u00e7\u00ebshtja shqiptare n\u00eb Malin e Zi sot e k\u00ebsaj dite ka mbetur e hapur dhe suprimimi i t\u00eb drejtave t\u00eb arritura do ta","breadcrumb":{"@id":"https:\/\/www.visit-ulcinj.com\/blog\/2010\/11\/15\/bardhi-ceshtja-shqiptare-ne-malin-e-zi-ende-e-hapur\/#breadcrumb"},"inLanguage":"en-US","potentialAction":[{"@type":"ReadAction","target":["https:\/\/www.visit-ulcinj.com\/blog\/2010\/11\/15\/bardhi-ceshtja-shqiptare-ne-malin-e-zi-ende-e-hapur\/"]}]},{"@type":"BreadcrumbList","@id":"https:\/\/www.visit-ulcinj.com\/blog\/2010\/11\/15\/bardhi-ceshtja-shqiptare-ne-malin-e-zi-ende-e-hapur\/#breadcrumb","itemListElement":[{"@type":"ListItem","position":1,"name":"Bardhi: \u00c7\u00ebshtja shqiptare n\u00eb Malin e Zi ende e hapur"}]},{"@type":"Person","@id":"https:\/\/www.visit-ulcinj.com\/blog\/#\/schema\/person\/dcab619c614d3038751c63bc2aadc06d","name":"ulqini","sameAs":["http:\/\/www.visit-ulcinj.com"],"url":"https:\/\/www.visit-ulcinj.com\/blog\/author\/admin\/"}]}},"jetpack_featured_media_url":"","jetpack_sharing_enabled":true,"jetpack_shortlink":"https:\/\/wp.me\/pe6lTn-alm","_links":{"self":[{"href":"https:\/\/www.visit-ulcinj.com\/blog\/wp-json\/wp\/v2\/posts\/39764"}],"collection":[{"href":"https:\/\/www.visit-ulcinj.com\/blog\/wp-json\/wp\/v2\/posts"}],"about":[{"href":"https:\/\/www.visit-ulcinj.com\/blog\/wp-json\/wp\/v2\/types\/post"}],"author":[{"embeddable":true,"href":"https:\/\/www.visit-ulcinj.com\/blog\/wp-json\/wp\/v2\/users\/1"}],"replies":[{"embeddable":true,"href":"https:\/\/www.visit-ulcinj.com\/blog\/wp-json\/wp\/v2\/comments?post=39764"}],"version-history":[{"count":0,"href":"https:\/\/www.visit-ulcinj.com\/blog\/wp-json\/wp\/v2\/posts\/39764\/revisions"}],"wp:attachment":[{"href":"https:\/\/www.visit-ulcinj.com\/blog\/wp-json\/wp\/v2\/media?parent=39764"}],"wp:term":[{"taxonomy":"category","embeddable":true,"href":"https:\/\/www.visit-ulcinj.com\/blog\/wp-json\/wp\/v2\/categories?post=39764"},{"taxonomy":"post_tag","embeddable":true,"href":"https:\/\/www.visit-ulcinj.com\/blog\/wp-json\/wp\/v2\/tags?post=39764"}],"curies":[{"name":"wp","href":"https:\/\/api.w.org\/{rel}","templated":true}]}}