{"id":39773,"date":"2010-11-16T17:56:48","date_gmt":"2010-11-16T16:56:48","guid":{"rendered":"http:\/\/www.visit-ulcinj.com\/blog\/?p=39773"},"modified":"2010-11-16T17:56:48","modified_gmt":"2010-11-16T16:56:48","slug":"skupstina-opstine-ulcinj-i-dalje-bez-predsjednika","status":"publish","type":"post","link":"https:\/\/www.visit-ulcinj.com\/blog\/2010\/11\/16\/skupstina-opstine-ulcinj-i-dalje-bez-predsjednika\/","title":{"rendered":"Skup\u0161tina op\u0161tine Ulcinj i dalje bez predsjednika"},"content":{"rendered":"<p><strong><a href=\"http:\/\/www.visit-ulcinj.com\/blog\/wp-content\/uploads\/2010\/11\/Skupstina-opstina-Ulcinj.jpg\"><img loading=\"lazy\" class=\"alignleft size-full wp-image-39774\" title=\"Skupstina opstina Ulcinj\" src=\"http:\/\/www.visit-ulcinj.com\/blog\/wp-content\/uploads\/2010\/11\/Skupstina-opstina-Ulcinj.jpg\" alt=\"\" width=\"480\" height=\"380\" \/><\/a>Pregovori DPS-a i DUA od sjutra<br \/>\n<\/strong>Ulcinj &#8211; Ulcinjski parlament verifikovao je ju\u010de odborni\u010dke mandate, osvojene na vanrednim izborima 17. oktobra, ali nije izabrao predsjednika Skup\u0161tine, \u0161to je bila druga ta\u010dka dnevnog reda, budu\u0107i da u najju\u017enijoj op\u0161tini i nakon mjesec od izja\u0161njavanja gra\u0111ana, nema ustanovljene zakonodavne ve\u0107ine.<br \/>\nIz oktobarskih izbora Forca je sa 11 mandata iza\u0161la kao najja\u010da partija, koalicija Demokratske unije Albanaca i Partije demokratskog prosperiteta osvojila je 10, DPS sedam, SDP i ujedinjena opozicija predvo\u0111ena SNP-om po dva i Perspektiva poslanika Amira Holaja jedan mandat.<br \/>\nPrvi put poslije 20 godina, \u0161to je kuriozitet posljednjih ulcinjskih izbora, nekada vladaju\u0107a partija, Demokratski savez Mehmeta Bardhija, iz koje su se izrodile skoro sve ostale albanske stranke, nije osvojio nijedan mandat.<br \/>\nBudu\u0107i da je DPS ovog puta tas na vagi, Predsjedni\u0161tvo te partije nedavno je donijelo odluku da se prvo o formiranju ve\u0107ine u\u0111e u pregovore sa DUA, starim koalicionim partnerom na republi\u010dkom i skoro svim lokalnim nivoima, pa i ulcinjskom.<br \/>\nKako je ju\u010de \u201cVijestima\u201d kazao \u0161ef ulcinjskog DPS-a Ljui\u0111 \u0160krelja, koji boravi u Americi, pregovore sa DUA po\u010de\u0107e sjutra. Sjednicom SO predsjedavao je nekada\u0161nji ministar manjina i predsjednik DUA Fuad Nimani, kao najstariji odbornik u Skup\u0161tini.<\/p>\n<p><strong>S.A.<br \/>\n<a href=\"http:\/\/www.vijesti.me\/\" target=\"_blank\">Vijesti<\/a><\/strong><\/p>\n","protected":false},"excerpt":{"rendered":"<p>Pregovori DPS-a i DUA od sjutra Ulcinj &#8211; Ulcinjski parlament verifikovao je ju\u010de odborni\u010dke mandate, osvojene na vanrednim izborima 17. oktobra, ali nije izabrao predsjednika Skup\u0161tine, \u0161to je bila druga ta\u010dka dnevnog reda, budu\u0107i da u najju\u017enijoj op\u0161tini i nakon mjesec od izja\u0161njavanja gra\u0111ana, nema ustanovljene zakonodavne ve\u0107ine. Iz oktobarskih izbora Forca je sa 11 [&hellip;]<\/p>\n","protected":false},"author":1,"featured_media":0,"comment_status":"open","ping_status":"closed","sticky":false,"template":"","format":"standard","meta":{"spay_email":"","jetpack_publicize_message":"","jetpack_is_tweetstorm":false,"jetpack_publicize_feature_enabled":true},"categories":[8337],"tags":[5391],"jetpack_publicize_connections":[],"yoast_head":"<!-- This site is optimized with the Yoast SEO plugin v19.1 - https:\/\/yoast.com\/wordpress\/plugins\/seo\/ -->\n<title>Skup\u0161tina op\u0161tine Ulcinj i dalje bez predsjednika - Lajme nga Ulqini<\/title>\n<meta name=\"description\" content=\"Pregovori DPS-a i DUA od sjutra Ulcinj - Ulcinjski parlament verifikovao je ju\u010de odborni\u010dke mandate, osvojene na vanrednim izborima 17. oktobra, ali nije\" \/>\n<meta name=\"robots\" content=\"index, follow, max-snippet:-1, max-image-preview:large, max-video-preview:-1\" \/>\n<link rel=\"canonical\" href=\"https:\/\/www.visit-ulcinj.com\/blog\/2010\/11\/16\/skupstina-opstine-ulcinj-i-dalje-bez-predsjednika\/\" \/>\n<meta property=\"og:locale\" content=\"en_US\" \/>\n<meta property=\"og:type\" content=\"article\" \/>\n<meta property=\"og:title\" content=\"Skup\u0161tina op\u0161tine Ulcinj i dalje bez predsjednika - Lajme nga Ulqini\" \/>\n<meta property=\"og:description\" content=\"Pregovori DPS-a i DUA od sjutra Ulcinj - Ulcinjski parlament verifikovao je ju\u010de odborni\u010dke mandate, osvojene na vanrednim izborima 17. oktobra, ali nije\" \/>\n<meta property=\"og:url\" content=\"https:\/\/www.visit-ulcinj.com\/blog\/2010\/11\/16\/skupstina-opstine-ulcinj-i-dalje-bez-predsjednika\/\" \/>\n<meta property=\"og:site_name\" content=\"Lajme nga Ulqini\" \/>\n<meta property=\"article:published_time\" content=\"2010-11-16T16:56:48+00:00\" \/>\n<meta property=\"og:image\" content=\"http:\/\/www.visit-ulcinj.com\/blog\/wp-content\/uploads\/2010\/11\/Skupstina-opstina-Ulcinj.jpg\" \/>\n<meta name=\"twitter:label1\" content=\"Written by\" \/>\n\t<meta name=\"twitter:data1\" content=\"ulqini\" \/>\n\t<meta name=\"twitter:label2\" content=\"Est. reading time\" \/>\n\t<meta name=\"twitter:data2\" content=\"1 minute\" \/>\n<script type=\"application\/ld+json\" class=\"yoast-schema-graph\">{\"@context\":\"https:\/\/schema.org\",\"@graph\":[{\"@type\":\"WebSite\",\"@id\":\"https:\/\/www.visit-ulcinj.com\/blog\/#website\",\"url\":\"https:\/\/www.visit-ulcinj.com\/blog\/\",\"name\":\"Lajme nga Ulqini\",\"description\":\"Lajme,Vijesti,Ulqini,Ulqin,Crna Gora,Mali i Zi\",\"potentialAction\":[{\"@type\":\"SearchAction\",\"target\":{\"@type\":\"EntryPoint\",\"urlTemplate\":\"https:\/\/www.visit-ulcinj.com\/blog\/?s={search_term_string}\"},\"query-input\":\"required name=search_term_string\"}],\"inLanguage\":\"en-US\"},{\"@type\":\"ImageObject\",\"inLanguage\":\"en-US\",\"@id\":\"https:\/\/www.visit-ulcinj.com\/blog\/2010\/11\/16\/skupstina-opstine-ulcinj-i-dalje-bez-predsjednika\/#primaryimage\",\"url\":\"https:\/\/www.visit-ulcinj.com\/blog\/wp-content\/uploads\/2010\/11\/Skupstina-opstina-Ulcinj.jpg\",\"contentUrl\":\"https:\/\/www.visit-ulcinj.com\/blog\/wp-content\/uploads\/2010\/11\/Skupstina-opstina-Ulcinj.jpg\",\"width\":\"640\",\"height\":\"450\"},{\"@type\":\"WebPage\",\"@id\":\"https:\/\/www.visit-ulcinj.com\/blog\/2010\/11\/16\/skupstina-opstine-ulcinj-i-dalje-bez-predsjednika\/#webpage\",\"url\":\"https:\/\/www.visit-ulcinj.com\/blog\/2010\/11\/16\/skupstina-opstine-ulcinj-i-dalje-bez-predsjednika\/\",\"name\":\"Skup\u0161tina op\u0161tine Ulcinj i dalje bez predsjednika - Lajme nga Ulqini\",\"isPartOf\":{\"@id\":\"https:\/\/www.visit-ulcinj.com\/blog\/#website\"},\"primaryImageOfPage\":{\"@id\":\"https:\/\/www.visit-ulcinj.com\/blog\/2010\/11\/16\/skupstina-opstine-ulcinj-i-dalje-bez-predsjednika\/#primaryimage\"},\"datePublished\":\"2010-11-16T16:56:48+00:00\",\"dateModified\":\"2010-11-16T16:56:48+00:00\",\"author\":{\"@id\":\"https:\/\/www.visit-ulcinj.com\/blog\/#\/schema\/person\/dcab619c614d3038751c63bc2aadc06d\"},\"description\":\"Pregovori DPS-a i DUA od sjutra Ulcinj - Ulcinjski parlament verifikovao je ju\u010de odborni\u010dke mandate, osvojene na vanrednim izborima 17. oktobra, ali nije\",\"breadcrumb\":{\"@id\":\"https:\/\/www.visit-ulcinj.com\/blog\/2010\/11\/16\/skupstina-opstine-ulcinj-i-dalje-bez-predsjednika\/#breadcrumb\"},\"inLanguage\":\"en-US\",\"potentialAction\":[{\"@type\":\"ReadAction\",\"target\":[\"https:\/\/www.visit-ulcinj.com\/blog\/2010\/11\/16\/skupstina-opstine-ulcinj-i-dalje-bez-predsjednika\/\"]}]},{\"@type\":\"BreadcrumbList\",\"@id\":\"https:\/\/www.visit-ulcinj.com\/blog\/2010\/11\/16\/skupstina-opstine-ulcinj-i-dalje-bez-predsjednika\/#breadcrumb\",\"itemListElement\":[{\"@type\":\"ListItem\",\"position\":1,\"name\":\"Skup\u0161tina op\u0161tine Ulcinj i dalje bez predsjednika\"}]},{\"@type\":\"Person\",\"@id\":\"https:\/\/www.visit-ulcinj.com\/blog\/#\/schema\/person\/dcab619c614d3038751c63bc2aadc06d\",\"name\":\"ulqini\",\"sameAs\":[\"http:\/\/www.visit-ulcinj.com\"],\"url\":\"https:\/\/www.visit-ulcinj.com\/blog\/author\/admin\/\"}]}<\/script>\n<!-- \/ Yoast SEO plugin. -->","yoast_head_json":{"title":"Skup\u0161tina op\u0161tine Ulcinj i dalje bez predsjednika - Lajme nga Ulqini","description":"Pregovori DPS-a i DUA od sjutra Ulcinj - Ulcinjski parlament verifikovao je ju\u010de odborni\u010dke mandate, osvojene na vanrednim izborima 17. oktobra, ali nije","robots":{"index":"index","follow":"follow","max-snippet":"max-snippet:-1","max-image-preview":"max-image-preview:large","max-video-preview":"max-video-preview:-1"},"canonical":"https:\/\/www.visit-ulcinj.com\/blog\/2010\/11\/16\/skupstina-opstine-ulcinj-i-dalje-bez-predsjednika\/","og_locale":"en_US","og_type":"article","og_title":"Skup\u0161tina op\u0161tine Ulcinj i dalje bez predsjednika - Lajme nga Ulqini","og_description":"Pregovori DPS-a i DUA od sjutra Ulcinj - Ulcinjski parlament verifikovao je ju\u010de odborni\u010dke mandate, osvojene na vanrednim izborima 17. oktobra, ali nije","og_url":"https:\/\/www.visit-ulcinj.com\/blog\/2010\/11\/16\/skupstina-opstine-ulcinj-i-dalje-bez-predsjednika\/","og_site_name":"Lajme nga Ulqini","article_published_time":"2010-11-16T16:56:48+00:00","og_image":[{"url":"http:\/\/www.visit-ulcinj.com\/blog\/wp-content\/uploads\/2010\/11\/Skupstina-opstina-Ulcinj.jpg"}],"twitter_misc":{"Written by":"ulqini","Est. reading time":"1 minute"},"schema":{"@context":"https:\/\/schema.org","@graph":[{"@type":"WebSite","@id":"https:\/\/www.visit-ulcinj.com\/blog\/#website","url":"https:\/\/www.visit-ulcinj.com\/blog\/","name":"Lajme nga Ulqini","description":"Lajme,Vijesti,Ulqini,Ulqin,Crna Gora,Mali i Zi","potentialAction":[{"@type":"SearchAction","target":{"@type":"EntryPoint","urlTemplate":"https:\/\/www.visit-ulcinj.com\/blog\/?s={search_term_string}"},"query-input":"required name=search_term_string"}],"inLanguage":"en-US"},{"@type":"ImageObject","inLanguage":"en-US","@id":"https:\/\/www.visit-ulcinj.com\/blog\/2010\/11\/16\/skupstina-opstine-ulcinj-i-dalje-bez-predsjednika\/#primaryimage","url":"https:\/\/www.visit-ulcinj.com\/blog\/wp-content\/uploads\/2010\/11\/Skupstina-opstina-Ulcinj.jpg","contentUrl":"https:\/\/www.visit-ulcinj.com\/blog\/wp-content\/uploads\/2010\/11\/Skupstina-opstina-Ulcinj.jpg","width":"640","height":"450"},{"@type":"WebPage","@id":"https:\/\/www.visit-ulcinj.com\/blog\/2010\/11\/16\/skupstina-opstine-ulcinj-i-dalje-bez-predsjednika\/#webpage","url":"https:\/\/www.visit-ulcinj.com\/blog\/2010\/11\/16\/skupstina-opstine-ulcinj-i-dalje-bez-predsjednika\/","name":"Skup\u0161tina op\u0161tine Ulcinj i dalje bez predsjednika - Lajme nga Ulqini","isPartOf":{"@id":"https:\/\/www.visit-ulcinj.com\/blog\/#website"},"primaryImageOfPage":{"@id":"https:\/\/www.visit-ulcinj.com\/blog\/2010\/11\/16\/skupstina-opstine-ulcinj-i-dalje-bez-predsjednika\/#primaryimage"},"datePublished":"2010-11-16T16:56:48+00:00","dateModified":"2010-11-16T16:56:48+00:00","author":{"@id":"https:\/\/www.visit-ulcinj.com\/blog\/#\/schema\/person\/dcab619c614d3038751c63bc2aadc06d"},"description":"Pregovori DPS-a i DUA od sjutra Ulcinj - Ulcinjski parlament verifikovao je ju\u010de odborni\u010dke mandate, osvojene na vanrednim izborima 17. oktobra, ali nije","breadcrumb":{"@id":"https:\/\/www.visit-ulcinj.com\/blog\/2010\/11\/16\/skupstina-opstine-ulcinj-i-dalje-bez-predsjednika\/#breadcrumb"},"inLanguage":"en-US","potentialAction":[{"@type":"ReadAction","target":["https:\/\/www.visit-ulcinj.com\/blog\/2010\/11\/16\/skupstina-opstine-ulcinj-i-dalje-bez-predsjednika\/"]}]},{"@type":"BreadcrumbList","@id":"https:\/\/www.visit-ulcinj.com\/blog\/2010\/11\/16\/skupstina-opstine-ulcinj-i-dalje-bez-predsjednika\/#breadcrumb","itemListElement":[{"@type":"ListItem","position":1,"name":"Skup\u0161tina op\u0161tine Ulcinj i dalje bez predsjednika"}]},{"@type":"Person","@id":"https:\/\/www.visit-ulcinj.com\/blog\/#\/schema\/person\/dcab619c614d3038751c63bc2aadc06d","name":"ulqini","sameAs":["http:\/\/www.visit-ulcinj.com"],"url":"https:\/\/www.visit-ulcinj.com\/blog\/author\/admin\/"}]}},"jetpack_featured_media_url":"","jetpack_sharing_enabled":true,"jetpack_shortlink":"https:\/\/wp.me\/pe6lTn-alv","_links":{"self":[{"href":"https:\/\/www.visit-ulcinj.com\/blog\/wp-json\/wp\/v2\/posts\/39773"}],"collection":[{"href":"https:\/\/www.visit-ulcinj.com\/blog\/wp-json\/wp\/v2\/posts"}],"about":[{"href":"https:\/\/www.visit-ulcinj.com\/blog\/wp-json\/wp\/v2\/types\/post"}],"author":[{"embeddable":true,"href":"https:\/\/www.visit-ulcinj.com\/blog\/wp-json\/wp\/v2\/users\/1"}],"replies":[{"embeddable":true,"href":"https:\/\/www.visit-ulcinj.com\/blog\/wp-json\/wp\/v2\/comments?post=39773"}],"version-history":[{"count":0,"href":"https:\/\/www.visit-ulcinj.com\/blog\/wp-json\/wp\/v2\/posts\/39773\/revisions"}],"wp:attachment":[{"href":"https:\/\/www.visit-ulcinj.com\/blog\/wp-json\/wp\/v2\/media?parent=39773"}],"wp:term":[{"taxonomy":"category","embeddable":true,"href":"https:\/\/www.visit-ulcinj.com\/blog\/wp-json\/wp\/v2\/categories?post=39773"},{"taxonomy":"post_tag","embeddable":true,"href":"https:\/\/www.visit-ulcinj.com\/blog\/wp-json\/wp\/v2\/tags?post=39773"}],"curies":[{"name":"wp","href":"https:\/\/api.w.org\/{rel}","templated":true}]}}