{"id":39780,"date":"2010-11-16T19:02:53","date_gmt":"2010-11-16T18:02:53","guid":{"rendered":"http:\/\/www.visit-ulcinj.com\/blog\/?p=39780"},"modified":"2010-11-27T08:17:44","modified_gmt":"2010-11-27T07:17:44","slug":"kapllan-resuli-gradat-e-mija-shkencore-dhe-titulli-akademik","status":"publish","type":"post","link":"https:\/\/www.visit-ulcinj.com\/blog\/2010\/11\/16\/kapllan-resuli-gradat-e-mija-shkencore-dhe-titulli-akademik\/","title":{"rendered":"Kapllan Resuli: Gradat e mija shkencore dhe titulli akademik"},"content":{"rendered":"<p><strong><a href=\"http:\/\/www.visit-ulcinj.com\/blog\/wp-content\/uploads\/2010\/11\/Prof.Dr_.-KAPLLAN-RESULIakademik.jpg\"><img loading=\"lazy\" class=\"alignleft size-full wp-image-39549\" title=\"Prof.Dr. KAPLLAN RESULI,akademik\" src=\"http:\/\/www.visit-ulcinj.com\/blog\/wp-content\/uploads\/2010\/11\/Prof.Dr_.-KAPLLAN-RESULIakademik.jpg\" alt=\"\" width=\"300\" height=\"409\" \/><\/a>GRADAT E MIJA SHKENCORE DHE TITULLI AKADEMIK<\/strong><\/p>\n<p>E nderuara Redaksi,<\/p>\n<p>Si\u00e7 shoh nga komentat e botuar n\u00eb sajtin tuaj, komentator\u00ebt jan\u00eb t\u00eb interesuar p\u00ebr t\u00eb ditur nga i kam gradat shkencore <strong>profesor<\/strong> e <strong>doktor<\/strong>, si dhe titullin <strong>akademik<\/strong>. Sa p\u00ebr dijeni k\u00ebt\u00eb interesim e kan\u00eb treguar edhe shum\u00eb t\u00eb tjer\u00eb. Shkrimtari enverist <strong>Naum Prifti<\/strong> edhe ka shkruar p\u00ebr k\u00ebt\u00eb gj\u00eb n\u00eb shtypin e Tiran\u00ebs, kuptohet &#8211; ashtu si\u00e7 e kan\u00eb instruktuar. Si\u00e7 shihet edhe n\u00eb sajtin tuaj, p\u00ebr k\u00ebt\u00eb gj\u00eb na paska shkruar edhe <strong>Kadri Osmani<\/strong>, shkrimtar antienverist, q\u00eb dikur e ka hyjnizuar Kapllan Resulin, po q\u00eb kur e ka marr\u00eb vesh se nuk jam ai q\u00eb mendonte ai, u t\u00ebrbua dhe \u2013 lexuesit e k\u00ebtij sajti tani e din\u00eb se \u00e7\u2019ka trilluar e shkruar kund\u00ebr meje.<\/p>\n<p>Q\u00eb t\u00eb mos e zgjas, ja fotokopia e letr\u00ebs zyrtare t\u00eb presidentit t\u00eb Akademis\u00eb s\u00eb Shkencave dhe t\u00eb Arteve, zot\u00ebri prof. dr. <strong>Sk\u00ebnder Rizaj<\/strong>, me t\u00eb cil\u00ebn m\u00eb ka v\u00ebn\u00eb n\u00eb dijeni se <strong>si shkrimtar<\/strong> m\u00eb kan\u00eb shpallur <strong>AN\u00cbTAR NDERI<\/strong> t\u00eb Asaj Akademie, kurse <strong>si filolog<\/strong> m\u00eb kan\u00eb kooptuar p\u00ebr <strong>an\u00ebtar t\u00eb zakonsh\u00ebm<\/strong>. Si t\u00eb till\u00eb m\u00eb kan\u00eb ngarkuar edhe detyr\u00ebn e <strong>Sekretarit t\u00eb Seksionit t\u00eb Gjuh\u00ebs dhe t\u00eb Let\u00ebrsis\u00eb Shqipe<\/strong> t\u00eb Asaj Akademie. Si sekretar, n\u00eb baz\u00eb t\u00eb statutit, jam edhe <strong>z\u00ebvend\u00ebs i par\u00eb i presidentit t\u00eb Akademis\u00eb<\/strong> n\u00eb fjal\u00eb. N\u00eb t\u00eb gjitha detyrat i shoq\u00ebruar me gradat <strong>profesor<\/strong> dhe <strong>doktor<\/strong>.<\/p>\n<p><strong> <\/strong><\/p>\n<p><strong> <\/strong><\/p>\n<p><strong> <\/strong><\/p>\n<p><a href=\"http:\/\/www.visit-ulcinj.com\/blog\/wp-content\/uploads\/2010\/11\/Prof.-Dr.-Kapllan-RESULI.jpg\"><img loading=\"lazy\" class=\"alignleft size-medium wp-image-39781\" title=\"Prof. Dr. Kapllan RESULI\" src=\"http:\/\/www.visit-ulcinj.com\/blog\/wp-content\/uploads\/2010\/11\/Prof.-Dr.-Kapllan-RESULI-206x300.jpg\" alt=\"\" width=\"206\" height=\"300\" srcset=\"https:\/\/www.visit-ulcinj.com\/blog\/wp-content\/uploads\/2010\/11\/Prof.-Dr.-Kapllan-RESULI-206x300.jpg 206w, https:\/\/www.visit-ulcinj.com\/blog\/wp-content\/uploads\/2010\/11\/Prof.-Dr.-Kapllan-RESULI.jpg 474w\" sizes=\"(max-width: 206px) 100vw, 206px\" \/><\/a>K\u00ebt\u00eb gj\u00eb mund ta shihni edhe n\u00eb revist\u00ebn zyrtare t\u00eb Asaj Akademike <strong>SHKENCAT DHE ARTET SHQIPTARE<\/strong> Viti I, Nr. 1-4, Prishtin\u00eb-Istanbul-Tiran\u00eb 1993, ku \u00ebsht\u00eb botuar ORGANIKA E ASAJ AKADEMIKE dhe qart thuhet se, si sekretar i Seksionit t\u00eb p\u00ebrmendur jam edhe <strong>z\u00ebvend\u00ebs-president<\/strong> i Asaj Akademie.<\/p>\n<p>Sa p\u00ebr dijeni: mua m\u00eb \u00ebsht\u00eb afruar edhe posti i presidentit t\u00eb Akademis\u00eb s\u00eb Shkiencave t\u00eb Shqip\u00ebris\u00eb (Apo jo o <strong>Luan Isufi<\/strong>?!) dhe un\u00eb, me nj\u00eb deklarat\u00eb q\u00eb e b\u00ebra p\u00ebrmes shtypit, e refuzova at\u00eb post.<\/p>\n<p>Ata q\u00eb ulurijn\u00eb kund\u00ebr meje se nuk qenkam akademik, se nuk i paskam as gradat shkencore t\u00eb p\u00ebrmendura (Ka t\u00eb till\u00eb q\u00eb m\u00eb mohojn\u00eb edhe arsimin e lart\u00eb! Apo jo, o <strong>Agim Spuzha<\/strong>?!) e din\u00eb shum\u00eb mir se g\u00ebnjejn\u00eb. G\u00ebnjeshtra ka qen\u00eb, \u00ebsht\u00eb dhe do t\u00eb mbetet arma e tyre e preferuar kund\u00ebr meje. E \u00e7far\u00eb arme tjet\u00ebr mund t\u00eb ken\u00eb, kur e v\u00ebrteta \u00ebsht\u00eb kund\u00ebr tyre?!<\/p>\n<p>Po un\u00eb u them t\u00eb gjith\u00ebve, edhe atyre q\u00eb nuk hyjn\u00eb n\u00eb kategorin\u00eb e k\u00ebtyre shqiptar\u00ebve mohues t\u00eb emrit e t\u00eb personalitetit tim, t\u00eb vepr\u00ebs e t\u00eb sakrific\u00ebs, t\u00eb vetmohimit tim m\u00eb t\u00eb jasht\u00ebzakonsh\u00ebm, por ama q\u00eb po q\u00ebndrojn\u00eb m\u00eb nj\u00eb an\u00eb si sehrixhinj\u00eb indiferent: Mua nuk m\u00eb ka b\u00ebr\u00eb akademik, as profesor dhe as doktor, Sk\u00ebnder Rizaj me koleg\u00ebt e tij\u00eb t\u00eb udh\u00ebheqjes s\u00eb Asaj Akademie. Mua m\u00eb kan\u00eb b\u00ebr\u00eb profesor, doktor dhe akademik veprat e mija, shum\u00eb mir t\u00eb njohura jo vet\u00ebm nga shqiptar\u00ebt, por an\u00eb e k\u00ebnd bot\u00ebs. Si t\u00eb till\u00eb mua m\u00eb ka njohur, jo vet\u00ebm p\u00ebr akademik, por edhe p\u00ebr <strong><em>famous Albanian dissident and historian<\/em><\/strong>, edhe <strong>Universiteti i New Yorkut<\/strong>, q\u00eb edhe m\u2019i ka botuar tezat e mija albanologjike anglisht. Shiheni, se k\u00ebt\u00eb gj\u00eb e keni t\u00eb shpallur edhe n\u00eb sajtin e Atij Universitetit!<\/p>\n<p>M\u00eb ka njohur edhe enciklopedia bot\u00ebrore <strong>WIKIPEDIA<\/strong>.<\/p>\n<p>Koh\u00ebve t\u00eb fundit shoh se m\u00eb paskan futur edhe n\u00eb WIKIPEDIA-n s\u00ebrbe, bile edhe n\u00eb WIKIPEDIA-n\u00eb shqiptare!<\/p>\n<p>Po \u00ebsht\u00eb e v\u00ebrtet\u00eb q\u00eb mua askush nuk m\u00eb pagon as rrog\u00eb dhe as pension. Bile, edhe p\u00ebr shkrimet q\u00eb po m\u00eb botohen dita dit\u00ebs, askush nuk m\u00eb ka paguar dhe nuk m\u00eb pagon asnj\u00ebfar\u00eb honorari, me p\u00ebrjashtim t\u00eb 500 markave q\u00eb m\u2019i ka dh\u00ebn\u00eb <strong>Ibrahim Kelmendi<\/strong> (p\u00ebr 100.000 kopje t\u00eb romanit TRADHTIA!) dhe <strong>Sali Kabashi<\/strong> 50 franga zviceran\u00eb, q\u00eb m\u2019i ka dh\u00ebn\u00eb p\u00ebr nj\u00eb cik\u00ebl poezirash t\u00eb botuara n\u00eb revin\u00eb e tij REPUBLIKA. P\u00ebr mua rroft\u00eb e qoft\u00eb populli zviceran, se sikur ai t\u00eb mos m\u00eb jepte nj\u00eb kafshat\u00eb buk\u00eb, p\u00ebr sa u p\u00ebrket <em>\u201eshkieve\u201c<\/em> (O Toni!) do t\u00eb kisha vdekur nga uria.<\/p>\n<p>K\u00ebto dit\u00eb lexova nj\u00eb artikull, m\u00eb duket t\u00eb shkrimtarit <strong>Ramiz Kelmeni<\/strong>, ku shkruante p\u00ebr ata q\u00eb, n\u00eb Universtetin e Prishtin\u00ebs e t\u00eb Tetov\u00ebs, kan\u00eb bler\u00eb e blejn\u00eb jo vet\u00ebm diploma, por edhe grada shkencore, doktor e profesor, bile edhe titullin akademik. K\u00ebtyre <em>\u201eshkiet\u201c <\/em>(si\u00e7 shprehet Toni n\u00eb k\u00ebt\u00eb sajt!) u kan\u00eb paguar dhe u pagojn\u00eb rroga, honorare t\u00eb majme dhe pensione. Prandaj mos u habitni q\u00eb kan\u00eb p\u00ebrkrahur klikat social-fashiste n\u00eb pushtet, duke dal\u00eb edhe si jallan shehit\u00ebr kund\u00ebr nesh, n\u00ebp\u00ebr sallat e gjyqeve, q\u00eb na jan\u00eb kurdisur prej pushtetit me ndihm\u00ebn e gjithan\u00ebshme dhe antiligjore t\u00eb k\u00ebtyre akademik\u00ebve, profesorave dhe doktorave. Nj\u00eb fjal\u00eb e urt\u00eb e popullit thot\u00eb: <strong><em>qeni leh aty ku han\u00eb!<\/em><\/strong><\/p>\n<p>Ju, q\u00eb m\u00eb keni p\u00ebrgojuar e po m\u00eb p\u00ebrgojoni mar e prapsht, po t\u00eb ishit me nj\u00eb \u00e7ik sed\u00ebr, nder e dinjitet, p\u00ebr <strong>k\u00ebta<\/strong> akademik\u00eb, profesora e doktora duhej t\u00eb interesoheshit nga i kan\u00eb gradat e titujt, se edhe <em>\u201eshkiet\u201c<\/em> (!) nuk i kan\u00eb paguar dhe nuk po i pagojn\u00eb me djers\u00ebn e tyre, por me djers\u00ebn e popullit, ndoshta edhe me djers\u00ebn tuaj. Bile \u2013 i kan\u00eb paguar edhe me gjakun e popullit! P\u00ebr <strong>k\u00ebta<\/strong> duhej t\u00eb interesoheshit dhe t\u00eb pyesnit, e jo p\u00ebr mua, q\u00eb deri m\u00eb sot nuk ju kam kushtuar asnj\u00eb centim.<\/p>\n<p>P\u00ebr mua do t\u00eb ishte e udh\u00ebs t\u00eb b\u00ebni pyetjen p\u00ebrse k\u00ebta <em>\u201eshkie\u201c<\/em> (q\u00eb aq shum\u00eb e dashkan Kapllan mavrin\u00eb! Kadri Osmani thot\u00eb p\u00ebr Kapllanin se ishte <em>\u201emik i Momir Bullatoviqit, q\u00eb n\u00ebnkupton se ishte edhe mik i Sllobodan Millosheviqit\u201c<\/em>!) sot e k\u00ebsaj dite nuk i japin as nj\u00eb kasolle me kasht\u00eb p\u00ebr t\u00eb futur kok\u00ebn.<\/p>\n<p>Si\u00e7 duhet ta dini, akademik\u00ebve, profesorave dhe doktorave tuaj (<em>t\u00eb dashur e t\u00eb respektuar, t\u00eb nderuar<\/em> nga ju, ndoshta pse kan\u00eb dal\u00eb edhe d\u00ebshmitar\u00eb n\u00ebp\u00ebr sallat e gjyqeve t\u00eb kurdisura kund\u00ebr meje dhe shok\u00ebve t\u00eb mi), jo vet\u00ebm q\u00eb <em>\u201eshkiet\u201c<\/em> ua kan\u00eb b\u00ebr\u00eb t\u00eb mundur q\u00eb me rrogat e honorar\u00ebt e tyre t\u00eb nd\u00ebrtojn\u00eb sht\u00ebpia, por edhe ua kan\u00eb b\u00ebr\u00eb t\u00eb mundur q\u00eb edhe t\u00eb privatizojn\u00eb p\u00ebr asgj\u00eb banesat shtet\u00ebrore, k\u00ebshtu q\u00eb pothuajse t\u00eb gjith\u00eb nj\u00eb sht\u00ebpi e kan\u00eb n\u00eb Ulqin dhe nj\u00eb tjet\u00ebr atje \u2013 n\u00eb Prishtin\u00eb. Apo nuk \u00ebsht\u00eb e v\u00ebrtet\u00eb kjo gj\u00eb, o <strong>Bahri Brisku<\/strong>?! N\u00eb Tiran\u00eb <strong>Ismail Kadare<\/strong> ka privatizuar dy apartamenta, n\u00eb nj\u00eb koh\u00eb q\u00eb mua <em>\u201eantienverist\u00ebt\u201c<\/em> n\u00eb pushtet sot e k\u00ebsaj dite nuk m\u00eb japin as banes\u00ebn q\u00eb m\u00eb takon si i persekutuar politik. Apo nuk \u00ebsht\u00eb k\u00ebshtu, o <strong>Sali Berisha<\/strong>?! Ky Sali mavrija edhe kur ishte president i Shqip\u00ebris\u00eb \u00ebsht\u00eb marr\u00eb me problemin e banes\u00ebs sime, por \u2013 n\u00eb vend q\u00eb ta zgjidhte \u2013 besoj se u bind q\u00eb n\u00eb Shqip\u00ebri, edhe si president, ai kishte n\u00eb duar vet\u00ebm \u00e7elsat e kasht\u00ebs. Po, edhe <strong><em>carta bianca<\/em><\/strong>-n q\u00eb t\u00eb ulurinte se ia ka ngr\u00ebn\u00eb hallv\u00ebn komunizmit. \u00c7\u2019\u00ebsht\u00eb e v\u00ebrteta, edhe ia ka ngr\u00ebn\u00eb! Bile qysh me koh\u00eb dhe me lug\u00ebn e Enver Hoxh\u00ebs. Edhe me Enver Hoxh\u00ebn, ashtu \u2013 s\u00eb bashku, duke rrahur gjoksin p\u00ebr t\u00eb vetmit marksist-leninista n\u00eb bot\u00eb! N\u00eb pritje q\u00eb t\u00eb ngrihet nga varri m\u00ebsuesi dhe udh\u00ebheq\u00ebsi i tyre shpirt\u00ebror Josif Visarionovi\u00e7 Stalini, k\u00ebshtu po luhet cic-mici, or BALLIST, n\u00eb t\u00eb gjitha vendet ish <em>\u201esocialliste\u201c<\/em>.<\/p>\n<p>Kaq p\u00ebr gradat e mija shkencore dhe titullin akademik. Kush do t\u00eb dij\u00eb holl\u00ebsira t\u00eb tjera, t\u00eb lexoj\u00eb vepr\u00ebn time <strong>SHPALLJE<\/strong>, botuar n\u00eb revin\u00eb YLBERI Viti VII, Nr. 10, Gjenev\u00eb, dhjetor 1999, f. 24-25.<\/p>\n<p><strong>Prof. Dr. Kapllan RESULI<em> &#8211; akademik<br \/>\n<a href=\"http:\/\/www.visit-ulcinj.com\/blog\/wp-content\/uploads\/2010\/11\/Kapllan-Resuli.jpg\"><img loading=\"lazy\" class=\"alignleft size-full wp-image-40207\" title=\"Kapllan Resuli\" src=\"http:\/\/www.visit-ulcinj.com\/blog\/wp-content\/uploads\/2010\/11\/Kapllan-Resuli.jpg\" alt=\"\" width=\"490\" height=\"480\" \/><\/a><\/em><\/strong><\/p>\n","protected":false},"excerpt":{"rendered":"<p>GRADAT E MIJA SHKENCORE DHE TITULLI AKADEMIK E nderuara Redaksi, Si\u00e7 shoh nga komentat e botuar n\u00eb sajtin tuaj, komentator\u00ebt jan\u00eb t\u00eb interesuar p\u00ebr t\u00eb ditur nga i kam gradat shkencore profesor e doktor, si dhe titullin akademik. Sa p\u00ebr dijeni k\u00ebt\u00eb interesim e kan\u00eb treguar edhe shum\u00eb t\u00eb tjer\u00eb. Shkrimtari enverist Naum Prifti edhe [&hellip;]<\/p>\n","protected":false},"author":1,"featured_media":0,"comment_status":"open","ping_status":"closed","sticky":false,"template":"","format":"standard","meta":{"spay_email":"","jetpack_publicize_message":"","jetpack_is_tweetstorm":false,"jetpack_publicize_feature_enabled":true},"categories":[14249],"tags":[16357],"jetpack_publicize_connections":[],"yoast_head":"<!-- This site is optimized with the Yoast SEO plugin v19.1 - https:\/\/yoast.com\/wordpress\/plugins\/seo\/ -->\n<title>Kapllan Resuli: Gradat e mija shkencore dhe titulli akademik - Lajme nga Ulqini<\/title>\n<meta name=\"description\" content=\"GRADAT E MIJA SHKENCORE DHE TITULLI AKADEMIK E nderuara Redaksi, Si\u00e7 shoh nga komentat e botuar n\u00eb sajtin tuaj, komentator\u00ebt jan\u00eb t\u00eb interesuar p\u00ebr t\u00eb\" \/>\n<meta name=\"robots\" content=\"index, follow, max-snippet:-1, max-image-preview:large, max-video-preview:-1\" \/>\n<link rel=\"canonical\" href=\"https:\/\/www.visit-ulcinj.com\/blog\/2010\/11\/16\/kapllan-resuli-gradat-e-mija-shkencore-dhe-titulli-akademik\/\" \/>\n<meta property=\"og:locale\" content=\"en_US\" \/>\n<meta property=\"og:type\" content=\"article\" \/>\n<meta property=\"og:title\" content=\"Kapllan Resuli: Gradat e mija shkencore dhe titulli akademik - Lajme nga Ulqini\" \/>\n<meta property=\"og:description\" content=\"GRADAT E MIJA SHKENCORE DHE TITULLI AKADEMIK E nderuara Redaksi, Si\u00e7 shoh nga komentat e botuar n\u00eb sajtin tuaj, komentator\u00ebt jan\u00eb t\u00eb interesuar p\u00ebr t\u00eb\" \/>\n<meta property=\"og:url\" content=\"https:\/\/www.visit-ulcinj.com\/blog\/2010\/11\/16\/kapllan-resuli-gradat-e-mija-shkencore-dhe-titulli-akademik\/\" \/>\n<meta property=\"og:site_name\" content=\"Lajme nga Ulqini\" \/>\n<meta property=\"article:published_time\" content=\"2010-11-16T18:02:53+00:00\" \/>\n<meta property=\"article:modified_time\" content=\"2010-11-27T07:17:44+00:00\" \/>\n<meta property=\"og:image\" content=\"http:\/\/www.visit-ulcinj.com\/blog\/wp-content\/uploads\/2010\/11\/Prof.Dr_.-KAPLLAN-RESULIakademik.jpg\" \/>\n<meta name=\"twitter:label1\" content=\"Written by\" \/>\n\t<meta name=\"twitter:data1\" content=\"ulqini\" \/>\n\t<meta name=\"twitter:label2\" content=\"Est. reading time\" \/>\n\t<meta name=\"twitter:data2\" content=\"7 minutes\" \/>\n<script type=\"application\/ld+json\" class=\"yoast-schema-graph\">{\"@context\":\"https:\/\/schema.org\",\"@graph\":[{\"@type\":\"WebSite\",\"@id\":\"https:\/\/www.visit-ulcinj.com\/blog\/#website\",\"url\":\"https:\/\/www.visit-ulcinj.com\/blog\/\",\"name\":\"Lajme nga Ulqini\",\"description\":\"Lajme,Vijesti,Ulqini,Ulqin,Crna Gora,Mali i Zi\",\"potentialAction\":[{\"@type\":\"SearchAction\",\"target\":{\"@type\":\"EntryPoint\",\"urlTemplate\":\"https:\/\/www.visit-ulcinj.com\/blog\/?s={search_term_string}\"},\"query-input\":\"required name=search_term_string\"}],\"inLanguage\":\"en-US\"},{\"@type\":\"ImageObject\",\"inLanguage\":\"en-US\",\"@id\":\"https:\/\/www.visit-ulcinj.com\/blog\/2010\/11\/16\/kapllan-resuli-gradat-e-mija-shkencore-dhe-titulli-akademik\/#primaryimage\",\"url\":\"http:\/\/www.visit-ulcinj.com\/blog\/wp-content\/uploads\/2010\/11\/Prof.Dr_.-KAPLLAN-RESULIakademik.jpg\",\"contentUrl\":\"http:\/\/www.visit-ulcinj.com\/blog\/wp-content\/uploads\/2010\/11\/Prof.Dr_.-KAPLLAN-RESULIakademik.jpg\"},{\"@type\":\"WebPage\",\"@id\":\"https:\/\/www.visit-ulcinj.com\/blog\/2010\/11\/16\/kapllan-resuli-gradat-e-mija-shkencore-dhe-titulli-akademik\/#webpage\",\"url\":\"https:\/\/www.visit-ulcinj.com\/blog\/2010\/11\/16\/kapllan-resuli-gradat-e-mija-shkencore-dhe-titulli-akademik\/\",\"name\":\"Kapllan Resuli: Gradat e mija shkencore dhe titulli akademik - Lajme nga Ulqini\",\"isPartOf\":{\"@id\":\"https:\/\/www.visit-ulcinj.com\/blog\/#website\"},\"primaryImageOfPage\":{\"@id\":\"https:\/\/www.visit-ulcinj.com\/blog\/2010\/11\/16\/kapllan-resuli-gradat-e-mija-shkencore-dhe-titulli-akademik\/#primaryimage\"},\"datePublished\":\"2010-11-16T18:02:53+00:00\",\"dateModified\":\"2010-11-27T07:17:44+00:00\",\"author\":{\"@id\":\"https:\/\/www.visit-ulcinj.com\/blog\/#\/schema\/person\/dcab619c614d3038751c63bc2aadc06d\"},\"description\":\"GRADAT E MIJA SHKENCORE DHE TITULLI AKADEMIK E nderuara Redaksi, Si\u00e7 shoh nga komentat e botuar n\u00eb sajtin tuaj, komentator\u00ebt jan\u00eb t\u00eb interesuar p\u00ebr t\u00eb\",\"breadcrumb\":{\"@id\":\"https:\/\/www.visit-ulcinj.com\/blog\/2010\/11\/16\/kapllan-resuli-gradat-e-mija-shkencore-dhe-titulli-akademik\/#breadcrumb\"},\"inLanguage\":\"en-US\",\"potentialAction\":[{\"@type\":\"ReadAction\",\"target\":[\"https:\/\/www.visit-ulcinj.com\/blog\/2010\/11\/16\/kapllan-resuli-gradat-e-mija-shkencore-dhe-titulli-akademik\/\"]}]},{\"@type\":\"BreadcrumbList\",\"@id\":\"https:\/\/www.visit-ulcinj.com\/blog\/2010\/11\/16\/kapllan-resuli-gradat-e-mija-shkencore-dhe-titulli-akademik\/#breadcrumb\",\"itemListElement\":[{\"@type\":\"ListItem\",\"position\":1,\"name\":\"Kapllan Resuli: Gradat e mija shkencore dhe titulli akademik\"}]},{\"@type\":\"Person\",\"@id\":\"https:\/\/www.visit-ulcinj.com\/blog\/#\/schema\/person\/dcab619c614d3038751c63bc2aadc06d\",\"name\":\"ulqini\",\"sameAs\":[\"http:\/\/www.visit-ulcinj.com\"],\"url\":\"https:\/\/www.visit-ulcinj.com\/blog\/author\/admin\/\"}]}<\/script>\n<!-- \/ Yoast SEO plugin. -->","yoast_head_json":{"title":"Kapllan Resuli: Gradat e mija shkencore dhe titulli akademik - Lajme nga Ulqini","description":"GRADAT E MIJA SHKENCORE DHE TITULLI AKADEMIK E nderuara Redaksi, Si\u00e7 shoh nga komentat e botuar n\u00eb sajtin tuaj, komentator\u00ebt jan\u00eb t\u00eb interesuar p\u00ebr t\u00eb","robots":{"index":"index","follow":"follow","max-snippet":"max-snippet:-1","max-image-preview":"max-image-preview:large","max-video-preview":"max-video-preview:-1"},"canonical":"https:\/\/www.visit-ulcinj.com\/blog\/2010\/11\/16\/kapllan-resuli-gradat-e-mija-shkencore-dhe-titulli-akademik\/","og_locale":"en_US","og_type":"article","og_title":"Kapllan Resuli: Gradat e mija shkencore dhe titulli akademik - Lajme nga Ulqini","og_description":"GRADAT E MIJA SHKENCORE DHE TITULLI AKADEMIK E nderuara Redaksi, Si\u00e7 shoh nga komentat e botuar n\u00eb sajtin tuaj, komentator\u00ebt jan\u00eb t\u00eb interesuar p\u00ebr t\u00eb","og_url":"https:\/\/www.visit-ulcinj.com\/blog\/2010\/11\/16\/kapllan-resuli-gradat-e-mija-shkencore-dhe-titulli-akademik\/","og_site_name":"Lajme nga Ulqini","article_published_time":"2010-11-16T18:02:53+00:00","article_modified_time":"2010-11-27T07:17:44+00:00","og_image":[{"url":"http:\/\/www.visit-ulcinj.com\/blog\/wp-content\/uploads\/2010\/11\/Prof.Dr_.-KAPLLAN-RESULIakademik.jpg"}],"twitter_misc":{"Written by":"ulqini","Est. reading time":"7 minutes"},"schema":{"@context":"https:\/\/schema.org","@graph":[{"@type":"WebSite","@id":"https:\/\/www.visit-ulcinj.com\/blog\/#website","url":"https:\/\/www.visit-ulcinj.com\/blog\/","name":"Lajme nga Ulqini","description":"Lajme,Vijesti,Ulqini,Ulqin,Crna Gora,Mali i Zi","potentialAction":[{"@type":"SearchAction","target":{"@type":"EntryPoint","urlTemplate":"https:\/\/www.visit-ulcinj.com\/blog\/?s={search_term_string}"},"query-input":"required name=search_term_string"}],"inLanguage":"en-US"},{"@type":"ImageObject","inLanguage":"en-US","@id":"https:\/\/www.visit-ulcinj.com\/blog\/2010\/11\/16\/kapllan-resuli-gradat-e-mija-shkencore-dhe-titulli-akademik\/#primaryimage","url":"http:\/\/www.visit-ulcinj.com\/blog\/wp-content\/uploads\/2010\/11\/Prof.Dr_.-KAPLLAN-RESULIakademik.jpg","contentUrl":"http:\/\/www.visit-ulcinj.com\/blog\/wp-content\/uploads\/2010\/11\/Prof.Dr_.-KAPLLAN-RESULIakademik.jpg"},{"@type":"WebPage","@id":"https:\/\/www.visit-ulcinj.com\/blog\/2010\/11\/16\/kapllan-resuli-gradat-e-mija-shkencore-dhe-titulli-akademik\/#webpage","url":"https:\/\/www.visit-ulcinj.com\/blog\/2010\/11\/16\/kapllan-resuli-gradat-e-mija-shkencore-dhe-titulli-akademik\/","name":"Kapllan Resuli: Gradat e mija shkencore dhe titulli akademik - Lajme nga Ulqini","isPartOf":{"@id":"https:\/\/www.visit-ulcinj.com\/blog\/#website"},"primaryImageOfPage":{"@id":"https:\/\/www.visit-ulcinj.com\/blog\/2010\/11\/16\/kapllan-resuli-gradat-e-mija-shkencore-dhe-titulli-akademik\/#primaryimage"},"datePublished":"2010-11-16T18:02:53+00:00","dateModified":"2010-11-27T07:17:44+00:00","author":{"@id":"https:\/\/www.visit-ulcinj.com\/blog\/#\/schema\/person\/dcab619c614d3038751c63bc2aadc06d"},"description":"GRADAT E MIJA SHKENCORE DHE TITULLI AKADEMIK E nderuara Redaksi, Si\u00e7 shoh nga komentat e botuar n\u00eb sajtin tuaj, komentator\u00ebt jan\u00eb t\u00eb interesuar p\u00ebr t\u00eb","breadcrumb":{"@id":"https:\/\/www.visit-ulcinj.com\/blog\/2010\/11\/16\/kapllan-resuli-gradat-e-mija-shkencore-dhe-titulli-akademik\/#breadcrumb"},"inLanguage":"en-US","potentialAction":[{"@type":"ReadAction","target":["https:\/\/www.visit-ulcinj.com\/blog\/2010\/11\/16\/kapllan-resuli-gradat-e-mija-shkencore-dhe-titulli-akademik\/"]}]},{"@type":"BreadcrumbList","@id":"https:\/\/www.visit-ulcinj.com\/blog\/2010\/11\/16\/kapllan-resuli-gradat-e-mija-shkencore-dhe-titulli-akademik\/#breadcrumb","itemListElement":[{"@type":"ListItem","position":1,"name":"Kapllan Resuli: Gradat e mija shkencore dhe titulli akademik"}]},{"@type":"Person","@id":"https:\/\/www.visit-ulcinj.com\/blog\/#\/schema\/person\/dcab619c614d3038751c63bc2aadc06d","name":"ulqini","sameAs":["http:\/\/www.visit-ulcinj.com"],"url":"https:\/\/www.visit-ulcinj.com\/blog\/author\/admin\/"}]}},"jetpack_featured_media_url":"","jetpack_sharing_enabled":true,"jetpack_shortlink":"https:\/\/wp.me\/pe6lTn-alC","_links":{"self":[{"href":"https:\/\/www.visit-ulcinj.com\/blog\/wp-json\/wp\/v2\/posts\/39780"}],"collection":[{"href":"https:\/\/www.visit-ulcinj.com\/blog\/wp-json\/wp\/v2\/posts"}],"about":[{"href":"https:\/\/www.visit-ulcinj.com\/blog\/wp-json\/wp\/v2\/types\/post"}],"author":[{"embeddable":true,"href":"https:\/\/www.visit-ulcinj.com\/blog\/wp-json\/wp\/v2\/users\/1"}],"replies":[{"embeddable":true,"href":"https:\/\/www.visit-ulcinj.com\/blog\/wp-json\/wp\/v2\/comments?post=39780"}],"version-history":[{"count":0,"href":"https:\/\/www.visit-ulcinj.com\/blog\/wp-json\/wp\/v2\/posts\/39780\/revisions"}],"wp:attachment":[{"href":"https:\/\/www.visit-ulcinj.com\/blog\/wp-json\/wp\/v2\/media?parent=39780"}],"wp:term":[{"taxonomy":"category","embeddable":true,"href":"https:\/\/www.visit-ulcinj.com\/blog\/wp-json\/wp\/v2\/categories?post=39780"},{"taxonomy":"post_tag","embeddable":true,"href":"https:\/\/www.visit-ulcinj.com\/blog\/wp-json\/wp\/v2\/tags?post=39780"}],"curies":[{"name":"wp","href":"https:\/\/api.w.org\/{rel}","templated":true}]}}