{"id":39802,"date":"2010-11-18T12:07:30","date_gmt":"2010-11-18T11:07:30","guid":{"rendered":"http:\/\/www.visit-ulcinj.com\/blog\/?p=39802"},"modified":"2010-11-18T12:07:30","modified_gmt":"2010-11-18T11:07:30","slug":"dafina-%e2%80%9cpo-mpelqen%e2%80%9d-nje-klip-%e2%80%98crazy%e2%80%99","status":"publish","type":"post","link":"https:\/\/www.visit-ulcinj.com\/blog\/2010\/11\/18\/dafina-%e2%80%9cpo-mpelqen%e2%80%9d-nje-klip-%e2%80%98crazy%e2%80%99\/","title":{"rendered":"Dafina: \u201cPo m&#8217;p\u00eblqen\u201d &#8211; nj\u00eb klip \u2018crazy\u2019"},"content":{"rendered":"<p><strong><a href=\"http:\/\/www.visit-ulcinj.com\/blog\/wp-content\/uploads\/2010\/11\/Dafina-Zeqiri.jpg\"><img loading=\"lazy\" class=\"alignleft size-full wp-image-39804\" title=\"Dafina Zeqiri\" src=\"http:\/\/www.visit-ulcinj.com\/blog\/wp-content\/uploads\/2010\/11\/Dafina-Zeqiri.jpg\" alt=\"\" width=\"490\" height=\"380\" \/><\/a>Dafina Zeqiri nuk d\u00ebshiron t\u00eb pushoj\u00eb as n\u00eb dit\u00ebt e ftohta. K\u00ebng\u00ebtarja kosovare sapo ka filluar xhirimet e videoklipit t\u00eb k\u00ebng\u00ebs \u201cPo m&#8217;p\u00eblqen\u201d, p\u00ebr t\u00eb cilin thot\u00eb se do t\u00eb jet\u00eb \u2018crazy\u2019<\/strong><\/p>\n<p>K\u00ebnga \u00ebsht\u00eb nj\u00eb duet i Dafin\u00ebs me reperin Ledri, nd\u00ebrsa videoklipin ata ia kan\u00eb besuar kompanis\u00eb \u201cEntermedia\u201d.<\/p>\n<p>\u201cNes\u00ebr (e enjte) do t\u00eb fillojm\u00eb me xhirime. Jemi p\u00ebrgatitur shum\u00eb dhe besoj q\u00eb do t\u00eb jet\u00eb nj\u00eb videoklip \u2018crazy\u2019. Videoklipi do t\u00eb xhirohet n\u00eb Prishtin\u00eb dhe shpresoj q\u00eb do t\u00eb mir\u00ebpritet nga publiku\u201d, ka th\u00ebn\u00eb Dafina p\u00ebr Telegrafi.com.<\/p>\n<p>Ajo gjithashtu ka zbuluar se s\u00eb shpejti do t\u00eb dal\u00eb edhe me nj\u00eb k\u00ebng\u00eb tjet\u00ebr n\u00eb gjuh\u00ebn angeleze, pa dashur t\u00eb zbuloj m\u00eb shum\u00eb.<\/p>\n<p>\u201cKam p\u00ebrfunudar nj\u00eb k\u00ebng\u00eb n\u00eb gjuh\u00ebn e angleze dhe besoj q\u00eb s\u00eb shpejti do ta publikoj, por nuk d\u00ebshiroj t\u00eb jap m\u00eb shum\u00eb detaje sepse dua t\u00eb mbetet befasi\u201d, ka p\u00ebrfunduar Daffy.<\/p>\n<p><strong>Telegrafi<br \/>\n<br \/>\n<!--YouTube Error: bad URL entered--><\/p>\n","protected":false},"excerpt":{"rendered":"<p>Dafina Zeqiri nuk d\u00ebshiron t\u00eb pushoj\u00eb as n\u00eb dit\u00ebt e ftohta. K\u00ebng\u00ebtarja kosovare sapo ka filluar xhirimet e videoklipit t\u00eb k\u00ebng\u00ebs \u201cPo m&#8217;p\u00eblqen\u201d, p\u00ebr t\u00eb cilin thot\u00eb se do t\u00eb jet\u00eb \u2018crazy\u2019 K\u00ebnga \u00ebsht\u00eb nj\u00eb duet i Dafin\u00ebs me reperin Ledri, nd\u00ebrsa videoklipin ata ia kan\u00eb besuar kompanis\u00eb \u201cEntermedia\u201d. \u201cNes\u00ebr (e enjte) do t\u00eb fillojm\u00eb [&hellip;]<\/p>\n","protected":false},"author":1,"featured_media":0,"comment_status":"open","ping_status":"closed","sticky":false,"template":"","format":"standard","meta":{"spay_email":"","jetpack_publicize_message":"","jetpack_is_tweetstorm":false,"jetpack_publicize_feature_enabled":true},"categories":[1],"tags":[4926],"jetpack_publicize_connections":[],"yoast_head":"<!-- This site is optimized with the Yoast SEO plugin v19.1 - https:\/\/yoast.com\/wordpress\/plugins\/seo\/ -->\n<title>Dafina: \u201cPo m&#039;p\u00eblqen\u201d - nj\u00eb klip \u2018crazy\u2019 - Lajme nga Ulqini<\/title>\n<meta name=\"description\" content=\"Dafina Zeqiri nuk d\u00ebshiron t\u00eb pushoj\u00eb as n\u00eb dit\u00ebt e ftohta. K\u00ebng\u00ebtarja kosovare sapo ka filluar xhirimet e videoklipit t\u00eb k\u00ebng\u00ebs \u201cPo m&#039;p\u00eblqen\u201d, p\u00ebr t\u00eb\" \/>\n<meta name=\"robots\" content=\"index, follow, max-snippet:-1, max-image-preview:large, max-video-preview:-1\" \/>\n<link rel=\"canonical\" href=\"https:\/\/www.visit-ulcinj.com\/blog\/2010\/11\/18\/dafina-\u201cpo-mpelqen\u201d-nje-klip-\u2018crazy\u2019\/\" \/>\n<meta property=\"og:locale\" content=\"en_US\" \/>\n<meta property=\"og:type\" content=\"article\" \/>\n<meta property=\"og:title\" content=\"Dafina: \u201cPo m&#039;p\u00eblqen\u201d - nj\u00eb klip \u2018crazy\u2019 - Lajme nga Ulqini\" \/>\n<meta property=\"og:description\" content=\"Dafina Zeqiri nuk d\u00ebshiron t\u00eb pushoj\u00eb as n\u00eb dit\u00ebt e ftohta. K\u00ebng\u00ebtarja kosovare sapo ka filluar xhirimet e videoklipit t\u00eb k\u00ebng\u00ebs \u201cPo m&#039;p\u00eblqen\u201d, p\u00ebr t\u00eb\" \/>\n<meta property=\"og:url\" content=\"https:\/\/www.visit-ulcinj.com\/blog\/2010\/11\/18\/dafina-\u201cpo-mpelqen\u201d-nje-klip-\u2018crazy\u2019\/\" \/>\n<meta property=\"og:site_name\" content=\"Lajme nga Ulqini\" \/>\n<meta property=\"article:published_time\" content=\"2010-11-18T11:07:30+00:00\" \/>\n<meta property=\"og:image\" content=\"https:\/\/www.visit-ulcinj.com\/blog\/wp-content\/uploads\/2010\/11\/Dafina-Zeqiri-150x150.jpg\" \/>\n<meta name=\"twitter:label1\" content=\"Written by\" \/>\n\t<meta name=\"twitter:data1\" content=\"ulqini\" \/>\n\t<meta name=\"twitter:label2\" content=\"Est. reading time\" \/>\n\t<meta name=\"twitter:data2\" content=\"1 minute\" \/>\n<script type=\"application\/ld+json\" class=\"yoast-schema-graph\">{\"@context\":\"https:\/\/schema.org\",\"@graph\":[{\"@type\":\"WebSite\",\"@id\":\"https:\/\/www.visit-ulcinj.com\/blog\/#website\",\"url\":\"https:\/\/www.visit-ulcinj.com\/blog\/\",\"name\":\"Lajme nga Ulqini\",\"description\":\"Lajme,Vijesti,Ulqini,Ulqin,Crna Gora,Mali i Zi\",\"potentialAction\":[{\"@type\":\"SearchAction\",\"target\":{\"@type\":\"EntryPoint\",\"urlTemplate\":\"https:\/\/www.visit-ulcinj.com\/blog\/?s={search_term_string}\"},\"query-input\":\"required name=search_term_string\"}],\"inLanguage\":\"en-US\"},{\"@type\":\"ImageObject\",\"inLanguage\":\"en-US\",\"@id\":\"https:\/\/www.visit-ulcinj.com\/blog\/2010\/11\/18\/dafina-%e2%80%9cpo-mpelqen%e2%80%9d-nje-klip-%e2%80%98crazy%e2%80%99\/#primaryimage\",\"url\":\"http:\/\/www.visit-ulcinj.com\/blog\/wp-content\/uploads\/2010\/11\/Dafina-Zeqiri.jpg\",\"contentUrl\":\"http:\/\/www.visit-ulcinj.com\/blog\/wp-content\/uploads\/2010\/11\/Dafina-Zeqiri.jpg\"},{\"@type\":\"WebPage\",\"@id\":\"https:\/\/www.visit-ulcinj.com\/blog\/2010\/11\/18\/dafina-%e2%80%9cpo-mpelqen%e2%80%9d-nje-klip-%e2%80%98crazy%e2%80%99\/#webpage\",\"url\":\"https:\/\/www.visit-ulcinj.com\/blog\/2010\/11\/18\/dafina-%e2%80%9cpo-mpelqen%e2%80%9d-nje-klip-%e2%80%98crazy%e2%80%99\/\",\"name\":\"Dafina: \u201cPo m'p\u00eblqen\u201d - nj\u00eb klip \u2018crazy\u2019 - Lajme nga Ulqini\",\"isPartOf\":{\"@id\":\"https:\/\/www.visit-ulcinj.com\/blog\/#website\"},\"primaryImageOfPage\":{\"@id\":\"https:\/\/www.visit-ulcinj.com\/blog\/2010\/11\/18\/dafina-%e2%80%9cpo-mpelqen%e2%80%9d-nje-klip-%e2%80%98crazy%e2%80%99\/#primaryimage\"},\"datePublished\":\"2010-11-18T11:07:30+00:00\",\"dateModified\":\"2010-11-18T11:07:30+00:00\",\"author\":{\"@id\":\"https:\/\/www.visit-ulcinj.com\/blog\/#\/schema\/person\/dcab619c614d3038751c63bc2aadc06d\"},\"description\":\"Dafina Zeqiri nuk d\u00ebshiron t\u00eb pushoj\u00eb as n\u00eb dit\u00ebt e ftohta. K\u00ebng\u00ebtarja kosovare sapo ka filluar xhirimet e videoklipit t\u00eb k\u00ebng\u00ebs \u201cPo m'p\u00eblqen\u201d, p\u00ebr t\u00eb\",\"breadcrumb\":{\"@id\":\"https:\/\/www.visit-ulcinj.com\/blog\/2010\/11\/18\/dafina-%e2%80%9cpo-mpelqen%e2%80%9d-nje-klip-%e2%80%98crazy%e2%80%99\/#breadcrumb\"},\"inLanguage\":\"en-US\",\"potentialAction\":[{\"@type\":\"ReadAction\",\"target\":[\"https:\/\/www.visit-ulcinj.com\/blog\/2010\/11\/18\/dafina-%e2%80%9cpo-mpelqen%e2%80%9d-nje-klip-%e2%80%98crazy%e2%80%99\/\"]}]},{\"@type\":\"BreadcrumbList\",\"@id\":\"https:\/\/www.visit-ulcinj.com\/blog\/2010\/11\/18\/dafina-%e2%80%9cpo-mpelqen%e2%80%9d-nje-klip-%e2%80%98crazy%e2%80%99\/#breadcrumb\",\"itemListElement\":[{\"@type\":\"ListItem\",\"position\":1,\"name\":\"Dafina: \u201cPo m&#8217;p\u00eblqen\u201d &#8211; nj\u00eb klip \u2018crazy\u2019\"}]},{\"@type\":\"Person\",\"@id\":\"https:\/\/www.visit-ulcinj.com\/blog\/#\/schema\/person\/dcab619c614d3038751c63bc2aadc06d\",\"name\":\"ulqini\",\"sameAs\":[\"http:\/\/www.visit-ulcinj.com\"],\"url\":\"https:\/\/www.visit-ulcinj.com\/blog\/author\/admin\/\"}]}<\/script>\n<!-- \/ Yoast SEO plugin. -->","yoast_head_json":{"title":"Dafina: \u201cPo m'p\u00eblqen\u201d - nj\u00eb klip \u2018crazy\u2019 - Lajme nga Ulqini","description":"Dafina Zeqiri nuk d\u00ebshiron t\u00eb pushoj\u00eb as n\u00eb dit\u00ebt e ftohta. K\u00ebng\u00ebtarja kosovare sapo ka filluar xhirimet e videoklipit t\u00eb k\u00ebng\u00ebs \u201cPo m'p\u00eblqen\u201d, p\u00ebr t\u00eb","robots":{"index":"index","follow":"follow","max-snippet":"max-snippet:-1","max-image-preview":"max-image-preview:large","max-video-preview":"max-video-preview:-1"},"canonical":"https:\/\/www.visit-ulcinj.com\/blog\/2010\/11\/18\/dafina-\u201cpo-mpelqen\u201d-nje-klip-\u2018crazy\u2019\/","og_locale":"en_US","og_type":"article","og_title":"Dafina: \u201cPo m'p\u00eblqen\u201d - nj\u00eb klip \u2018crazy\u2019 - Lajme nga Ulqini","og_description":"Dafina Zeqiri nuk d\u00ebshiron t\u00eb pushoj\u00eb as n\u00eb dit\u00ebt e ftohta. K\u00ebng\u00ebtarja kosovare sapo ka filluar xhirimet e videoklipit t\u00eb k\u00ebng\u00ebs \u201cPo m'p\u00eblqen\u201d, p\u00ebr t\u00eb","og_url":"https:\/\/www.visit-ulcinj.com\/blog\/2010\/11\/18\/dafina-\u201cpo-mpelqen\u201d-nje-klip-\u2018crazy\u2019\/","og_site_name":"Lajme nga Ulqini","article_published_time":"2010-11-18T11:07:30+00:00","og_image":[{"url":"https:\/\/www.visit-ulcinj.com\/blog\/wp-content\/uploads\/2010\/11\/Dafina-Zeqiri-150x150.jpg"}],"twitter_misc":{"Written by":"ulqini","Est. reading time":"1 minute"},"schema":{"@context":"https:\/\/schema.org","@graph":[{"@type":"WebSite","@id":"https:\/\/www.visit-ulcinj.com\/blog\/#website","url":"https:\/\/www.visit-ulcinj.com\/blog\/","name":"Lajme nga Ulqini","description":"Lajme,Vijesti,Ulqini,Ulqin,Crna Gora,Mali i Zi","potentialAction":[{"@type":"SearchAction","target":{"@type":"EntryPoint","urlTemplate":"https:\/\/www.visit-ulcinj.com\/blog\/?s={search_term_string}"},"query-input":"required name=search_term_string"}],"inLanguage":"en-US"},{"@type":"ImageObject","inLanguage":"en-US","@id":"https:\/\/www.visit-ulcinj.com\/blog\/2010\/11\/18\/dafina-%e2%80%9cpo-mpelqen%e2%80%9d-nje-klip-%e2%80%98crazy%e2%80%99\/#primaryimage","url":"http:\/\/www.visit-ulcinj.com\/blog\/wp-content\/uploads\/2010\/11\/Dafina-Zeqiri.jpg","contentUrl":"http:\/\/www.visit-ulcinj.com\/blog\/wp-content\/uploads\/2010\/11\/Dafina-Zeqiri.jpg"},{"@type":"WebPage","@id":"https:\/\/www.visit-ulcinj.com\/blog\/2010\/11\/18\/dafina-%e2%80%9cpo-mpelqen%e2%80%9d-nje-klip-%e2%80%98crazy%e2%80%99\/#webpage","url":"https:\/\/www.visit-ulcinj.com\/blog\/2010\/11\/18\/dafina-%e2%80%9cpo-mpelqen%e2%80%9d-nje-klip-%e2%80%98crazy%e2%80%99\/","name":"Dafina: \u201cPo m'p\u00eblqen\u201d - nj\u00eb klip \u2018crazy\u2019 - Lajme nga Ulqini","isPartOf":{"@id":"https:\/\/www.visit-ulcinj.com\/blog\/#website"},"primaryImageOfPage":{"@id":"https:\/\/www.visit-ulcinj.com\/blog\/2010\/11\/18\/dafina-%e2%80%9cpo-mpelqen%e2%80%9d-nje-klip-%e2%80%98crazy%e2%80%99\/#primaryimage"},"datePublished":"2010-11-18T11:07:30+00:00","dateModified":"2010-11-18T11:07:30+00:00","author":{"@id":"https:\/\/www.visit-ulcinj.com\/blog\/#\/schema\/person\/dcab619c614d3038751c63bc2aadc06d"},"description":"Dafina Zeqiri nuk d\u00ebshiron t\u00eb pushoj\u00eb as n\u00eb dit\u00ebt e ftohta. K\u00ebng\u00ebtarja kosovare sapo ka filluar xhirimet e videoklipit t\u00eb k\u00ebng\u00ebs \u201cPo m'p\u00eblqen\u201d, p\u00ebr t\u00eb","breadcrumb":{"@id":"https:\/\/www.visit-ulcinj.com\/blog\/2010\/11\/18\/dafina-%e2%80%9cpo-mpelqen%e2%80%9d-nje-klip-%e2%80%98crazy%e2%80%99\/#breadcrumb"},"inLanguage":"en-US","potentialAction":[{"@type":"ReadAction","target":["https:\/\/www.visit-ulcinj.com\/blog\/2010\/11\/18\/dafina-%e2%80%9cpo-mpelqen%e2%80%9d-nje-klip-%e2%80%98crazy%e2%80%99\/"]}]},{"@type":"BreadcrumbList","@id":"https:\/\/www.visit-ulcinj.com\/blog\/2010\/11\/18\/dafina-%e2%80%9cpo-mpelqen%e2%80%9d-nje-klip-%e2%80%98crazy%e2%80%99\/#breadcrumb","itemListElement":[{"@type":"ListItem","position":1,"name":"Dafina: \u201cPo m&#8217;p\u00eblqen\u201d &#8211; nj\u00eb klip \u2018crazy\u2019"}]},{"@type":"Person","@id":"https:\/\/www.visit-ulcinj.com\/blog\/#\/schema\/person\/dcab619c614d3038751c63bc2aadc06d","name":"ulqini","sameAs":["http:\/\/www.visit-ulcinj.com"],"url":"https:\/\/www.visit-ulcinj.com\/blog\/author\/admin\/"}]}},"jetpack_featured_media_url":"","jetpack_sharing_enabled":true,"jetpack_shortlink":"https:\/\/wp.me\/pe6lTn-alY","_links":{"self":[{"href":"https:\/\/www.visit-ulcinj.com\/blog\/wp-json\/wp\/v2\/posts\/39802"}],"collection":[{"href":"https:\/\/www.visit-ulcinj.com\/blog\/wp-json\/wp\/v2\/posts"}],"about":[{"href":"https:\/\/www.visit-ulcinj.com\/blog\/wp-json\/wp\/v2\/types\/post"}],"author":[{"embeddable":true,"href":"https:\/\/www.visit-ulcinj.com\/blog\/wp-json\/wp\/v2\/users\/1"}],"replies":[{"embeddable":true,"href":"https:\/\/www.visit-ulcinj.com\/blog\/wp-json\/wp\/v2\/comments?post=39802"}],"version-history":[{"count":0,"href":"https:\/\/www.visit-ulcinj.com\/blog\/wp-json\/wp\/v2\/posts\/39802\/revisions"}],"wp:attachment":[{"href":"https:\/\/www.visit-ulcinj.com\/blog\/wp-json\/wp\/v2\/media?parent=39802"}],"wp:term":[{"taxonomy":"category","embeddable":true,"href":"https:\/\/www.visit-ulcinj.com\/blog\/wp-json\/wp\/v2\/categories?post=39802"},{"taxonomy":"post_tag","embeddable":true,"href":"https:\/\/www.visit-ulcinj.com\/blog\/wp-json\/wp\/v2\/tags?post=39802"}],"curies":[{"name":"wp","href":"https:\/\/api.w.org\/{rel}","templated":true}]}}