{"id":39808,"date":"2010-11-18T12:55:01","date_gmt":"2010-11-18T11:55:01","guid":{"rendered":"http:\/\/www.visit-ulcinj.com\/blog\/?p=39808"},"modified":"2010-11-18T12:55:01","modified_gmt":"2010-11-18T11:55:01","slug":"linda-halimi-cmimi-i-pare-i-festivalit-ne-rtsh-eshte-i-shitur","status":"publish","type":"post","link":"https:\/\/www.visit-ulcinj.com\/blog\/2010\/11\/18\/linda-halimi-cmimi-i-pare-i-festivalit-ne-rtsh-eshte-i-shitur\/","title":{"rendered":"Linda Halimi: \u00c7mimi i par\u00eb i Festivalit n\u00eb RTSH \u00ebsht\u00eb i shitur"},"content":{"rendered":"<p><a href=\"http:\/\/www.visit-ulcinj.com\/blog\/wp-content\/uploads\/2010\/11\/Linda-Halimi.1.jpg\"><img loading=\"lazy\" class=\"alignleft size-full wp-image-39809\" title=\"Linda Halimi.1\" src=\"http:\/\/www.visit-ulcinj.com\/blog\/wp-content\/uploads\/2010\/11\/Linda-Halimi.1.jpg\" alt=\"\" width=\"490\" height=\"390\" \/><\/a>\u201cPjes\u00ebmarrja ime \u00ebsht\u00eb e konfirmuar tashm\u00eb n\u00eb Festivalin e RTSH-s\u00eb n\u00eb dhjetor. Por k\u00ebt\u00eb her\u00eb po shkoj thjesht t\u00eb promovoj k\u00ebng\u00ebn time t\u00eb re, sepse \u00e7mimi \u00ebsht\u00eb dh\u00ebn\u00eb tashm\u00eb, (akoma pa filluar festivali). Gjithsesi i uroj \u00c7mimin e par\u00eb ALBAN SKENDERAJT DHE MIRIAM CANIT NE RTSH 2010 Respekt\u201d, ky ka qen\u00eb statusi i k\u00ebng\u00ebtares, Linda Halimi, dje pasdite n\u00eb faqen e saj t\u00eb internetit n\u00eb Facebook. Kaq \u00ebsht\u00eb dashur dhe komentet kan\u00eb v\u00ebrshuar n\u00eb faqen e artistes q\u00eb dy vjet m\u00eb par\u00eb mori \u00e7mimin e par\u00eb n\u00eb Festivalin Top-Fest. N\u00eb fakt, ajo \u00e7far\u00eb ka th\u00ebn\u00eb haptas k\u00ebng\u00ebtarja Halimi, ka pak koh\u00eb q\u00eb qarkullon n\u00eb rrethin e artist\u00ebve, por askush nuk ka guxuar ta shpreh\u00eb at\u00eb publikisht. N\u00eb drejtim t\u00eb Lind\u00ebs kan\u00eb ardhur mjaft pyetje, t\u00eb cilat ne po i rreshtojm\u00eb m\u00eb posht\u00eb, s\u00eb bashku me p\u00ebrgjigjet e k\u00ebng\u00ebtares. Nd\u00ebrkoh\u00eb mund ta gjeni dhe n\u00eb facebook m\u00eb gjer\u00ebsisht k\u00ebt\u00eb argument.<\/p>\n<p><strong>\u00cbsht\u00eb dh\u00ebn\u00eb \u00e7mimi pa filluar festivali?<\/strong><\/p>\n<p>Linda Halimi \u2013 Kam shum\u00eb respekt p\u00ebr Albanin dhe Miriamin, i kam shum\u00eb xhan t\u00eb dy, por \u00ebsht\u00eb shum\u00eb keq kur ti si pjes\u00ebmarr\u00ebs pretendon p\u00ebr di\u00e7ka dhe krejt \u00e7ka je aty, je sa p\u00ebr t\u00eb plot\u00ebsuar numrin\u2026 Dhe kjo na mundon t\u00eb gjith\u00eb. Pjes\u00ebmarr\u00ebsit thjesht, jo t\u00eb gjith\u00eb, kan\u00eb marr\u00eb guxim t\u00eb flasin. Por un\u00eb do e them at\u00eb q\u00eb m\u00eb mundon hapur. Shpresoj t\u00eb b\u00ebhet mir\u00eb tani (hahaha).<\/p>\n<p><strong>\u00cbsht\u00eb dh\u00ebn\u00eb \u00e7mimi, apo thua ti q\u00eb k\u00ebnga \u00ebsht\u00eb aq bukur q\u00eb do t\u00eb fitonte, sipas mendimit tuaj?<\/strong><\/p>\n<p><strong>Linda Halimi \u2013 \u00c7mimi \u00ebsht\u00eb dh\u00ebn\u00eb\u00eb\u00eb\u00eb\u00eb\u00eb.<\/strong><\/p>\n<p><strong>M\u00eb e forta je, q\u00eb e publikon, ve\u00e7 vazhdo, drejt e ke!<\/strong><\/p>\n<p>Linda Halimi \u2013 Jo, thjesht nuk \u00ebsht\u00eb e ndershme. Nuk \u00ebsht\u00eb se un\u00eb shpresoja p\u00ebr t\u00eb parin, por vet\u00ebm pse nuk flasim se s\u2019duam t\u00eb humbim t\u00eb drejt\u00ebn p\u00ebr pjes\u00ebmarr\u00ebse, s\u2019dometh\u00ebn se nuk e dim\u00eb realitetin. M\u00eb besoni, si pjes\u00ebmarr\u00ebse (n\u00ebse s\u2019do hiqem fare) ndihem keq sepse vet\u00eb fakti q\u00eb po marr pjes\u00eb, dometh\u00ebn\u00eb q\u00eb pretendoj p\u00ebr di\u00e7ka\u2026 Dhe t\u00eb dihet \u00e7mimi q\u00eb tani? Pse t\u00eb lodhem Kot??? S\u2019ja vlejn\u00eb gjith\u00eb ato harxhime e mundime, p\u00ebr t\u00eb b\u00ebr\u00eb SHOW p\u00ebr Fituesit tashm\u00eb!<\/p>\n<p>P\u00ebrkundrazi duhet ta pohoj\u00eb \u00e7do kush, k\u00ebt\u00eb biznes, apo show gjasme sikur po shpallim fituesin me votimin e juris\u00eb. Turp p\u00ebr Shqip\u00ebrin\u00eb, t\u00eb p\u00ebrfaq\u00ebsohemi nga fitore t\u00eb blera me para.<\/p>\n<p>Linda Halimi \u2013 Thjesht si artiste e re, t\u00eb d\u00ebshp\u00ebrohem q\u00eb n\u00eb fillim. Jan\u00eb vet\u00eb k\u00ebta njer\u00ebz q\u00eb na b\u00ebjn\u00eb dhe ta l\u00ebm\u00eb muzik\u00ebn, pastaj thon\u00eb se s\u2019ka mbetur asnj\u00eb artist i mir\u00ebfillt\u00eb n\u00eb Shqiptari, q\u00eb t\u00eb p\u00ebrfaq\u00ebsojn\u00eb Shqip\u00ebrin\u00eb n\u00eb bot\u00eb! Sepse s\u2019na jepni mund\u00ebsin\u00eb p\u00ebr nj\u00eb gj\u00eb t\u00eb till\u00eb dhe ne pa ndihm\u00ebn e tyre s\u2019kemi si t\u00eb dep\u00ebrtojm\u00eb n\u00eb bot\u00eb!<\/p>\n<p>Linda Halimi \u2013 Jo. S\u2019e kam nd\u00ebrmend t\u2019i harxhoj 1000 Euro n\u00eb veshje, rrug\u00eb, e harxhime t\u00eb tjera p\u00ebr t\u00eb mbetur me GISHTA NE GOJE !!!!!!! My Participation is CANCELED Y\u2019all DEFINITELY (Pjes\u00ebmarrja ime \u00ebsht\u00eb anuluar p\u00ebrfundimisht). K\u00ebng\u00ebn do ta publikoj p\u00ebr ju t\u00eb dashur miq, dhe do ta k\u00ebndoj LIVE n\u00eb ndonj\u00eb koncert (P\u00ebr t\u00eb mos th\u00ebn\u00eb se s\u2019ka guxuar ta k\u00ebndoj\u00eb k\u00ebng\u00ebn Live dhe ka gjetur arsyetime p\u00ebr t\u00eb mos marr\u00eb pjes\u00eb). Do b\u00ebj gjith\u00e7ka q\u00eb t\u00eb mos ju zhg\u00ebnjej, por jam e vetme n\u00eb k\u00ebt\u00eb protest\u00eb dhe me vendosm\u00ebrin\u00eb m\u00eb t\u00eb madhe them se s\u2019do marr m\u00eb pjes\u00eb n\u00eb at\u00eb Festival.<\/p>\n<p>Linda Halimi \u2013 Nuk duhet me pagu me qen\u00eb pjes\u00eb e festivalit, pasi ata t\u00eb th\u00ebrrasin vet\u00eb. Dhe s\u2019\u00ebsht\u00eb problemi i harxhimeve sepse p\u00ebr karrier\u00eb duhet investuar, POR problemi \u00ebsht\u00eb te HILET q\u00eb b\u00ebhen n\u00eb k\u00ebt\u00eb Festival (Un\u00eb s\u2019i p\u00ebrkas atij vendi m\u00eb, dhe shum\u00eb e kam dashur si festival).<\/p>\n<p><strong>Shqip Media<br \/>\n<br \/>\n<\/strong><br \/>\n<!--YouTube Error: bad URL entered--><\/p>\n","protected":false},"excerpt":{"rendered":"<p>\u201cPjes\u00ebmarrja ime \u00ebsht\u00eb e konfirmuar tashm\u00eb n\u00eb Festivalin e RTSH-s\u00eb n\u00eb dhjetor. Por k\u00ebt\u00eb her\u00eb po shkoj thjesht t\u00eb promovoj k\u00ebng\u00ebn time t\u00eb re, sepse \u00e7mimi \u00ebsht\u00eb dh\u00ebn\u00eb tashm\u00eb, (akoma pa filluar festivali). Gjithsesi i uroj \u00c7mimin e par\u00eb ALBAN SKENDERAJT DHE MIRIAM CANIT NE RTSH 2010 Respekt\u201d, ky ka qen\u00eb statusi i k\u00ebng\u00ebtares, Linda [&hellip;]<\/p>\n","protected":false},"author":1,"featured_media":0,"comment_status":"open","ping_status":"closed","sticky":false,"template":"","format":"standard","meta":{"spay_email":"","jetpack_publicize_message":"","jetpack_is_tweetstorm":false,"jetpack_publicize_feature_enabled":true},"categories":[1],"tags":[16376],"jetpack_publicize_connections":[],"yoast_head":"<!-- This site is optimized with the Yoast SEO plugin v19.1 - https:\/\/yoast.com\/wordpress\/plugins\/seo\/ -->\n<title>Linda Halimi: \u00c7mimi i par\u00eb i Festivalit n\u00eb RTSH \u00ebsht\u00eb i shitur - Lajme nga Ulqini<\/title>\n<meta name=\"description\" content=\"\u201cPjes\u00ebmarrja ime \u00ebsht\u00eb e konfirmuar tashm\u00eb n\u00eb Festivalin e RTSH-s\u00eb n\u00eb dhjetor. Por k\u00ebt\u00eb her\u00eb po shkoj thjesht t\u00eb promovoj k\u00ebng\u00ebn time t\u00eb re, sepse \u00e7mimi\" \/>\n<meta name=\"robots\" content=\"index, follow, max-snippet:-1, max-image-preview:large, max-video-preview:-1\" \/>\n<link rel=\"canonical\" href=\"https:\/\/www.visit-ulcinj.com\/blog\/2010\/11\/18\/linda-halimi-cmimi-i-pare-i-festivalit-ne-rtsh-eshte-i-shitur\/\" \/>\n<meta property=\"og:locale\" content=\"en_US\" \/>\n<meta property=\"og:type\" content=\"article\" \/>\n<meta property=\"og:title\" content=\"Linda Halimi: \u00c7mimi i par\u00eb i Festivalit n\u00eb RTSH \u00ebsht\u00eb i shitur - Lajme nga Ulqini\" \/>\n<meta property=\"og:description\" content=\"\u201cPjes\u00ebmarrja ime \u00ebsht\u00eb e konfirmuar tashm\u00eb n\u00eb Festivalin e RTSH-s\u00eb n\u00eb dhjetor. Por k\u00ebt\u00eb her\u00eb po shkoj thjesht t\u00eb promovoj k\u00ebng\u00ebn time t\u00eb re, sepse \u00e7mimi\" \/>\n<meta property=\"og:url\" content=\"https:\/\/www.visit-ulcinj.com\/blog\/2010\/11\/18\/linda-halimi-cmimi-i-pare-i-festivalit-ne-rtsh-eshte-i-shitur\/\" \/>\n<meta property=\"og:site_name\" content=\"Lajme nga Ulqini\" \/>\n<meta property=\"article:published_time\" content=\"2010-11-18T11:55:01+00:00\" \/>\n<meta property=\"og:image\" content=\"https:\/\/www.visit-ulcinj.com\/blog\/wp-content\/uploads\/2010\/11\/Linda-Halimi.1-150x150.jpg\" \/>\n<meta name=\"twitter:label1\" content=\"Written by\" \/>\n\t<meta name=\"twitter:data1\" content=\"ulqini\" \/>\n\t<meta name=\"twitter:label2\" content=\"Est. reading time\" \/>\n\t<meta name=\"twitter:data2\" content=\"4 minutes\" \/>\n<script type=\"application\/ld+json\" class=\"yoast-schema-graph\">{\"@context\":\"https:\/\/schema.org\",\"@graph\":[{\"@type\":\"WebSite\",\"@id\":\"https:\/\/www.visit-ulcinj.com\/blog\/#website\",\"url\":\"https:\/\/www.visit-ulcinj.com\/blog\/\",\"name\":\"Lajme nga Ulqini\",\"description\":\"Lajme,Vijesti,Ulqini,Ulqin,Crna Gora,Mali i Zi\",\"potentialAction\":[{\"@type\":\"SearchAction\",\"target\":{\"@type\":\"EntryPoint\",\"urlTemplate\":\"https:\/\/www.visit-ulcinj.com\/blog\/?s={search_term_string}\"},\"query-input\":\"required name=search_term_string\"}],\"inLanguage\":\"en-US\"},{\"@type\":\"ImageObject\",\"inLanguage\":\"en-US\",\"@id\":\"https:\/\/www.visit-ulcinj.com\/blog\/2010\/11\/18\/linda-halimi-cmimi-i-pare-i-festivalit-ne-rtsh-eshte-i-shitur\/#primaryimage\",\"url\":\"http:\/\/www.visit-ulcinj.com\/blog\/wp-content\/uploads\/2010\/11\/Linda-Halimi.1.jpg\",\"contentUrl\":\"http:\/\/www.visit-ulcinj.com\/blog\/wp-content\/uploads\/2010\/11\/Linda-Halimi.1.jpg\"},{\"@type\":\"WebPage\",\"@id\":\"https:\/\/www.visit-ulcinj.com\/blog\/2010\/11\/18\/linda-halimi-cmimi-i-pare-i-festivalit-ne-rtsh-eshte-i-shitur\/#webpage\",\"url\":\"https:\/\/www.visit-ulcinj.com\/blog\/2010\/11\/18\/linda-halimi-cmimi-i-pare-i-festivalit-ne-rtsh-eshte-i-shitur\/\",\"name\":\"Linda Halimi: \u00c7mimi i par\u00eb i Festivalit n\u00eb RTSH \u00ebsht\u00eb i shitur - Lajme nga Ulqini\",\"isPartOf\":{\"@id\":\"https:\/\/www.visit-ulcinj.com\/blog\/#website\"},\"primaryImageOfPage\":{\"@id\":\"https:\/\/www.visit-ulcinj.com\/blog\/2010\/11\/18\/linda-halimi-cmimi-i-pare-i-festivalit-ne-rtsh-eshte-i-shitur\/#primaryimage\"},\"datePublished\":\"2010-11-18T11:55:01+00:00\",\"dateModified\":\"2010-11-18T11:55:01+00:00\",\"author\":{\"@id\":\"https:\/\/www.visit-ulcinj.com\/blog\/#\/schema\/person\/dcab619c614d3038751c63bc2aadc06d\"},\"description\":\"\u201cPjes\u00ebmarrja ime \u00ebsht\u00eb e konfirmuar tashm\u00eb n\u00eb Festivalin e RTSH-s\u00eb n\u00eb dhjetor. Por k\u00ebt\u00eb her\u00eb po shkoj thjesht t\u00eb promovoj k\u00ebng\u00ebn time t\u00eb re, sepse \u00e7mimi\",\"breadcrumb\":{\"@id\":\"https:\/\/www.visit-ulcinj.com\/blog\/2010\/11\/18\/linda-halimi-cmimi-i-pare-i-festivalit-ne-rtsh-eshte-i-shitur\/#breadcrumb\"},\"inLanguage\":\"en-US\",\"potentialAction\":[{\"@type\":\"ReadAction\",\"target\":[\"https:\/\/www.visit-ulcinj.com\/blog\/2010\/11\/18\/linda-halimi-cmimi-i-pare-i-festivalit-ne-rtsh-eshte-i-shitur\/\"]}]},{\"@type\":\"BreadcrumbList\",\"@id\":\"https:\/\/www.visit-ulcinj.com\/blog\/2010\/11\/18\/linda-halimi-cmimi-i-pare-i-festivalit-ne-rtsh-eshte-i-shitur\/#breadcrumb\",\"itemListElement\":[{\"@type\":\"ListItem\",\"position\":1,\"name\":\"Linda Halimi: \u00c7mimi i par\u00eb i Festivalit n\u00eb RTSH \u00ebsht\u00eb i shitur\"}]},{\"@type\":\"Person\",\"@id\":\"https:\/\/www.visit-ulcinj.com\/blog\/#\/schema\/person\/dcab619c614d3038751c63bc2aadc06d\",\"name\":\"ulqini\",\"sameAs\":[\"http:\/\/www.visit-ulcinj.com\"],\"url\":\"https:\/\/www.visit-ulcinj.com\/blog\/author\/admin\/\"}]}<\/script>\n<!-- \/ Yoast SEO plugin. -->","yoast_head_json":{"title":"Linda Halimi: \u00c7mimi i par\u00eb i Festivalit n\u00eb RTSH \u00ebsht\u00eb i shitur - Lajme nga Ulqini","description":"\u201cPjes\u00ebmarrja ime \u00ebsht\u00eb e konfirmuar tashm\u00eb n\u00eb Festivalin e RTSH-s\u00eb n\u00eb dhjetor. Por k\u00ebt\u00eb her\u00eb po shkoj thjesht t\u00eb promovoj k\u00ebng\u00ebn time t\u00eb re, sepse \u00e7mimi","robots":{"index":"index","follow":"follow","max-snippet":"max-snippet:-1","max-image-preview":"max-image-preview:large","max-video-preview":"max-video-preview:-1"},"canonical":"https:\/\/www.visit-ulcinj.com\/blog\/2010\/11\/18\/linda-halimi-cmimi-i-pare-i-festivalit-ne-rtsh-eshte-i-shitur\/","og_locale":"en_US","og_type":"article","og_title":"Linda Halimi: \u00c7mimi i par\u00eb i Festivalit n\u00eb RTSH \u00ebsht\u00eb i shitur - Lajme nga Ulqini","og_description":"\u201cPjes\u00ebmarrja ime \u00ebsht\u00eb e konfirmuar tashm\u00eb n\u00eb Festivalin e RTSH-s\u00eb n\u00eb dhjetor. Por k\u00ebt\u00eb her\u00eb po shkoj thjesht t\u00eb promovoj k\u00ebng\u00ebn time t\u00eb re, sepse \u00e7mimi","og_url":"https:\/\/www.visit-ulcinj.com\/blog\/2010\/11\/18\/linda-halimi-cmimi-i-pare-i-festivalit-ne-rtsh-eshte-i-shitur\/","og_site_name":"Lajme nga Ulqini","article_published_time":"2010-11-18T11:55:01+00:00","og_image":[{"url":"https:\/\/www.visit-ulcinj.com\/blog\/wp-content\/uploads\/2010\/11\/Linda-Halimi.1-150x150.jpg"}],"twitter_misc":{"Written by":"ulqini","Est. reading time":"4 minutes"},"schema":{"@context":"https:\/\/schema.org","@graph":[{"@type":"WebSite","@id":"https:\/\/www.visit-ulcinj.com\/blog\/#website","url":"https:\/\/www.visit-ulcinj.com\/blog\/","name":"Lajme nga Ulqini","description":"Lajme,Vijesti,Ulqini,Ulqin,Crna Gora,Mali i Zi","potentialAction":[{"@type":"SearchAction","target":{"@type":"EntryPoint","urlTemplate":"https:\/\/www.visit-ulcinj.com\/blog\/?s={search_term_string}"},"query-input":"required name=search_term_string"}],"inLanguage":"en-US"},{"@type":"ImageObject","inLanguage":"en-US","@id":"https:\/\/www.visit-ulcinj.com\/blog\/2010\/11\/18\/linda-halimi-cmimi-i-pare-i-festivalit-ne-rtsh-eshte-i-shitur\/#primaryimage","url":"http:\/\/www.visit-ulcinj.com\/blog\/wp-content\/uploads\/2010\/11\/Linda-Halimi.1.jpg","contentUrl":"http:\/\/www.visit-ulcinj.com\/blog\/wp-content\/uploads\/2010\/11\/Linda-Halimi.1.jpg"},{"@type":"WebPage","@id":"https:\/\/www.visit-ulcinj.com\/blog\/2010\/11\/18\/linda-halimi-cmimi-i-pare-i-festivalit-ne-rtsh-eshte-i-shitur\/#webpage","url":"https:\/\/www.visit-ulcinj.com\/blog\/2010\/11\/18\/linda-halimi-cmimi-i-pare-i-festivalit-ne-rtsh-eshte-i-shitur\/","name":"Linda Halimi: \u00c7mimi i par\u00eb i Festivalit n\u00eb RTSH \u00ebsht\u00eb i shitur - Lajme nga Ulqini","isPartOf":{"@id":"https:\/\/www.visit-ulcinj.com\/blog\/#website"},"primaryImageOfPage":{"@id":"https:\/\/www.visit-ulcinj.com\/blog\/2010\/11\/18\/linda-halimi-cmimi-i-pare-i-festivalit-ne-rtsh-eshte-i-shitur\/#primaryimage"},"datePublished":"2010-11-18T11:55:01+00:00","dateModified":"2010-11-18T11:55:01+00:00","author":{"@id":"https:\/\/www.visit-ulcinj.com\/blog\/#\/schema\/person\/dcab619c614d3038751c63bc2aadc06d"},"description":"\u201cPjes\u00ebmarrja ime \u00ebsht\u00eb e konfirmuar tashm\u00eb n\u00eb Festivalin e RTSH-s\u00eb n\u00eb dhjetor. Por k\u00ebt\u00eb her\u00eb po shkoj thjesht t\u00eb promovoj k\u00ebng\u00ebn time t\u00eb re, sepse \u00e7mimi","breadcrumb":{"@id":"https:\/\/www.visit-ulcinj.com\/blog\/2010\/11\/18\/linda-halimi-cmimi-i-pare-i-festivalit-ne-rtsh-eshte-i-shitur\/#breadcrumb"},"inLanguage":"en-US","potentialAction":[{"@type":"ReadAction","target":["https:\/\/www.visit-ulcinj.com\/blog\/2010\/11\/18\/linda-halimi-cmimi-i-pare-i-festivalit-ne-rtsh-eshte-i-shitur\/"]}]},{"@type":"BreadcrumbList","@id":"https:\/\/www.visit-ulcinj.com\/blog\/2010\/11\/18\/linda-halimi-cmimi-i-pare-i-festivalit-ne-rtsh-eshte-i-shitur\/#breadcrumb","itemListElement":[{"@type":"ListItem","position":1,"name":"Linda Halimi: \u00c7mimi i par\u00eb i Festivalit n\u00eb RTSH \u00ebsht\u00eb i shitur"}]},{"@type":"Person","@id":"https:\/\/www.visit-ulcinj.com\/blog\/#\/schema\/person\/dcab619c614d3038751c63bc2aadc06d","name":"ulqini","sameAs":["http:\/\/www.visit-ulcinj.com"],"url":"https:\/\/www.visit-ulcinj.com\/blog\/author\/admin\/"}]}},"jetpack_featured_media_url":"","jetpack_sharing_enabled":true,"jetpack_shortlink":"https:\/\/wp.me\/pe6lTn-am4","_links":{"self":[{"href":"https:\/\/www.visit-ulcinj.com\/blog\/wp-json\/wp\/v2\/posts\/39808"}],"collection":[{"href":"https:\/\/www.visit-ulcinj.com\/blog\/wp-json\/wp\/v2\/posts"}],"about":[{"href":"https:\/\/www.visit-ulcinj.com\/blog\/wp-json\/wp\/v2\/types\/post"}],"author":[{"embeddable":true,"href":"https:\/\/www.visit-ulcinj.com\/blog\/wp-json\/wp\/v2\/users\/1"}],"replies":[{"embeddable":true,"href":"https:\/\/www.visit-ulcinj.com\/blog\/wp-json\/wp\/v2\/comments?post=39808"}],"version-history":[{"count":0,"href":"https:\/\/www.visit-ulcinj.com\/blog\/wp-json\/wp\/v2\/posts\/39808\/revisions"}],"wp:attachment":[{"href":"https:\/\/www.visit-ulcinj.com\/blog\/wp-json\/wp\/v2\/media?parent=39808"}],"wp:term":[{"taxonomy":"category","embeddable":true,"href":"https:\/\/www.visit-ulcinj.com\/blog\/wp-json\/wp\/v2\/categories?post=39808"},{"taxonomy":"post_tag","embeddable":true,"href":"https:\/\/www.visit-ulcinj.com\/blog\/wp-json\/wp\/v2\/tags?post=39808"}],"curies":[{"name":"wp","href":"https:\/\/api.w.org\/{rel}","templated":true}]}}