{"id":39819,"date":"2010-11-18T17:19:53","date_gmt":"2010-11-18T16:19:53","guid":{"rendered":"http:\/\/www.visit-ulcinj.com\/blog\/?p=39819"},"modified":"2010-11-18T17:19:53","modified_gmt":"2010-11-18T16:19:53","slug":"elsa-lila-5-muajsh-shtatzene","status":"publish","type":"post","link":"https:\/\/www.visit-ulcinj.com\/blog\/2010\/11\/18\/elsa-lila-5-muajsh-shtatzene\/","title":{"rendered":"Elsa Lila 5 muajsh shtatzene"},"content":{"rendered":"<p><a href=\"http:\/\/www.visit-ulcinj.com\/blog\/wp-content\/uploads\/2010\/11\/Elsa-Lila.jpg\"><img loading=\"lazy\" class=\"alignleft size-full wp-image-39820\" title=\"Elsa Lila\" src=\"http:\/\/www.visit-ulcinj.com\/blog\/wp-content\/uploads\/2010\/11\/Elsa-Lila.jpg\" alt=\"\" width=\"490\" height=\"347\" \/><\/a>Rreth 36 vite m\u00eb par\u00eb n\u00eb festivalin e Sanremos, pik\u00ebrisht n\u00eb tempullin e muzik\u00ebs italiane, skena tronditet nga z\u00ebri i nj\u00eb vajze pak m\u00eb shum\u00eb se 15 vje\u00e7 e quajtur Gigliola Cinquetti. Vajza me nj\u00eb trup t\u00eb im\u00ebt , por me nj\u00eb z\u00eb mahnit\u00ebs njihet dhe b\u00ebhet e famshme brenda tri net\u00ebve t\u00eb evenimentit m\u00eb t\u00eb r\u00ebnd\u00ebsish\u00ebm muzikor t\u00eb vendit fqinj. Publiku dashurohet me z\u00ebrin e saj dhe i dhuron duartrokitje pa fund, nd\u00ebrkoh\u00eb q\u00eb juria e vler\u00ebson me \u00e7mimin e par\u00eb k\u00ebng\u00ebn e saj \u201cNon ho l\u2019eta\u201d (Nuk kam mosh\u00eb). N\u00eb po at\u00eb vit, Cinqueti d\u00ebrgohet n\u00eb Eurosong dhe aty suksesi p\u00ebrs\u00ebritet. Tashm\u00eb ajo ka fituar nj\u00eb publik m\u00eb t\u00eb gjer\u00eb, at\u00eb t\u00eb mbar\u00eb Europ\u00ebs, duke i dh\u00ebn\u00eb p\u00ebrs\u00ebri \u00e7mimin e par\u00eb.<br \/>\nMe siguri publiku italian ka kujtuar Cinquetin teksa ka par\u00eb n\u00eb sken\u00ebn e Sanremos k\u00ebng\u00ebtaren shqiptare Elsa Lila, e cila kishte pak a shum\u00eb t\u00eb nj\u00ebjt\u00ebn histori suksesi si ajo, n\u00eb vendin e saj t\u00eb lindjes. N\u00eb vitin 1996, Elsa, e cila vet\u00ebm nj\u00eb vit m\u00eb par\u00eb kishte marr\u00eb pjes\u00eb n\u00eb festivalin e f\u00ebmij\u00ebve me nj\u00eb k\u00ebng\u00eb tejet prek\u00ebse kushtuar n\u00ebn\u00ebs, fiton \u00e7mimin e par\u00eb me \u201cPyes lotin\u201d. Publikut nuk iu desh shum\u00eb p\u00ebr t\u00eb identifikuar tek Elsa 16-vje\u00e7are nj\u00eb talent t\u00eb jasht\u00ebzakonsh\u00ebm dhe nj\u00eb aft\u00ebsi t\u00eb rrall\u00eb p\u00ebr t\u00eb t\u00eb p\u00ebrlotur teksa performonte n\u00eb sken\u00eb. Lila \u00ebsht\u00eb padyshim k\u00ebng\u00ebtarja shqiptare e muzik\u00ebs s\u00eb leht\u00eb, e cila ka b\u00ebr\u00eb karrier\u00ebn m\u00eb t\u00eb suksesshme muzikore jasht\u00eb kufijve t\u00eb Shqip\u00ebris\u00eb, si dhe \u00ebsht\u00eb mjaft e njohur dhe e dashur sidomos n\u00eb Itali, vend ku ajo jeton prej rreth 12 vitesh.<\/p>\n<p><strong><a href=\"http:\/\/www.visit-ulcinj.com\/blog\/wp-content\/uploads\/2010\/11\/Elsa-Lila.1.jpg\"><img loading=\"lazy\" class=\"alignleft size-medium wp-image-39821\" title=\"Elsa Lila.1\" src=\"http:\/\/www.visit-ulcinj.com\/blog\/wp-content\/uploads\/2010\/11\/Elsa-Lila.1-202x300.jpg\" alt=\"\" width=\"202\" height=\"300\" \/><\/a>Fatkeq\u00ebsia q\u00eb e nxiti t\u00eb l\u00ebr\u00eb Shqip\u00ebrin\u00eb<\/strong><br \/>\nN\u00eb trazirat e vitit 1997, mamaja e Els\u00ebs vritet barbarisht n\u00eb t\u00eb dal\u00eb t\u00eb Tiran\u00ebs, n\u00eb rrug\u00ebn e Elbasanit, n\u00eb mosh\u00ebn 35 vje\u00e7are, vrasje kjo e kryer n\u00eb rrethana misterioze. Ngjarja ndodhi n\u00eb at\u00eb periudh\u00eb kur vrasjet ishin kthyer n\u00eb rite t\u00eb p\u00ebrditshme dhe gati gati ishim m\u00ebsuar t\u00eb bashk\u00ebjetonim n\u00eb normalitet me fatkeq\u00ebsit\u00eb individuale dhe kolektive q\u00eb po p\u00ebrjetonim si komb. Mir\u00ebpo vrasja e Ev\u00ebs e identifikuar tashm\u00eb si mamaja e k\u00ebng\u00ebtares q\u00eb vet\u00ebm nj\u00eb vit m\u00eb par\u00eb kishte prekur fam\u00ebn, nuk kaloi pa v\u00ebmendje mediatike dhe komente t\u00eb ndryshme. Vite m\u00eb von\u00eb, Elsa ka rijetuar dhimbjen n\u00eb gjith\u00eb dimensionin e saj, teksa ka qen\u00eb e detyruar t\u00eb jet\u00eb p\u00ebrball\u00eb vras\u00ebsve t\u00eb n\u00ebn\u00ebs s\u00eb saj n\u00eb sall\u00ebn e gjyqit.<\/p>\n<p><strong>Jeta n\u00eb Itali me motr\u00ebn<\/strong><br \/>\nN\u00eb vitin 1997, Shqip\u00ebrin\u00eb e l\u00eb fillimisht babai i Els\u00ebs, edhe ai k\u00ebng\u00ebtar (tenor) dhe menj\u00ebher\u00eb pas tij edhe dy vajzat, Elsa dhe Eni. T\u00eb tre arrijn\u00eb t\u00eb marrin n\u00ebnshtet\u00ebsin\u00eb italiane, nd\u00ebrkoh\u00eb q\u00eb i ati vijon t\u00eb merret me muzik\u00eb si dhe martohet me nj\u00eb italiane, nd\u00ebrsa Eni vazhdon studimet p\u00ebr shkenca komunikimi dhe Elsa p\u00ebr arkitektur\u00eb. Fillimisht Eni jetonte me t\u00eb atin, por m\u00eb pas dy motrat vendosin q\u00eb t\u00eb jetojn\u00eb s\u00eb bashku n\u00ebn nj\u00eb \u00e7ati, duke marr\u00eb nj\u00eb sht\u00ebpi me qira n\u00eb Rom\u00eb. Elsa ka punuar fort me k\u00ebng\u00ebn ku krahas pjes\u00ebmarrjeve n\u00eb Sanremo, ka realizuar edhe koncerte jo vet\u00ebm n\u00eb Itali por edhe n\u00eb Zvic\u00ebr, Amerik\u00eb, Kosov\u00eb etj. Nd\u00ebrkoh\u00eb ka qen\u00eb pjesmarr\u00ebse n\u00eb nj\u00eb serial televiziv italian dhe testimonial i nj\u00eb kompanie telefonike n\u00eb Itali.<\/p>\n<p><strong>Pasioni p\u00ebr zhytjet e njeh me njeriu e zemr\u00ebs<\/strong><br \/>\nDashuria q\u00eb i kan\u00eb dh\u00ebn\u00eb njer\u00ebzit e dashur dhe publiku si dhe pasioni p\u00ebr muzik\u00ebn, kan\u00eb b\u00ebr\u00eb q\u00eb Elsa ta shijoj\u00eb jet\u00ebn e saj duke mos l\u00ebn\u00eb pas dore edhe hobet e shumta, nj\u00ebri prej t\u00eb cilave \u00ebsht\u00eb edhe zhytja. Miqt\u00eb e saj tregojn\u00eb q\u00eb ajo \u00ebsht\u00eb shum\u00eb e apasionuar pas zhytjeve, madje ka aft\u00ebsi t\u00eb rrij\u00eb disa or\u00eb n\u00ebn uj\u00eb duke soditur mrekullit\u00eb n\u00ebnujore. Pik\u00ebrisht ky pasion e ka \u00e7uar deri n\u00eb ishullin e larg\u00ebt t\u00eb Madagaskarit. Aty Elsa ka njohur nj\u00eb djal\u00eb shum\u00eb simpatik, instruktor zhytjesh, i cili ka origjin\u00eb italiane (Torino). Mes tyre ka filluar nj\u00eb lidhje shum\u00eb pasionante, e cila ka tri vite q\u00eb zgjat. Natyrisht duke ndodhur gjith\u00e7ka larg Shqip\u00ebris\u00eb madje edhe shum\u00eb larg Europ\u00ebs, ishte e pamundur q\u00eb ne t\u00eb m\u00ebsonim di\u00e7ka p\u00ebr k\u00ebt\u00eb lidhje, nd\u00ebrkoh\u00eb q\u00eb vet\u00eb Elsa ka preferuar q\u00eb t\u00eb mos e ndaj\u00eb me ask\u00ebnd k\u00ebt\u00eb ngjarje kaq t\u00eb r\u00ebnd\u00ebsishme n\u00eb jet\u00ebn e saj. N\u00eb fakt gjat\u00eb 14 viteve t\u00eb karrier\u00ebs muzikore, ne asnj\u00ebher\u00eb nuk kemi m\u00ebsuar ndonj\u00eb t\u00eb re nga jeta private nd\u00ebrkoh\u00eb q\u00eb shtypi dhe televizioni i kan\u00eb dh\u00ebn\u00eb v\u00ebmendjen e merituar ngjarjeve t\u00eb suskesshme artistike t\u00eb saj brenda dhe jasht\u00eb vendit. Por me siguri tani e tutje vet\u00eb Elsa do t\u00eb vendoset me dashamir\u00ebsi p\u00ebrball\u00eb gazetar\u00ebve p\u00ebr t\u00eb ndar\u00eb me ta dhe me publikun lajmin e mir\u00eb se tashm\u00eb ajo ka gjetur njeriun e zemr\u00ebs dhe n\u00eb fakt i \u00ebsht\u00eb dashur t\u00eb udh\u00ebtoj\u00eb jo pak kilometra p\u00ebr ta takuar at\u00eb. Por ka edhe m\u00eb shum\u00eb se kaq\u2026.<\/p>\n<p><strong><a href=\"http:\/\/www.visit-ulcinj.com\/blog\/wp-content\/uploads\/2010\/11\/Elsa-Lila.2.jpg\"><img loading=\"lazy\" class=\"alignleft size-medium wp-image-39822\" title=\"Elsa Lila.2\" src=\"http:\/\/www.visit-ulcinj.com\/blog\/wp-content\/uploads\/2010\/11\/Elsa-Lila.2-200x300.jpg\" alt=\"\" width=\"200\" height=\"300\" \/><\/a>Shtatz\u00ebnia i jep fund misterit p\u00ebr jet\u00ebn private<\/strong><br \/>\nKur nj\u00eb \u00e7ift fiton bindjen se kan\u00eb gjetur gjysmat e munguara n\u00eb jet\u00ebn e tyre, natyrsh\u00ebm mund t\u00eb projektohet si nj\u00eb plan i af\u00ebrt ardhja n\u00eb jet\u00eb e nj\u00eb f\u00ebmije. Dhe sot Elsa po p\u00ebrjeton me siguri ngjarjen m\u00eb t\u00eb madhe dhe m\u00eb t\u00eb g\u00ebzuar n\u00eb jet\u00ebn e saj. Ajo \u00ebsht\u00eb n\u00eb muajin e pest\u00eb t\u00eb shtatz\u00ebnis\u00eb dhe mjek\u00ebt kan\u00eb konfirmuar se bebja \u00ebsht\u00eb e seksit fem\u00ebr. Tashm\u00eb k\u00ebng\u00ebtarja 29-vje\u00e7are vendos q\u00eb t\u00eb krijoj\u00eb familjen e saj me t\u00eb dashurin italian, i cili si\u00e7 tregojn\u00eb miqt\u00eb \u00ebsht\u00eb rreth t\u00eb tridhjetave. Por p\u00ebrve\u00e7 g\u00ebzimit t\u00eb p\u00ebrbashk\u00ebt p\u00ebr ardhjen n\u00eb jet\u00eb t\u00eb krijes\u00ebs s\u00eb tyre, n\u00eb planet e \u00e7iftit deri tani nuk ka ndonj\u00eb ceremoni martese nga ato tradicionalet, ku t\u00eb ftuarit jan\u00eb t\u00eb shumt\u00eb dhe pompoziteti p\u00ebr shkak t\u00eb fam\u00ebs s\u00eb k\u00ebng\u00ebtares \u00ebsht\u00eb maksimal.<\/p>\n<p><strong>Vajza do quhet Eva<\/strong><br \/>\nIdeja p\u00ebr t\u2019i v\u00ebn\u00eb vajz\u00ebs emrin e mamas\u00eb s\u00eb saj njihet si nj\u00eb tradit\u00eb jo vet\u00ebm shqiptare dhe si e till\u00eb ajo me siguri \u00ebsht\u00eb mir\u00ebpritur edhe nga partneri i Els\u00ebs. Dihet tashm\u00eb d\u00ebshira e shum\u00eb \u00e7ifteve p\u00ebr t\u00eb p\u00ebrjet\u00ebsuar t\u00eb dashurit e tyre q\u00eb nuk jetojn\u00eb m\u00eb, tek emrat e f\u00ebmij\u00ebve q\u00eb sjellin n\u00eb jet\u00eb. Tashm\u00eb Elsa, krahas kujtimit t\u00eb n\u00ebn\u00ebs q\u00eb e la n\u00eb prag t\u00eb adoleshenc\u00ebs me nj\u00eb dhimbje dhe breng\u00eb t\u00eb madhe edhe p\u00ebr m\u00ebnyr\u00ebn se si iku nga kjo bot\u00eb, do t\u00eb ket\u00eb fatin q\u00eb emrin e saj ta th\u00ebrras\u00eb pa fund, pasi at\u00eb do ta mbaj\u00eb e bija. Boshll\u00ebkun n\u00eb zemr\u00ebn e saj me siguri q\u00eb do ta mbush\u00eb vajza e vog\u00ebl e cila pritet t\u00eb vij\u00eb n\u00eb jet\u00eb mbas kat\u00ebr muajsh, nd\u00ebrkoh\u00eb q\u00eb jeta e mama Ev\u00ebs edhe pse tashm\u00eb e shuar, vazhdon p\u00ebrsa koh\u00eb ajo jeton n\u00eb memorien e njer\u00ebzve t\u00eb saj t\u00eb dashur. Pasi si\u00e7 thuhet shpesh, kur e do shum\u00eb dik\u00eb, nuk ka r\u00ebnd\u00ebsi sa gjat\u00eb ke mundur t\u00eb rrish me t\u00eb, por sa gjat\u00eb e mban at\u00eb n\u00eb zem\u00ebr.<br \/>\n<strong>Panorama Plus<br \/>\n<!--YouTube Error: bad URL entered--><\/strong><\/p>\n","protected":false},"excerpt":{"rendered":"<p>Rreth 36 vite m\u00eb par\u00eb n\u00eb festivalin e Sanremos, pik\u00ebrisht n\u00eb tempullin e muzik\u00ebs italiane, skena tronditet nga z\u00ebri i nj\u00eb vajze pak m\u00eb shum\u00eb se 15 vje\u00e7 e quajtur Gigliola Cinquetti. Vajza me nj\u00eb trup t\u00eb im\u00ebt , por me nj\u00eb z\u00eb mahnit\u00ebs njihet dhe b\u00ebhet e famshme brenda tri net\u00ebve t\u00eb evenimentit m\u00eb [&hellip;]<\/p>\n","protected":false},"author":1,"featured_media":0,"comment_status":"open","ping_status":"closed","sticky":false,"template":"","format":"standard","meta":{"spay_email":"","jetpack_publicize_message":"","jetpack_is_tweetstorm":false,"jetpack_publicize_feature_enabled":true},"categories":[1],"tags":[7714],"jetpack_publicize_connections":[],"yoast_head":"<!-- This site is optimized with the Yoast SEO plugin v19.1 - https:\/\/yoast.com\/wordpress\/plugins\/seo\/ -->\n<title>Elsa Lila 5 muajsh shtatzene - Lajme nga Ulqini<\/title>\n<meta name=\"description\" content=\"Rreth 36 vite m\u00eb par\u00eb n\u00eb festivalin e Sanremos, pik\u00ebrisht n\u00eb tempullin e muzik\u00ebs italiane, skena tronditet nga z\u00ebri i nj\u00eb vajze pak m\u00eb shum\u00eb se 15 vje\u00e7 e\" \/>\n<meta name=\"robots\" content=\"index, follow, max-snippet:-1, max-image-preview:large, max-video-preview:-1\" \/>\n<link rel=\"canonical\" href=\"https:\/\/www.visit-ulcinj.com\/blog\/2010\/11\/18\/elsa-lila-5-muajsh-shtatzene\/\" \/>\n<meta property=\"og:locale\" content=\"en_US\" \/>\n<meta property=\"og:type\" content=\"article\" \/>\n<meta property=\"og:title\" content=\"Elsa Lila 5 muajsh shtatzene - Lajme nga Ulqini\" \/>\n<meta property=\"og:description\" content=\"Rreth 36 vite m\u00eb par\u00eb n\u00eb festivalin e Sanremos, pik\u00ebrisht n\u00eb tempullin e muzik\u00ebs italiane, skena tronditet nga z\u00ebri i nj\u00eb vajze pak m\u00eb shum\u00eb se 15 vje\u00e7 e\" \/>\n<meta property=\"og:url\" content=\"https:\/\/www.visit-ulcinj.com\/blog\/2010\/11\/18\/elsa-lila-5-muajsh-shtatzene\/\" \/>\n<meta property=\"og:site_name\" content=\"Lajme nga Ulqini\" \/>\n<meta property=\"article:published_time\" content=\"2010-11-18T16:19:53+00:00\" \/>\n<meta property=\"og:image\" content=\"http:\/\/www.visit-ulcinj.com\/blog\/wp-content\/uploads\/2010\/11\/Elsa-Lila.jpg\" \/>\n<meta name=\"twitter:label1\" content=\"Written by\" \/>\n\t<meta name=\"twitter:data1\" content=\"ulqini\" \/>\n\t<meta name=\"twitter:label2\" content=\"Est. reading time\" \/>\n\t<meta name=\"twitter:data2\" content=\"7 minutes\" \/>\n<script type=\"application\/ld+json\" class=\"yoast-schema-graph\">{\"@context\":\"https:\/\/schema.org\",\"@graph\":[{\"@type\":\"WebSite\",\"@id\":\"https:\/\/www.visit-ulcinj.com\/blog\/#website\",\"url\":\"https:\/\/www.visit-ulcinj.com\/blog\/\",\"name\":\"Lajme nga Ulqini\",\"description\":\"Lajme,Vijesti,Ulqini,Ulqin,Crna Gora,Mali i Zi\",\"potentialAction\":[{\"@type\":\"SearchAction\",\"target\":{\"@type\":\"EntryPoint\",\"urlTemplate\":\"https:\/\/www.visit-ulcinj.com\/blog\/?s={search_term_string}\"},\"query-input\":\"required name=search_term_string\"}],\"inLanguage\":\"en-US\"},{\"@type\":\"ImageObject\",\"inLanguage\":\"en-US\",\"@id\":\"https:\/\/www.visit-ulcinj.com\/blog\/2010\/11\/18\/elsa-lila-5-muajsh-shtatzene\/#primaryimage\",\"url\":\"http:\/\/www.visit-ulcinj.com\/blog\/wp-content\/uploads\/2010\/11\/Elsa-Lila.jpg\",\"contentUrl\":\"http:\/\/www.visit-ulcinj.com\/blog\/wp-content\/uploads\/2010\/11\/Elsa-Lila.jpg\"},{\"@type\":\"WebPage\",\"@id\":\"https:\/\/www.visit-ulcinj.com\/blog\/2010\/11\/18\/elsa-lila-5-muajsh-shtatzene\/#webpage\",\"url\":\"https:\/\/www.visit-ulcinj.com\/blog\/2010\/11\/18\/elsa-lila-5-muajsh-shtatzene\/\",\"name\":\"Elsa Lila 5 muajsh shtatzene - Lajme nga Ulqini\",\"isPartOf\":{\"@id\":\"https:\/\/www.visit-ulcinj.com\/blog\/#website\"},\"primaryImageOfPage\":{\"@id\":\"https:\/\/www.visit-ulcinj.com\/blog\/2010\/11\/18\/elsa-lila-5-muajsh-shtatzene\/#primaryimage\"},\"datePublished\":\"2010-11-18T16:19:53+00:00\",\"dateModified\":\"2010-11-18T16:19:53+00:00\",\"author\":{\"@id\":\"https:\/\/www.visit-ulcinj.com\/blog\/#\/schema\/person\/dcab619c614d3038751c63bc2aadc06d\"},\"description\":\"Rreth 36 vite m\u00eb par\u00eb n\u00eb festivalin e Sanremos, pik\u00ebrisht n\u00eb tempullin e muzik\u00ebs italiane, skena tronditet nga z\u00ebri i nj\u00eb vajze pak m\u00eb shum\u00eb se 15 vje\u00e7 e\",\"breadcrumb\":{\"@id\":\"https:\/\/www.visit-ulcinj.com\/blog\/2010\/11\/18\/elsa-lila-5-muajsh-shtatzene\/#breadcrumb\"},\"inLanguage\":\"en-US\",\"potentialAction\":[{\"@type\":\"ReadAction\",\"target\":[\"https:\/\/www.visit-ulcinj.com\/blog\/2010\/11\/18\/elsa-lila-5-muajsh-shtatzene\/\"]}]},{\"@type\":\"BreadcrumbList\",\"@id\":\"https:\/\/www.visit-ulcinj.com\/blog\/2010\/11\/18\/elsa-lila-5-muajsh-shtatzene\/#breadcrumb\",\"itemListElement\":[{\"@type\":\"ListItem\",\"position\":1,\"name\":\"Elsa Lila 5 muajsh shtatzene\"}]},{\"@type\":\"Person\",\"@id\":\"https:\/\/www.visit-ulcinj.com\/blog\/#\/schema\/person\/dcab619c614d3038751c63bc2aadc06d\",\"name\":\"ulqini\",\"sameAs\":[\"http:\/\/www.visit-ulcinj.com\"],\"url\":\"https:\/\/www.visit-ulcinj.com\/blog\/author\/admin\/\"}]}<\/script>\n<!-- \/ Yoast SEO plugin. -->","yoast_head_json":{"title":"Elsa Lila 5 muajsh shtatzene - Lajme nga Ulqini","description":"Rreth 36 vite m\u00eb par\u00eb n\u00eb festivalin e Sanremos, pik\u00ebrisht n\u00eb tempullin e muzik\u00ebs italiane, skena tronditet nga z\u00ebri i nj\u00eb vajze pak m\u00eb shum\u00eb se 15 vje\u00e7 e","robots":{"index":"index","follow":"follow","max-snippet":"max-snippet:-1","max-image-preview":"max-image-preview:large","max-video-preview":"max-video-preview:-1"},"canonical":"https:\/\/www.visit-ulcinj.com\/blog\/2010\/11\/18\/elsa-lila-5-muajsh-shtatzene\/","og_locale":"en_US","og_type":"article","og_title":"Elsa Lila 5 muajsh shtatzene - Lajme nga Ulqini","og_description":"Rreth 36 vite m\u00eb par\u00eb n\u00eb festivalin e Sanremos, pik\u00ebrisht n\u00eb tempullin e muzik\u00ebs italiane, skena tronditet nga z\u00ebri i nj\u00eb vajze pak m\u00eb shum\u00eb se 15 vje\u00e7 e","og_url":"https:\/\/www.visit-ulcinj.com\/blog\/2010\/11\/18\/elsa-lila-5-muajsh-shtatzene\/","og_site_name":"Lajme nga Ulqini","article_published_time":"2010-11-18T16:19:53+00:00","og_image":[{"url":"http:\/\/www.visit-ulcinj.com\/blog\/wp-content\/uploads\/2010\/11\/Elsa-Lila.jpg"}],"twitter_misc":{"Written by":"ulqini","Est. reading time":"7 minutes"},"schema":{"@context":"https:\/\/schema.org","@graph":[{"@type":"WebSite","@id":"https:\/\/www.visit-ulcinj.com\/blog\/#website","url":"https:\/\/www.visit-ulcinj.com\/blog\/","name":"Lajme nga Ulqini","description":"Lajme,Vijesti,Ulqini,Ulqin,Crna Gora,Mali i Zi","potentialAction":[{"@type":"SearchAction","target":{"@type":"EntryPoint","urlTemplate":"https:\/\/www.visit-ulcinj.com\/blog\/?s={search_term_string}"},"query-input":"required name=search_term_string"}],"inLanguage":"en-US"},{"@type":"ImageObject","inLanguage":"en-US","@id":"https:\/\/www.visit-ulcinj.com\/blog\/2010\/11\/18\/elsa-lila-5-muajsh-shtatzene\/#primaryimage","url":"http:\/\/www.visit-ulcinj.com\/blog\/wp-content\/uploads\/2010\/11\/Elsa-Lila.jpg","contentUrl":"http:\/\/www.visit-ulcinj.com\/blog\/wp-content\/uploads\/2010\/11\/Elsa-Lila.jpg"},{"@type":"WebPage","@id":"https:\/\/www.visit-ulcinj.com\/blog\/2010\/11\/18\/elsa-lila-5-muajsh-shtatzene\/#webpage","url":"https:\/\/www.visit-ulcinj.com\/blog\/2010\/11\/18\/elsa-lila-5-muajsh-shtatzene\/","name":"Elsa Lila 5 muajsh shtatzene - Lajme nga Ulqini","isPartOf":{"@id":"https:\/\/www.visit-ulcinj.com\/blog\/#website"},"primaryImageOfPage":{"@id":"https:\/\/www.visit-ulcinj.com\/blog\/2010\/11\/18\/elsa-lila-5-muajsh-shtatzene\/#primaryimage"},"datePublished":"2010-11-18T16:19:53+00:00","dateModified":"2010-11-18T16:19:53+00:00","author":{"@id":"https:\/\/www.visit-ulcinj.com\/blog\/#\/schema\/person\/dcab619c614d3038751c63bc2aadc06d"},"description":"Rreth 36 vite m\u00eb par\u00eb n\u00eb festivalin e Sanremos, pik\u00ebrisht n\u00eb tempullin e muzik\u00ebs italiane, skena tronditet nga z\u00ebri i nj\u00eb vajze pak m\u00eb shum\u00eb se 15 vje\u00e7 e","breadcrumb":{"@id":"https:\/\/www.visit-ulcinj.com\/blog\/2010\/11\/18\/elsa-lila-5-muajsh-shtatzene\/#breadcrumb"},"inLanguage":"en-US","potentialAction":[{"@type":"ReadAction","target":["https:\/\/www.visit-ulcinj.com\/blog\/2010\/11\/18\/elsa-lila-5-muajsh-shtatzene\/"]}]},{"@type":"BreadcrumbList","@id":"https:\/\/www.visit-ulcinj.com\/blog\/2010\/11\/18\/elsa-lila-5-muajsh-shtatzene\/#breadcrumb","itemListElement":[{"@type":"ListItem","position":1,"name":"Elsa Lila 5 muajsh shtatzene"}]},{"@type":"Person","@id":"https:\/\/www.visit-ulcinj.com\/blog\/#\/schema\/person\/dcab619c614d3038751c63bc2aadc06d","name":"ulqini","sameAs":["http:\/\/www.visit-ulcinj.com"],"url":"https:\/\/www.visit-ulcinj.com\/blog\/author\/admin\/"}]}},"jetpack_featured_media_url":"","jetpack_sharing_enabled":true,"jetpack_shortlink":"https:\/\/wp.me\/pe6lTn-amf","_links":{"self":[{"href":"https:\/\/www.visit-ulcinj.com\/blog\/wp-json\/wp\/v2\/posts\/39819"}],"collection":[{"href":"https:\/\/www.visit-ulcinj.com\/blog\/wp-json\/wp\/v2\/posts"}],"about":[{"href":"https:\/\/www.visit-ulcinj.com\/blog\/wp-json\/wp\/v2\/types\/post"}],"author":[{"embeddable":true,"href":"https:\/\/www.visit-ulcinj.com\/blog\/wp-json\/wp\/v2\/users\/1"}],"replies":[{"embeddable":true,"href":"https:\/\/www.visit-ulcinj.com\/blog\/wp-json\/wp\/v2\/comments?post=39819"}],"version-history":[{"count":0,"href":"https:\/\/www.visit-ulcinj.com\/blog\/wp-json\/wp\/v2\/posts\/39819\/revisions"}],"wp:attachment":[{"href":"https:\/\/www.visit-ulcinj.com\/blog\/wp-json\/wp\/v2\/media?parent=39819"}],"wp:term":[{"taxonomy":"category","embeddable":true,"href":"https:\/\/www.visit-ulcinj.com\/blog\/wp-json\/wp\/v2\/categories?post=39819"},{"taxonomy":"post_tag","embeddable":true,"href":"https:\/\/www.visit-ulcinj.com\/blog\/wp-json\/wp\/v2\/tags?post=39819"}],"curies":[{"name":"wp","href":"https:\/\/api.w.org\/{rel}","templated":true}]}}