{"id":39831,"date":"2010-11-19T09:45:42","date_gmt":"2010-11-19T08:45:42","guid":{"rendered":"http:\/\/www.visit-ulcinj.com\/blog\/?p=39831"},"modified":"2010-11-19T17:57:04","modified_gmt":"2010-11-19T16:57:04","slug":"perfaqesuesit-e-pakicave-ne-mal-te-zi-ankohen-per-kujdesin-e-pakte-te-vendeve-ame","status":"publish","type":"post","link":"https:\/\/www.visit-ulcinj.com\/blog\/2010\/11\/19\/perfaqesuesit-e-pakicave-ne-mal-te-zi-ankohen-per-kujdesin-e-pakte-te-vendeve-ame\/","title":{"rendered":"P\u00ebrfaq\u00ebsuesit e pakicave n\u00eb Mal t\u00eb Zi ankohen p\u00ebr kujdesin e pakt\u00eb t\u00eb vendeve am\u00eb"},"content":{"rendered":"<p><a href=\"http:\/\/www.visit-ulcinj.com\/blog\/wp-content\/uploads\/2010\/11\/vasel-sinishtaj1.jpg\"><img loading=\"lazy\" class=\"alignleft size-full wp-image-39833\" title=\"Vaselj Sinistaj\" src=\"http:\/\/www.visit-ulcinj.com\/blog\/wp-content\/uploads\/2010\/11\/vasel-sinishtaj1.jpg\" alt=\"\" width=\"490\" height=\"382\" \/><\/a>Ulqin, 18 n\u00ebntor &#8211; P\u00ebrfaq\u00ebsuesit e pakicave n\u00eb Malin e Zi ankohen se shtetet e tyre am\u00eb nuk shfaqin asnj\u00eb p\u00ebrkujdesje p\u00ebr gjendjen e bashk\u00ebkombasve t\u00eb tyre n\u00eb Malin e Zi, njofton KosovaLive.<\/p>\n<p>N\u00eb k\u00ebt\u00eb frym\u00eb, politikani i njohur shqiptar nga Koalicioni \u201cPerspektiva\u201d, Vasel Sinishtaj thot\u00eb se n\u00eb bisedat q\u00eb ka pasur me krer\u00ebt e shtetit shqiptar t\u2019i ken\u00eb th\u00ebn\u00eb se ata nuk mund t\u00eb p\u00ebrzihen n\u00eb pun\u00ebt e brendshme t\u00eb Malit t\u00eb Zi.<\/p>\n<p>Ai thot\u00eb se viteve t\u00eb fundit ka takuar presidentin shqiptar, kryeministrin, ministrin e jasht\u00ebm, por nuk ka rezultuar asnj\u00eb ndihm\u00eb konkrete politike shqiptar\u00ebve n\u00eb Malin e Zi.<\/p>\n<p>\u201d(Kjo) \u00ebsht\u00eb v\u00ebshtir\u00eb t\u00eb kuptohet n\u00ebse merret parasysh se problemi i shqiptar\u00ebve k\u00ebtu \u00ebsht\u00eb shum\u00eb i theksuar, duke e ditur se me propozimligjin e ri zgjedhor mund t\u00eb na merren edhe t\u00eb drejtat tona t\u00eb arritura,\u201d thot\u00eb Snishtaj.<\/p>\n<p>Ai thot\u00eb se me Kushtetut\u00ebn e re t\u00eb Malit t\u00eb Zi jan\u00eb definuar disa formulime, por ato nuk p\u00ebrfillen: nuk ekziston p\u00ebrfaq\u00ebsimi proporcional, nuk ekzistojn\u00eb kushtet normale p\u00ebr zhvillimin e institucioneve t\u00eb arsimit, nd\u00ebrsa procesi i integrimeve evropiane kalon, por ne nuk jemi t\u00eb p\u00ebrfshir\u00eb fare.<\/p>\n<p>Sinishtaj ka deklaruar se autoritetet shqiptare i kan\u00eb th\u00ebn\u00eb se ekzistojn\u00eb disa kufizime formale, se ata nuk mund t\u00eb p\u00ebrzihen n\u00eb pun\u00ebt e shtetit t\u00eb pavarur t\u00eb Malit t\u00eb Zi.<\/p>\n<p>\u201cN\u00eb rregull, at\u00eb duhet respektuar, por duhet insistuar edhe n\u00eb respektimin e t\u00eb drejtave t\u00eb shqiptar\u00ebve. Mbase kjo nuk mund t\u00eb shikohet si p\u00ebrzierje n\u00eb pun\u00ebt e shtetit fqinj\u201d,- shprehet Sinishtaj.<\/p>\n<p>Sipas p\u00ebrfaq\u00ebsuesit t\u00eb subjektit politik parlamentar \u201cPerspektiva\u201d, n\u00ebse Shqip\u00ebria nuk interesohet se si jetojn\u00eb shqiptar\u00ebt n\u00eb Malin e Zi, \u201cat\u00ebher\u00eb nuk e di se p\u00ebr \u00e7far\u00eb interesohet\u201d.<\/p>\n<p>Po t\u00eb nj\u00ebjt\u00ebn p\u00ebrgjigje thot\u00eb se e ka mar\u00eb nga Zagrebi liderja e Iniciativ\u00ebs qytetare kroate n\u00eb Mal t\u00eb Zi, Maria Vu\u00e7inoviq.<\/p>\n<p>Ajo ka theksuar se autoritetet n\u00eb Zagreb i kan\u00eb th\u00ebn\u00eb se kroat\u00ebt n\u00eb Malin e Zi, t\u00eb drejtat e tyre politike duhet t i k\u00ebrkojn\u00eb n\u00eb Podgoric\u00eb.<\/p>\n<p>Kritika d\u00ebgjohen edhe ndaj Sarajev\u00ebs zyrtare, e cila \u201cnuk interesohet mbi statusin e boshnjak\u00ebve n\u00eb Malin e Zi\u201d<\/p>\n<p><strong>Koha Net<\/strong><\/p>\n","protected":false},"excerpt":{"rendered":"<p>Ulqin, 18 n\u00ebntor &#8211; P\u00ebrfaq\u00ebsuesit e pakicave n\u00eb Malin e Zi ankohen se shtetet e tyre am\u00eb nuk shfaqin asnj\u00eb p\u00ebrkujdesje p\u00ebr gjendjen e bashk\u00ebkombasve t\u00eb tyre n\u00eb Malin e Zi, njofton KosovaLive. N\u00eb k\u00ebt\u00eb frym\u00eb, politikani i njohur shqiptar nga Koalicioni \u201cPerspektiva\u201d, Vasel Sinishtaj thot\u00eb se n\u00eb bisedat q\u00eb ka pasur me krer\u00ebt e [&hellip;]<\/p>\n","protected":false},"author":1,"featured_media":0,"comment_status":"open","ping_status":"closed","sticky":false,"template":"","format":"standard","meta":{"spay_email":"","jetpack_publicize_message":"","jetpack_is_tweetstorm":false,"jetpack_publicize_feature_enabled":true},"categories":[12],"tags":[348],"jetpack_publicize_connections":[],"yoast_head":"<!-- This site is optimized with the Yoast SEO plugin v19.1 - https:\/\/yoast.com\/wordpress\/plugins\/seo\/ -->\n<title>P\u00ebrfaq\u00ebsuesit e pakicave n\u00eb Mal t\u00eb Zi ankohen p\u00ebr kujdesin e pakt\u00eb t\u00eb vendeve am\u00eb - Lajme nga Ulqini<\/title>\n<meta name=\"description\" content=\"Ulqin, 18 n\u00ebntor - P\u00ebrfaq\u00ebsuesit e pakicave n\u00eb Malin e Zi ankohen se shtetet e tyre am\u00eb nuk shfaqin asnj\u00eb p\u00ebrkujdesje p\u00ebr gjendjen e bashk\u00ebkombasve t\u00eb\" \/>\n<meta name=\"robots\" content=\"index, follow, max-snippet:-1, max-image-preview:large, max-video-preview:-1\" \/>\n<link rel=\"canonical\" href=\"https:\/\/www.visit-ulcinj.com\/blog\/2010\/11\/19\/perfaqesuesit-e-pakicave-ne-mal-te-zi-ankohen-per-kujdesin-e-pakte-te-vendeve-ame\/\" \/>\n<meta property=\"og:locale\" content=\"en_US\" \/>\n<meta property=\"og:type\" content=\"article\" \/>\n<meta property=\"og:title\" content=\"P\u00ebrfaq\u00ebsuesit e pakicave n\u00eb Mal t\u00eb Zi ankohen p\u00ebr kujdesin e pakt\u00eb t\u00eb vendeve am\u00eb - Lajme nga Ulqini\" \/>\n<meta property=\"og:description\" content=\"Ulqin, 18 n\u00ebntor - P\u00ebrfaq\u00ebsuesit e pakicave n\u00eb Malin e Zi ankohen se shtetet e tyre am\u00eb nuk shfaqin asnj\u00eb p\u00ebrkujdesje p\u00ebr gjendjen e bashk\u00ebkombasve t\u00eb\" \/>\n<meta property=\"og:url\" content=\"https:\/\/www.visit-ulcinj.com\/blog\/2010\/11\/19\/perfaqesuesit-e-pakicave-ne-mal-te-zi-ankohen-per-kujdesin-e-pakte-te-vendeve-ame\/\" \/>\n<meta property=\"og:site_name\" content=\"Lajme nga Ulqini\" \/>\n<meta property=\"article:published_time\" content=\"2010-11-19T08:45:42+00:00\" \/>\n<meta property=\"article:modified_time\" content=\"2010-11-19T16:57:04+00:00\" \/>\n<meta property=\"og:image\" content=\"http:\/\/www.visit-ulcinj.com\/blog\/wp-content\/uploads\/2010\/11\/vasel-sinishtaj1.jpg\" \/>\n<meta name=\"twitter:label1\" content=\"Written by\" \/>\n\t<meta name=\"twitter:data1\" content=\"ulqini\" \/>\n\t<meta name=\"twitter:label2\" content=\"Est. reading time\" \/>\n\t<meta name=\"twitter:data2\" content=\"2 minutes\" \/>\n<script type=\"application\/ld+json\" class=\"yoast-schema-graph\">{\"@context\":\"https:\/\/schema.org\",\"@graph\":[{\"@type\":\"WebSite\",\"@id\":\"https:\/\/www.visit-ulcinj.com\/blog\/#website\",\"url\":\"https:\/\/www.visit-ulcinj.com\/blog\/\",\"name\":\"Lajme nga Ulqini\",\"description\":\"Lajme,Vijesti,Ulqini,Ulqin,Crna Gora,Mali i Zi\",\"potentialAction\":[{\"@type\":\"SearchAction\",\"target\":{\"@type\":\"EntryPoint\",\"urlTemplate\":\"https:\/\/www.visit-ulcinj.com\/blog\/?s={search_term_string}\"},\"query-input\":\"required name=search_term_string\"}],\"inLanguage\":\"en-US\"},{\"@type\":\"ImageObject\",\"inLanguage\":\"en-US\",\"@id\":\"https:\/\/www.visit-ulcinj.com\/blog\/2010\/11\/19\/perfaqesuesit-e-pakicave-ne-mal-te-zi-ankohen-per-kujdesin-e-pakte-te-vendeve-ame\/#primaryimage\",\"url\":\"https:\/\/www.visit-ulcinj.com\/blog\/wp-content\/uploads\/2010\/11\/vasel-sinishtaj1.jpg\",\"contentUrl\":\"https:\/\/www.visit-ulcinj.com\/blog\/wp-content\/uploads\/2010\/11\/vasel-sinishtaj1.jpg\",\"width\":\"610\",\"height\":\"482\"},{\"@type\":\"WebPage\",\"@id\":\"https:\/\/www.visit-ulcinj.com\/blog\/2010\/11\/19\/perfaqesuesit-e-pakicave-ne-mal-te-zi-ankohen-per-kujdesin-e-pakte-te-vendeve-ame\/#webpage\",\"url\":\"https:\/\/www.visit-ulcinj.com\/blog\/2010\/11\/19\/perfaqesuesit-e-pakicave-ne-mal-te-zi-ankohen-per-kujdesin-e-pakte-te-vendeve-ame\/\",\"name\":\"P\u00ebrfaq\u00ebsuesit e pakicave n\u00eb Mal t\u00eb Zi ankohen p\u00ebr kujdesin e pakt\u00eb t\u00eb vendeve am\u00eb - Lajme nga Ulqini\",\"isPartOf\":{\"@id\":\"https:\/\/www.visit-ulcinj.com\/blog\/#website\"},\"primaryImageOfPage\":{\"@id\":\"https:\/\/www.visit-ulcinj.com\/blog\/2010\/11\/19\/perfaqesuesit-e-pakicave-ne-mal-te-zi-ankohen-per-kujdesin-e-pakte-te-vendeve-ame\/#primaryimage\"},\"datePublished\":\"2010-11-19T08:45:42+00:00\",\"dateModified\":\"2010-11-19T16:57:04+00:00\",\"author\":{\"@id\":\"https:\/\/www.visit-ulcinj.com\/blog\/#\/schema\/person\/dcab619c614d3038751c63bc2aadc06d\"},\"description\":\"Ulqin, 18 n\u00ebntor - P\u00ebrfaq\u00ebsuesit e pakicave n\u00eb Malin e Zi ankohen se shtetet e tyre am\u00eb nuk shfaqin asnj\u00eb p\u00ebrkujdesje p\u00ebr gjendjen e bashk\u00ebkombasve t\u00eb\",\"breadcrumb\":{\"@id\":\"https:\/\/www.visit-ulcinj.com\/blog\/2010\/11\/19\/perfaqesuesit-e-pakicave-ne-mal-te-zi-ankohen-per-kujdesin-e-pakte-te-vendeve-ame\/#breadcrumb\"},\"inLanguage\":\"en-US\",\"potentialAction\":[{\"@type\":\"ReadAction\",\"target\":[\"https:\/\/www.visit-ulcinj.com\/blog\/2010\/11\/19\/perfaqesuesit-e-pakicave-ne-mal-te-zi-ankohen-per-kujdesin-e-pakte-te-vendeve-ame\/\"]}]},{\"@type\":\"BreadcrumbList\",\"@id\":\"https:\/\/www.visit-ulcinj.com\/blog\/2010\/11\/19\/perfaqesuesit-e-pakicave-ne-mal-te-zi-ankohen-per-kujdesin-e-pakte-te-vendeve-ame\/#breadcrumb\",\"itemListElement\":[{\"@type\":\"ListItem\",\"position\":1,\"name\":\"P\u00ebrfaq\u00ebsuesit e pakicave n\u00eb Mal t\u00eb Zi ankohen p\u00ebr kujdesin e pakt\u00eb t\u00eb vendeve am\u00eb\"}]},{\"@type\":\"Person\",\"@id\":\"https:\/\/www.visit-ulcinj.com\/blog\/#\/schema\/person\/dcab619c614d3038751c63bc2aadc06d\",\"name\":\"ulqini\",\"sameAs\":[\"http:\/\/www.visit-ulcinj.com\"],\"url\":\"https:\/\/www.visit-ulcinj.com\/blog\/author\/admin\/\"}]}<\/script>\n<!-- \/ Yoast SEO plugin. -->","yoast_head_json":{"title":"P\u00ebrfaq\u00ebsuesit e pakicave n\u00eb Mal t\u00eb Zi ankohen p\u00ebr kujdesin e pakt\u00eb t\u00eb vendeve am\u00eb - Lajme nga Ulqini","description":"Ulqin, 18 n\u00ebntor - P\u00ebrfaq\u00ebsuesit e pakicave n\u00eb Malin e Zi ankohen se shtetet e tyre am\u00eb nuk shfaqin asnj\u00eb p\u00ebrkujdesje p\u00ebr gjendjen e bashk\u00ebkombasve t\u00eb","robots":{"index":"index","follow":"follow","max-snippet":"max-snippet:-1","max-image-preview":"max-image-preview:large","max-video-preview":"max-video-preview:-1"},"canonical":"https:\/\/www.visit-ulcinj.com\/blog\/2010\/11\/19\/perfaqesuesit-e-pakicave-ne-mal-te-zi-ankohen-per-kujdesin-e-pakte-te-vendeve-ame\/","og_locale":"en_US","og_type":"article","og_title":"P\u00ebrfaq\u00ebsuesit e pakicave n\u00eb Mal t\u00eb Zi ankohen p\u00ebr kujdesin e pakt\u00eb t\u00eb vendeve am\u00eb - Lajme nga Ulqini","og_description":"Ulqin, 18 n\u00ebntor - P\u00ebrfaq\u00ebsuesit e pakicave n\u00eb Malin e Zi ankohen se shtetet e tyre am\u00eb nuk shfaqin asnj\u00eb p\u00ebrkujdesje p\u00ebr gjendjen e bashk\u00ebkombasve t\u00eb","og_url":"https:\/\/www.visit-ulcinj.com\/blog\/2010\/11\/19\/perfaqesuesit-e-pakicave-ne-mal-te-zi-ankohen-per-kujdesin-e-pakte-te-vendeve-ame\/","og_site_name":"Lajme nga Ulqini","article_published_time":"2010-11-19T08:45:42+00:00","article_modified_time":"2010-11-19T16:57:04+00:00","og_image":[{"url":"http:\/\/www.visit-ulcinj.com\/blog\/wp-content\/uploads\/2010\/11\/vasel-sinishtaj1.jpg"}],"twitter_misc":{"Written by":"ulqini","Est. reading time":"2 minutes"},"schema":{"@context":"https:\/\/schema.org","@graph":[{"@type":"WebSite","@id":"https:\/\/www.visit-ulcinj.com\/blog\/#website","url":"https:\/\/www.visit-ulcinj.com\/blog\/","name":"Lajme nga Ulqini","description":"Lajme,Vijesti,Ulqini,Ulqin,Crna Gora,Mali i Zi","potentialAction":[{"@type":"SearchAction","target":{"@type":"EntryPoint","urlTemplate":"https:\/\/www.visit-ulcinj.com\/blog\/?s={search_term_string}"},"query-input":"required name=search_term_string"}],"inLanguage":"en-US"},{"@type":"ImageObject","inLanguage":"en-US","@id":"https:\/\/www.visit-ulcinj.com\/blog\/2010\/11\/19\/perfaqesuesit-e-pakicave-ne-mal-te-zi-ankohen-per-kujdesin-e-pakte-te-vendeve-ame\/#primaryimage","url":"https:\/\/www.visit-ulcinj.com\/blog\/wp-content\/uploads\/2010\/11\/vasel-sinishtaj1.jpg","contentUrl":"https:\/\/www.visit-ulcinj.com\/blog\/wp-content\/uploads\/2010\/11\/vasel-sinishtaj1.jpg","width":"610","height":"482"},{"@type":"WebPage","@id":"https:\/\/www.visit-ulcinj.com\/blog\/2010\/11\/19\/perfaqesuesit-e-pakicave-ne-mal-te-zi-ankohen-per-kujdesin-e-pakte-te-vendeve-ame\/#webpage","url":"https:\/\/www.visit-ulcinj.com\/blog\/2010\/11\/19\/perfaqesuesit-e-pakicave-ne-mal-te-zi-ankohen-per-kujdesin-e-pakte-te-vendeve-ame\/","name":"P\u00ebrfaq\u00ebsuesit e pakicave n\u00eb Mal t\u00eb Zi ankohen p\u00ebr kujdesin e pakt\u00eb t\u00eb vendeve am\u00eb - Lajme nga Ulqini","isPartOf":{"@id":"https:\/\/www.visit-ulcinj.com\/blog\/#website"},"primaryImageOfPage":{"@id":"https:\/\/www.visit-ulcinj.com\/blog\/2010\/11\/19\/perfaqesuesit-e-pakicave-ne-mal-te-zi-ankohen-per-kujdesin-e-pakte-te-vendeve-ame\/#primaryimage"},"datePublished":"2010-11-19T08:45:42+00:00","dateModified":"2010-11-19T16:57:04+00:00","author":{"@id":"https:\/\/www.visit-ulcinj.com\/blog\/#\/schema\/person\/dcab619c614d3038751c63bc2aadc06d"},"description":"Ulqin, 18 n\u00ebntor - P\u00ebrfaq\u00ebsuesit e pakicave n\u00eb Malin e Zi ankohen se shtetet e tyre am\u00eb nuk shfaqin asnj\u00eb p\u00ebrkujdesje p\u00ebr gjendjen e bashk\u00ebkombasve t\u00eb","breadcrumb":{"@id":"https:\/\/www.visit-ulcinj.com\/blog\/2010\/11\/19\/perfaqesuesit-e-pakicave-ne-mal-te-zi-ankohen-per-kujdesin-e-pakte-te-vendeve-ame\/#breadcrumb"},"inLanguage":"en-US","potentialAction":[{"@type":"ReadAction","target":["https:\/\/www.visit-ulcinj.com\/blog\/2010\/11\/19\/perfaqesuesit-e-pakicave-ne-mal-te-zi-ankohen-per-kujdesin-e-pakte-te-vendeve-ame\/"]}]},{"@type":"BreadcrumbList","@id":"https:\/\/www.visit-ulcinj.com\/blog\/2010\/11\/19\/perfaqesuesit-e-pakicave-ne-mal-te-zi-ankohen-per-kujdesin-e-pakte-te-vendeve-ame\/#breadcrumb","itemListElement":[{"@type":"ListItem","position":1,"name":"P\u00ebrfaq\u00ebsuesit e pakicave n\u00eb Mal t\u00eb Zi ankohen p\u00ebr kujdesin e pakt\u00eb t\u00eb vendeve am\u00eb"}]},{"@type":"Person","@id":"https:\/\/www.visit-ulcinj.com\/blog\/#\/schema\/person\/dcab619c614d3038751c63bc2aadc06d","name":"ulqini","sameAs":["http:\/\/www.visit-ulcinj.com"],"url":"https:\/\/www.visit-ulcinj.com\/blog\/author\/admin\/"}]}},"jetpack_featured_media_url":"","jetpack_sharing_enabled":true,"jetpack_shortlink":"https:\/\/wp.me\/pe6lTn-amr","_links":{"self":[{"href":"https:\/\/www.visit-ulcinj.com\/blog\/wp-json\/wp\/v2\/posts\/39831"}],"collection":[{"href":"https:\/\/www.visit-ulcinj.com\/blog\/wp-json\/wp\/v2\/posts"}],"about":[{"href":"https:\/\/www.visit-ulcinj.com\/blog\/wp-json\/wp\/v2\/types\/post"}],"author":[{"embeddable":true,"href":"https:\/\/www.visit-ulcinj.com\/blog\/wp-json\/wp\/v2\/users\/1"}],"replies":[{"embeddable":true,"href":"https:\/\/www.visit-ulcinj.com\/blog\/wp-json\/wp\/v2\/comments?post=39831"}],"version-history":[{"count":0,"href":"https:\/\/www.visit-ulcinj.com\/blog\/wp-json\/wp\/v2\/posts\/39831\/revisions"}],"wp:attachment":[{"href":"https:\/\/www.visit-ulcinj.com\/blog\/wp-json\/wp\/v2\/media?parent=39831"}],"wp:term":[{"taxonomy":"category","embeddable":true,"href":"https:\/\/www.visit-ulcinj.com\/blog\/wp-json\/wp\/v2\/categories?post=39831"},{"taxonomy":"post_tag","embeddable":true,"href":"https:\/\/www.visit-ulcinj.com\/blog\/wp-json\/wp\/v2\/tags?post=39831"}],"curies":[{"name":"wp","href":"https:\/\/api.w.org\/{rel}","templated":true}]}}