{"id":39838,"date":"2010-11-19T10:07:13","date_gmt":"2010-11-19T09:07:13","guid":{"rendered":"http:\/\/www.visit-ulcinj.com\/blog\/?p=39838"},"modified":"2010-11-19T11:13:14","modified_gmt":"2010-11-19T10:13:14","slug":"moment-historik-per-proceset-integruese-te-malit-te-zi-video","status":"publish","type":"post","link":"https:\/\/www.visit-ulcinj.com\/blog\/2010\/11\/19\/moment-historik-per-proceset-integruese-te-malit-te-zi-video\/","title":{"rendered":"Moment historik p\u00ebr proceset integruese t\u00eb Malit t\u00eb Zi &#8211; Video"},"content":{"rendered":"<p><strong><a href=\"http:\/\/www.visit-ulcinj.com\/blog\/wp-content\/uploads\/2010\/11\/stefan-file_milo-gjukanoviq.jpg\"><img loading=\"lazy\" class=\"alignleft size-full wp-image-39839\" title=\"stefan file_milo gjukanoviq\" src=\"http:\/\/www.visit-ulcinj.com\/blog\/wp-content\/uploads\/2010\/11\/stefan-file_milo-gjukanoviq.jpg\" alt=\"\" width=\"490\" height=\"359\" \/><\/a>Komisioni Evropian dha rekomandimin q\u00eb Mali i Zi t\u00eb jet\u00eb kandidat p\u00ebr an\u00ebtar\u00ebsim n\u00eb Bashkimin Evropian<br \/>\n\u201cKE konsideron se bisedimet\u00a0mbi an\u00ebtar\u00ebsim n\u00eb BE duhet t\u00eb\u00a0fillojn\u00eb at\u00eb moment kur vendi\u00a0t\u00eb arrij\u00eb nivelin e domosdosh\u00ebm\u00a0t\u00eb respektimit t\u00eb kritereve p\u00ebr\u00a0an\u00ebtar\u00ebsim, posa\u00e7\u00ebrisht kritereve\u00a0politike t\u00eb Kopenhag\u00ebs,\u00a0me t\u00eb cil\u00ebt k\u00ebrkohet stabiliteti\u00a0i institucioneve dhe garantimi\u00a0i sundimit t\u00eb ligjit\u201d, ka th\u00ebn\u00eb\u00a0komesari p\u00ebr zgjerim i BE-s\u00eb,\u00a0Shtefan File, gjat\u00eb prezantimit\u00a0t\u00eb Mendimit t\u00eb Komisionit\u00a0Evropian.<\/strong><\/p>\n<p>Komisioni Evropian ka rekomanduar te\u00a0marten qe Mali i Zi te fitoje statusin e kandidatit\u00a0per anetaresim ne Bashkimin Evropian,\u00a0por deri ne fillim te bisedimeve ai\u00a0duhet te beje perpjekje shtese dhe te permiresoje\u00a0gjendjen ne shume fusha.\u00a0Mendimin e Komisionit Evropian mbi\u00a0kerkesen e Malit te Zi per anetaresim ne\u00a0BE, e ka prezantuar ne Bruksel komesari\u00a0per zgjerim, Shtefan File.\u00a0\u201cKE konsideron se bisedimet mbi\u00a0anetaresim ne BE duhet te fillojne ate moment\u00a0kur vendi te arrije nivelin e domosdoshem\u00a0te respektimit te kritereve per\u00a0anetaresim, posacerisht kritereve politike\u00a0te Kopenhages, me te cilet kerkohet stabiliteti\u00a0i institucioneve dhe garantimi i sundimit\u00a0te ligjit\u201d, ka thene File.\u00a0\u201cKomisioni rekomandon qe Mali i Zi te\u00a0fitoje statusin e kandidatit\u201d, ka theksuar ai.\u00a0Sipas tij, Mali i Zi duhet te plotesoje shtate\u00a0prioritete kyce.\u00a0\u201cGjate paketes se ardhshme te zgjerimit\u00a0ne vitin 2012 ne do t\u2019i kthehemi ceshtjes\u00a0se implemetimit te ketyre prioriteteve\u201d, ka\u00a0theksuar File.\u00a0Vendimi i Komisionit Evropian eshte pershendetur\u00a0nga institucionet shteterore\u00a0dhe kreret shteterore te Malit te Zi.\u00a0Kryeministri i Malit te Zi, Millo Gjukanoviq,\u00a0ka vleresuar se fitimi i statusit te kandidatit\u00a0per anetaresim ne BE paraqet mirenjohje\u00a0per punen qe ka bere Mali i Zi, ndersa ne\u00a0te ardhmen e afert do te krijohen kushtet\u00a0per fillimin e bisedimeve per anetaresim.\u00a0Ai ka perkujtuar se Mali i Zi eshte vendi i\u00a0pare pas vitit 2005 i cili ka fituar statusin e\u00a0kandidatit per anetaresim ne BE.\u00a0\u201cKjo eshte inkurajuese jo vetem per Malin\u00a0e Zi, por edhe per vendet e tjera te rajonit,\u00a0sepse ne kete menyre konfirmohet percaktimi\u00a0i BE-se qe te vazhdoje me politiken\u00a0e zgjerimit\u201d, ka thene ai.\u00a0Shefi i Delegacionit te BE-se ne Podgorice,\u00a0Leopold Maurer dhe ministrja per Inegrime\u00a0Evropiane, Gordana Gjuroviq, kane\u00a0vleresuar se vendimi i Komisionit Evropian\u00a0qe te rekomandoje Malin e Zi per fitimin e\u00a0statusit te kandidatit per anetaresim ne BE\u00a0eshte rezultat i tere shoqerise malazeze.\u00a0\u201cKy eshte moment historik ne proceset e\u00a0integrimit te Malit te Zi ne Bashkimi Evropian\u201d,\u00a0ka thene Maurer ne konferencen\u00a0per shtyp pas publikimit te Mendimit te\u00a0Komisionit Evropian mbi kerkesen e Malit\u00a0te Zi per aplikim.\u00a0Ministrja Gjuroviq ka vleresuar se rekomandimi\u00a0i KE-se qe Mali i Zi te fitoje statusin\u00a0e kandidatit per anetaresim eshte\u00a0konfirmim i perpjekjeve te cilat Mali i Zi,\u00a0shoqeria dhe institucionet e saj kane bere\u00a0ne reformat dhe rrugen evropiane.\u00a0Ajo ka thene se per qeverine kjo do te\u00a0thote shume pune \u201cper arsye se rruga deri\u00a0tek anetaresimi eshte shume e gjate dhe\u00a0kerkuese\u201d.\u00a0Gjuroviq ka theksuar se eshte optimiste\u00a0lidhur me fitimin e statusit te kandidatit ne\u00a0dhjetor.\u00a0\u201cUne do te deshiroja qe ky vendim te\u00a0merret ne dhjetor nga ana e 27 vendeve\u00a0anetare te BE-se\u201d, ka deklaruar ajo.<\/p>\n<p><strong>(Kohapress)<br \/>\nVideo RTCG<br \/>\n[flv width=&#8221;490&#8243; height=&#8221;390&#8243;]http:\/\/www.rtcg.me\/images\/biblioteka\/audio_video_arhiva\/replika_11112010.flv[\/flv]<\/strong><\/p>\n","protected":false},"excerpt":{"rendered":"<p>Komisioni Evropian dha rekomandimin q\u00eb Mali i Zi t\u00eb jet\u00eb kandidat p\u00ebr an\u00ebtar\u00ebsim n\u00eb Bashkimin Evropian \u201cKE konsideron se bisedimet\u00a0mbi an\u00ebtar\u00ebsim n\u00eb BE duhet t\u00eb\u00a0fillojn\u00eb at\u00eb moment kur vendi\u00a0t\u00eb arrij\u00eb nivelin e domosdosh\u00ebm\u00a0t\u00eb respektimit t\u00eb kritereve p\u00ebr\u00a0an\u00ebtar\u00ebsim, posa\u00e7\u00ebrisht kritereve\u00a0politike t\u00eb Kopenhag\u00ebs,\u00a0me t\u00eb cil\u00ebt k\u00ebrkohet stabiliteti\u00a0i institucioneve dhe garantimi\u00a0i sundimit t\u00eb ligjit\u201d, ka th\u00ebn\u00eb\u00a0komesari p\u00ebr zgjerim [&hellip;]<\/p>\n","protected":false},"author":1,"featured_media":0,"comment_status":"open","ping_status":"closed","sticky":false,"template":"","format":"standard","meta":{"spay_email":"","jetpack_publicize_message":"","jetpack_is_tweetstorm":false,"jetpack_publicize_feature_enabled":true},"categories":[5],"tags":[16251,16379,16250,2671,95,2806,16378],"jetpack_publicize_connections":[],"yoast_head":"<!-- This site is optimized with the Yoast SEO plugin v19.1 - https:\/\/yoast.com\/wordpress\/plugins\/seo\/ -->\n<title>Moment historik p\u00ebr proceset integruese t\u00eb Malit t\u00eb Zi - Video - Lajme nga Ulqini<\/title>\n<meta name=\"description\" content=\"Komisioni Evropian dha rekomandimin q\u00eb Mali i Zi t\u00eb jet\u00eb kandidat p\u00ebr an\u00ebtar\u00ebsim n\u00eb Bashkimin Evropian \u201cKE konsideron se bisedimet\u00a0mbi an\u00ebtar\u00ebsim n\u00eb BE\" \/>\n<meta name=\"robots\" content=\"index, follow, max-snippet:-1, max-image-preview:large, max-video-preview:-1\" \/>\n<link rel=\"canonical\" href=\"https:\/\/www.visit-ulcinj.com\/blog\/2010\/11\/19\/moment-historik-per-proceset-integruese-te-malit-te-zi-video\/\" \/>\n<meta property=\"og:locale\" content=\"en_US\" \/>\n<meta property=\"og:type\" content=\"article\" \/>\n<meta property=\"og:title\" content=\"Moment historik p\u00ebr proceset integruese t\u00eb Malit t\u00eb Zi - Video - Lajme nga Ulqini\" \/>\n<meta property=\"og:description\" content=\"Komisioni Evropian dha rekomandimin q\u00eb Mali i Zi t\u00eb jet\u00eb kandidat p\u00ebr an\u00ebtar\u00ebsim n\u00eb Bashkimin Evropian \u201cKE konsideron se bisedimet\u00a0mbi an\u00ebtar\u00ebsim n\u00eb BE\" \/>\n<meta property=\"og:url\" content=\"https:\/\/www.visit-ulcinj.com\/blog\/2010\/11\/19\/moment-historik-per-proceset-integruese-te-malit-te-zi-video\/\" \/>\n<meta property=\"og:site_name\" content=\"Lajme nga Ulqini\" \/>\n<meta property=\"article:published_time\" content=\"2010-11-19T09:07:13+00:00\" \/>\n<meta property=\"article:modified_time\" content=\"2010-11-19T10:13:14+00:00\" \/>\n<meta property=\"og:image\" content=\"http:\/\/www.visit-ulcinj.com\/blog\/wp-content\/uploads\/2010\/11\/stefan-file_milo-gjukanoviq.jpg\" \/>\n<meta name=\"twitter:label1\" content=\"Written by\" \/>\n\t<meta name=\"twitter:data1\" content=\"ulqini\" \/>\n\t<meta name=\"twitter:label2\" content=\"Est. reading time\" \/>\n\t<meta name=\"twitter:data2\" content=\"3 minutes\" \/>\n<script type=\"application\/ld+json\" class=\"yoast-schema-graph\">{\"@context\":\"https:\/\/schema.org\",\"@graph\":[{\"@type\":\"WebSite\",\"@id\":\"https:\/\/www.visit-ulcinj.com\/blog\/#website\",\"url\":\"https:\/\/www.visit-ulcinj.com\/blog\/\",\"name\":\"Lajme nga Ulqini\",\"description\":\"Lajme,Vijesti,Ulqini,Ulqin,Crna Gora,Mali i Zi\",\"potentialAction\":[{\"@type\":\"SearchAction\",\"target\":{\"@type\":\"EntryPoint\",\"urlTemplate\":\"https:\/\/www.visit-ulcinj.com\/blog\/?s={search_term_string}\"},\"query-input\":\"required name=search_term_string\"}],\"inLanguage\":\"en-US\"},{\"@type\":\"ImageObject\",\"inLanguage\":\"en-US\",\"@id\":\"https:\/\/www.visit-ulcinj.com\/blog\/2010\/11\/19\/moment-historik-per-proceset-integruese-te-malit-te-zi-video\/#primaryimage\",\"url\":\"https:\/\/www.visit-ulcinj.com\/blog\/wp-content\/uploads\/2010\/11\/stefan-file_milo-gjukanoviq.jpg\",\"contentUrl\":\"https:\/\/www.visit-ulcinj.com\/blog\/wp-content\/uploads\/2010\/11\/stefan-file_milo-gjukanoviq.jpg\",\"width\":\"470\",\"height\":\"359\"},{\"@type\":\"WebPage\",\"@id\":\"https:\/\/www.visit-ulcinj.com\/blog\/2010\/11\/19\/moment-historik-per-proceset-integruese-te-malit-te-zi-video\/#webpage\",\"url\":\"https:\/\/www.visit-ulcinj.com\/blog\/2010\/11\/19\/moment-historik-per-proceset-integruese-te-malit-te-zi-video\/\",\"name\":\"Moment historik p\u00ebr proceset integruese t\u00eb Malit t\u00eb Zi - Video - Lajme nga Ulqini\",\"isPartOf\":{\"@id\":\"https:\/\/www.visit-ulcinj.com\/blog\/#website\"},\"primaryImageOfPage\":{\"@id\":\"https:\/\/www.visit-ulcinj.com\/blog\/2010\/11\/19\/moment-historik-per-proceset-integruese-te-malit-te-zi-video\/#primaryimage\"},\"datePublished\":\"2010-11-19T09:07:13+00:00\",\"dateModified\":\"2010-11-19T10:13:14+00:00\",\"author\":{\"@id\":\"https:\/\/www.visit-ulcinj.com\/blog\/#\/schema\/person\/dcab619c614d3038751c63bc2aadc06d\"},\"description\":\"Komisioni Evropian dha rekomandimin q\u00eb Mali i Zi t\u00eb jet\u00eb kandidat p\u00ebr an\u00ebtar\u00ebsim n\u00eb Bashkimin Evropian \u201cKE konsideron se bisedimet\u00a0mbi an\u00ebtar\u00ebsim n\u00eb BE\",\"breadcrumb\":{\"@id\":\"https:\/\/www.visit-ulcinj.com\/blog\/2010\/11\/19\/moment-historik-per-proceset-integruese-te-malit-te-zi-video\/#breadcrumb\"},\"inLanguage\":\"en-US\",\"potentialAction\":[{\"@type\":\"ReadAction\",\"target\":[\"https:\/\/www.visit-ulcinj.com\/blog\/2010\/11\/19\/moment-historik-per-proceset-integruese-te-malit-te-zi-video\/\"]}]},{\"@type\":\"BreadcrumbList\",\"@id\":\"https:\/\/www.visit-ulcinj.com\/blog\/2010\/11\/19\/moment-historik-per-proceset-integruese-te-malit-te-zi-video\/#breadcrumb\",\"itemListElement\":[{\"@type\":\"ListItem\",\"position\":1,\"name\":\"Moment historik p\u00ebr proceset integruese t\u00eb Malit t\u00eb Zi &#8211; Video\"}]},{\"@type\":\"Person\",\"@id\":\"https:\/\/www.visit-ulcinj.com\/blog\/#\/schema\/person\/dcab619c614d3038751c63bc2aadc06d\",\"name\":\"ulqini\",\"sameAs\":[\"http:\/\/www.visit-ulcinj.com\"],\"url\":\"https:\/\/www.visit-ulcinj.com\/blog\/author\/admin\/\"}]}<\/script>\n<!-- \/ Yoast SEO plugin. -->","yoast_head_json":{"title":"Moment historik p\u00ebr proceset integruese t\u00eb Malit t\u00eb Zi - Video - Lajme nga Ulqini","description":"Komisioni Evropian dha rekomandimin q\u00eb Mali i Zi t\u00eb jet\u00eb kandidat p\u00ebr an\u00ebtar\u00ebsim n\u00eb Bashkimin Evropian \u201cKE konsideron se bisedimet\u00a0mbi an\u00ebtar\u00ebsim n\u00eb BE","robots":{"index":"index","follow":"follow","max-snippet":"max-snippet:-1","max-image-preview":"max-image-preview:large","max-video-preview":"max-video-preview:-1"},"canonical":"https:\/\/www.visit-ulcinj.com\/blog\/2010\/11\/19\/moment-historik-per-proceset-integruese-te-malit-te-zi-video\/","og_locale":"en_US","og_type":"article","og_title":"Moment historik p\u00ebr proceset integruese t\u00eb Malit t\u00eb Zi - Video - Lajme nga Ulqini","og_description":"Komisioni Evropian dha rekomandimin q\u00eb Mali i Zi t\u00eb jet\u00eb kandidat p\u00ebr an\u00ebtar\u00ebsim n\u00eb Bashkimin Evropian \u201cKE konsideron se bisedimet\u00a0mbi an\u00ebtar\u00ebsim n\u00eb BE","og_url":"https:\/\/www.visit-ulcinj.com\/blog\/2010\/11\/19\/moment-historik-per-proceset-integruese-te-malit-te-zi-video\/","og_site_name":"Lajme nga Ulqini","article_published_time":"2010-11-19T09:07:13+00:00","article_modified_time":"2010-11-19T10:13:14+00:00","og_image":[{"url":"http:\/\/www.visit-ulcinj.com\/blog\/wp-content\/uploads\/2010\/11\/stefan-file_milo-gjukanoviq.jpg"}],"twitter_misc":{"Written by":"ulqini","Est. reading time":"3 minutes"},"schema":{"@context":"https:\/\/schema.org","@graph":[{"@type":"WebSite","@id":"https:\/\/www.visit-ulcinj.com\/blog\/#website","url":"https:\/\/www.visit-ulcinj.com\/blog\/","name":"Lajme nga Ulqini","description":"Lajme,Vijesti,Ulqini,Ulqin,Crna Gora,Mali i Zi","potentialAction":[{"@type":"SearchAction","target":{"@type":"EntryPoint","urlTemplate":"https:\/\/www.visit-ulcinj.com\/blog\/?s={search_term_string}"},"query-input":"required name=search_term_string"}],"inLanguage":"en-US"},{"@type":"ImageObject","inLanguage":"en-US","@id":"https:\/\/www.visit-ulcinj.com\/blog\/2010\/11\/19\/moment-historik-per-proceset-integruese-te-malit-te-zi-video\/#primaryimage","url":"https:\/\/www.visit-ulcinj.com\/blog\/wp-content\/uploads\/2010\/11\/stefan-file_milo-gjukanoviq.jpg","contentUrl":"https:\/\/www.visit-ulcinj.com\/blog\/wp-content\/uploads\/2010\/11\/stefan-file_milo-gjukanoviq.jpg","width":"470","height":"359"},{"@type":"WebPage","@id":"https:\/\/www.visit-ulcinj.com\/blog\/2010\/11\/19\/moment-historik-per-proceset-integruese-te-malit-te-zi-video\/#webpage","url":"https:\/\/www.visit-ulcinj.com\/blog\/2010\/11\/19\/moment-historik-per-proceset-integruese-te-malit-te-zi-video\/","name":"Moment historik p\u00ebr proceset integruese t\u00eb Malit t\u00eb Zi - Video - Lajme nga Ulqini","isPartOf":{"@id":"https:\/\/www.visit-ulcinj.com\/blog\/#website"},"primaryImageOfPage":{"@id":"https:\/\/www.visit-ulcinj.com\/blog\/2010\/11\/19\/moment-historik-per-proceset-integruese-te-malit-te-zi-video\/#primaryimage"},"datePublished":"2010-11-19T09:07:13+00:00","dateModified":"2010-11-19T10:13:14+00:00","author":{"@id":"https:\/\/www.visit-ulcinj.com\/blog\/#\/schema\/person\/dcab619c614d3038751c63bc2aadc06d"},"description":"Komisioni Evropian dha rekomandimin q\u00eb Mali i Zi t\u00eb jet\u00eb kandidat p\u00ebr an\u00ebtar\u00ebsim n\u00eb Bashkimin Evropian \u201cKE konsideron se bisedimet\u00a0mbi an\u00ebtar\u00ebsim n\u00eb BE","breadcrumb":{"@id":"https:\/\/www.visit-ulcinj.com\/blog\/2010\/11\/19\/moment-historik-per-proceset-integruese-te-malit-te-zi-video\/#breadcrumb"},"inLanguage":"en-US","potentialAction":[{"@type":"ReadAction","target":["https:\/\/www.visit-ulcinj.com\/blog\/2010\/11\/19\/moment-historik-per-proceset-integruese-te-malit-te-zi-video\/"]}]},{"@type":"BreadcrumbList","@id":"https:\/\/www.visit-ulcinj.com\/blog\/2010\/11\/19\/moment-historik-per-proceset-integruese-te-malit-te-zi-video\/#breadcrumb","itemListElement":[{"@type":"ListItem","position":1,"name":"Moment historik p\u00ebr proceset integruese t\u00eb Malit t\u00eb Zi &#8211; Video"}]},{"@type":"Person","@id":"https:\/\/www.visit-ulcinj.com\/blog\/#\/schema\/person\/dcab619c614d3038751c63bc2aadc06d","name":"ulqini","sameAs":["http:\/\/www.visit-ulcinj.com"],"url":"https:\/\/www.visit-ulcinj.com\/blog\/author\/admin\/"}]}},"jetpack_featured_media_url":"","jetpack_sharing_enabled":true,"jetpack_shortlink":"https:\/\/wp.me\/pe6lTn-amy","_links":{"self":[{"href":"https:\/\/www.visit-ulcinj.com\/blog\/wp-json\/wp\/v2\/posts\/39838"}],"collection":[{"href":"https:\/\/www.visit-ulcinj.com\/blog\/wp-json\/wp\/v2\/posts"}],"about":[{"href":"https:\/\/www.visit-ulcinj.com\/blog\/wp-json\/wp\/v2\/types\/post"}],"author":[{"embeddable":true,"href":"https:\/\/www.visit-ulcinj.com\/blog\/wp-json\/wp\/v2\/users\/1"}],"replies":[{"embeddable":true,"href":"https:\/\/www.visit-ulcinj.com\/blog\/wp-json\/wp\/v2\/comments?post=39838"}],"version-history":[{"count":0,"href":"https:\/\/www.visit-ulcinj.com\/blog\/wp-json\/wp\/v2\/posts\/39838\/revisions"}],"wp:attachment":[{"href":"https:\/\/www.visit-ulcinj.com\/blog\/wp-json\/wp\/v2\/media?parent=39838"}],"wp:term":[{"taxonomy":"category","embeddable":true,"href":"https:\/\/www.visit-ulcinj.com\/blog\/wp-json\/wp\/v2\/categories?post=39838"},{"taxonomy":"post_tag","embeddable":true,"href":"https:\/\/www.visit-ulcinj.com\/blog\/wp-json\/wp\/v2\/tags?post=39838"}],"curies":[{"name":"wp","href":"https:\/\/api.w.org\/{rel}","templated":true}]}}